{"id":165964,"date":"2024-05-30T13:18:38","date_gmt":"2024-05-30T17:18:38","guid":{"rendered":"https:\/\/news.canadamotorjobs.com\/?p=165964"},"modified":"2024-05-30T13:29:17","modified_gmt":"2024-05-30T17:29:17","slug":"byd-lance-deux-hybrides-branchables-qui-font-2-000-km-et-plus","status":"publish","type":"post","link":"https:\/\/news.canadamotorjobs.com\/fr\/byd-lance-deux-hybrides-branchables-qui-font-2-000-km-et-plus\/","title":{"rendered":"BYD lance deux hybrides branchables qui font 2\u00a0000 km et plus"},"content":{"rendered":"<\/p>\n<p>Le constructeur chinois <a href=\"https:\/\/annuelauto.ca\/byd-devoile-les-premieres-images-officielles-du-pickup-shark\/\" target=\"_blank\" rel=\"noopener noreferrer\">BYD<\/a> a d\u00e9voil\u00e9 deux nouvelles automobiles dot\u00e9es d\u2019une motorisation hybride branchable auxquelles il attribue une autonomie d\u00e9passant les 2\u00a0000\u00a0kilom\u00e8tres. Appel\u00e9e Qin\u00a0L DM-i et le Seal\u00a006 DM-i, ces deux berlines ont \u00e9t\u00e9 pr\u00e9sent\u00e9es au Salon de l\u2019auto de <a href=\"https:\/\/annuelauto.ca\/baidu-rt6-le-robotaxi-au-volant-amovible\/\" target=\"_blank\" rel=\"noopener noreferrer\">Beijing<\/a>, qui se tenait dans la capitale de la R\u00e9publique populaire de Chine du 25\u00a0avril au 5\u00a0mai.<\/p>\n<p>Les lettres DM-i (pour <em>Dual Mode-intelligence<\/em>) d\u00e9signent la motorisation hybride branchable mise au point par ce constructeur, qui est celui qui a <a href=\"https:\/\/annuelauto.ca\/byd-est-de-nouveau-champion-le-mondial-des-ventes-de-vehicules-electrifies\/\" target=\"_blank\" rel=\"noopener noreferrer\">vendu le plus grand nombre de v\u00e9hicules \u00e9lectrifi\u00e9s dans le monde en 2023<\/a> \u2014 des v\u00e9hicules 100\u00a0% \u00e9lectriques et hybrides branchables.<\/p>\n<p>Actuellement, environ la moiti\u00e9 des v\u00e9hicules vendus par BYD \u00e0 l\u2019\u00e9chelle mondiale utilisent une motorisation hybride branchable, une technologie que les anglophones d\u00e9signent g\u00e9n\u00e9ralement par l\u2019acronyme \u00ab PHEV \u00bb (<em>plug-in hybrid electric vehicles<\/em>). Des v\u00e9hicules 100\u00a0% \u00e9lectriques constituent l\u2019autre moiti\u00e9 des ventes de ce constructeur.<\/p>\n<p>Or, selon BYD, la cinqui\u00e8me g\u00e9n\u00e9ration de sa motorisation DM-i qu\u2019utilisent ces deux nouvelles berlines, permet de r\u00e9duire leur consommation d\u2019essence de mani\u00e8re drastique. \u00c0 Beijing, on a fait miroiter une consommation d\u2019essence moyenne aussi basse que 2,9\u00a0L\/100\u00a0km (selon la m\u00e9thode de calcul de la consommation <em>New European Driving Cycle<\/em>, ou NEDC, utilis\u00e9e en Europe) et une consommation \u00e9lectrique de 10,7\u00a0kWh\/100\u00a0km (selon la m\u00e9thode de calcul <em>China Light-Duty Vehicle Test Cycle<\/em>, ou CLTC, utilis\u00e9e en Chine). Avec une batterie charg\u00e9e \u00e0 bloc et le r\u00e9servoir \u00e0 essence de 65\u00a0L de ces voitures rempli, cette motorisation permettrait de parcourir jusqu\u2019\u00e0 2\u00a0100 kilom\u00e8tres\u00a0!<\/p>\n<p>On sait cependant que la m\u00e9thode de calcul chinoise est r\u00e9put\u00e9e \u00ab\u00a0g\u00e9n\u00e9reuse\u00a0\u00bb comparativement \u00e0 celle de l\u2019EPA (<em>Environmental Protection Agency<\/em>) aux \u00c9tats-Unis, qui refl\u00e8te les conditions de conduite r\u00e9elles plus fid\u00e8lement. La m\u00e9thode CLTC donne des r\u00e9sultats impressionnants qui, selon certaines sources, seraient jusqu\u2019\u00e0 30 % sup\u00e9rieurs \u00e0 ceux de l\u2019EPA. Cela dit, m\u00eame en r\u00e9duisant l\u2019autonomie promise pour ces BYD de 30 %, on obtient tout de m\u00eame 1 470 km, une cote \u00e0 laquelle aucun autre constructeur ne peut pr\u00e9tendre pour le moment.<\/p>\n<p>Et cette cote, BYD l\u2019obtient gr\u00e2ce \u00e0 une motorisation mixte r\u00e9unissant un 4-cylindres de 1,5\u00a0L qui d\u00e9veloppe 101\u00a0ch et un moteur \u00e9lectrique. Pour les versions d\u2019entr\u00e9e de gamme, le moteur \u00e9lectrique a une puissance de 120\u00a0kW et il est aliment\u00e9 par une batterie Blade de 10,1\u00a0kWh qui permettrait de parcourir jusqu\u2019\u00e0 80\u00a0kilom\u00e8tres en propulsion \u00e9lectrique. Pour leur part, les versions plus cossues b\u00e9n\u00e9ficient d\u2019un moteur de 160\u00a0kW jumel\u00e9 \u00e0 une batterie de 15,9\u00a0kWh qui hausse l\u2019autonomie \u00e9lectrique \u00e0 120\u00a0kilom\u00e8tres.<\/p>\n<p>Le plus beau dans tout cela, ce sont les prix ridicules de ces berlines. En Chine, le constructeur offre les cinq versions de la BYD Qin\u00a0L \u00e0 des prix s\u2019\u00e9talant de 99\u00a0800 \u00e0 139\u00a0800\u00a0yuans (environ 19\u00a0000\u00a0$ \u00e0 pr\u00e8s de 27\u00a0000\u00a0$). Les diff\u00e9rentes versions de la BYD Seal\u00a006 sont offertes \u00e0 des prix tr\u00e8s similaires (99\u00a0700 \u00e0 139\u00a0700 yuans).<\/p>\n<p>Avec des performances \u00e9co\u00e9nerg\u00e9tiques et des prix pareils, on peut comprendre les r\u00e9ticences exprim\u00e9es par les constructeurs \u00e9tablis en Am\u00e9rique du Nord \u00e0 l\u2019id\u00e9e de voir des v\u00e9hicules comme ces BYD arriver sur notre march\u00e9 un jour prochain.<\/p>\n<p><em>Photos : BYD<\/em><\/p>\n<p>Le texte <a rel=\"nofollow\" href=\"https:\/\/annuelauto.ca\/byd-lance-deux-hybrides-branchables-offrant-une-autonomie-de-plus-de-2-000-km\/\">BYD lance deux hybrides branchables qui font 2\u00a0000 km et plus<\/a> provient de <a rel=\"nofollow\" href=\"https:\/\/annuelauto.ca\">L&#8217;annuel de l&#8217;automobile &#8211; Actualit\u00e9 automobile<\/a><\/p>\n<p><\/p>\n","protected":false},"excerpt":{"rendered":"<p>Le constructeur chinois BYD a d\u00e9voil\u00e9 deux nouvelles automobiles dot\u00e9es d\u2019une motorisation hybride branchable auxquelles il attribue une autonomie d\u00e9passant les 2\u00a0000\u00a0kilom\u00e8tres. Appel\u00e9e Qin\u00a0L DM-i et le Seal\u00a006 DM-i, ces deux berlines ont \u00e9t\u00e9 pr\u00e9sent\u00e9es au Salon de l\u2019auto de Beijing, qui se tenait dans la capitale de la R\u00e9publique populaire de Chine du 25\u00a0avril [&hellip;]<\/p>\n","protected":false},"author":8,"featured_media":165966,"comment_status":"close","ping_status":"closed","sticky":false,"template":"","format":"standard","meta":{"_monsterinsights_skip_tracking":false,"_monsterinsights_sitenote_active":false,"_monsterinsights_sitenote_note":"","_monsterinsights_sitenote_category":0,"footnotes":""},"categories":[101],"tags":[],"yoast_head":"<!-- This site is optimized with the Yoast SEO plugin v23.2 - https:\/\/yoast.com\/wordpress\/plugins\/seo\/ -->\n<title>BYD lance deux hybrides branchables qui font 2\u00a0000 km et plus - CanadaMotorJobs.com<\/title>\n<meta name=\"description\" content=\"BYD lance deux hybrides branchables qui font 2\u00a0000 km et plus - Benoit Charette - Annuel automobile - CanadaMotorJobs.com.\" \/>\n<meta name=\"robots\" content=\"index, follow, max-snippet:-1, max-image-preview:large, max-video-preview:-1\" \/>\n<meta property=\"og:locale\" content=\"fr_CA\" \/>\n<meta property=\"og:type\" content=\"article\" \/>\n<meta property=\"og:title\" content=\"BYD lance deux hybrides branchables qui font 2\u00a0000 km et plus - CanadaMotorJobs.com\" \/>\n<meta property=\"og:description\" content=\"BYD lance deux hybrides branchables qui font 2\u00a0000 km et plus - Benoit Charette - Annuel automobile - CanadaMotorJobs.com.\" \/>\n<meta property=\"og:url\" content=\"https:\/\/news.canadamotorjobs.com\/fr\/byd-lance-deux-hybrides-branchables-qui-font-2-000-km-et-plus\/\" \/>\n<meta property=\"og:site_name\" content=\"CanadaMotorJobs.com\" \/>\n<meta property=\"article:publisher\" content=\"https:\/\/www.facebook.com\/canadamotorjobs\/\" \/>\n<meta property=\"article:published_time\" content=\"2024-05-30T17:18:38+00:00\" \/>\n<meta property=\"article:modified_time\" content=\"2024-05-30T17:29:17+00:00\" \/>\n<meta property=\"og:image\" content=\"https:\/\/news.canadamotorjobs.com\/wp-content\/uploads\/2024\/05\/BYD-Seal-06-DM-i-1.jpg\" \/>\n\t<meta property=\"og:image:width\" content=\"1024\" \/>\n\t<meta property=\"og:image:height\" content=\"683\" \/>\n\t<meta property=\"og:image:type\" content=\"image\/jpeg\" \/>\n<meta name=\"author\" content=\"Benoit Charette\" \/>\n<meta name=\"twitter:card\" content=\"summary_large_image\" \/>\n<meta name=\"twitter:creator\" content=\"@canadamotorjobs\" \/>\n<meta name=\"twitter:site\" content=\"@canadamotorjobs\" \/>\n<meta name=\"twitter:label1\" content=\"\u00c9crit par\" \/>\n\t<meta name=\"twitter:data1\" content=\"Benoit Charette\" \/>\n\t<meta name=\"twitter:label2\" content=\"Estimation du temps de lecture\" \/>\n\t<meta name=\"twitter:data2\" content=\"3 minutes\" \/>\n<!-- \/ Yoast SEO plugin. -->","yoast_head_json":{"title":"BYD lance deux hybrides branchables qui font 2\u00a0000 km et plus - CanadaMotorJobs.com","description":"BYD lance deux hybrides branchables qui font 2\u00a0000 km et plus - Benoit Charette - Annuel automobile - CanadaMotorJobs.com.","robots":{"index":"index","follow":"follow","max-snippet":"max-snippet:-1","max-image-preview":"max-image-preview:large","max-video-preview":"max-video-preview:-1"},"og_locale":"fr_CA","og_type":"article","og_title":"BYD lance deux hybrides branchables qui font 2\u00a0000 km et plus - CanadaMotorJobs.com","og_description":"BYD lance deux hybrides branchables qui font 2\u00a0000 km et plus - Benoit Charette - Annuel automobile - CanadaMotorJobs.com.","og_url":"https:\/\/news.canadamotorjobs.com\/fr\/byd-lance-deux-hybrides-branchables-qui-font-2-000-km-et-plus\/","og_site_name":"CanadaMotorJobs.com","article_publisher":"https:\/\/www.facebook.com\/canadamotorjobs\/","article_published_time":"2024-05-30T17:18:38+00:00","article_modified_time":"2024-05-30T17:29:17+00:00","og_image":[{"width":1024,"height":683,"url":"https:\/\/news.canadamotorjobs.com\/wp-content\/uploads\/2024\/05\/BYD-Seal-06-DM-i-1.jpg","type":"image\/jpeg"}],"author":"Benoit Charette","twitter_card":"summary_large_image","twitter_creator":"@canadamotorjobs","twitter_site":"@canadamotorjobs","twitter_misc":{"\u00c9crit par":"Benoit Charette","Estimation du temps de lecture":"3 minutes"},"schema":{"@context":"https:\/\/schema.org","@graph":[{"@type":"Article","@id":"https:\/\/news.canadamotorjobs.com\/fr\/byd-lance-deux-hybrides-branchables-qui-font-2-000-km-et-plus\/#article","isPartOf":{"@id":"https:\/\/news.canadamotorjobs.com\/fr\/byd-lance-deux-hybrides-branchables-qui-font-2-000-km-et-plus\/"},"author":{"name":"Benoit Charette","@id":"https:\/\/news.canadamotorjobs.com\/#\/schema\/person\/51793d1f87d44011d7bcc2ed99269a90"},"headline":"BYD lance deux hybrides branchables qui font 2\u00a0000 km et plus","datePublished":"2024-05-30T17:18:38+00:00","dateModified":"2024-05-30T17:29:17+00:00","mainEntityOfPage":{"@id":"https:\/\/news.canadamotorjobs.com\/fr\/byd-lance-deux-hybrides-branchables-qui-font-2-000-km-et-plus\/"},"wordCount":589,"publisher":{"@id":"https:\/\/news.canadamotorjobs.com\/#organization"},"image":{"@id":"https:\/\/news.canadamotorjobs.com\/fr\/byd-lance-deux-hybrides-branchables-qui-font-2-000-km-et-plus\/#primaryimage"},"thumbnailUrl":"https:\/\/news.canadamotorjobs.com\/wp-content\/uploads\/2024\/05\/BYD-Seal-06-DM-i-1.jpg","articleSection":["Annuel automobile"],"inLanguage":"fr-CA"},{"@type":"WebPage","@id":"https:\/\/news.canadamotorjobs.com\/fr\/byd-lance-deux-hybrides-branchables-qui-font-2-000-km-et-plus\/","url":"https:\/\/news.canadamotorjobs.com\/fr\/byd-lance-deux-hybrides-branchables-qui-font-2-000-km-et-plus\/","name":"BYD lance deux hybrides branchables qui font 2\u00a0000 km et plus - CanadaMotorJobs.com","isPartOf":{"@id":"https:\/\/news.canadamotorjobs.com\/#website"},"primaryImageOfPage":{"@id":"https:\/\/news.canadamotorjobs.com\/fr\/byd-lance-deux-hybrides-branchables-qui-font-2-000-km-et-plus\/#primaryimage"},"image":{"@id":"https:\/\/news.canadamotorjobs.com\/fr\/byd-lance-deux-hybrides-branchables-qui-font-2-000-km-et-plus\/#primaryimage"},"thumbnailUrl":"https:\/\/news.canadamotorjobs.com\/wp-content\/uploads\/2024\/05\/BYD-Seal-06-DM-i-1.jpg","datePublished":"2024-05-30T17:18:38+00:00","dateModified":"2024-05-30T17:29:17+00:00","description":"BYD lance deux hybrides branchables qui font 2\u00a0000 km et plus - Benoit Charette - Annuel automobile - CanadaMotorJobs.com.","breadcrumb":{"@id":"https:\/\/news.canadamotorjobs.com\/fr\/byd-lance-deux-hybrides-branchables-qui-font-2-000-km-et-plus\/#breadcrumb"},"inLanguage":"fr-CA","potentialAction":[{"@type":"ReadAction","target":["https:\/\/news.canadamotorjobs.com\/fr\/byd-lance-deux-hybrides-branchables-qui-font-2-000-km-et-plus\/"]}]},{"@type":"ImageObject","inLanguage":"fr-CA","@id":"https:\/\/news.canadamotorjobs.com\/fr\/byd-lance-deux-hybrides-branchables-qui-font-2-000-km-et-plus\/#primaryimage","url":"https:\/\/news.canadamotorjobs.com\/wp-content\/uploads\/2024\/05\/BYD-Seal-06-DM-i-1.jpg","contentUrl":"https:\/\/news.canadamotorjobs.com\/wp-content\/uploads\/2024\/05\/BYD-Seal-06-DM-i-1.jpg","width":1024,"height":683},{"@type":"BreadcrumbList","@id":"https:\/\/news.canadamotorjobs.com\/fr\/byd-lance-deux-hybrides-branchables-qui-font-2-000-km-et-plus\/#breadcrumb","itemListElement":[{"@type":"ListItem","position":1,"name":"Home","item":"https:\/\/news.canadamotorjobs.com\/fr\/blog\/"},{"@type":"ListItem","position":2,"name":"BYD lance deux hybrides branchables qui font 2\u00a0000 km et plus"}]},{"@type":"WebSite","@id":"https:\/\/news.canadamotorjobs.com\/#website","url":"https:\/\/news.canadamotorjobs.com\/","name":"CanadaMotorJobs.com","description":"Automotive Jobs","publisher":{"@id":"https:\/\/news.canadamotorjobs.com\/#organization"},"potentialAction":[{"@type":"SearchAction","target":{"@type":"EntryPoint","urlTemplate":"https:\/\/news.canadamotorjobs.com\/?s={search_term_string}"},"query-input":"required name=search_term_string"}],"inLanguage":"fr-CA"},{"@type":"Organization","@id":"https:\/\/news.canadamotorjobs.com\/#organization","name":"Canada Motor Jobs","url":"https:\/\/news.canadamotorjobs.com\/","logo":{"@type":"ImageObject","inLanguage":"fr-CA","@id":"https:\/\/news.canadamotorjobs.com\/#\/schema\/logo\/image\/","url":"https:\/\/news.canadamotorjobs.com\/wp-content\/uploads\/2022\/10\/logo-canada-motor-jobs-1.png","contentUrl":"https:\/\/news.canadamotorjobs.com\/wp-content\/uploads\/2022\/10\/logo-canada-motor-jobs-1.png","width":800,"height":400,"caption":"Canada Motor Jobs"},"image":{"@id":"https:\/\/news.canadamotorjobs.com\/#\/schema\/logo\/image\/"},"sameAs":["https:\/\/www.facebook.com\/canadamotorjobs\/","https:\/\/x.com\/canadamotorjobs","https:\/\/www.instagram.com\/canadamotorjobs\/","https:\/\/www.linkedin.com\/company\/canadamotorjobs"]},{"@type":"Person","@id":"https:\/\/news.canadamotorjobs.com\/#\/schema\/person\/51793d1f87d44011d7bcc2ed99269a90","name":"Benoit Charette","image":{"@type":"ImageObject","inLanguage":"fr-CA","@id":"https:\/\/news.canadamotorjobs.com\/#\/schema\/person\/image\/","url":"https:\/\/secure.gravatar.com\/avatar\/45f3d2eebcccd909668d7ce7ea7267b6?s=96&d=mm&r=g","contentUrl":"https:\/\/secure.gravatar.com\/avatar\/45f3d2eebcccd909668d7ce7ea7267b6?s=96&d=mm&r=g","caption":"Benoit Charette"},"description":"Benoit Charette \/ Propri\u00e9taire et r\u00e9dacteur en chef Benoit Charette pratique le journalisme automobile depuis bient\u00f4t 30 ans. Il a fait ses classes au c\u00f4t\u00e9 de Daniel H\u00e9raud et au Carnet de route de 1992 \u00e0 2001. Il est fondateur, copropri\u00e9taire et r\u00e9dacteur en chef de L\u2019Annuel de l\u2019automobile, qu\u2019il publie depuis 2001. Il a anim\u00e9 les \u00e9missions RPM et RPM+ sur V et les L\u00e9gendes de la route sur Historia. \u00c0 la radio depuis 1986, il reprend l\u2019antenne cette ann\u00e9e sur les ondes de Cogeco et participe pour la deuxi\u00e8me ann\u00e9e \u00e0 l\u2019\u00e9mission Passion Auto sur RDS en plus de mettre en ligne le site Web officiel de L\u2019Annuel de l\u2019automobile sur annuelauto.ca.","sameAs":["https:\/\/annuelauto.ca\/"],"url":"https:\/\/news.canadamotorjobs.com\/fr\/author\/benoit-charette\/"}]}},"_links":{"self":[{"href":"https:\/\/news.canadamotorjobs.com\/fr\/wp-json\/wp\/v2\/posts\/165964"}],"collection":[{"href":"https:\/\/news.canadamotorjobs.com\/fr\/wp-json\/wp\/v2\/posts"}],"about":[{"href":"https:\/\/news.canadamotorjobs.com\/fr\/wp-json\/wp\/v2\/types\/post"}],"author":[{"embeddable":true,"href":"https:\/\/news.canadamotorjobs.com\/fr\/wp-json\/wp\/v2\/users\/8"}],"replies":[{"embeddable":true,"href":"https:\/\/news.canadamotorjobs.com\/fr\/wp-json\/wp\/v2\/comments?post=165964"}],"version-history":[{"count":2,"href":"https:\/\/news.canadamotorjobs.com\/fr\/wp-json\/wp\/v2\/posts\/165964\/revisions"}],"predecessor-version":[{"id":165968,"href":"https:\/\/news.canadamotorjobs.com\/fr\/wp-json\/wp\/v2\/posts\/165964\/revisions\/165968"}],"wp:featuredmedia":[{"embeddable":true,"href":"https:\/\/news.canadamotorjobs.com\/fr\/wp-json\/wp\/v2\/media\/165966"}],"wp:attachment":[{"href":"https:\/\/news.canadamotorjobs.com\/fr\/wp-json\/wp\/v2\/media?parent=165964"}],"wp:term":[{"taxonomy":"category","embeddable":true,"href":"https:\/\/news.canadamotorjobs.com\/fr\/wp-json\/wp\/v2\/categories?post=165964"},{"taxonomy":"post_tag","embeddable":true,"href":"https:\/\/news.canadamotorjobs.com\/fr\/wp-json\/wp\/v2\/tags?post=165964"}],"curies":[{"name":"wp","href":"https:\/\/api.w.org\/{rel}","templated":true}]}}