{"id":165941,"date":"2024-05-30T09:25:41","date_gmt":"2024-05-30T13:25:41","guid":{"rendered":"https:\/\/news.canadamotorjobs.com\/?p=165941"},"modified":"2024-05-30T09:29:00","modified_gmt":"2024-05-30T13:29:00","slug":"plus-de-50-des-canadiens-ne-veulent-pas-faire-lachat-dun-vehicule-electrique","status":"publish","type":"post","link":"https:\/\/news.canadamotorjobs.com\/fr\/plus-de-50-des-canadiens-ne-veulent-pas-faire-lachat-dun-vehicule-electrique\/","title":{"rendered":"Plus de 50 % des canadiens ne veulent pas faire l\u2019achat d\u2019un v\u00e9hicule \u00e9lectrique"},"content":{"rendered":"<\/p>\n<p>Malgr\u00e9 la popularit\u00e9 des V\u00c9S au Qu\u00e9bec, le reste du Canada n\u2019a pas le m\u00eame engouement. Une nouvelle \u00e9tude de J.D. Power r\u00e9v\u00e8le que les consommateurs canadiens restent majoritairement r\u00e9ticents \u00e0 l&#8217;id\u00e9e d&#8217;acheter un V\u00c9. Seulement un peu plus du quart des acheteurs de v\u00e9hicules neufs au Canada envisageraient un V\u00c9 pour leur prochain achat. Selon l&#8217;\u00e9tude publi\u00e9e le 30 mai, 10,9 % des personnes interrog\u00e9es se disent \u00ab tr\u00e8s susceptibles \u00bb d&#8217;envisager un V\u00c9 et 17,6 % \u00ab quelque peu susceptibles \u00bb. En revanche, 52 % des acheteurs potentiels se d\u00e9clarent \u00ab tr\u00e8s peu susceptibles \u00bb d&#8217;envisager un V\u00c9 et 19,6 % \u00ab quelque peu susceptibles \u00bb.<\/p>\n<h3><strong>Un int\u00e9r\u00eat en baisse<\/strong><\/h3>\n<p>\nL&#8217;ouverture des acheteurs canadiens aux V\u00c9 a consid\u00e9rablement diminu\u00e9 au cours des deux derni\u00e8res ann\u00e9es. Les 28,5 % de clients actuels susceptibles d&#8217;envisager un V\u00c9 repr\u00e9sentent une baisse de 5,5 points de pourcentage par rapport aux 34 % de l&#8217;ann\u00e9e derni\u00e8re. Dans la premi\u00e8re \u00e9tude sur la consid\u00e9ration des v\u00e9hicules \u00e9lectriques au Canada de J.D. Power en 2022, 47 % des r\u00e9pondants ont d\u00e9clar\u00e9 qu&#8217;ils envisageraient un VE parmi leurs options de nouveaux v\u00e9hicules.<\/p>\n<h3><strong>Les obstacles persistants : anxi\u00e9t\u00e9 de l&#8217;autonomie, infrastructure de recharge limit\u00e9e et co\u00fbt<\/strong><\/h3>\n<p>\nLes principales raisons cit\u00e9es par les sceptiques cette ann\u00e9e incluent l&#8217;anxi\u00e9t\u00e9 de l&#8217;autonomie, l&#8217;infrastructure de recharge limit\u00e9e et le co\u00fbt \u00e9lev\u00e9. \u00ab Les constructeurs automobiles misent leur avenir sur les V\u00c9 et investissent des sommes \u00e9normes dans les installations de fabrication de batteries au Canada, mais la r\u00e9alit\u00e9 est que [les V\u00c9] sont toujours consid\u00e9rablement plus chers que les v\u00e9hicules \u00e0 essence comparables \u00bb, a d\u00e9clar\u00e9 J.D. Ney, directeur de la pratique automobile de J.D. Power Canada, dans un communiqu\u00e9. \u00ab Bien que r\u00e9soudre le probl\u00e8me de l&#8217;abordabilit\u00e9 prendra du temps, les autres obstacles majeurs \u2014 l&#8217;autonomie des v\u00e9hicules et le manque d&#8217;exp\u00e9rience avec les VE \u2014 peuvent \u00eatre att\u00e9nu\u00e9s par une \u00e9ducation large des consommateurs. \u00bb<\/p>\n<h3><strong>Une exp\u00e9rience limit\u00e9e avec les V<\/strong><strong>\u00c9<\/strong><\/h3>\n<p>\nL&#8217;\u00e9tude a r\u00e9v\u00e9l\u00e9 que plus de la moiti\u00e9 des consommateurs canadiens n&#8217;ont jamais \u00e9t\u00e9 dans un V\u00c9, et encore moins en ont poss\u00e9d\u00e9 un. L&#8217;\u00e9tude comprend les r\u00e9ponses de pr\u00e8s de 3 000 consommateurs canadiens sond\u00e9s en mars et avril.<\/p>\n<h3><strong>Une comparaison avec les \u00c9tats-Unis<\/strong><\/h3>\n<p>\nLes acheteurs de v\u00e9hicules canadiens sont beaucoup plus r\u00e9ticents aux V\u00c9S que leurs homologues am\u00e9ricains. Une analyse comparable de J.D. Power aux \u00c9tats-Unis montre que 58 % des acheteurs de voitures am\u00e9ricains sont tr\u00e8s ou quelque peu susceptibles d&#8217;envisager un VE.<\/p>\n<h3><strong>Une adoption record des v\u00e9hicules z\u00e9ro \u00e9mission<\/strong><\/h3>\n<p>\nParadoxalement, cette r\u00e9ticence des acheteurs canadiens envers les V\u00c9S intervient alors que l&#8217;adoption des v\u00e9hicules z\u00e9ro \u00e9mission atteint de nouveaux sommets. Les v\u00e9hicules \u00e9lectriques \u00e0 batterie et hybrides rechargeables ont repr\u00e9sent\u00e9 12 % des immatriculations de v\u00e9hicules au Canada au quatri\u00e8me trimestre de 2023, selon les donn\u00e9es les plus r\u00e9centes de Statistique Canada. Pour toute l&#8217;ann\u00e9e 2023, les VEZ ont compt\u00e9 pour 10,8 % des immatriculations totales, marquant la premi\u00e8re ann\u00e9e o\u00f9 les taux d&#8217;adoption ont d\u00e9pass\u00e9 le seuil d&#8217;un sur dix.<\/p>\n<h3><strong>Les demandes de rabais f\u00e9d\u00e9raux en hausse<\/strong><\/h3>\n<p>\nLes demandes de rabais f\u00e9d\u00e9raux indiquent que les acheteurs continuent d&#8217;acheter des VE en nombre record cette ann\u00e9e. Au cours des trois premiers mois de 2024, les demandes de rabais pour les v\u00e9hicules \u00e9lectriques \u00e0 batterie et hybrides rechargeables \u00e9ligibles au programme d&#8217;incitatifs pour les v\u00e9hicules z\u00e9ro \u00e9mission d&#8217;Ottawa ont totalis\u00e9 41 101. Cela repr\u00e9sente une augmentation de 135 % par rapport aux 17 513 demandes d&#8217;iZEV pour les m\u00eames trois mois l&#8217;ann\u00e9e pr\u00e9c\u00e9dente, selon les donn\u00e9es de Transports Canada.<\/p>\n<p>Avec des renseignements d\u2019Automotive News Canada<\/p>\n<p>\u00a0<\/p>\n<p>Le texte <a rel=\"nofollow\" href=\"https:\/\/annuelauto.ca\/plus-de-50-des-canadiens-ne-veulent-pas-faire-lachat-dun-vehicule-electrique\/\">Plus de 50 % des canadiens ne veulent pas faire l\u2019achat d\u2019un v\u00e9hicule \u00e9lectrique<\/a> provient de <a rel=\"nofollow\" href=\"https:\/\/annuelauto.ca\">L&#8217;annuel de l&#8217;automobile &#8211; Actualit\u00e9 automobile<\/a><\/p>\n<p><\/p>\n","protected":false},"excerpt":{"rendered":"<p>Malgr\u00e9 la popularit\u00e9 des V\u00c9S au Qu\u00e9bec, le reste du Canada n\u2019a pas le m\u00eame engouement. Une nouvelle \u00e9tude de J.D. Power r\u00e9v\u00e8le que les consommateurs canadiens restent majoritairement r\u00e9ticents \u00e0 l&#8217;id\u00e9e d&#8217;acheter un V\u00c9. Seulement un peu plus du quart des acheteurs de v\u00e9hicules neufs au Canada envisageraient un V\u00c9 pour leur prochain achat. [&hellip;]<\/p>\n","protected":false},"author":8,"featured_media":165943,"comment_status":"close","ping_status":"closed","sticky":false,"template":"","format":"standard","meta":{"_monsterinsights_skip_tracking":false,"_monsterinsights_sitenote_active":false,"_monsterinsights_sitenote_note":"","_monsterinsights_sitenote_category":0,"footnotes":""},"categories":[101],"tags":[],"yoast_head":"<!-- This site is optimized with the Yoast SEO plugin v23.2 - https:\/\/yoast.com\/wordpress\/plugins\/seo\/ -->\n<title>Plus de 50 % des canadiens ne veulent pas faire l\u2019achat d\u2019un v\u00e9hicule \u00e9lectrique - CanadaMotorJobs.com<\/title>\n<meta name=\"description\" content=\"Plus de 50 % des canadiens ne veulent pas faire l\u2019achat d\u2019un v\u00e9hicule \u00e9lectrique - Benoit Charette - Annuel automobile - CanadaMotorJobs.com.\" \/>\n<meta name=\"robots\" content=\"index, follow, max-snippet:-1, max-image-preview:large, max-video-preview:-1\" \/>\n<meta property=\"og:locale\" content=\"fr_CA\" \/>\n<meta property=\"og:type\" content=\"article\" \/>\n<meta property=\"og:title\" content=\"Plus de 50 % des canadiens ne veulent pas faire l\u2019achat d\u2019un v\u00e9hicule \u00e9lectrique - CanadaMotorJobs.com\" \/>\n<meta property=\"og:description\" content=\"Plus de 50 % des canadiens ne veulent pas faire l\u2019achat d\u2019un v\u00e9hicule \u00e9lectrique - Benoit Charette - Annuel automobile - CanadaMotorJobs.com.\" \/>\n<meta property=\"og:url\" content=\"https:\/\/news.canadamotorjobs.com\/fr\/plus-de-50-des-canadiens-ne-veulent-pas-faire-lachat-dun-vehicule-electrique\/\" \/>\n<meta property=\"og:site_name\" content=\"CanadaMotorJobs.com\" \/>\n<meta property=\"article:publisher\" content=\"https:\/\/www.facebook.com\/canadamotorjobs\/\" \/>\n<meta property=\"article:published_time\" content=\"2024-05-30T13:25:41+00:00\" \/>\n<meta property=\"article:modified_time\" content=\"2024-05-30T13:29:00+00:00\" \/>\n<meta property=\"og:image\" content=\"https:\/\/news.canadamotorjobs.com\/wp-content\/uploads\/2024\/05\/57293-2025IONIQ5N.jpg\" \/>\n\t<meta property=\"og:image:width\" content=\"1200\" \/>\n\t<meta property=\"og:image:height\" content=\"800\" \/>\n\t<meta property=\"og:image:type\" content=\"image\/jpeg\" \/>\n<meta name=\"author\" content=\"Benoit Charette\" \/>\n<meta name=\"twitter:card\" content=\"summary_large_image\" \/>\n<meta name=\"twitter:creator\" content=\"@canadamotorjobs\" \/>\n<meta name=\"twitter:site\" content=\"@canadamotorjobs\" \/>\n<meta name=\"twitter:label1\" content=\"\u00c9crit par\" \/>\n\t<meta name=\"twitter:data1\" content=\"Benoit Charette\" \/>\n\t<meta name=\"twitter:label2\" content=\"Estimation du temps de lecture\" \/>\n\t<meta name=\"twitter:data2\" content=\"3 minutes\" \/>\n<!-- \/ Yoast SEO plugin. -->","yoast_head_json":{"title":"Plus de 50 % des canadiens ne veulent pas faire l\u2019achat d\u2019un v\u00e9hicule \u00e9lectrique - CanadaMotorJobs.com","description":"Plus de 50 % des canadiens ne veulent pas faire l\u2019achat d\u2019un v\u00e9hicule \u00e9lectrique - Benoit Charette - Annuel automobile - CanadaMotorJobs.com.","robots":{"index":"index","follow":"follow","max-snippet":"max-snippet:-1","max-image-preview":"max-image-preview:large","max-video-preview":"max-video-preview:-1"},"og_locale":"fr_CA","og_type":"article","og_title":"Plus de 50 % des canadiens ne veulent pas faire l\u2019achat d\u2019un v\u00e9hicule \u00e9lectrique - CanadaMotorJobs.com","og_description":"Plus de 50 % des canadiens ne veulent pas faire l\u2019achat d\u2019un v\u00e9hicule \u00e9lectrique - Benoit Charette - Annuel automobile - CanadaMotorJobs.com.","og_url":"https:\/\/news.canadamotorjobs.com\/fr\/plus-de-50-des-canadiens-ne-veulent-pas-faire-lachat-dun-vehicule-electrique\/","og_site_name":"CanadaMotorJobs.com","article_publisher":"https:\/\/www.facebook.com\/canadamotorjobs\/","article_published_time":"2024-05-30T13:25:41+00:00","article_modified_time":"2024-05-30T13:29:00+00:00","og_image":[{"width":1200,"height":800,"url":"https:\/\/news.canadamotorjobs.com\/wp-content\/uploads\/2024\/05\/57293-2025IONIQ5N.jpg","type":"image\/jpeg"}],"author":"Benoit Charette","twitter_card":"summary_large_image","twitter_creator":"@canadamotorjobs","twitter_site":"@canadamotorjobs","twitter_misc":{"\u00c9crit par":"Benoit Charette","Estimation du temps de lecture":"3 minutes"},"schema":{"@context":"https:\/\/schema.org","@graph":[{"@type":"Article","@id":"https:\/\/news.canadamotorjobs.com\/fr\/plus-de-50-des-canadiens-ne-veulent-pas-faire-lachat-dun-vehicule-electrique\/#article","isPartOf":{"@id":"https:\/\/news.canadamotorjobs.com\/fr\/plus-de-50-des-canadiens-ne-veulent-pas-faire-lachat-dun-vehicule-electrique\/"},"author":{"name":"Benoit Charette","@id":"https:\/\/news.canadamotorjobs.com\/#\/schema\/person\/51793d1f87d44011d7bcc2ed99269a90"},"headline":"Plus de 50 % des canadiens ne veulent pas faire l\u2019achat d\u2019un v\u00e9hicule \u00e9lectrique","datePublished":"2024-05-30T13:25:41+00:00","dateModified":"2024-05-30T13:29:00+00:00","mainEntityOfPage":{"@id":"https:\/\/news.canadamotorjobs.com\/fr\/plus-de-50-des-canadiens-ne-veulent-pas-faire-lachat-dun-vehicule-electrique\/"},"wordCount":704,"publisher":{"@id":"https:\/\/news.canadamotorjobs.com\/#organization"},"image":{"@id":"https:\/\/news.canadamotorjobs.com\/fr\/plus-de-50-des-canadiens-ne-veulent-pas-faire-lachat-dun-vehicule-electrique\/#primaryimage"},"thumbnailUrl":"https:\/\/news.canadamotorjobs.com\/wp-content\/uploads\/2024\/05\/57293-2025IONIQ5N.jpg","articleSection":["Annuel automobile"],"inLanguage":"fr-CA"},{"@type":"WebPage","@id":"https:\/\/news.canadamotorjobs.com\/fr\/plus-de-50-des-canadiens-ne-veulent-pas-faire-lachat-dun-vehicule-electrique\/","url":"https:\/\/news.canadamotorjobs.com\/fr\/plus-de-50-des-canadiens-ne-veulent-pas-faire-lachat-dun-vehicule-electrique\/","name":"Plus de 50 % des canadiens ne veulent pas faire l\u2019achat d\u2019un v\u00e9hicule \u00e9lectrique - CanadaMotorJobs.com","isPartOf":{"@id":"https:\/\/news.canadamotorjobs.com\/#website"},"primaryImageOfPage":{"@id":"https:\/\/news.canadamotorjobs.com\/fr\/plus-de-50-des-canadiens-ne-veulent-pas-faire-lachat-dun-vehicule-electrique\/#primaryimage"},"image":{"@id":"https:\/\/news.canadamotorjobs.com\/fr\/plus-de-50-des-canadiens-ne-veulent-pas-faire-lachat-dun-vehicule-electrique\/#primaryimage"},"thumbnailUrl":"https:\/\/news.canadamotorjobs.com\/wp-content\/uploads\/2024\/05\/57293-2025IONIQ5N.jpg","datePublished":"2024-05-30T13:25:41+00:00","dateModified":"2024-05-30T13:29:00+00:00","description":"Plus de 50 % des canadiens ne veulent pas faire l\u2019achat d\u2019un v\u00e9hicule \u00e9lectrique - Benoit Charette - Annuel automobile - CanadaMotorJobs.com.","breadcrumb":{"@id":"https:\/\/news.canadamotorjobs.com\/fr\/plus-de-50-des-canadiens-ne-veulent-pas-faire-lachat-dun-vehicule-electrique\/#breadcrumb"},"inLanguage":"fr-CA","potentialAction":[{"@type":"ReadAction","target":["https:\/\/news.canadamotorjobs.com\/fr\/plus-de-50-des-canadiens-ne-veulent-pas-faire-lachat-dun-vehicule-electrique\/"]}]},{"@type":"ImageObject","inLanguage":"fr-CA","@id":"https:\/\/news.canadamotorjobs.com\/fr\/plus-de-50-des-canadiens-ne-veulent-pas-faire-lachat-dun-vehicule-electrique\/#primaryimage","url":"https:\/\/news.canadamotorjobs.com\/wp-content\/uploads\/2024\/05\/57293-2025IONIQ5N.jpg","contentUrl":"https:\/\/news.canadamotorjobs.com\/wp-content\/uploads\/2024\/05\/57293-2025IONIQ5N.jpg","width":1200,"height":800},{"@type":"BreadcrumbList","@id":"https:\/\/news.canadamotorjobs.com\/fr\/plus-de-50-des-canadiens-ne-veulent-pas-faire-lachat-dun-vehicule-electrique\/#breadcrumb","itemListElement":[{"@type":"ListItem","position":1,"name":"Home","item":"https:\/\/news.canadamotorjobs.com\/fr\/blog\/"},{"@type":"ListItem","position":2,"name":"Plus de 50 % des canadiens ne veulent pas faire l\u2019achat d\u2019un v\u00e9hicule \u00e9lectrique"}]},{"@type":"WebSite","@id":"https:\/\/news.canadamotorjobs.com\/#website","url":"https:\/\/news.canadamotorjobs.com\/","name":"CanadaMotorJobs.com","description":"Automotive Jobs","publisher":{"@id":"https:\/\/news.canadamotorjobs.com\/#organization"},"potentialAction":[{"@type":"SearchAction","target":{"@type":"EntryPoint","urlTemplate":"https:\/\/news.canadamotorjobs.com\/?s={search_term_string}"},"query-input":"required name=search_term_string"}],"inLanguage":"fr-CA"},{"@type":"Organization","@id":"https:\/\/news.canadamotorjobs.com\/#organization","name":"Canada Motor Jobs","url":"https:\/\/news.canadamotorjobs.com\/","logo":{"@type":"ImageObject","inLanguage":"fr-CA","@id":"https:\/\/news.canadamotorjobs.com\/#\/schema\/logo\/image\/","url":"https:\/\/news.canadamotorjobs.com\/wp-content\/uploads\/2022\/10\/logo-canada-motor-jobs-1.png","contentUrl":"https:\/\/news.canadamotorjobs.com\/wp-content\/uploads\/2022\/10\/logo-canada-motor-jobs-1.png","width":800,"height":400,"caption":"Canada Motor Jobs"},"image":{"@id":"https:\/\/news.canadamotorjobs.com\/#\/schema\/logo\/image\/"},"sameAs":["https:\/\/www.facebook.com\/canadamotorjobs\/","https:\/\/x.com\/canadamotorjobs","https:\/\/www.instagram.com\/canadamotorjobs\/","https:\/\/www.linkedin.com\/company\/canadamotorjobs"]},{"@type":"Person","@id":"https:\/\/news.canadamotorjobs.com\/#\/schema\/person\/51793d1f87d44011d7bcc2ed99269a90","name":"Benoit Charette","image":{"@type":"ImageObject","inLanguage":"fr-CA","@id":"https:\/\/news.canadamotorjobs.com\/#\/schema\/person\/image\/","url":"https:\/\/secure.gravatar.com\/avatar\/45f3d2eebcccd909668d7ce7ea7267b6?s=96&d=mm&r=g","contentUrl":"https:\/\/secure.gravatar.com\/avatar\/45f3d2eebcccd909668d7ce7ea7267b6?s=96&d=mm&r=g","caption":"Benoit Charette"},"description":"Benoit Charette \/ Propri\u00e9taire et r\u00e9dacteur en chef Benoit Charette pratique le journalisme automobile depuis bient\u00f4t 30 ans. Il a fait ses classes au c\u00f4t\u00e9 de Daniel H\u00e9raud et au Carnet de route de 1992 \u00e0 2001. Il est fondateur, copropri\u00e9taire et r\u00e9dacteur en chef de L\u2019Annuel de l\u2019automobile, qu\u2019il publie depuis 2001. Il a anim\u00e9 les \u00e9missions RPM et RPM+ sur V et les L\u00e9gendes de la route sur Historia. \u00c0 la radio depuis 1986, il reprend l\u2019antenne cette ann\u00e9e sur les ondes de Cogeco et participe pour la deuxi\u00e8me ann\u00e9e \u00e0 l\u2019\u00e9mission Passion Auto sur RDS en plus de mettre en ligne le site Web officiel de L\u2019Annuel de l\u2019automobile sur annuelauto.ca.","sameAs":["https:\/\/annuelauto.ca\/"],"url":"https:\/\/news.canadamotorjobs.com\/fr\/author\/benoit-charette\/"}]}},"_links":{"self":[{"href":"https:\/\/news.canadamotorjobs.com\/fr\/wp-json\/wp\/v2\/posts\/165941"}],"collection":[{"href":"https:\/\/news.canadamotorjobs.com\/fr\/wp-json\/wp\/v2\/posts"}],"about":[{"href":"https:\/\/news.canadamotorjobs.com\/fr\/wp-json\/wp\/v2\/types\/post"}],"author":[{"embeddable":true,"href":"https:\/\/news.canadamotorjobs.com\/fr\/wp-json\/wp\/v2\/users\/8"}],"replies":[{"embeddable":true,"href":"https:\/\/news.canadamotorjobs.com\/fr\/wp-json\/wp\/v2\/comments?post=165941"}],"version-history":[{"count":2,"href":"https:\/\/news.canadamotorjobs.com\/fr\/wp-json\/wp\/v2\/posts\/165941\/revisions"}],"predecessor-version":[{"id":165945,"href":"https:\/\/news.canadamotorjobs.com\/fr\/wp-json\/wp\/v2\/posts\/165941\/revisions\/165945"}],"wp:featuredmedia":[{"embeddable":true,"href":"https:\/\/news.canadamotorjobs.com\/fr\/wp-json\/wp\/v2\/media\/165943"}],"wp:attachment":[{"href":"https:\/\/news.canadamotorjobs.com\/fr\/wp-json\/wp\/v2\/media?parent=165941"}],"wp:term":[{"taxonomy":"category","embeddable":true,"href":"https:\/\/news.canadamotorjobs.com\/fr\/wp-json\/wp\/v2\/categories?post=165941"},{"taxonomy":"post_tag","embeddable":true,"href":"https:\/\/news.canadamotorjobs.com\/fr\/wp-json\/wp\/v2\/tags?post=165941"}],"curies":[{"name":"wp","href":"https:\/\/api.w.org\/{rel}","templated":true}]}}