{"id":165872,"date":"2024-05-29T13:24:03","date_gmt":"2024-05-29T17:24:03","guid":{"rendered":"https:\/\/news.canadamotorjobs.com\/?p=165872"},"modified":"2024-05-29T14:02:39","modified_gmt":"2024-05-29T18:02:39","slug":"volkswagen-promet-des-ve-a-20-000-e-30-000-pour-2027","status":"publish","type":"post","link":"https:\/\/news.canadamotorjobs.com\/fr\/volkswagen-promet-des-ve-a-20-000-e-30-000-pour-2027\/","title":{"rendered":"Volkswagen promet des V\u00c9 \u00e0 20\u00a0000\u00a0\u20ac (30\u00a0000\u00a0$) pour 2027"},"content":{"rendered":"<\/p>\n<p>La pression exerc\u00e9e par l\u2019arriv\u00e9e de v\u00e9hicules \u00e9lectriques chinois bon march\u00e9 en Europe pousse certains constructeurs du vieux continent \u00e0 riposter. C\u2019est le cas du g\u00e9ant Volkswagen. Dans un communiqu\u00e9 publi\u00e9 hier, le constructeur de Wolfsburg annonce qu\u2019il d\u00e9voilera des V\u00c9 co\u00fbtant environ 20 000 euros (30 000 $) d\u00e8s 2027.<\/p>\n<p>Cette annonce survient quelques jours \u00e0 peine apr\u00e8s que l&#8217;agence de presse Reuters ait appris que les <a href=\"https:\/\/annuelauto.ca\/renault-et-volkswagen-pourrait-faire-equipe-pour-un-vehicule-electrique-abordable\/\" target=\"_blank\" rel=\"noopener noreferrer\">discussions qu&#8217;entretenaient Volkswagen et Renault<\/a> au sujet d&#8217;un projet conjoint visant \u00e0 fabriquer un V\u00c9 aussi peu co\u00fbteux bas\u00e9 sur la plateforme de la future Renault Twingo \u00e9lectrique avaient pris fin.<\/p>\n<p>Ainsi, on comprendra mieux le sous-texte de l&#8217;explication d&#8217;<a href=\"https:\/\/annuelauto.ca\/le-patron-de-porsche-est-maintenant-le-patron-de-volkswagen\/\" target=\"_blank\" rel=\"noopener noreferrer\">Oliver Blume<\/a>, chef de la direction du Groupe Volkswagen, publi\u00e9e dans le communiqu\u00e9 : \u00ab Les gens associent souvent les marques du Groupe au souvenir de leur toute premi\u00e8re voiture et \u00e0 l\u2019id\u00e9e d\u2019une mobilit\u00e9 abordable. Forts d\u2019un solide portefeuille de marques, nous entendons continuer d&#8217;assumer cette responsabilit\u00e9 vis-\u00e0-vis de la soci\u00e9t\u00e9. Je suis donc particuli\u00e8rement heureux d&#8217;annoncer le lancement d\u2019un projet d\u2019avenir en vue de contribuer \u00e0 l\u2019\u00e9mergence d\u2019une mobilit\u00e9 \u00e9lectrique accessible au plus grand nombre, en proposant des mod\u00e8les d\u2019entr\u00e9e de gamme produits en Europe, pour l\u2019Europe. \u00bb<\/p>\n<p>Ces nouveaut\u00e9s seront offertes par les marques de la division \u00ab Core \u00bb du Groupe, c\u2019est-\u00e0-dire Volkswagen, \u0160koda, Seat, Cupra et Volkswagen V\u00e9hicules utilitaires. Ces marques travaillent d\u2019ailleurs d\u00e9j\u00e0 \u00e0 \u00ab l\u2019\u00e9mergence d\u2019un portefeuille de v\u00e9hicules citadins \u00e9lectriques \u00bb; une gamme de v\u00e9hicules surnomm\u00e9e <em>Electric Urban Car Family<\/em>.<\/p>\n<p>Quatre mod\u00e8les qui seront offerts pour 25 000 euros (environ 37 000 $) sont d\u00e9j\u00e0 sur les tables \u00e0 dessin et leurs versions de s\u00e9rie sont promises d\u2019ici la fin de l\u2019ann\u00e9e 2025. Ce sont deux voitures compactes (une Volkswagen et une Cupra) et deux petits VUS (un \u0160koda et un Volkswagen).<\/p>\n<p>La Volkswagen ID. 2all et le \u0160koda Epiq, des concepts d\u00e9voil\u00e9s respectivement en mars 2023 et mars 2024, pr\u00e9figurent d\u2019ailleurs deux de ces nouveaut\u00e9s, qui seront assembl\u00e9es en Espagne et vendues sur le march\u00e9 europ\u00e9en.<\/p>\n<p>Et c\u2019est l\u00e0 le hic pour nous. L\u2019annonce d\u2019aujourd\u2019hui comme les pr\u00e9c\u00e9dentes, qui nous ont appris l\u2019arriv\u00e9e prochaine de V\u00c9 co\u00fbtant 25 000 \u20ac, ne concernent que l\u2019Europe, pas l\u2019Am\u00e9rique du Nord.<\/p>\n<p>La concurrence des marques chinoises qui devient plus f\u00e9roce en Europe semble avoir un impact \u00e9vident l\u00e0-bas, pendant qu\u2019ici, on observe plut\u00f4t une valse-h\u00e9sitation chez plusieurs constructeurs. Certains s\u2019obstinent \u00e0 offrir des gammes de V\u00c9 peu diversifi\u00e9es et des mod\u00e8les plut\u00f4t co\u00fbteux (affichant des prix souvent miraculeusement appari\u00e9s aux incitatifs gouvernementaux), alors que d\u2019autres revoient leur offre \u00e0 la baisse&#8230; y compris <a href=\"https:\/\/annuelauto.ca\/volkswagen-retarde-le-lancement-de-la-id7-electrique-en-amerique-du-nord\/\" target=\"_blank\" rel=\"noopener noreferrer\">Volkswagen qui vient de reporter le lancement de la berline ID.7 aux calendes grecques<\/a>\u00a0!<\/p>\n<p>Naturellement, on sait que l&#8217;Am\u00e9rique du Nord est le royaume des \u00ab gros <em>p\u00e9kopes<\/em> \u00bb et autres VUS \u00e0 7 places, qui sont souvent utilis\u00e9s par une personne seule. Les petits v\u00e9hicules comme ceux qu\u2019annonce VW pour l\u2019Europe auraient peut-\u00eatre peu d\u2019avenir. Sauf, \u00e0 tout le moins, au Qu\u00e9bec, o\u00f9 l\u2019on semble encore les appr\u00e9cier !<\/p>\n<p><em>Photos : Volkswagen<\/em><\/p>\n<p>Le texte <a rel=\"nofollow\" href=\"https:\/\/annuelauto.ca\/volkswagen-promet-des-ve-a-20-000-e-30-000-pour-2027\/\">Volkswagen promet des V\u00c9 \u00e0 20\u00a0000\u00a0\u20ac (30\u00a0000\u00a0$) pour 2027<\/a> provient de <a rel=\"nofollow\" href=\"https:\/\/annuelauto.ca\">L&#8217;annuel de l&#8217;automobile &#8211; Actualit\u00e9 automobile<\/a><\/p>\n<p><\/p>\n","protected":false},"excerpt":{"rendered":"<p>La pression exerc\u00e9e par l\u2019arriv\u00e9e de v\u00e9hicules \u00e9lectriques chinois bon march\u00e9 en Europe pousse certains constructeurs du vieux continent \u00e0 riposter. C\u2019est le cas du g\u00e9ant Volkswagen. Dans un communiqu\u00e9 publi\u00e9 hier, le constructeur de Wolfsburg annonce qu\u2019il d\u00e9voilera des V\u00c9 co\u00fbtant environ 20 000 euros (30 000 $) d\u00e8s 2027. Cette annonce survient quelques [&hellip;]<\/p>\n","protected":false},"author":8,"featured_media":165874,"comment_status":"close","ping_status":"closed","sticky":false,"template":"","format":"standard","meta":{"_monsterinsights_skip_tracking":false,"_monsterinsights_sitenote_active":false,"_monsterinsights_sitenote_note":"","_monsterinsights_sitenote_category":0,"footnotes":""},"categories":[101],"tags":[],"yoast_head":"<!-- This site is optimized with the Yoast SEO plugin v23.2 - https:\/\/yoast.com\/wordpress\/plugins\/seo\/ -->\n<title>Volkswagen promet des V\u00c9 \u00e0 20\u00a0000\u00a0\u20ac (30\u00a0000\u00a0$) pour 2027 - CanadaMotorJobs.com<\/title>\n<meta name=\"description\" content=\"Volkswagen promet des V\u00c9 \u00e0 20\u00a0000\u00a0\u20ac (30\u00a0000\u00a0$) pour 2027 - Benoit Charette - Annuel automobile - CanadaMotorJobs.com.\" \/>\n<meta name=\"robots\" content=\"index, follow, max-snippet:-1, max-image-preview:large, max-video-preview:-1\" \/>\n<meta property=\"og:locale\" content=\"fr_CA\" \/>\n<meta property=\"og:type\" content=\"article\" \/>\n<meta property=\"og:title\" content=\"Volkswagen promet des V\u00c9 \u00e0 20\u00a0000\u00a0\u20ac (30\u00a0000\u00a0$) pour 2027 - CanadaMotorJobs.com\" \/>\n<meta property=\"og:description\" content=\"Volkswagen promet des V\u00c9 \u00e0 20\u00a0000\u00a0\u20ac (30\u00a0000\u00a0$) pour 2027 - Benoit Charette - Annuel automobile - CanadaMotorJobs.com.\" \/>\n<meta property=\"og:url\" content=\"https:\/\/news.canadamotorjobs.com\/fr\/volkswagen-promet-des-ve-a-20-000-e-30-000-pour-2027\/\" \/>\n<meta property=\"og:site_name\" content=\"CanadaMotorJobs.com\" \/>\n<meta property=\"article:publisher\" content=\"https:\/\/www.facebook.com\/canadamotorjobs\/\" \/>\n<meta property=\"article:published_time\" content=\"2024-05-29T17:24:03+00:00\" \/>\n<meta property=\"article:modified_time\" content=\"2024-05-29T18:02:39+00:00\" \/>\n<meta property=\"og:image\" content=\"https:\/\/news.canadamotorjobs.com\/wp-content\/uploads\/2024\/05\/Volkswagen-VE-20000E-2027-1.jpg\" \/>\n\t<meta property=\"og:image:width\" content=\"1024\" \/>\n\t<meta property=\"og:image:height\" content=\"683\" \/>\n\t<meta property=\"og:image:type\" content=\"image\/jpeg\" \/>\n<meta name=\"author\" content=\"Benoit Charette\" \/>\n<meta name=\"twitter:card\" content=\"summary_large_image\" \/>\n<meta name=\"twitter:creator\" content=\"@canadamotorjobs\" \/>\n<meta name=\"twitter:site\" content=\"@canadamotorjobs\" \/>\n<meta name=\"twitter:label1\" content=\"\u00c9crit par\" \/>\n\t<meta name=\"twitter:data1\" content=\"Benoit Charette\" \/>\n\t<meta name=\"twitter:label2\" content=\"Estimation du temps de lecture\" \/>\n\t<meta name=\"twitter:data2\" content=\"3 minutes\" \/>\n<!-- \/ Yoast SEO plugin. -->","yoast_head_json":{"title":"Volkswagen promet des V\u00c9 \u00e0 20\u00a0000\u00a0\u20ac (30\u00a0000\u00a0$) pour 2027 - CanadaMotorJobs.com","description":"Volkswagen promet des V\u00c9 \u00e0 20\u00a0000\u00a0\u20ac (30\u00a0000\u00a0$) pour 2027 - Benoit Charette - Annuel automobile - CanadaMotorJobs.com.","robots":{"index":"index","follow":"follow","max-snippet":"max-snippet:-1","max-image-preview":"max-image-preview:large","max-video-preview":"max-video-preview:-1"},"og_locale":"fr_CA","og_type":"article","og_title":"Volkswagen promet des V\u00c9 \u00e0 20\u00a0000\u00a0\u20ac (30\u00a0000\u00a0$) pour 2027 - CanadaMotorJobs.com","og_description":"Volkswagen promet des V\u00c9 \u00e0 20\u00a0000\u00a0\u20ac (30\u00a0000\u00a0$) pour 2027 - Benoit Charette - Annuel automobile - CanadaMotorJobs.com.","og_url":"https:\/\/news.canadamotorjobs.com\/fr\/volkswagen-promet-des-ve-a-20-000-e-30-000-pour-2027\/","og_site_name":"CanadaMotorJobs.com","article_publisher":"https:\/\/www.facebook.com\/canadamotorjobs\/","article_published_time":"2024-05-29T17:24:03+00:00","article_modified_time":"2024-05-29T18:02:39+00:00","og_image":[{"width":1024,"height":683,"url":"https:\/\/news.canadamotorjobs.com\/wp-content\/uploads\/2024\/05\/Volkswagen-VE-20000E-2027-1.jpg","type":"image\/jpeg"}],"author":"Benoit Charette","twitter_card":"summary_large_image","twitter_creator":"@canadamotorjobs","twitter_site":"@canadamotorjobs","twitter_misc":{"\u00c9crit par":"Benoit Charette","Estimation du temps de lecture":"3 minutes"},"schema":{"@context":"https:\/\/schema.org","@graph":[{"@type":"Article","@id":"https:\/\/news.canadamotorjobs.com\/fr\/volkswagen-promet-des-ve-a-20-000-e-30-000-pour-2027\/#article","isPartOf":{"@id":"https:\/\/news.canadamotorjobs.com\/fr\/volkswagen-promet-des-ve-a-20-000-e-30-000-pour-2027\/"},"author":{"name":"Benoit Charette","@id":"https:\/\/news.canadamotorjobs.com\/#\/schema\/person\/51793d1f87d44011d7bcc2ed99269a90"},"headline":"Volkswagen promet des V\u00c9 \u00e0 20\u00a0000\u00a0\u20ac (30\u00a0000\u00a0$) pour 2027","datePublished":"2024-05-29T17:24:03+00:00","dateModified":"2024-05-29T18:02:39+00:00","mainEntityOfPage":{"@id":"https:\/\/news.canadamotorjobs.com\/fr\/volkswagen-promet-des-ve-a-20-000-e-30-000-pour-2027\/"},"wordCount":577,"publisher":{"@id":"https:\/\/news.canadamotorjobs.com\/#organization"},"image":{"@id":"https:\/\/news.canadamotorjobs.com\/fr\/volkswagen-promet-des-ve-a-20-000-e-30-000-pour-2027\/#primaryimage"},"thumbnailUrl":"https:\/\/news.canadamotorjobs.com\/wp-content\/uploads\/2024\/05\/Volkswagen-VE-20000E-2027-1.jpg","articleSection":["Annuel automobile"],"inLanguage":"fr-CA"},{"@type":"WebPage","@id":"https:\/\/news.canadamotorjobs.com\/fr\/volkswagen-promet-des-ve-a-20-000-e-30-000-pour-2027\/","url":"https:\/\/news.canadamotorjobs.com\/fr\/volkswagen-promet-des-ve-a-20-000-e-30-000-pour-2027\/","name":"Volkswagen promet des V\u00c9 \u00e0 20\u00a0000\u00a0\u20ac (30\u00a0000\u00a0$) pour 2027 - CanadaMotorJobs.com","isPartOf":{"@id":"https:\/\/news.canadamotorjobs.com\/#website"},"primaryImageOfPage":{"@id":"https:\/\/news.canadamotorjobs.com\/fr\/volkswagen-promet-des-ve-a-20-000-e-30-000-pour-2027\/#primaryimage"},"image":{"@id":"https:\/\/news.canadamotorjobs.com\/fr\/volkswagen-promet-des-ve-a-20-000-e-30-000-pour-2027\/#primaryimage"},"thumbnailUrl":"https:\/\/news.canadamotorjobs.com\/wp-content\/uploads\/2024\/05\/Volkswagen-VE-20000E-2027-1.jpg","datePublished":"2024-05-29T17:24:03+00:00","dateModified":"2024-05-29T18:02:39+00:00","description":"Volkswagen promet des V\u00c9 \u00e0 20\u00a0000\u00a0\u20ac (30\u00a0000\u00a0$) pour 2027 - Benoit Charette - Annuel automobile - CanadaMotorJobs.com.","breadcrumb":{"@id":"https:\/\/news.canadamotorjobs.com\/fr\/volkswagen-promet-des-ve-a-20-000-e-30-000-pour-2027\/#breadcrumb"},"inLanguage":"fr-CA","potentialAction":[{"@type":"ReadAction","target":["https:\/\/news.canadamotorjobs.com\/fr\/volkswagen-promet-des-ve-a-20-000-e-30-000-pour-2027\/"]}]},{"@type":"ImageObject","inLanguage":"fr-CA","@id":"https:\/\/news.canadamotorjobs.com\/fr\/volkswagen-promet-des-ve-a-20-000-e-30-000-pour-2027\/#primaryimage","url":"https:\/\/news.canadamotorjobs.com\/wp-content\/uploads\/2024\/05\/Volkswagen-VE-20000E-2027-1.jpg","contentUrl":"https:\/\/news.canadamotorjobs.com\/wp-content\/uploads\/2024\/05\/Volkswagen-VE-20000E-2027-1.jpg","width":1024,"height":683},{"@type":"BreadcrumbList","@id":"https:\/\/news.canadamotorjobs.com\/fr\/volkswagen-promet-des-ve-a-20-000-e-30-000-pour-2027\/#breadcrumb","itemListElement":[{"@type":"ListItem","position":1,"name":"Home","item":"https:\/\/news.canadamotorjobs.com\/fr\/blog\/"},{"@type":"ListItem","position":2,"name":"Volkswagen promet des V\u00c9 \u00e0 20\u00a0000\u00a0\u20ac (30\u00a0000\u00a0$) pour 2027"}]},{"@type":"WebSite","@id":"https:\/\/news.canadamotorjobs.com\/#website","url":"https:\/\/news.canadamotorjobs.com\/","name":"CanadaMotorJobs.com","description":"Automotive Jobs","publisher":{"@id":"https:\/\/news.canadamotorjobs.com\/#organization"},"potentialAction":[{"@type":"SearchAction","target":{"@type":"EntryPoint","urlTemplate":"https:\/\/news.canadamotorjobs.com\/?s={search_term_string}"},"query-input":"required name=search_term_string"}],"inLanguage":"fr-CA"},{"@type":"Organization","@id":"https:\/\/news.canadamotorjobs.com\/#organization","name":"Canada Motor Jobs","url":"https:\/\/news.canadamotorjobs.com\/","logo":{"@type":"ImageObject","inLanguage":"fr-CA","@id":"https:\/\/news.canadamotorjobs.com\/#\/schema\/logo\/image\/","url":"https:\/\/news.canadamotorjobs.com\/wp-content\/uploads\/2022\/10\/logo-canada-motor-jobs-1.png","contentUrl":"https:\/\/news.canadamotorjobs.com\/wp-content\/uploads\/2022\/10\/logo-canada-motor-jobs-1.png","width":800,"height":400,"caption":"Canada Motor Jobs"},"image":{"@id":"https:\/\/news.canadamotorjobs.com\/#\/schema\/logo\/image\/"},"sameAs":["https:\/\/www.facebook.com\/canadamotorjobs\/","https:\/\/x.com\/canadamotorjobs","https:\/\/www.instagram.com\/canadamotorjobs\/","https:\/\/www.linkedin.com\/company\/canadamotorjobs"]},{"@type":"Person","@id":"https:\/\/news.canadamotorjobs.com\/#\/schema\/person\/51793d1f87d44011d7bcc2ed99269a90","name":"Benoit Charette","image":{"@type":"ImageObject","inLanguage":"fr-CA","@id":"https:\/\/news.canadamotorjobs.com\/#\/schema\/person\/image\/","url":"https:\/\/secure.gravatar.com\/avatar\/45f3d2eebcccd909668d7ce7ea7267b6?s=96&d=mm&r=g","contentUrl":"https:\/\/secure.gravatar.com\/avatar\/45f3d2eebcccd909668d7ce7ea7267b6?s=96&d=mm&r=g","caption":"Benoit Charette"},"description":"Benoit Charette \/ Propri\u00e9taire et r\u00e9dacteur en chef Benoit Charette pratique le journalisme automobile depuis bient\u00f4t 30 ans. Il a fait ses classes au c\u00f4t\u00e9 de Daniel H\u00e9raud et au Carnet de route de 1992 \u00e0 2001. Il est fondateur, copropri\u00e9taire et r\u00e9dacteur en chef de L\u2019Annuel de l\u2019automobile, qu\u2019il publie depuis 2001. Il a anim\u00e9 les \u00e9missions RPM et RPM+ sur V et les L\u00e9gendes de la route sur Historia. \u00c0 la radio depuis 1986, il reprend l\u2019antenne cette ann\u00e9e sur les ondes de Cogeco et participe pour la deuxi\u00e8me ann\u00e9e \u00e0 l\u2019\u00e9mission Passion Auto sur RDS en plus de mettre en ligne le site Web officiel de L\u2019Annuel de l\u2019automobile sur annuelauto.ca.","sameAs":["https:\/\/annuelauto.ca\/"],"url":"https:\/\/news.canadamotorjobs.com\/fr\/author\/benoit-charette\/"}]}},"_links":{"self":[{"href":"https:\/\/news.canadamotorjobs.com\/fr\/wp-json\/wp\/v2\/posts\/165872"}],"collection":[{"href":"https:\/\/news.canadamotorjobs.com\/fr\/wp-json\/wp\/v2\/posts"}],"about":[{"href":"https:\/\/news.canadamotorjobs.com\/fr\/wp-json\/wp\/v2\/types\/post"}],"author":[{"embeddable":true,"href":"https:\/\/news.canadamotorjobs.com\/fr\/wp-json\/wp\/v2\/users\/8"}],"replies":[{"embeddable":true,"href":"https:\/\/news.canadamotorjobs.com\/fr\/wp-json\/wp\/v2\/comments?post=165872"}],"version-history":[{"count":2,"href":"https:\/\/news.canadamotorjobs.com\/fr\/wp-json\/wp\/v2\/posts\/165872\/revisions"}],"predecessor-version":[{"id":165876,"href":"https:\/\/news.canadamotorjobs.com\/fr\/wp-json\/wp\/v2\/posts\/165872\/revisions\/165876"}],"wp:featuredmedia":[{"embeddable":true,"href":"https:\/\/news.canadamotorjobs.com\/fr\/wp-json\/wp\/v2\/media\/165874"}],"wp:attachment":[{"href":"https:\/\/news.canadamotorjobs.com\/fr\/wp-json\/wp\/v2\/media?parent=165872"}],"wp:term":[{"taxonomy":"category","embeddable":true,"href":"https:\/\/news.canadamotorjobs.com\/fr\/wp-json\/wp\/v2\/categories?post=165872"},{"taxonomy":"post_tag","embeddable":true,"href":"https:\/\/news.canadamotorjobs.com\/fr\/wp-json\/wp\/v2\/tags?post=165872"}],"curies":[{"name":"wp","href":"https:\/\/api.w.org\/{rel}","templated":true}]}}