{"id":165826,"date":"2024-05-29T08:37:30","date_gmt":"2024-05-29T12:37:30","guid":{"rendered":"https:\/\/news.canadamotorjobs.com\/?p=165826"},"modified":"2024-05-29T08:45:18","modified_gmt":"2024-05-29T12:45:18","slug":"le-monde-automobile-doit-repenser-sa-chaine-dapprovisionnement","status":"publish","type":"post","link":"https:\/\/news.canadamotorjobs.com\/fr\/le-monde-automobile-doit-repenser-sa-chaine-dapprovisionnement\/","title":{"rendered":"Le monde automobile doit repenser sa cha\u00eene d\u2019approvisionnement"},"content":{"rendered":"<\/p>\n<p>Les co\u00fbts de main-d&#8217;\u0153uvre en hausse, les tarifs douaniers et l&#8217;incertitude autour des ventes de v\u00e9hicules \u00e9lectriques poussent les constructeurs automobiles \u00e0 repenser compl\u00e8tement la fabrication de leurs produits. Les forces de grande envergure bouleversent la cha\u00eene d&#8217;approvisionnement mondiale, obligeant les entreprises \u00e0 recourir davantage aux technologies avanc\u00e9es.<\/p>\n<h4>Crises multiples depuis la pand\u00e9mie<\/h4>\n<p>\nDepuis le d\u00e9but de la pand\u00e9mie de COVID-19, la cha\u00eene d&#8217;approvisionnement automobile a \u00e9t\u00e9 secou\u00e9e par des pressions g\u00e9opolitiques, des probl\u00e8mes logistiques, des p\u00e9nuries de main-d&#8217;\u0153uvre et de pi\u00e8ces, l&#8217;inflation et la mont\u00e9e des v\u00e9hicules \u00e9lectriques et des logiciels. Les lieux de production et les m\u00e9thodes de fabrication des pi\u00e8ces ont d\u00e9j\u00e0 chang\u00e9 par rapport \u00e0 il y a une d\u00e9cennie. Les p\u00e9nuries de main-d&#8217;\u0153uvre constituent un probl\u00e8me majeur pour les entreprises automobiles, entra\u00eenant une augmentation des co\u00fbts salariaux alors qu&#8217;elles cherchent \u00e0 maintenir leurs employ\u00e9s malgr\u00e9 des marges r\u00e9duites par rapport \u00e0 la p\u00e9riode pr\u00e9-pand\u00e9mique. Cela pousse de nombreuses entreprises \u00e0 se tourner vers l&#8217;automatisation des usines.<\/p>\n<h4>L&#8217;automatisation en plein essor<\/h4>\n<p>\nLear Corp., le 10e plus grand fournisseur mondial, a annonc\u00e9 en avril l&#8217;acquisition de la soci\u00e9t\u00e9 espagnole d&#8217;automatisation WIP Industrial Automation, ainsi que son approche de la fabrication avanc\u00e9e et de l&#8217;intelligence artificielle. &#8220;\u00c0 long terme, il s&#8217;agit de survie,&#8221; a d\u00e9clar\u00e9 Ray Scott, PDG de Lear. &#8220;Les entreprises ayant ces capacit\u00e9s survivront.&#8221;<\/p>\n<h4>Strat\u00e9gies de fabrication et d\u2019approvisionnement<\/h4>\n<p>\nLa hausse des co\u00fbts et les d\u00e9fis op\u00e9rationnels ont contraint Lear \u00e0 fermer des usines en Europe et ailleurs, et \u00e0 se relocaliser dans des pays \u00e0 moindre co\u00fbt pour r\u00e9duire ces d\u00e9penses. Cette tendance vers l&#8217;automatisation devrait se poursuivre tout au long de la d\u00e9cennie, notamment avec la mont\u00e9e des v\u00e9hicules \u00e9lectriques. Cependant, la main-d&#8217;\u0153uvre qualifi\u00e9e restera cruciale \u00e0 mesure que les v\u00e9hicules et les m\u00e9thodes de fabrication deviennent plus sophistiqu\u00e9s. &#8220;Il y a une id\u00e9e fausse sur la quantit\u00e9 de main-d&#8217;\u0153uvre n\u00e9cessaire pour construire un v\u00e9hicule \u00e9lectrique. Les d\u00e9fis li\u00e9s au lancement de cette nouvelle technologie n\u00e9cessiteront probablement plus de personnes, pas moins,&#8221; a expliqu\u00e9 Laurie Harbour, une conseill\u00e8re chez Wipfli.<\/p>\n<h4>D\u00e9localisation et contenu r\u00e9gional<\/h4>\n<p>\nLes entreprises repensent \u00e9galement leurs sources d&#8217;approvisionnement. Les incertitudes g\u00e9opolitiques, les incitations f\u00e9d\u00e9rales pour la fabrication domestique, les objectifs climatiques des constructeurs automobiles et les probl\u00e8mes logistiques post-pand\u00e9miques incitent de nombreuses entreprises \u00e0 augmenter le contenu r\u00e9gional de leurs v\u00e9hicules. Panasonic Energy, par exemple, vise \u00e0 ce que la moiti\u00e9 des composants de ses batteries soient d&#8217;origine nord-am\u00e9ricaine d&#8217;ici la fin de la d\u00e9cennie.<\/p>\n<h4>Stabilit\u00e9 et flexibilit\u00e9<\/h4>\n<p>\nAvant la pand\u00e9mie, l&#8217;industrie jouissait d&#8217;une stabilit\u00e9 relative avec une cha\u00eene d&#8217;approvisionnement mondialis\u00e9e et des livraisons &#8220;juste \u00e0 temps&#8221;. La pand\u00e9mie a r\u00e9v\u00e9l\u00e9 la fragilit\u00e9 du syst\u00e8me, a expliqu\u00e9 Dan Hearsch, co-leader de la pratique automobile et industrielle chez AlixPartners. Les donn\u00e9es f\u00e9d\u00e9rales montrent une augmentation des importations de pi\u00e8ces automobiles en provenance du Mexique, repr\u00e9sentant 45 % en 2023 contre 40 % en 2017, tandis que les importations en provenance de Chine ont diminu\u00e9 en raison des tarifs et des risques g\u00e9opolitiques. &#8220;Il y a eu une augmentation substantielle des pi\u00e8ces provenant du Mexique,&#8221; a d\u00e9clar\u00e9 Jason Miller, professeur de gestion de la cha\u00eene d&#8217;approvisionnement \u00e0 l&#8217;Universit\u00e9 d&#8217;\u00c9tat du Michigan.<\/p>\n<h4>Appprovisionnent multiples<\/h4>\n<p>\nLes entreprises se tournent \u00e9galement vers l\u2019approvisionnement multiple pour assurer une continuit\u00e9 de l&#8217;approvisionnement en cas d&#8217;arr\u00eat de production dans une zone. Bosch, par exemple, adopte une strat\u00e9gie de d\u2019approvisionnements multiples pour r\u00e9duire les risques.<\/p>\n<h4>Pr\u00e9paration aux sc\u00e9narios catastrophes<\/h4>\n<p>\nLes entreprises r\u00e9fl\u00e9chissent de plus en plus aux perturbations potentielles de leurs cha\u00eenes d&#8217;approvisionnement. Avec cette vigilance accrue, les entreprises cherchent \u00e0 renforcer leur r\u00e9silience face aux futurs d\u00e9fis logistiques et g\u00e9opolitiques.<\/p>\n<p>Avec des renseignements d\u2019Automotive News<\/p>\n<p>\u00a0<\/p>\n<p>Le texte <a rel=\"nofollow\" href=\"https:\/\/annuelauto.ca\/le-monde-automobile-doit-repenser-sa-chaine-dapprovisionnement\/\">Le monde automobile doit repenser sa cha\u00eene d\u2019approvisionnement<\/a> provient de <a rel=\"nofollow\" href=\"https:\/\/annuelauto.ca\">L&#8217;annuel de l&#8217;automobile &#8211; Actualit\u00e9 automobile<\/a><\/p>\n<p><\/p>\n","protected":false},"excerpt":{"rendered":"<p>Les co\u00fbts de main-d&#8217;\u0153uvre en hausse, les tarifs douaniers et l&#8217;incertitude autour des ventes de v\u00e9hicules \u00e9lectriques poussent les constructeurs automobiles \u00e0 repenser compl\u00e8tement la fabrication de leurs produits. Les forces de grande envergure bouleversent la cha\u00eene d&#8217;approvisionnement mondiale, obligeant les entreprises \u00e0 recourir davantage aux technologies avanc\u00e9es. Crises multiples depuis la pand\u00e9mie Depuis le [&hellip;]<\/p>\n","protected":false},"author":8,"featured_media":165828,"comment_status":"close","ping_status":"closed","sticky":false,"template":"","format":"standard","meta":{"_monsterinsights_skip_tracking":false,"_monsterinsights_sitenote_active":false,"_monsterinsights_sitenote_note":"","_monsterinsights_sitenote_category":0,"footnotes":""},"categories":[101],"tags":[],"yoast_head":"<!-- This site is optimized with the Yoast SEO plugin v23.2 - https:\/\/yoast.com\/wordpress\/plugins\/seo\/ -->\n<title>Le monde automobile doit repenser sa cha\u00eene d\u2019approvisionnement - CanadaMotorJobs.com<\/title>\n<meta name=\"description\" content=\"Le monde automobile doit repenser sa cha\u00eene d\u2019approvisionnement - Benoit Charette - Annuel automobile - CanadaMotorJobs.com.\" \/>\n<meta name=\"robots\" content=\"index, follow, max-snippet:-1, max-image-preview:large, max-video-preview:-1\" \/>\n<meta property=\"og:locale\" content=\"fr_CA\" \/>\n<meta property=\"og:type\" content=\"article\" \/>\n<meta property=\"og:title\" content=\"Le monde automobile doit repenser sa cha\u00eene d\u2019approvisionnement - CanadaMotorJobs.com\" \/>\n<meta property=\"og:description\" content=\"Le monde automobile doit repenser sa cha\u00eene d\u2019approvisionnement - Benoit Charette - Annuel automobile - CanadaMotorJobs.com.\" \/>\n<meta property=\"og:url\" content=\"https:\/\/news.canadamotorjobs.com\/fr\/le-monde-automobile-doit-repenser-sa-chaine-dapprovisionnement\/\" \/>\n<meta property=\"og:site_name\" content=\"CanadaMotorJobs.com\" \/>\n<meta property=\"article:publisher\" content=\"https:\/\/www.facebook.com\/canadamotorjobs\/\" \/>\n<meta property=\"article:published_time\" content=\"2024-05-29T12:37:30+00:00\" \/>\n<meta property=\"article:modified_time\" content=\"2024-05-29T12:45:18+00:00\" \/>\n<meta property=\"og:image\" content=\"https:\/\/news.canadamotorjobs.com\/wp-content\/uploads\/2024\/05\/295227_2019annacisautoterminalphotosvfpa2099_296818-1.jpg\" \/>\n\t<meta property=\"og:image:width\" content=\"1024\" \/>\n\t<meta property=\"og:image:height\" content=\"536\" \/>\n\t<meta property=\"og:image:type\" content=\"image\/jpeg\" \/>\n<meta name=\"author\" content=\"Benoit Charette\" \/>\n<meta name=\"twitter:card\" content=\"summary_large_image\" \/>\n<meta name=\"twitter:creator\" content=\"@canadamotorjobs\" \/>\n<meta name=\"twitter:site\" content=\"@canadamotorjobs\" \/>\n<meta name=\"twitter:label1\" content=\"\u00c9crit par\" \/>\n\t<meta name=\"twitter:data1\" content=\"Benoit Charette\" \/>\n\t<meta name=\"twitter:label2\" content=\"Estimation du temps de lecture\" \/>\n\t<meta name=\"twitter:data2\" content=\"3 minutes\" \/>\n<!-- \/ Yoast SEO plugin. -->","yoast_head_json":{"title":"Le monde automobile doit repenser sa cha\u00eene d\u2019approvisionnement - CanadaMotorJobs.com","description":"Le monde automobile doit repenser sa cha\u00eene d\u2019approvisionnement - Benoit Charette - Annuel automobile - CanadaMotorJobs.com.","robots":{"index":"index","follow":"follow","max-snippet":"max-snippet:-1","max-image-preview":"max-image-preview:large","max-video-preview":"max-video-preview:-1"},"og_locale":"fr_CA","og_type":"article","og_title":"Le monde automobile doit repenser sa cha\u00eene d\u2019approvisionnement - CanadaMotorJobs.com","og_description":"Le monde automobile doit repenser sa cha\u00eene d\u2019approvisionnement - Benoit Charette - Annuel automobile - CanadaMotorJobs.com.","og_url":"https:\/\/news.canadamotorjobs.com\/fr\/le-monde-automobile-doit-repenser-sa-chaine-dapprovisionnement\/","og_site_name":"CanadaMotorJobs.com","article_publisher":"https:\/\/www.facebook.com\/canadamotorjobs\/","article_published_time":"2024-05-29T12:37:30+00:00","article_modified_time":"2024-05-29T12:45:18+00:00","og_image":[{"width":1024,"height":536,"url":"https:\/\/news.canadamotorjobs.com\/wp-content\/uploads\/2024\/05\/295227_2019annacisautoterminalphotosvfpa2099_296818-1.jpg","type":"image\/jpeg"}],"author":"Benoit Charette","twitter_card":"summary_large_image","twitter_creator":"@canadamotorjobs","twitter_site":"@canadamotorjobs","twitter_misc":{"\u00c9crit par":"Benoit Charette","Estimation du temps de lecture":"3 minutes"},"schema":{"@context":"https:\/\/schema.org","@graph":[{"@type":"Article","@id":"https:\/\/news.canadamotorjobs.com\/fr\/le-monde-automobile-doit-repenser-sa-chaine-dapprovisionnement\/#article","isPartOf":{"@id":"https:\/\/news.canadamotorjobs.com\/fr\/le-monde-automobile-doit-repenser-sa-chaine-dapprovisionnement\/"},"author":{"name":"Benoit Charette","@id":"https:\/\/news.canadamotorjobs.com\/#\/schema\/person\/51793d1f87d44011d7bcc2ed99269a90"},"headline":"Le monde automobile doit repenser sa cha\u00eene d\u2019approvisionnement","datePublished":"2024-05-29T12:37:30+00:00","dateModified":"2024-05-29T12:45:18+00:00","mainEntityOfPage":{"@id":"https:\/\/news.canadamotorjobs.com\/fr\/le-monde-automobile-doit-repenser-sa-chaine-dapprovisionnement\/"},"wordCount":731,"publisher":{"@id":"https:\/\/news.canadamotorjobs.com\/#organization"},"image":{"@id":"https:\/\/news.canadamotorjobs.com\/fr\/le-monde-automobile-doit-repenser-sa-chaine-dapprovisionnement\/#primaryimage"},"thumbnailUrl":"https:\/\/news.canadamotorjobs.com\/wp-content\/uploads\/2024\/05\/295227_2019annacisautoterminalphotosvfpa2099_296818-1.jpg","articleSection":["Annuel automobile"],"inLanguage":"fr-CA"},{"@type":"WebPage","@id":"https:\/\/news.canadamotorjobs.com\/fr\/le-monde-automobile-doit-repenser-sa-chaine-dapprovisionnement\/","url":"https:\/\/news.canadamotorjobs.com\/fr\/le-monde-automobile-doit-repenser-sa-chaine-dapprovisionnement\/","name":"Le monde automobile doit repenser sa cha\u00eene d\u2019approvisionnement - CanadaMotorJobs.com","isPartOf":{"@id":"https:\/\/news.canadamotorjobs.com\/#website"},"primaryImageOfPage":{"@id":"https:\/\/news.canadamotorjobs.com\/fr\/le-monde-automobile-doit-repenser-sa-chaine-dapprovisionnement\/#primaryimage"},"image":{"@id":"https:\/\/news.canadamotorjobs.com\/fr\/le-monde-automobile-doit-repenser-sa-chaine-dapprovisionnement\/#primaryimage"},"thumbnailUrl":"https:\/\/news.canadamotorjobs.com\/wp-content\/uploads\/2024\/05\/295227_2019annacisautoterminalphotosvfpa2099_296818-1.jpg","datePublished":"2024-05-29T12:37:30+00:00","dateModified":"2024-05-29T12:45:18+00:00","description":"Le monde automobile doit repenser sa cha\u00eene d\u2019approvisionnement - Benoit Charette - Annuel automobile - CanadaMotorJobs.com.","breadcrumb":{"@id":"https:\/\/news.canadamotorjobs.com\/fr\/le-monde-automobile-doit-repenser-sa-chaine-dapprovisionnement\/#breadcrumb"},"inLanguage":"fr-CA","potentialAction":[{"@type":"ReadAction","target":["https:\/\/news.canadamotorjobs.com\/fr\/le-monde-automobile-doit-repenser-sa-chaine-dapprovisionnement\/"]}]},{"@type":"ImageObject","inLanguage":"fr-CA","@id":"https:\/\/news.canadamotorjobs.com\/fr\/le-monde-automobile-doit-repenser-sa-chaine-dapprovisionnement\/#primaryimage","url":"https:\/\/news.canadamotorjobs.com\/wp-content\/uploads\/2024\/05\/295227_2019annacisautoterminalphotosvfpa2099_296818-1.jpg","contentUrl":"https:\/\/news.canadamotorjobs.com\/wp-content\/uploads\/2024\/05\/295227_2019annacisautoterminalphotosvfpa2099_296818-1.jpg","width":1024,"height":536},{"@type":"BreadcrumbList","@id":"https:\/\/news.canadamotorjobs.com\/fr\/le-monde-automobile-doit-repenser-sa-chaine-dapprovisionnement\/#breadcrumb","itemListElement":[{"@type":"ListItem","position":1,"name":"Home","item":"https:\/\/news.canadamotorjobs.com\/fr\/blog\/"},{"@type":"ListItem","position":2,"name":"Le monde automobile doit repenser sa cha\u00eene d\u2019approvisionnement"}]},{"@type":"WebSite","@id":"https:\/\/news.canadamotorjobs.com\/#website","url":"https:\/\/news.canadamotorjobs.com\/","name":"CanadaMotorJobs.com","description":"Automotive Jobs","publisher":{"@id":"https:\/\/news.canadamotorjobs.com\/#organization"},"potentialAction":[{"@type":"SearchAction","target":{"@type":"EntryPoint","urlTemplate":"https:\/\/news.canadamotorjobs.com\/?s={search_term_string}"},"query-input":"required name=search_term_string"}],"inLanguage":"fr-CA"},{"@type":"Organization","@id":"https:\/\/news.canadamotorjobs.com\/#organization","name":"Canada Motor Jobs","url":"https:\/\/news.canadamotorjobs.com\/","logo":{"@type":"ImageObject","inLanguage":"fr-CA","@id":"https:\/\/news.canadamotorjobs.com\/#\/schema\/logo\/image\/","url":"https:\/\/news.canadamotorjobs.com\/wp-content\/uploads\/2022\/10\/logo-canada-motor-jobs-1.png","contentUrl":"https:\/\/news.canadamotorjobs.com\/wp-content\/uploads\/2022\/10\/logo-canada-motor-jobs-1.png","width":800,"height":400,"caption":"Canada Motor Jobs"},"image":{"@id":"https:\/\/news.canadamotorjobs.com\/#\/schema\/logo\/image\/"},"sameAs":["https:\/\/www.facebook.com\/canadamotorjobs\/","https:\/\/x.com\/canadamotorjobs","https:\/\/www.instagram.com\/canadamotorjobs\/","https:\/\/www.linkedin.com\/company\/canadamotorjobs"]},{"@type":"Person","@id":"https:\/\/news.canadamotorjobs.com\/#\/schema\/person\/51793d1f87d44011d7bcc2ed99269a90","name":"Benoit Charette","image":{"@type":"ImageObject","inLanguage":"fr-CA","@id":"https:\/\/news.canadamotorjobs.com\/#\/schema\/person\/image\/","url":"https:\/\/secure.gravatar.com\/avatar\/45f3d2eebcccd909668d7ce7ea7267b6?s=96&d=mm&r=g","contentUrl":"https:\/\/secure.gravatar.com\/avatar\/45f3d2eebcccd909668d7ce7ea7267b6?s=96&d=mm&r=g","caption":"Benoit Charette"},"description":"Benoit Charette \/ Propri\u00e9taire et r\u00e9dacteur en chef Benoit Charette pratique le journalisme automobile depuis bient\u00f4t 30 ans. Il a fait ses classes au c\u00f4t\u00e9 de Daniel H\u00e9raud et au Carnet de route de 1992 \u00e0 2001. Il est fondateur, copropri\u00e9taire et r\u00e9dacteur en chef de L\u2019Annuel de l\u2019automobile, qu\u2019il publie depuis 2001. Il a anim\u00e9 les \u00e9missions RPM et RPM+ sur V et les L\u00e9gendes de la route sur Historia. \u00c0 la radio depuis 1986, il reprend l\u2019antenne cette ann\u00e9e sur les ondes de Cogeco et participe pour la deuxi\u00e8me ann\u00e9e \u00e0 l\u2019\u00e9mission Passion Auto sur RDS en plus de mettre en ligne le site Web officiel de L\u2019Annuel de l\u2019automobile sur annuelauto.ca.","sameAs":["https:\/\/annuelauto.ca\/"],"url":"https:\/\/news.canadamotorjobs.com\/fr\/author\/benoit-charette\/"}]}},"_links":{"self":[{"href":"https:\/\/news.canadamotorjobs.com\/fr\/wp-json\/wp\/v2\/posts\/165826"}],"collection":[{"href":"https:\/\/news.canadamotorjobs.com\/fr\/wp-json\/wp\/v2\/posts"}],"about":[{"href":"https:\/\/news.canadamotorjobs.com\/fr\/wp-json\/wp\/v2\/types\/post"}],"author":[{"embeddable":true,"href":"https:\/\/news.canadamotorjobs.com\/fr\/wp-json\/wp\/v2\/users\/8"}],"replies":[{"embeddable":true,"href":"https:\/\/news.canadamotorjobs.com\/fr\/wp-json\/wp\/v2\/comments?post=165826"}],"version-history":[{"count":2,"href":"https:\/\/news.canadamotorjobs.com\/fr\/wp-json\/wp\/v2\/posts\/165826\/revisions"}],"predecessor-version":[{"id":165830,"href":"https:\/\/news.canadamotorjobs.com\/fr\/wp-json\/wp\/v2\/posts\/165826\/revisions\/165830"}],"wp:featuredmedia":[{"embeddable":true,"href":"https:\/\/news.canadamotorjobs.com\/fr\/wp-json\/wp\/v2\/media\/165828"}],"wp:attachment":[{"href":"https:\/\/news.canadamotorjobs.com\/fr\/wp-json\/wp\/v2\/media?parent=165826"}],"wp:term":[{"taxonomy":"category","embeddable":true,"href":"https:\/\/news.canadamotorjobs.com\/fr\/wp-json\/wp\/v2\/categories?post=165826"},{"taxonomy":"post_tag","embeddable":true,"href":"https:\/\/news.canadamotorjobs.com\/fr\/wp-json\/wp\/v2\/tags?post=165826"}],"curies":[{"name":"wp","href":"https:\/\/api.w.org\/{rel}","templated":true}]}}