{"id":165803,"date":"2024-05-29T08:13:05","date_gmt":"2024-05-29T12:13:05","guid":{"rendered":"https:\/\/news.canadamotorjobs.com\/?p=165803"},"modified":"2024-05-29T08:14:23","modified_gmt":"2024-05-29T12:14:23","slug":"la-bmw-serie-3-2025-gagne-en-puissance-et-arbore-un-nouveau-style","status":"publish","type":"post","link":"https:\/\/news.canadamotorjobs.com\/fr\/la-bmw-serie-3-2025-gagne-en-puissance-et-arbore-un-nouveau-style\/","title":{"rendered":"La BMW S\u00e9rie 3 2025 gagne en puissance et arbore un nouveau style"},"content":{"rendered":"<\/p>\n<p>La BMW S\u00e9rie 3 2025 fait ses d\u00e9buts avec une multitude de mises \u00e0 jour, y compris une nouvelle motorisation pour la M340i. Ce mod\u00e8le est d\u00e9sormais \u00e9quip\u00e9 d&#8217;un moteur 3.0 litres TwinPower Turbo d\u00e9veloppant 386 chevaux et 398 lb-pi de couple. En plus de ces am\u00e9liorations de la motorisation, la M340i b\u00e9n\u00e9ficie de changements stylistiques et d\u2019un int\u00e9rieur am\u00e9lior\u00e9 avec un nouveau syst\u00e8me d\u2019infodivertissement.<\/p>\n<h3>Un Look Rafra\u00eechi et des Options de Couleurs In\u00e9dites<\/h3>\n<p>\n\u00c0 l&#8217;ext\u00e9rieur, la S\u00e9rie 3 2025 propose une palette de couleurs r\u00e9vis\u00e9e incluant le bleu m\u00e9tallis\u00e9 Arctic Race Blue et le rouge m\u00e9tallis\u00e9 Vegas Red. De nouvelles couleurs BMW Individual, comme le Frozen Pure Grey m\u00e9tallis\u00e9 et le Frozen Portimao Blue m\u00e9tallis\u00e9, font \u00e9galement leur apparition.<\/p>\n<p>Les mod\u00e8les \u00e9quip\u00e9s du pack M Sport, de s\u00e9rie sur la M340i, disposent de nouvelles jantes M de 19 pouces \u00e0 double rayon avec une finition bicolore ou Jet Black. De plus, tous les mod\u00e8les peuvent \u00eatre dot\u00e9s de jantes BMW Individual de 19 pouces au design Y-spoke.<\/p>\n<h3>Int\u00e9rieur Modernis\u00e9 et Technologique<\/h3>\n<p>\n\u00c0 l&#8217;int\u00e9rieur, les conducteurs trouveront un nouveau volant et un \u00e9clairage en cascade int\u00e9gr\u00e9 aux nouvelles bouches d\u2019a\u00e9ration centrales. Les clients peuvent choisir parmi neuf couleurs diff\u00e9rentes et ajuster la luminosit\u00e9 selon leurs pr\u00e9f\u00e9rences. BMW a \u00e9galement int\u00e9gr\u00e9 des animations de bienvenue et d\u2019au revoir ainsi que des signaux lumineux pour des sc\u00e9narios sp\u00e9cifiques comme un appel entrant ou une porte ouverte. Le d\u00e9cor int\u00e9rieur a \u00e9galement \u00e9t\u00e9 retravaill\u00e9. Le placage de bois Fineline Light open-pore est d\u00e9sormais standard sur la 330i, tandis que la M340i b\u00e9n\u00e9ficie d\u2019un aluminium M Rhombicle. Les clients peuvent \u00e9galement opter pour des finitions en aluminium bross\u00e9 ou en bois de fr\u00eane gris open-pore, et la M340i propose \u00e9galement un d\u00e9cor en fibre de carbone.<\/p>\n<h3>Syst\u00e8me d&#8217;Infodivertissement Avanc\u00e9<\/h3>\n<p>\nLa S\u00e9rie 3 2025 est dot\u00e9e d\u2019un tableau de bord Sensatec am\u00e9lior\u00e9 et de commandes galvanis\u00e9es offrant une brillance unique aux boutons de verrouillage des portes et aux manettes de r\u00e9glage des a\u00e9rateurs. Le syst\u00e8me d\u2019infodivertissement am\u00e9lior\u00e9 fonctionne d\u00e9sormais avec le BMW Operating System 8.5, offrant un nouvel \u00e9cran d&#8217;accueil, une op\u00e9ration plus intuitive, une structure de menu am\u00e9lior\u00e9e, une barre de widgets personnalisable, des contr\u00f4les climatiques simplifi\u00e9s et une fonction de vue augment\u00e9e pour la navigation.<\/p>\n<h3>Performances et Conduite<\/h3>\n<p>\nSous le capot, la M340i 2025 est \u00e9quip\u00e9e d&#8217;un nouveau moteur 3.0 litres TwinPower Turbo \u00e0 six cylindres avec un syst\u00e8me hybride l\u00e9ger de 48V pour une meilleure r\u00e9activit\u00e9 et une plus grande efficacit\u00e9. Ce moteur d\u00e9veloppe 386 chevaux et 398 lb-pi de couple, une augmentation de 4 chevaux et 29 lb-pi par rapport \u00e0 la version pr\u00e9c\u00e9dente. Coupl\u00e9 \u00e0 une transmission automatique \u00e0 huit vitesses, ce moteur permet au v\u00e9hicule de passer de 0 \u00e0 100 km\/h en seulement 4,1 secondes avec la transmission int\u00e9grale. La vitesse maximale est \u00e9lectroniquement limit\u00e9e \u00e0 250 km\/h. Le moteur turbo 2.0 litres \u00e0 quatre cylindres de la 330i a \u00e9galement \u00e9t\u00e9 retravaill\u00e9 avec des am\u00e9liorations dans les ports d&#8217;admission et les chambres de combustion, ainsi que des innovations dans le contr\u00f4le des arbres \u00e0 cames, le syst\u00e8me d&#8217;injection, le syst\u00e8me d&#8217;allumage et le routage des gaz d&#8217;\u00e9chappement. Malgr\u00e9 ces modifications, la motorisation hybride l\u00e9g\u00e8re continue de produire 255 chevaux et 295 lb-pi de couple.<\/p>\n<h3>Am\u00e9liorations du Ch\u00e2ssis<\/h3>\n<p>\nBMW a \u00e9galement annonc\u00e9 un nouveau r\u00e9glage du ch\u00e2ssis pour la S\u00e9rie 3 2025, visant \u00e0 am\u00e9liorer l\u2019\u00e9quilibre entre les capacit\u00e9s sportives et le confort. Bien que peu de d\u00e9tails aient \u00e9t\u00e9 r\u00e9v\u00e9l\u00e9s, la marque a mentionn\u00e9 que le mod\u00e8le b\u00e9n\u00e9ficie de supports plus rigides reliant les amortisseurs arri\u00e8re \u00e0 la carrosserie et d&#8217;un syst\u00e8me de direction r\u00e9vis\u00e9 pour r\u00e9duire l\u2019effort en mode Confort.<\/p>\n<h3>Lancement Global<\/h3>\n<p>\nLe lancement mondial de la BMW S\u00e9rie 3 2025 est pr\u00e9vu pour juillet, tandis que les mod\u00e8les destin\u00e9s aux \u00c9tats-Unis seront produits dans l&#8217;usine mexicaine \u00e0 partir d&#8217;ao\u00fbt.<\/p>\n<p>Avec des renseignements de Carscoops<\/p>\n<p>\u00a0<\/p>\n<p>Le texte <a rel=\"nofollow\" href=\"https:\/\/annuelauto.ca\/la-bmw-serie-3-2025-gagne-en-puissance-et-arbore-un-nouveau-style\/\">La BMW S\u00e9rie 3 2025 gagne en puissance et arbore un nouveau style<\/a> provient de <a rel=\"nofollow\" href=\"https:\/\/annuelauto.ca\">L&#8217;annuel de l&#8217;automobile &#8211; Actualit\u00e9 automobile<\/a><\/p>\n<p><\/p>\n","protected":false},"excerpt":{"rendered":"<p>La BMW S\u00e9rie 3 2025 fait ses d\u00e9buts avec une multitude de mises \u00e0 jour, y compris une nouvelle motorisation pour la M340i. Ce mod\u00e8le est d\u00e9sormais \u00e9quip\u00e9 d&#8217;un moteur 3.0 litres TwinPower Turbo d\u00e9veloppant 386 chevaux et 398 lb-pi de couple. En plus de ces am\u00e9liorations de la motorisation, la M340i b\u00e9n\u00e9ficie de changements [&hellip;]<\/p>\n","protected":false},"author":8,"featured_media":165805,"comment_status":"close","ping_status":"closed","sticky":false,"template":"","format":"standard","meta":{"_monsterinsights_skip_tracking":false,"_monsterinsights_sitenote_active":false,"_monsterinsights_sitenote_note":"","_monsterinsights_sitenote_category":0,"footnotes":""},"categories":[101],"tags":[],"yoast_head":"<!-- This site is optimized with the Yoast SEO plugin v23.2 - https:\/\/yoast.com\/wordpress\/plugins\/seo\/ -->\n<title>La BMW S\u00e9rie 3 2025 gagne en puissance et arbore un nouveau style - CanadaMotorJobs.com<\/title>\n<meta name=\"description\" content=\"La BMW S\u00e9rie 3 2025 gagne en puissance et arbore un nouveau style - Benoit Charette - Annuel automobile - CanadaMotorJobs.com.\" \/>\n<meta name=\"robots\" content=\"index, follow, max-snippet:-1, max-image-preview:large, max-video-preview:-1\" \/>\n<meta property=\"og:locale\" content=\"fr_CA\" \/>\n<meta property=\"og:type\" content=\"article\" \/>\n<meta property=\"og:title\" content=\"La BMW S\u00e9rie 3 2025 gagne en puissance et arbore un nouveau style - CanadaMotorJobs.com\" \/>\n<meta property=\"og:description\" content=\"La BMW S\u00e9rie 3 2025 gagne en puissance et arbore un nouveau style - Benoit Charette - Annuel automobile - CanadaMotorJobs.com.\" \/>\n<meta property=\"og:url\" content=\"https:\/\/news.canadamotorjobs.com\/fr\/la-bmw-serie-3-2025-gagne-en-puissance-et-arbore-un-nouveau-style\/\" \/>\n<meta property=\"og:site_name\" content=\"CanadaMotorJobs.com\" \/>\n<meta property=\"article:publisher\" content=\"https:\/\/www.facebook.com\/canadamotorjobs\/\" \/>\n<meta property=\"article:published_time\" content=\"2024-05-29T12:13:05+00:00\" \/>\n<meta property=\"article:modified_time\" content=\"2024-05-29T12:14:23+00:00\" \/>\n<meta property=\"og:image\" content=\"https:\/\/news.canadamotorjobs.com\/wp-content\/uploads\/2024\/05\/P90549635.jpeg\" \/>\n\t<meta property=\"og:image:width\" content=\"1200\" \/>\n\t<meta property=\"og:image:height\" content=\"800\" \/>\n\t<meta property=\"og:image:type\" content=\"image\/jpeg\" \/>\n<meta name=\"author\" content=\"Benoit Charette\" \/>\n<meta name=\"twitter:card\" content=\"summary_large_image\" \/>\n<meta name=\"twitter:creator\" content=\"@canadamotorjobs\" \/>\n<meta name=\"twitter:site\" content=\"@canadamotorjobs\" \/>\n<meta name=\"twitter:label1\" content=\"\u00c9crit par\" \/>\n\t<meta name=\"twitter:data1\" content=\"Benoit Charette\" \/>\n\t<meta name=\"twitter:label2\" content=\"Estimation du temps de lecture\" \/>\n\t<meta name=\"twitter:data2\" content=\"4 minutes\" \/>\n<!-- \/ Yoast SEO plugin. -->","yoast_head_json":{"title":"La BMW S\u00e9rie 3 2025 gagne en puissance et arbore un nouveau style - CanadaMotorJobs.com","description":"La BMW S\u00e9rie 3 2025 gagne en puissance et arbore un nouveau style - Benoit Charette - Annuel automobile - CanadaMotorJobs.com.","robots":{"index":"index","follow":"follow","max-snippet":"max-snippet:-1","max-image-preview":"max-image-preview:large","max-video-preview":"max-video-preview:-1"},"og_locale":"fr_CA","og_type":"article","og_title":"La BMW S\u00e9rie 3 2025 gagne en puissance et arbore un nouveau style - CanadaMotorJobs.com","og_description":"La BMW S\u00e9rie 3 2025 gagne en puissance et arbore un nouveau style - Benoit Charette - Annuel automobile - CanadaMotorJobs.com.","og_url":"https:\/\/news.canadamotorjobs.com\/fr\/la-bmw-serie-3-2025-gagne-en-puissance-et-arbore-un-nouveau-style\/","og_site_name":"CanadaMotorJobs.com","article_publisher":"https:\/\/www.facebook.com\/canadamotorjobs\/","article_published_time":"2024-05-29T12:13:05+00:00","article_modified_time":"2024-05-29T12:14:23+00:00","og_image":[{"width":1200,"height":800,"url":"https:\/\/news.canadamotorjobs.com\/wp-content\/uploads\/2024\/05\/P90549635.jpeg","type":"image\/jpeg"}],"author":"Benoit Charette","twitter_card":"summary_large_image","twitter_creator":"@canadamotorjobs","twitter_site":"@canadamotorjobs","twitter_misc":{"\u00c9crit par":"Benoit Charette","Estimation du temps de lecture":"4 minutes"},"schema":{"@context":"https:\/\/schema.org","@graph":[{"@type":"Article","@id":"https:\/\/news.canadamotorjobs.com\/fr\/la-bmw-serie-3-2025-gagne-en-puissance-et-arbore-un-nouveau-style\/#article","isPartOf":{"@id":"https:\/\/news.canadamotorjobs.com\/fr\/la-bmw-serie-3-2025-gagne-en-puissance-et-arbore-un-nouveau-style\/"},"author":{"name":"Benoit Charette","@id":"https:\/\/news.canadamotorjobs.com\/#\/schema\/person\/51793d1f87d44011d7bcc2ed99269a90"},"headline":"La BMW S\u00e9rie 3 2025 gagne en puissance et arbore un nouveau style","datePublished":"2024-05-29T12:13:05+00:00","dateModified":"2024-05-29T12:14:23+00:00","mainEntityOfPage":{"@id":"https:\/\/news.canadamotorjobs.com\/fr\/la-bmw-serie-3-2025-gagne-en-puissance-et-arbore-un-nouveau-style\/"},"wordCount":759,"publisher":{"@id":"https:\/\/news.canadamotorjobs.com\/#organization"},"image":{"@id":"https:\/\/news.canadamotorjobs.com\/fr\/la-bmw-serie-3-2025-gagne-en-puissance-et-arbore-un-nouveau-style\/#primaryimage"},"thumbnailUrl":"https:\/\/news.canadamotorjobs.com\/wp-content\/uploads\/2024\/05\/P90549635.jpeg","articleSection":["Annuel automobile"],"inLanguage":"fr-CA"},{"@type":"WebPage","@id":"https:\/\/news.canadamotorjobs.com\/fr\/la-bmw-serie-3-2025-gagne-en-puissance-et-arbore-un-nouveau-style\/","url":"https:\/\/news.canadamotorjobs.com\/fr\/la-bmw-serie-3-2025-gagne-en-puissance-et-arbore-un-nouveau-style\/","name":"La BMW S\u00e9rie 3 2025 gagne en puissance et arbore un nouveau style - CanadaMotorJobs.com","isPartOf":{"@id":"https:\/\/news.canadamotorjobs.com\/#website"},"primaryImageOfPage":{"@id":"https:\/\/news.canadamotorjobs.com\/fr\/la-bmw-serie-3-2025-gagne-en-puissance-et-arbore-un-nouveau-style\/#primaryimage"},"image":{"@id":"https:\/\/news.canadamotorjobs.com\/fr\/la-bmw-serie-3-2025-gagne-en-puissance-et-arbore-un-nouveau-style\/#primaryimage"},"thumbnailUrl":"https:\/\/news.canadamotorjobs.com\/wp-content\/uploads\/2024\/05\/P90549635.jpeg","datePublished":"2024-05-29T12:13:05+00:00","dateModified":"2024-05-29T12:14:23+00:00","description":"La BMW S\u00e9rie 3 2025 gagne en puissance et arbore un nouveau style - Benoit Charette - Annuel automobile - CanadaMotorJobs.com.","breadcrumb":{"@id":"https:\/\/news.canadamotorjobs.com\/fr\/la-bmw-serie-3-2025-gagne-en-puissance-et-arbore-un-nouveau-style\/#breadcrumb"},"inLanguage":"fr-CA","potentialAction":[{"@type":"ReadAction","target":["https:\/\/news.canadamotorjobs.com\/fr\/la-bmw-serie-3-2025-gagne-en-puissance-et-arbore-un-nouveau-style\/"]}]},{"@type":"ImageObject","inLanguage":"fr-CA","@id":"https:\/\/news.canadamotorjobs.com\/fr\/la-bmw-serie-3-2025-gagne-en-puissance-et-arbore-un-nouveau-style\/#primaryimage","url":"https:\/\/news.canadamotorjobs.com\/wp-content\/uploads\/2024\/05\/P90549635.jpeg","contentUrl":"https:\/\/news.canadamotorjobs.com\/wp-content\/uploads\/2024\/05\/P90549635.jpeg","width":1200,"height":800},{"@type":"BreadcrumbList","@id":"https:\/\/news.canadamotorjobs.com\/fr\/la-bmw-serie-3-2025-gagne-en-puissance-et-arbore-un-nouveau-style\/#breadcrumb","itemListElement":[{"@type":"ListItem","position":1,"name":"Home","item":"https:\/\/news.canadamotorjobs.com\/fr\/blog\/"},{"@type":"ListItem","position":2,"name":"La BMW S\u00e9rie 3 2025 gagne en puissance et arbore un nouveau style"}]},{"@type":"WebSite","@id":"https:\/\/news.canadamotorjobs.com\/#website","url":"https:\/\/news.canadamotorjobs.com\/","name":"CanadaMotorJobs.com","description":"Automotive Jobs","publisher":{"@id":"https:\/\/news.canadamotorjobs.com\/#organization"},"potentialAction":[{"@type":"SearchAction","target":{"@type":"EntryPoint","urlTemplate":"https:\/\/news.canadamotorjobs.com\/?s={search_term_string}"},"query-input":"required name=search_term_string"}],"inLanguage":"fr-CA"},{"@type":"Organization","@id":"https:\/\/news.canadamotorjobs.com\/#organization","name":"Canada Motor Jobs","url":"https:\/\/news.canadamotorjobs.com\/","logo":{"@type":"ImageObject","inLanguage":"fr-CA","@id":"https:\/\/news.canadamotorjobs.com\/#\/schema\/logo\/image\/","url":"https:\/\/news.canadamotorjobs.com\/wp-content\/uploads\/2022\/10\/logo-canada-motor-jobs-1.png","contentUrl":"https:\/\/news.canadamotorjobs.com\/wp-content\/uploads\/2022\/10\/logo-canada-motor-jobs-1.png","width":800,"height":400,"caption":"Canada Motor Jobs"},"image":{"@id":"https:\/\/news.canadamotorjobs.com\/#\/schema\/logo\/image\/"},"sameAs":["https:\/\/www.facebook.com\/canadamotorjobs\/","https:\/\/x.com\/canadamotorjobs","https:\/\/www.instagram.com\/canadamotorjobs\/","https:\/\/www.linkedin.com\/company\/canadamotorjobs"]},{"@type":"Person","@id":"https:\/\/news.canadamotorjobs.com\/#\/schema\/person\/51793d1f87d44011d7bcc2ed99269a90","name":"Benoit Charette","image":{"@type":"ImageObject","inLanguage":"fr-CA","@id":"https:\/\/news.canadamotorjobs.com\/#\/schema\/person\/image\/","url":"https:\/\/secure.gravatar.com\/avatar\/45f3d2eebcccd909668d7ce7ea7267b6?s=96&d=mm&r=g","contentUrl":"https:\/\/secure.gravatar.com\/avatar\/45f3d2eebcccd909668d7ce7ea7267b6?s=96&d=mm&r=g","caption":"Benoit Charette"},"description":"Benoit Charette \/ Propri\u00e9taire et r\u00e9dacteur en chef Benoit Charette pratique le journalisme automobile depuis bient\u00f4t 30 ans. Il a fait ses classes au c\u00f4t\u00e9 de Daniel H\u00e9raud et au Carnet de route de 1992 \u00e0 2001. Il est fondateur, copropri\u00e9taire et r\u00e9dacteur en chef de L\u2019Annuel de l\u2019automobile, qu\u2019il publie depuis 2001. Il a anim\u00e9 les \u00e9missions RPM et RPM+ sur V et les L\u00e9gendes de la route sur Historia. \u00c0 la radio depuis 1986, il reprend l\u2019antenne cette ann\u00e9e sur les ondes de Cogeco et participe pour la deuxi\u00e8me ann\u00e9e \u00e0 l\u2019\u00e9mission Passion Auto sur RDS en plus de mettre en ligne le site Web officiel de L\u2019Annuel de l\u2019automobile sur annuelauto.ca.","sameAs":["https:\/\/annuelauto.ca\/"],"url":"https:\/\/news.canadamotorjobs.com\/fr\/author\/benoit-charette\/"}]}},"_links":{"self":[{"href":"https:\/\/news.canadamotorjobs.com\/fr\/wp-json\/wp\/v2\/posts\/165803"}],"collection":[{"href":"https:\/\/news.canadamotorjobs.com\/fr\/wp-json\/wp\/v2\/posts"}],"about":[{"href":"https:\/\/news.canadamotorjobs.com\/fr\/wp-json\/wp\/v2\/types\/post"}],"author":[{"embeddable":true,"href":"https:\/\/news.canadamotorjobs.com\/fr\/wp-json\/wp\/v2\/users\/8"}],"replies":[{"embeddable":true,"href":"https:\/\/news.canadamotorjobs.com\/fr\/wp-json\/wp\/v2\/comments?post=165803"}],"version-history":[{"count":2,"href":"https:\/\/news.canadamotorjobs.com\/fr\/wp-json\/wp\/v2\/posts\/165803\/revisions"}],"predecessor-version":[{"id":165807,"href":"https:\/\/news.canadamotorjobs.com\/fr\/wp-json\/wp\/v2\/posts\/165803\/revisions\/165807"}],"wp:featuredmedia":[{"embeddable":true,"href":"https:\/\/news.canadamotorjobs.com\/fr\/wp-json\/wp\/v2\/media\/165805"}],"wp:attachment":[{"href":"https:\/\/news.canadamotorjobs.com\/fr\/wp-json\/wp\/v2\/media?parent=165803"}],"wp:term":[{"taxonomy":"category","embeddable":true,"href":"https:\/\/news.canadamotorjobs.com\/fr\/wp-json\/wp\/v2\/categories?post=165803"},{"taxonomy":"post_tag","embeddable":true,"href":"https:\/\/news.canadamotorjobs.com\/fr\/wp-json\/wp\/v2\/tags?post=165803"}],"curies":[{"name":"wp","href":"https:\/\/api.w.org\/{rel}","templated":true}]}}