{"id":165772,"date":"2024-05-29T06:16:29","date_gmt":"2024-05-29T10:16:29","guid":{"rendered":"https:\/\/news.canadamotorjobs.com\/?p=165772"},"modified":"2024-05-29T06:29:06","modified_gmt":"2024-05-29T10:29:06","slug":"fin-de-production-annoncee-pour-la-bmw-z4-et-la-toyota-supra-en-2026","status":"publish","type":"post","link":"https:\/\/news.canadamotorjobs.com\/fr\/fin-de-production-annoncee-pour-la-bmw-z4-et-la-toyota-supra-en-2026\/","title":{"rendered":"Fin de production annonc\u00e9e pour la BMW Z4 et la Toyota Supra en 2026"},"content":{"rendered":"<\/p>\n<p>Selon des rapports r\u00e9cents, la BMW Z4 et la Toyota Supra cesseront leur production en 2026. Bien que Toyota n&#8217;ait pas confirm\u00e9 officiellement cette nouvelle, un responsable a indiqu\u00e9 que la marque &#8220;\u00e9value ce qui vient ensuite&#8221;.<\/p>\n<h3><strong>Baisse des ventes et impact sur la production<\/strong><\/h3>\n<p>\nLes chiffres de vente des deux mod\u00e8les sont en d\u00e9clin, influen\u00e7ant ainsi la d\u00e9cision de mettre fin \u00e0 leur production. Plus t\u00f4t cette ann\u00e9e, des rapports sugg\u00e9raient d\u00e9j\u00e0 que BMW pr\u00e9voyait d&#8217;arr\u00eater la Z4 lorsque le mod\u00e8le actuel atteindrait la fin de son cycle de vie.<\/p>\n<h3><strong>Contexte industriel et licenciements<\/strong><\/h3>\n<p>\nLa nouvelle est pass\u00e9e inaper\u00e7ue au d\u00e9part car le rapport se concentrait sur les probl\u00e8mes de Magna Steyr, qui construit les deux voitures en Autriche. L&#8217;entreprise a licenci\u00e9 500 employ\u00e9s \u00e0 son usine de Graz en raison de l&#8217;arr\u00eat de la production de plusieurs mod\u00e8les, dont la BMW S\u00e9rie 5, la Jaguar E-Pace et I-Pace, et la Fisker Ocean.<\/p>\n<h3><strong>R\u00e9action de Toyota<\/strong><\/h3>\n<p>\nInterrog\u00e9 par Auto News sur l&#8217;avenir de la Supra, Toyota a r\u00e9pondu qu&#8217;il n&#8217;y avait &#8220;rien \u00e0 annoncer pour le moment&#8221;. Dave Christ, vice-pr\u00e9sident du groupe Toyota Motor North America, a n\u00e9anmoins mentionn\u00e9 que la collaboration avec BMW avait \u00e9t\u00e9 un succ\u00e8s et que la marque &#8220;\u00e9valuait ce qui vient ensuite&#8221;. Christ a \u00e9galement laiss\u00e9 entendre que Toyota pourrait envisager de produire un futur mod\u00e8le de la Supra de mani\u00e8re ind\u00e9pendante, bien que cela soit difficile \u00e0 justifier.<\/p>\n<h3><strong>D\u00e9clin des ventes de la Supra aux \u00c9tats-Unis<\/strong><\/h3>\n<p>\nLes ventes de la Supra aux \u00c9tats-Unis ont \u00e9t\u00e9 modestes, avec 6 830 unit\u00e9s vendues en 2021, 4 952 en 2022 et seulement 2 652 l&#8217;ann\u00e9e derni\u00e8re. Les ventes du premier trimestre 2024 sugg\u00e8rent une nouvelle baisse avec seulement 484 unit\u00e9s vendues jusqu&#8217;en mars. Si cette tendance se poursuit, Toyota pourrait finir l&#8217;ann\u00e9e avec moins de 2 000 ventes. \u00c0 titre de comparaison, Toyota a vendu 2 041 GR86 au premier trimestre, dont 1 364 unit\u00e9s en mars seulement.<\/p>\n<h3><strong>L&#8217;avenir des sportives en question<\/strong><\/h3>\n<p>\nAlors que la production de la BMW Z4 et de la Toyota Supra touche \u00e0 sa fin, l&#8217;avenir des voitures de sport semble incertain. Cependant, les fabricants restent optimistes quant \u00e0 la possibilit\u00e9 de d\u00e9velopper de nouveaux mod\u00e8les pour s\u00e9duire les amateurs de voitures performantes.<\/p>\n<p>Avec des renseignements de Carscoops<\/p>\n<p>\u00a0<\/p>\n<p>Le texte <a rel=\"nofollow\" href=\"https:\/\/annuelauto.ca\/fin-de-production-annoncee-pour-la-bmw-z4-et-la-toyota-supra-en-2026\/\">Fin de production annonc\u00e9e pour la BMW Z4 et la Toyota Supra en 2026<\/a> provient de <a rel=\"nofollow\" href=\"https:\/\/annuelauto.ca\">L&#8217;annuel de l&#8217;automobile &#8211; Actualit\u00e9 automobile<\/a><\/p>\n<p><\/p>\n","protected":false},"excerpt":{"rendered":"<p>Selon des rapports r\u00e9cents, la BMW Z4 et la Toyota Supra cesseront leur production en 2026. Bien que Toyota n&#8217;ait pas confirm\u00e9 officiellement cette nouvelle, un responsable a indiqu\u00e9 que la marque &#8220;\u00e9value ce qui vient ensuite&#8221;. Baisse des ventes et impact sur la production Les chiffres de vente des deux mod\u00e8les sont en d\u00e9clin, [&hellip;]<\/p>\n","protected":false},"author":8,"featured_media":165774,"comment_status":"close","ping_status":"closed","sticky":false,"template":"","format":"standard","meta":{"_monsterinsights_skip_tracking":false,"_monsterinsights_sitenote_active":false,"_monsterinsights_sitenote_note":"","_monsterinsights_sitenote_category":0,"footnotes":""},"categories":[101],"tags":[],"yoast_head":"<!-- This site is optimized with the Yoast SEO plugin v23.2 - https:\/\/yoast.com\/wordpress\/plugins\/seo\/ -->\n<title>Fin de production annonc\u00e9e pour la BMW Z4 et la Toyota Supra en 2026 - CanadaMotorJobs.com<\/title>\n<meta name=\"description\" content=\"Fin de production annonc\u00e9e pour la BMW Z4 et la Toyota Supra en 2026 - Benoit Charette - Annuel automobile - CanadaMotorJobs.com.\" \/>\n<meta name=\"robots\" content=\"index, follow, max-snippet:-1, max-image-preview:large, max-video-preview:-1\" \/>\n<meta property=\"og:locale\" content=\"fr_CA\" \/>\n<meta property=\"og:type\" content=\"article\" \/>\n<meta property=\"og:title\" content=\"Fin de production annonc\u00e9e pour la BMW Z4 et la Toyota Supra en 2026 - CanadaMotorJobs.com\" \/>\n<meta property=\"og:description\" content=\"Fin de production annonc\u00e9e pour la BMW Z4 et la Toyota Supra en 2026 - Benoit Charette - Annuel automobile - CanadaMotorJobs.com.\" \/>\n<meta property=\"og:url\" content=\"https:\/\/news.canadamotorjobs.com\/fr\/fin-de-production-annoncee-pour-la-bmw-z4-et-la-toyota-supra-en-2026\/\" \/>\n<meta property=\"og:site_name\" content=\"CanadaMotorJobs.com\" \/>\n<meta property=\"article:publisher\" content=\"https:\/\/www.facebook.com\/canadamotorjobs\/\" \/>\n<meta property=\"article:published_time\" content=\"2024-05-29T10:16:29+00:00\" \/>\n<meta property=\"article:modified_time\" content=\"2024-05-29T10:29:06+00:00\" \/>\n<meta property=\"og:image\" content=\"https:\/\/news.canadamotorjobs.com\/wp-content\/uploads\/2024\/05\/supra-z4-1548700835-scaled-1.jpg\" \/>\n\t<meta property=\"og:image:width\" content=\"2560\" \/>\n\t<meta property=\"og:image:height\" content=\"1280\" \/>\n\t<meta property=\"og:image:type\" content=\"image\/jpeg\" \/>\n<meta name=\"author\" content=\"Benoit Charette\" \/>\n<meta name=\"twitter:card\" content=\"summary_large_image\" \/>\n<meta name=\"twitter:creator\" content=\"@canadamotorjobs\" \/>\n<meta name=\"twitter:site\" content=\"@canadamotorjobs\" \/>\n<meta name=\"twitter:label1\" content=\"\u00c9crit par\" \/>\n\t<meta name=\"twitter:data1\" content=\"Benoit Charette\" \/>\n\t<meta name=\"twitter:label2\" content=\"Estimation du temps de lecture\" \/>\n\t<meta name=\"twitter:data2\" content=\"2 minutes\" \/>\n<!-- \/ Yoast SEO plugin. -->","yoast_head_json":{"title":"Fin de production annonc\u00e9e pour la BMW Z4 et la Toyota Supra en 2026 - CanadaMotorJobs.com","description":"Fin de production annonc\u00e9e pour la BMW Z4 et la Toyota Supra en 2026 - Benoit Charette - Annuel automobile - CanadaMotorJobs.com.","robots":{"index":"index","follow":"follow","max-snippet":"max-snippet:-1","max-image-preview":"max-image-preview:large","max-video-preview":"max-video-preview:-1"},"og_locale":"fr_CA","og_type":"article","og_title":"Fin de production annonc\u00e9e pour la BMW Z4 et la Toyota Supra en 2026 - CanadaMotorJobs.com","og_description":"Fin de production annonc\u00e9e pour la BMW Z4 et la Toyota Supra en 2026 - Benoit Charette - Annuel automobile - CanadaMotorJobs.com.","og_url":"https:\/\/news.canadamotorjobs.com\/fr\/fin-de-production-annoncee-pour-la-bmw-z4-et-la-toyota-supra-en-2026\/","og_site_name":"CanadaMotorJobs.com","article_publisher":"https:\/\/www.facebook.com\/canadamotorjobs\/","article_published_time":"2024-05-29T10:16:29+00:00","article_modified_time":"2024-05-29T10:29:06+00:00","og_image":[{"width":2560,"height":1280,"url":"https:\/\/news.canadamotorjobs.com\/wp-content\/uploads\/2024\/05\/supra-z4-1548700835-scaled-1.jpg","type":"image\/jpeg"}],"author":"Benoit Charette","twitter_card":"summary_large_image","twitter_creator":"@canadamotorjobs","twitter_site":"@canadamotorjobs","twitter_misc":{"\u00c9crit par":"Benoit Charette","Estimation du temps de lecture":"2 minutes"},"schema":{"@context":"https:\/\/schema.org","@graph":[{"@type":"Article","@id":"https:\/\/news.canadamotorjobs.com\/fr\/fin-de-production-annoncee-pour-la-bmw-z4-et-la-toyota-supra-en-2026\/#article","isPartOf":{"@id":"https:\/\/news.canadamotorjobs.com\/fr\/fin-de-production-annoncee-pour-la-bmw-z4-et-la-toyota-supra-en-2026\/"},"author":{"name":"Benoit Charette","@id":"https:\/\/news.canadamotorjobs.com\/#\/schema\/person\/51793d1f87d44011d7bcc2ed99269a90"},"headline":"Fin de production annonc\u00e9e pour la BMW Z4 et la Toyota Supra en 2026","datePublished":"2024-05-29T10:16:29+00:00","dateModified":"2024-05-29T10:29:06+00:00","mainEntityOfPage":{"@id":"https:\/\/news.canadamotorjobs.com\/fr\/fin-de-production-annoncee-pour-la-bmw-z4-et-la-toyota-supra-en-2026\/"},"wordCount":442,"publisher":{"@id":"https:\/\/news.canadamotorjobs.com\/#organization"},"image":{"@id":"https:\/\/news.canadamotorjobs.com\/fr\/fin-de-production-annoncee-pour-la-bmw-z4-et-la-toyota-supra-en-2026\/#primaryimage"},"thumbnailUrl":"https:\/\/news.canadamotorjobs.com\/wp-content\/uploads\/2024\/05\/supra-z4-1548700835-scaled-1.jpg","articleSection":["Annuel automobile"],"inLanguage":"fr-CA"},{"@type":"WebPage","@id":"https:\/\/news.canadamotorjobs.com\/fr\/fin-de-production-annoncee-pour-la-bmw-z4-et-la-toyota-supra-en-2026\/","url":"https:\/\/news.canadamotorjobs.com\/fr\/fin-de-production-annoncee-pour-la-bmw-z4-et-la-toyota-supra-en-2026\/","name":"Fin de production annonc\u00e9e pour la BMW Z4 et la Toyota Supra en 2026 - CanadaMotorJobs.com","isPartOf":{"@id":"https:\/\/news.canadamotorjobs.com\/#website"},"primaryImageOfPage":{"@id":"https:\/\/news.canadamotorjobs.com\/fr\/fin-de-production-annoncee-pour-la-bmw-z4-et-la-toyota-supra-en-2026\/#primaryimage"},"image":{"@id":"https:\/\/news.canadamotorjobs.com\/fr\/fin-de-production-annoncee-pour-la-bmw-z4-et-la-toyota-supra-en-2026\/#primaryimage"},"thumbnailUrl":"https:\/\/news.canadamotorjobs.com\/wp-content\/uploads\/2024\/05\/supra-z4-1548700835-scaled-1.jpg","datePublished":"2024-05-29T10:16:29+00:00","dateModified":"2024-05-29T10:29:06+00:00","description":"Fin de production annonc\u00e9e pour la BMW Z4 et la Toyota Supra en 2026 - Benoit Charette - Annuel automobile - CanadaMotorJobs.com.","breadcrumb":{"@id":"https:\/\/news.canadamotorjobs.com\/fr\/fin-de-production-annoncee-pour-la-bmw-z4-et-la-toyota-supra-en-2026\/#breadcrumb"},"inLanguage":"fr-CA","potentialAction":[{"@type":"ReadAction","target":["https:\/\/news.canadamotorjobs.com\/fr\/fin-de-production-annoncee-pour-la-bmw-z4-et-la-toyota-supra-en-2026\/"]}]},{"@type":"ImageObject","inLanguage":"fr-CA","@id":"https:\/\/news.canadamotorjobs.com\/fr\/fin-de-production-annoncee-pour-la-bmw-z4-et-la-toyota-supra-en-2026\/#primaryimage","url":"https:\/\/news.canadamotorjobs.com\/wp-content\/uploads\/2024\/05\/supra-z4-1548700835-scaled-1.jpg","contentUrl":"https:\/\/news.canadamotorjobs.com\/wp-content\/uploads\/2024\/05\/supra-z4-1548700835-scaled-1.jpg","width":2560,"height":1280},{"@type":"BreadcrumbList","@id":"https:\/\/news.canadamotorjobs.com\/fr\/fin-de-production-annoncee-pour-la-bmw-z4-et-la-toyota-supra-en-2026\/#breadcrumb","itemListElement":[{"@type":"ListItem","position":1,"name":"Home","item":"https:\/\/news.canadamotorjobs.com\/fr\/blog\/"},{"@type":"ListItem","position":2,"name":"Fin de production annonc\u00e9e pour la BMW Z4 et la Toyota Supra en 2026"}]},{"@type":"WebSite","@id":"https:\/\/news.canadamotorjobs.com\/#website","url":"https:\/\/news.canadamotorjobs.com\/","name":"CanadaMotorJobs.com","description":"Automotive Jobs","publisher":{"@id":"https:\/\/news.canadamotorjobs.com\/#organization"},"potentialAction":[{"@type":"SearchAction","target":{"@type":"EntryPoint","urlTemplate":"https:\/\/news.canadamotorjobs.com\/?s={search_term_string}"},"query-input":"required name=search_term_string"}],"inLanguage":"fr-CA"},{"@type":"Organization","@id":"https:\/\/news.canadamotorjobs.com\/#organization","name":"Canada Motor Jobs","url":"https:\/\/news.canadamotorjobs.com\/","logo":{"@type":"ImageObject","inLanguage":"fr-CA","@id":"https:\/\/news.canadamotorjobs.com\/#\/schema\/logo\/image\/","url":"https:\/\/news.canadamotorjobs.com\/wp-content\/uploads\/2022\/10\/logo-canada-motor-jobs-1.png","contentUrl":"https:\/\/news.canadamotorjobs.com\/wp-content\/uploads\/2022\/10\/logo-canada-motor-jobs-1.png","width":800,"height":400,"caption":"Canada Motor Jobs"},"image":{"@id":"https:\/\/news.canadamotorjobs.com\/#\/schema\/logo\/image\/"},"sameAs":["https:\/\/www.facebook.com\/canadamotorjobs\/","https:\/\/x.com\/canadamotorjobs","https:\/\/www.instagram.com\/canadamotorjobs\/","https:\/\/www.linkedin.com\/company\/canadamotorjobs"]},{"@type":"Person","@id":"https:\/\/news.canadamotorjobs.com\/#\/schema\/person\/51793d1f87d44011d7bcc2ed99269a90","name":"Benoit Charette","image":{"@type":"ImageObject","inLanguage":"fr-CA","@id":"https:\/\/news.canadamotorjobs.com\/#\/schema\/person\/image\/","url":"https:\/\/secure.gravatar.com\/avatar\/45f3d2eebcccd909668d7ce7ea7267b6?s=96&d=mm&r=g","contentUrl":"https:\/\/secure.gravatar.com\/avatar\/45f3d2eebcccd909668d7ce7ea7267b6?s=96&d=mm&r=g","caption":"Benoit Charette"},"description":"Benoit Charette \/ Propri\u00e9taire et r\u00e9dacteur en chef Benoit Charette pratique le journalisme automobile depuis bient\u00f4t 30 ans. Il a fait ses classes au c\u00f4t\u00e9 de Daniel H\u00e9raud et au Carnet de route de 1992 \u00e0 2001. Il est fondateur, copropri\u00e9taire et r\u00e9dacteur en chef de L\u2019Annuel de l\u2019automobile, qu\u2019il publie depuis 2001. Il a anim\u00e9 les \u00e9missions RPM et RPM+ sur V et les L\u00e9gendes de la route sur Historia. \u00c0 la radio depuis 1986, il reprend l\u2019antenne cette ann\u00e9e sur les ondes de Cogeco et participe pour la deuxi\u00e8me ann\u00e9e \u00e0 l\u2019\u00e9mission Passion Auto sur RDS en plus de mettre en ligne le site Web officiel de L\u2019Annuel de l\u2019automobile sur annuelauto.ca.","sameAs":["https:\/\/annuelauto.ca\/"],"url":"https:\/\/news.canadamotorjobs.com\/fr\/author\/benoit-charette\/"}]}},"_links":{"self":[{"href":"https:\/\/news.canadamotorjobs.com\/fr\/wp-json\/wp\/v2\/posts\/165772"}],"collection":[{"href":"https:\/\/news.canadamotorjobs.com\/fr\/wp-json\/wp\/v2\/posts"}],"about":[{"href":"https:\/\/news.canadamotorjobs.com\/fr\/wp-json\/wp\/v2\/types\/post"}],"author":[{"embeddable":true,"href":"https:\/\/news.canadamotorjobs.com\/fr\/wp-json\/wp\/v2\/users\/8"}],"replies":[{"embeddable":true,"href":"https:\/\/news.canadamotorjobs.com\/fr\/wp-json\/wp\/v2\/comments?post=165772"}],"version-history":[{"count":2,"href":"https:\/\/news.canadamotorjobs.com\/fr\/wp-json\/wp\/v2\/posts\/165772\/revisions"}],"predecessor-version":[{"id":165776,"href":"https:\/\/news.canadamotorjobs.com\/fr\/wp-json\/wp\/v2\/posts\/165772\/revisions\/165776"}],"wp:featuredmedia":[{"embeddable":true,"href":"https:\/\/news.canadamotorjobs.com\/fr\/wp-json\/wp\/v2\/media\/165774"}],"wp:attachment":[{"href":"https:\/\/news.canadamotorjobs.com\/fr\/wp-json\/wp\/v2\/media?parent=165772"}],"wp:term":[{"taxonomy":"category","embeddable":true,"href":"https:\/\/news.canadamotorjobs.com\/fr\/wp-json\/wp\/v2\/categories?post=165772"},{"taxonomy":"post_tag","embeddable":true,"href":"https:\/\/news.canadamotorjobs.com\/fr\/wp-json\/wp\/v2\/tags?post=165772"}],"curies":[{"name":"wp","href":"https:\/\/api.w.org\/{rel}","templated":true}]}}