{"id":165738,"date":"2024-05-28T06:56:22","date_gmt":"2024-05-28T10:56:22","guid":{"rendered":"https:\/\/news.canadamotorjobs.com\/?p=165738"},"modified":"2024-05-28T06:58:50","modified_gmt":"2024-05-28T10:58:50","slug":"le-canada-pourrait-augmenter-les-tarifs-douaniers-pour-les-vehicules-electriques-chinois","status":"publish","type":"post","link":"https:\/\/news.canadamotorjobs.com\/fr\/le-canada-pourrait-augmenter-les-tarifs-douaniers-pour-les-vehicules-electriques-chinois\/","title":{"rendered":"Le Canada pourrait augmenter les tarifs douaniers pour les v\u00e9hicules \u00e9lectriques Chinois."},"content":{"rendered":"<\/p>\n<p>Le pr\u00e9sident am\u00e9ricain Joe Biden a r\u00e9cemment quadrupl\u00e9 les droits de douane sur les v\u00e9hicules \u00e9lectriques fabriqu\u00e9s en Chine, les portant \u00e0 100 %. Cette d\u00e9cision, prise le 14 mai, vise \u00e0 contrer les subventions chinoises jug\u00e9es d\u00e9loyales. Le Canada, pour sa part, impose actuellement un droit de douane de 6 % sur ces v\u00e9hicules, mais pourrait reconsid\u00e9rer cette position.<\/p>\n<h3>L&#8217;Impact sur le March\u00e9 Canadien<\/h3>\n<p>\nLes marques chinoises ne dominent pas encore le march\u00e9 canadien des v\u00e9hicules \u00e9lectriques. Cependant, les importations en provenance de Chine ont consid\u00e9rablement augment\u00e9, notamment avec Tesla qui a d\u00e9plac\u00e9 une partie de sa production vers son usine de Shanghai pour les ventes canadiennes. En 2023, les importations de v\u00e9hicules \u00e9lectriques chinois ont bondi \u00e0 2,2 milliards de dollars, contre 84 millions en 2022.<\/p>\n<h3>R\u00e9action de l&#8217;ACCV<\/h3>\n<p>\nBrian Kingston, pr\u00e9sident de l&#8217;Association canadienne des constructeurs de v\u00e9hicules (ACCV), souligne l&#8217;importance pour le Canada de ne pas trop s&#8217;\u00e9loigner des \u00c9tats-Unis en mati\u00e8re de politique commerciale, m\u00eame s&#8217;il ne recommande pas une alignement automatique sur les tarifs am\u00e9ricains. Il \u00e9voque le besoin d&#8217;\u00eatre pr\u00eat \u00e0 r\u00e9pondre \u00e0 une augmentation des importations de v\u00e9hicules \u00e9lectriques chinois.<\/p>\n<h3>Investissements Massifs dans l&#8217;Industrie des V\u00e9hicules \u00c9lectriques<\/h3>\n<p>\nLe Canada a investi 30 milliards de dollars dans les deux derni\u00e8res ann\u00e9es pour d\u00e9velopper son industrie des v\u00e9hicules \u00e9lectriques, incluant des sites de fabrication pour Stellantis, Volkswagen et Honda. Ces efforts visent \u00e0 contrer l&#8217;influence croissante de la Chine dans ce secteur cl\u00e9 pour l&#8217;\u00e9conomie nord-am\u00e9ricaine.<\/p>\n<h3>Enqu\u00eate Antidumping Propos\u00e9e<\/h3>\n<p>\nL&#8217;ACCV propose que le Canada envisage une enqu\u00eate antidumping sur les subventions chinoises avant l&#8217;arriv\u00e9e massive des v\u00e9hicules \u00e9lectriques chinois sur le march\u00e9 canadien. Cette strat\u00e9gie permettrait au Canada de se pr\u00e9parer \u00e0 une \u00e9ventuelle hausse des droits de douane si la situation l&#8217;exige.<\/p>\n<h3>Alignement avec les \u00c9tats-Unis<\/h3>\n<p>\nLe premier ministre Justin Trudeau et ses ministres surveillent de pr\u00e8s les d\u00e9cisions am\u00e9ricaines, sans s&#8217;engager pour le moment \u00e0 suivre le m\u00eame chemin. Trudeau a r\u00e9cemment discut\u00e9 de cette question avec la vice-pr\u00e9sidente am\u00e9ricaine Kamala Harris, soulignant l&#8217;importance des liens \u00e9conomiques et des cha\u00eenes d&#8217;approvisionnement entre les deux pays.<\/p>\n<h3>Une Course aux Parts de March\u00e9<\/h3>\n<p>\nLe march\u00e9 des v\u00e9hicules \u00e9lectriques est en pleine expansion, avec des objectifs ambitieux fix\u00e9s par le Canada : 20 % des ventes de v\u00e9hicules neufs devront \u00eatre \u00e9lectriques d&#8217;ici 2026, 60 % d&#8217;ici 2030, et 100 % d&#8217;ici 2035. Actuellement, les v\u00e9hicules \u00e9lectriques et hybrides rechargeables repr\u00e9sentent pr\u00e8s de 11 % des nouvelles immatriculations au Canada.<\/p>\n<h3>Conclusion<\/h3>\n<p>\nAlors que les \u00c9tats-Unis durcissent leur politique commerciale contre les v\u00e9hicules \u00e9lectriques chinois, le Canada se trouve \u00e0 un carrefour. La n\u00e9cessit\u00e9 de prot\u00e9ger son march\u00e9 tout en \u00e9vitant les repr\u00e9sailles chinoises est une t\u00e2che d\u00e9licate. Le pays pourrait envisager des mesures similaires pour s&#8217;assurer une comp\u00e9titivit\u00e9 \u00e9quitable tout en continuant \u00e0 promouvoir les v\u00e9hicules \u00e9lectriques.<\/p>\n<p>Avec des renseignements de la Presse Canadienne<\/p>\n<p>\u00a0<\/p>\n<p>Le texte <a rel=\"nofollow\" href=\"https:\/\/annuelauto.ca\/le-canada-pourrait-augmenter-les-tarifs-douaniers-pour-les-vehicules-electriques-chinois\/\">Le Canada pourrait augmenter les tarifs douaniers pour les v\u00e9hicules \u00e9lectriques Chinois.<\/a> provient de <a rel=\"nofollow\" href=\"https:\/\/annuelauto.ca\">L&#8217;annuel de l&#8217;automobile &#8211; Actualit\u00e9 automobile<\/a><\/p>\n<p><\/p>\n","protected":false},"excerpt":{"rendered":"<p>Le pr\u00e9sident am\u00e9ricain Joe Biden a r\u00e9cemment quadrupl\u00e9 les droits de douane sur les v\u00e9hicules \u00e9lectriques fabriqu\u00e9s en Chine, les portant \u00e0 100 %. Cette d\u00e9cision, prise le 14 mai, vise \u00e0 contrer les subventions chinoises jug\u00e9es d\u00e9loyales. Le Canada, pour sa part, impose actuellement un droit de douane de 6 % sur ces v\u00e9hicules, [&hellip;]<\/p>\n","protected":false},"author":8,"featured_media":165740,"comment_status":"close","ping_status":"closed","sticky":false,"template":"","format":"standard","meta":{"_monsterinsights_skip_tracking":false,"_monsterinsights_sitenote_active":false,"_monsterinsights_sitenote_note":"","_monsterinsights_sitenote_category":0,"footnotes":""},"categories":[101],"tags":[],"yoast_head":"<!-- This site is optimized with the Yoast SEO plugin v23.2 - https:\/\/yoast.com\/wordpress\/plugins\/seo\/ -->\n<title>Le Canada pourrait augmenter les tarifs douaniers pour les v\u00e9hicules \u00e9lectriques Chinois. - CanadaMotorJobs.com<\/title>\n<meta name=\"description\" content=\"Le Canada pourrait augmenter les tarifs douaniers pour les v\u00e9hicules \u00e9lectriques Chinois. - Benoit Charette - Annuel automobile - CanadaMotorJobs.com.\" \/>\n<meta name=\"robots\" content=\"index, follow, max-snippet:-1, max-image-preview:large, max-video-preview:-1\" \/>\n<meta property=\"og:locale\" content=\"fr_CA\" \/>\n<meta property=\"og:type\" content=\"article\" \/>\n<meta property=\"og:title\" content=\"Le Canada pourrait augmenter les tarifs douaniers pour les v\u00e9hicules \u00e9lectriques Chinois. - CanadaMotorJobs.com\" \/>\n<meta property=\"og:description\" content=\"Le Canada pourrait augmenter les tarifs douaniers pour les v\u00e9hicules \u00e9lectriques Chinois. - Benoit Charette - Annuel automobile - CanadaMotorJobs.com.\" \/>\n<meta property=\"og:url\" content=\"https:\/\/news.canadamotorjobs.com\/fr\/le-canada-pourrait-augmenter-les-tarifs-douaniers-pour-les-vehicules-electriques-chinois\/\" \/>\n<meta property=\"og:site_name\" content=\"CanadaMotorJobs.com\" \/>\n<meta property=\"article:publisher\" content=\"https:\/\/www.facebook.com\/canadamotorjobs\/\" \/>\n<meta property=\"article:published_time\" content=\"2024-05-28T10:56:22+00:00\" \/>\n<meta property=\"article:modified_time\" content=\"2024-05-28T10:58:50+00:00\" \/>\n<meta property=\"og:image\" content=\"https:\/\/news.canadamotorjobs.com\/wp-content\/uploads\/2024\/05\/BYD-Seal-1.jpeg\" \/>\n\t<meta property=\"og:image:width\" content=\"1024\" \/>\n\t<meta property=\"og:image:height\" content=\"683\" \/>\n\t<meta property=\"og:image:type\" content=\"image\/jpeg\" \/>\n<meta name=\"author\" content=\"Benoit Charette\" \/>\n<meta name=\"twitter:card\" content=\"summary_large_image\" \/>\n<meta name=\"twitter:creator\" content=\"@canadamotorjobs\" \/>\n<meta name=\"twitter:site\" content=\"@canadamotorjobs\" \/>\n<meta name=\"twitter:label1\" content=\"\u00c9crit par\" \/>\n\t<meta name=\"twitter:data1\" content=\"Benoit Charette\" \/>\n\t<meta name=\"twitter:label2\" content=\"Estimation du temps de lecture\" \/>\n\t<meta name=\"twitter:data2\" content=\"3 minutes\" \/>\n<!-- \/ Yoast SEO plugin. -->","yoast_head_json":{"title":"Le Canada pourrait augmenter les tarifs douaniers pour les v\u00e9hicules \u00e9lectriques Chinois. - CanadaMotorJobs.com","description":"Le Canada pourrait augmenter les tarifs douaniers pour les v\u00e9hicules \u00e9lectriques Chinois. - Benoit Charette - Annuel automobile - CanadaMotorJobs.com.","robots":{"index":"index","follow":"follow","max-snippet":"max-snippet:-1","max-image-preview":"max-image-preview:large","max-video-preview":"max-video-preview:-1"},"og_locale":"fr_CA","og_type":"article","og_title":"Le Canada pourrait augmenter les tarifs douaniers pour les v\u00e9hicules \u00e9lectriques Chinois. - CanadaMotorJobs.com","og_description":"Le Canada pourrait augmenter les tarifs douaniers pour les v\u00e9hicules \u00e9lectriques Chinois. - Benoit Charette - Annuel automobile - CanadaMotorJobs.com.","og_url":"https:\/\/news.canadamotorjobs.com\/fr\/le-canada-pourrait-augmenter-les-tarifs-douaniers-pour-les-vehicules-electriques-chinois\/","og_site_name":"CanadaMotorJobs.com","article_publisher":"https:\/\/www.facebook.com\/canadamotorjobs\/","article_published_time":"2024-05-28T10:56:22+00:00","article_modified_time":"2024-05-28T10:58:50+00:00","og_image":[{"width":1024,"height":683,"url":"https:\/\/news.canadamotorjobs.com\/wp-content\/uploads\/2024\/05\/BYD-Seal-1.jpeg","type":"image\/jpeg"}],"author":"Benoit Charette","twitter_card":"summary_large_image","twitter_creator":"@canadamotorjobs","twitter_site":"@canadamotorjobs","twitter_misc":{"\u00c9crit par":"Benoit Charette","Estimation du temps de lecture":"3 minutes"},"schema":{"@context":"https:\/\/schema.org","@graph":[{"@type":"Article","@id":"https:\/\/news.canadamotorjobs.com\/fr\/le-canada-pourrait-augmenter-les-tarifs-douaniers-pour-les-vehicules-electriques-chinois\/#article","isPartOf":{"@id":"https:\/\/news.canadamotorjobs.com\/fr\/le-canada-pourrait-augmenter-les-tarifs-douaniers-pour-les-vehicules-electriques-chinois\/"},"author":{"name":"Benoit Charette","@id":"https:\/\/news.canadamotorjobs.com\/#\/schema\/person\/51793d1f87d44011d7bcc2ed99269a90"},"headline":"Le Canada pourrait augmenter les tarifs douaniers pour les v\u00e9hicules \u00e9lectriques Chinois.","datePublished":"2024-05-28T10:56:22+00:00","dateModified":"2024-05-28T10:58:50+00:00","mainEntityOfPage":{"@id":"https:\/\/news.canadamotorjobs.com\/fr\/le-canada-pourrait-augmenter-les-tarifs-douaniers-pour-les-vehicules-electriques-chinois\/"},"wordCount":553,"publisher":{"@id":"https:\/\/news.canadamotorjobs.com\/#organization"},"image":{"@id":"https:\/\/news.canadamotorjobs.com\/fr\/le-canada-pourrait-augmenter-les-tarifs-douaniers-pour-les-vehicules-electriques-chinois\/#primaryimage"},"thumbnailUrl":"https:\/\/news.canadamotorjobs.com\/wp-content\/uploads\/2024\/05\/BYD-Seal-1.jpeg","articleSection":["Annuel automobile"],"inLanguage":"fr-CA"},{"@type":"WebPage","@id":"https:\/\/news.canadamotorjobs.com\/fr\/le-canada-pourrait-augmenter-les-tarifs-douaniers-pour-les-vehicules-electriques-chinois\/","url":"https:\/\/news.canadamotorjobs.com\/fr\/le-canada-pourrait-augmenter-les-tarifs-douaniers-pour-les-vehicules-electriques-chinois\/","name":"Le Canada pourrait augmenter les tarifs douaniers pour les v\u00e9hicules \u00e9lectriques Chinois. - CanadaMotorJobs.com","isPartOf":{"@id":"https:\/\/news.canadamotorjobs.com\/#website"},"primaryImageOfPage":{"@id":"https:\/\/news.canadamotorjobs.com\/fr\/le-canada-pourrait-augmenter-les-tarifs-douaniers-pour-les-vehicules-electriques-chinois\/#primaryimage"},"image":{"@id":"https:\/\/news.canadamotorjobs.com\/fr\/le-canada-pourrait-augmenter-les-tarifs-douaniers-pour-les-vehicules-electriques-chinois\/#primaryimage"},"thumbnailUrl":"https:\/\/news.canadamotorjobs.com\/wp-content\/uploads\/2024\/05\/BYD-Seal-1.jpeg","datePublished":"2024-05-28T10:56:22+00:00","dateModified":"2024-05-28T10:58:50+00:00","description":"Le Canada pourrait augmenter les tarifs douaniers pour les v\u00e9hicules \u00e9lectriques Chinois. - Benoit Charette - Annuel automobile - CanadaMotorJobs.com.","breadcrumb":{"@id":"https:\/\/news.canadamotorjobs.com\/fr\/le-canada-pourrait-augmenter-les-tarifs-douaniers-pour-les-vehicules-electriques-chinois\/#breadcrumb"},"inLanguage":"fr-CA","potentialAction":[{"@type":"ReadAction","target":["https:\/\/news.canadamotorjobs.com\/fr\/le-canada-pourrait-augmenter-les-tarifs-douaniers-pour-les-vehicules-electriques-chinois\/"]}]},{"@type":"ImageObject","inLanguage":"fr-CA","@id":"https:\/\/news.canadamotorjobs.com\/fr\/le-canada-pourrait-augmenter-les-tarifs-douaniers-pour-les-vehicules-electriques-chinois\/#primaryimage","url":"https:\/\/news.canadamotorjobs.com\/wp-content\/uploads\/2024\/05\/BYD-Seal-1.jpeg","contentUrl":"https:\/\/news.canadamotorjobs.com\/wp-content\/uploads\/2024\/05\/BYD-Seal-1.jpeg","width":1024,"height":683},{"@type":"BreadcrumbList","@id":"https:\/\/news.canadamotorjobs.com\/fr\/le-canada-pourrait-augmenter-les-tarifs-douaniers-pour-les-vehicules-electriques-chinois\/#breadcrumb","itemListElement":[{"@type":"ListItem","position":1,"name":"Home","item":"https:\/\/news.canadamotorjobs.com\/fr\/blog\/"},{"@type":"ListItem","position":2,"name":"Le Canada pourrait augmenter les tarifs douaniers pour les v\u00e9hicules \u00e9lectriques Chinois."}]},{"@type":"WebSite","@id":"https:\/\/news.canadamotorjobs.com\/#website","url":"https:\/\/news.canadamotorjobs.com\/","name":"CanadaMotorJobs.com","description":"Automotive Jobs","publisher":{"@id":"https:\/\/news.canadamotorjobs.com\/#organization"},"potentialAction":[{"@type":"SearchAction","target":{"@type":"EntryPoint","urlTemplate":"https:\/\/news.canadamotorjobs.com\/?s={search_term_string}"},"query-input":"required name=search_term_string"}],"inLanguage":"fr-CA"},{"@type":"Organization","@id":"https:\/\/news.canadamotorjobs.com\/#organization","name":"Canada Motor Jobs","url":"https:\/\/news.canadamotorjobs.com\/","logo":{"@type":"ImageObject","inLanguage":"fr-CA","@id":"https:\/\/news.canadamotorjobs.com\/#\/schema\/logo\/image\/","url":"https:\/\/news.canadamotorjobs.com\/wp-content\/uploads\/2022\/10\/logo-canada-motor-jobs-1.png","contentUrl":"https:\/\/news.canadamotorjobs.com\/wp-content\/uploads\/2022\/10\/logo-canada-motor-jobs-1.png","width":800,"height":400,"caption":"Canada Motor Jobs"},"image":{"@id":"https:\/\/news.canadamotorjobs.com\/#\/schema\/logo\/image\/"},"sameAs":["https:\/\/www.facebook.com\/canadamotorjobs\/","https:\/\/x.com\/canadamotorjobs","https:\/\/www.instagram.com\/canadamotorjobs\/","https:\/\/www.linkedin.com\/company\/canadamotorjobs"]},{"@type":"Person","@id":"https:\/\/news.canadamotorjobs.com\/#\/schema\/person\/51793d1f87d44011d7bcc2ed99269a90","name":"Benoit Charette","image":{"@type":"ImageObject","inLanguage":"fr-CA","@id":"https:\/\/news.canadamotorjobs.com\/#\/schema\/person\/image\/","url":"https:\/\/secure.gravatar.com\/avatar\/45f3d2eebcccd909668d7ce7ea7267b6?s=96&d=mm&r=g","contentUrl":"https:\/\/secure.gravatar.com\/avatar\/45f3d2eebcccd909668d7ce7ea7267b6?s=96&d=mm&r=g","caption":"Benoit Charette"},"description":"Benoit Charette \/ Propri\u00e9taire et r\u00e9dacteur en chef Benoit Charette pratique le journalisme automobile depuis bient\u00f4t 30 ans. Il a fait ses classes au c\u00f4t\u00e9 de Daniel H\u00e9raud et au Carnet de route de 1992 \u00e0 2001. Il est fondateur, copropri\u00e9taire et r\u00e9dacteur en chef de L\u2019Annuel de l\u2019automobile, qu\u2019il publie depuis 2001. Il a anim\u00e9 les \u00e9missions RPM et RPM+ sur V et les L\u00e9gendes de la route sur Historia. \u00c0 la radio depuis 1986, il reprend l\u2019antenne cette ann\u00e9e sur les ondes de Cogeco et participe pour la deuxi\u00e8me ann\u00e9e \u00e0 l\u2019\u00e9mission Passion Auto sur RDS en plus de mettre en ligne le site Web officiel de L\u2019Annuel de l\u2019automobile sur annuelauto.ca.","sameAs":["https:\/\/annuelauto.ca\/"],"url":"https:\/\/news.canadamotorjobs.com\/fr\/author\/benoit-charette\/"}]}},"_links":{"self":[{"href":"https:\/\/news.canadamotorjobs.com\/fr\/wp-json\/wp\/v2\/posts\/165738"}],"collection":[{"href":"https:\/\/news.canadamotorjobs.com\/fr\/wp-json\/wp\/v2\/posts"}],"about":[{"href":"https:\/\/news.canadamotorjobs.com\/fr\/wp-json\/wp\/v2\/types\/post"}],"author":[{"embeddable":true,"href":"https:\/\/news.canadamotorjobs.com\/fr\/wp-json\/wp\/v2\/users\/8"}],"replies":[{"embeddable":true,"href":"https:\/\/news.canadamotorjobs.com\/fr\/wp-json\/wp\/v2\/comments?post=165738"}],"version-history":[{"count":2,"href":"https:\/\/news.canadamotorjobs.com\/fr\/wp-json\/wp\/v2\/posts\/165738\/revisions"}],"predecessor-version":[{"id":165742,"href":"https:\/\/news.canadamotorjobs.com\/fr\/wp-json\/wp\/v2\/posts\/165738\/revisions\/165742"}],"wp:featuredmedia":[{"embeddable":true,"href":"https:\/\/news.canadamotorjobs.com\/fr\/wp-json\/wp\/v2\/media\/165740"}],"wp:attachment":[{"href":"https:\/\/news.canadamotorjobs.com\/fr\/wp-json\/wp\/v2\/media?parent=165738"}],"wp:term":[{"taxonomy":"category","embeddable":true,"href":"https:\/\/news.canadamotorjobs.com\/fr\/wp-json\/wp\/v2\/categories?post=165738"},{"taxonomy":"post_tag","embeddable":true,"href":"https:\/\/news.canadamotorjobs.com\/fr\/wp-json\/wp\/v2\/tags?post=165738"}],"curies":[{"name":"wp","href":"https:\/\/api.w.org\/{rel}","templated":true}]}}