{"id":165717,"date":"2024-05-27T09:47:17","date_gmt":"2024-05-27T13:47:17","guid":{"rendered":"https:\/\/news.canadamotorjobs.com\/?p=165717"},"modified":"2024-05-27T10:03:58","modified_gmt":"2024-05-27T14:03:58","slug":"nissan-murano-2025-un-ariya-a-essence","status":"publish","type":"post","link":"https:\/\/news.canadamotorjobs.com\/fr\/nissan-murano-2025-un-ariya-a-essence\/","title":{"rendered":"Nissan Murano 2025 : un Ariya \u00e0 essence?"},"content":{"rendered":"<\/p>\n<p style=\"font-weight: 400\">L\u2019information \u00e0 propos des nouveaux mod\u00e8les \u00e0 venir en 2025 commencent \u00e0 nous arriver, lentement mais s\u00fbrement. Du c\u00f4t\u00e9 de Nissan, \u00e7a va bouger dans la prochaine ann\u00e9e, puisqu\u2019on promet sept nouveaux mod\u00e8les d\u2019ici 2027. Et \u00e7a commence cet automne avec un Murano 2025 de nouvelle g\u00e9n\u00e9ration qui, si on se fie aux images qui circulent sur Internet, aura l\u2019air d\u2019un gros Ariya anim\u00e9 par un moteur \u00e0 essence.<\/p>\n<p><\/p>\n<p style=\"font-weight: 400\">Ce qu\u2019on a vu sur Internet, ce sont les photos espions du prototype qui se prom\u00e8nerait quelque part dans le sud des \u00c9tats-Unis. Il est camoufl\u00e9, donc difficile \u00e0 d\u00e9crire dans les d\u00e9tails, mais de fa\u00e7on g\u00e9n\u00e9rale, on a l\u2019impression que Nissan prend une nouvelle direction avec ce mod\u00e8le. Il rappelle, en passant, <a href=\"https:\/\/annuelauto.ca\/tag\/nissan-chill-out\/\">le concept Chill Out<\/a> qui a \u00e9t\u00e9 d\u00e9voil\u00e9 par Nissan en novembre 2021.<\/p>\n<p><\/p>\n<p style=\"font-weight: 400\">D\u2019abord, la grosse calandre en V avec le logo Nissan en plein centre, semble avoir \u00e9t\u00e9 abandonn\u00e9e. \u00c0 la place, un a une grille tr\u00e8s simple et de phares triangulaires qui rappellent le petit VUS \u00e9lectrique de Nissan.<\/p>\n<p><\/p>\n<p style=\"font-weight: 400\">Le Murano 2025 a aussi l\u2019air plus arrondi. Sa forme rappelle une familiale, ou un gros coup\u00e9 sportif, \u00e9tant donn\u00e9 que sa caisse est assez haute et que la portion vitr\u00e9e est plus mince, des proportions plus typiques d\u2019une voiture que d\u2019un VUS.<\/p>\n<p><\/p>\n<p style=\"font-weight: 400\">\u00c0 bord aussi, on semble avoir opt\u00e9 pour un design minimaliste, qui rappelle l\u2019Ariya. Le tableau de bord est compl\u00e8tement d\u00e9pouill\u00e9. On trouve deux \u00e9crans, dont un derri\u00e8re le volant, comme on le voit \u00e0 bord de nombreux v\u00e9hicules ces jours-ci.<\/p>\n<p><\/p>\n<p style=\"font-weight: 400\">Sous le capot, un 4 cylindres turbo serait au menu, le fameux groupe E-Power dont on parle depuis quelques ann\u00e9es d\u00e9j\u00e0. C\u2019est mieux qu\u2019un V6\u2026 Et ce serait fini pour la bo\u00eete CVT. Nissan opterait pour une bo\u00eete de transmission \u00e0 9 rapports. On ne sait pas \u00e0 quel point \u00e7a va affecter la consommation, mais un Murano plus rond et plus l\u00e9ger devrait consommer moins que son pr\u00e9d\u00e9cesseur.<\/p>\n<p><\/p>\n<p style=\"font-weight: 400\">Peut-\u00eatre qu\u2019on verra un Murano hybride ou m\u00eame hybride branchable plus tard. C\u2019est ce que le moteur E-Power permet de faire. Mais les rumeurs n\u2019en parlent pas pour le moment.<\/p>\n<p>Le texte <a rel=\"nofollow\" href=\"https:\/\/annuelauto.ca\/nissan-murano-2025-un-ariya-a-essence\/\">Nissan Murano 2025 : un Ariya \u00e0 essence?<\/a> provient de <a rel=\"nofollow\" href=\"https:\/\/annuelauto.ca\">L&#8217;annuel de l&#8217;automobile &#8211; Actualit\u00e9 automobile<\/a><\/p>\n<p><\/p>\n","protected":false},"excerpt":{"rendered":"<p>L\u2019information \u00e0 propos des nouveaux mod\u00e8les \u00e0 venir en 2025 commencent \u00e0 nous arriver, lentement mais s\u00fbrement. Du c\u00f4t\u00e9 de Nissan, \u00e7a va bouger dans la prochaine ann\u00e9e, puisqu\u2019on promet sept nouveaux mod\u00e8les d\u2019ici 2027. Et \u00e7a commence cet automne avec un Murano 2025 de nouvelle g\u00e9n\u00e9ration qui, si on se fie aux images qui [&hellip;]<\/p>\n","protected":false},"author":8,"featured_media":165719,"comment_status":"close","ping_status":"closed","sticky":false,"template":"","format":"standard","meta":{"_monsterinsights_skip_tracking":false,"_monsterinsights_sitenote_active":false,"_monsterinsights_sitenote_note":"","_monsterinsights_sitenote_category":0,"footnotes":""},"categories":[101],"tags":[],"yoast_head":"<!-- This site is optimized with the Yoast SEO plugin v23.2 - https:\/\/yoast.com\/wordpress\/plugins\/seo\/ -->\n<title>Nissan Murano 2025 : un Ariya \u00e0 essence? - CanadaMotorJobs.com<\/title>\n<meta name=\"description\" content=\"Nissan Murano 2025 : un Ariya \u00e0 essence? - Benoit Charette - Annuel automobile - CanadaMotorJobs.com.\" \/>\n<meta name=\"robots\" content=\"index, follow, max-snippet:-1, max-image-preview:large, max-video-preview:-1\" \/>\n<meta property=\"og:locale\" content=\"fr_CA\" \/>\n<meta property=\"og:type\" content=\"article\" \/>\n<meta property=\"og:title\" content=\"Nissan Murano 2025 : un Ariya \u00e0 essence? - CanadaMotorJobs.com\" \/>\n<meta property=\"og:description\" content=\"Nissan Murano 2025 : un Ariya \u00e0 essence? - Benoit Charette - Annuel automobile - CanadaMotorJobs.com.\" \/>\n<meta property=\"og:url\" content=\"https:\/\/news.canadamotorjobs.com\/fr\/nissan-murano-2025-un-ariya-a-essence\/\" \/>\n<meta property=\"og:site_name\" content=\"CanadaMotorJobs.com\" \/>\n<meta property=\"article:publisher\" content=\"https:\/\/www.facebook.com\/canadamotorjobs\/\" \/>\n<meta property=\"article:published_time\" content=\"2024-05-27T13:47:17+00:00\" \/>\n<meta property=\"article:modified_time\" content=\"2024-05-27T14:03:58+00:00\" \/>\n<meta property=\"og:image\" content=\"https:\/\/news.canadamotorjobs.com\/wp-content\/uploads\/2024\/05\/preview-928x522-2.jpg\" \/>\n\t<meta property=\"og:image:width\" content=\"928\" \/>\n\t<meta property=\"og:image:height\" content=\"522\" \/>\n\t<meta property=\"og:image:type\" content=\"image\/jpeg\" \/>\n<meta name=\"author\" content=\"Benoit Charette\" \/>\n<meta name=\"twitter:card\" content=\"summary_large_image\" \/>\n<meta name=\"twitter:creator\" content=\"@canadamotorjobs\" \/>\n<meta name=\"twitter:site\" content=\"@canadamotorjobs\" \/>\n<meta name=\"twitter:label1\" content=\"\u00c9crit par\" \/>\n\t<meta name=\"twitter:data1\" content=\"Benoit Charette\" \/>\n\t<meta name=\"twitter:label2\" content=\"Estimation du temps de lecture\" \/>\n\t<meta name=\"twitter:data2\" content=\"2 minutes\" \/>\n<!-- \/ Yoast SEO plugin. -->","yoast_head_json":{"title":"Nissan Murano 2025 : un Ariya \u00e0 essence? - CanadaMotorJobs.com","description":"Nissan Murano 2025 : un Ariya \u00e0 essence? - Benoit Charette - Annuel automobile - CanadaMotorJobs.com.","robots":{"index":"index","follow":"follow","max-snippet":"max-snippet:-1","max-image-preview":"max-image-preview:large","max-video-preview":"max-video-preview:-1"},"og_locale":"fr_CA","og_type":"article","og_title":"Nissan Murano 2025 : un Ariya \u00e0 essence? - CanadaMotorJobs.com","og_description":"Nissan Murano 2025 : un Ariya \u00e0 essence? - Benoit Charette - Annuel automobile - CanadaMotorJobs.com.","og_url":"https:\/\/news.canadamotorjobs.com\/fr\/nissan-murano-2025-un-ariya-a-essence\/","og_site_name":"CanadaMotorJobs.com","article_publisher":"https:\/\/www.facebook.com\/canadamotorjobs\/","article_published_time":"2024-05-27T13:47:17+00:00","article_modified_time":"2024-05-27T14:03:58+00:00","og_image":[{"width":928,"height":522,"url":"https:\/\/news.canadamotorjobs.com\/wp-content\/uploads\/2024\/05\/preview-928x522-2.jpg","type":"image\/jpeg"}],"author":"Benoit Charette","twitter_card":"summary_large_image","twitter_creator":"@canadamotorjobs","twitter_site":"@canadamotorjobs","twitter_misc":{"\u00c9crit par":"Benoit Charette","Estimation du temps de lecture":"2 minutes"},"schema":{"@context":"https:\/\/schema.org","@graph":[{"@type":"Article","@id":"https:\/\/news.canadamotorjobs.com\/fr\/nissan-murano-2025-un-ariya-a-essence\/#article","isPartOf":{"@id":"https:\/\/news.canadamotorjobs.com\/fr\/nissan-murano-2025-un-ariya-a-essence\/"},"author":{"name":"Benoit Charette","@id":"https:\/\/news.canadamotorjobs.com\/#\/schema\/person\/51793d1f87d44011d7bcc2ed99269a90"},"headline":"Nissan Murano 2025 : un Ariya \u00e0 essence?","datePublished":"2024-05-27T13:47:17+00:00","dateModified":"2024-05-27T14:03:58+00:00","mainEntityOfPage":{"@id":"https:\/\/news.canadamotorjobs.com\/fr\/nissan-murano-2025-un-ariya-a-essence\/"},"wordCount":409,"publisher":{"@id":"https:\/\/news.canadamotorjobs.com\/#organization"},"image":{"@id":"https:\/\/news.canadamotorjobs.com\/fr\/nissan-murano-2025-un-ariya-a-essence\/#primaryimage"},"thumbnailUrl":"https:\/\/news.canadamotorjobs.com\/wp-content\/uploads\/2024\/05\/preview-928x522-2.jpg","articleSection":["Annuel automobile"],"inLanguage":"fr-CA"},{"@type":"WebPage","@id":"https:\/\/news.canadamotorjobs.com\/fr\/nissan-murano-2025-un-ariya-a-essence\/","url":"https:\/\/news.canadamotorjobs.com\/fr\/nissan-murano-2025-un-ariya-a-essence\/","name":"Nissan Murano 2025 : un Ariya \u00e0 essence? - CanadaMotorJobs.com","isPartOf":{"@id":"https:\/\/news.canadamotorjobs.com\/#website"},"primaryImageOfPage":{"@id":"https:\/\/news.canadamotorjobs.com\/fr\/nissan-murano-2025-un-ariya-a-essence\/#primaryimage"},"image":{"@id":"https:\/\/news.canadamotorjobs.com\/fr\/nissan-murano-2025-un-ariya-a-essence\/#primaryimage"},"thumbnailUrl":"https:\/\/news.canadamotorjobs.com\/wp-content\/uploads\/2024\/05\/preview-928x522-2.jpg","datePublished":"2024-05-27T13:47:17+00:00","dateModified":"2024-05-27T14:03:58+00:00","description":"Nissan Murano 2025 : un Ariya \u00e0 essence? - Benoit Charette - Annuel automobile - CanadaMotorJobs.com.","breadcrumb":{"@id":"https:\/\/news.canadamotorjobs.com\/fr\/nissan-murano-2025-un-ariya-a-essence\/#breadcrumb"},"inLanguage":"fr-CA","potentialAction":[{"@type":"ReadAction","target":["https:\/\/news.canadamotorjobs.com\/fr\/nissan-murano-2025-un-ariya-a-essence\/"]}]},{"@type":"ImageObject","inLanguage":"fr-CA","@id":"https:\/\/news.canadamotorjobs.com\/fr\/nissan-murano-2025-un-ariya-a-essence\/#primaryimage","url":"https:\/\/news.canadamotorjobs.com\/wp-content\/uploads\/2024\/05\/preview-928x522-2.jpg","contentUrl":"https:\/\/news.canadamotorjobs.com\/wp-content\/uploads\/2024\/05\/preview-928x522-2.jpg","width":928,"height":522},{"@type":"BreadcrumbList","@id":"https:\/\/news.canadamotorjobs.com\/fr\/nissan-murano-2025-un-ariya-a-essence\/#breadcrumb","itemListElement":[{"@type":"ListItem","position":1,"name":"Home","item":"https:\/\/news.canadamotorjobs.com\/fr\/blog\/"},{"@type":"ListItem","position":2,"name":"Nissan Murano 2025 : un Ariya \u00e0 essence?"}]},{"@type":"WebSite","@id":"https:\/\/news.canadamotorjobs.com\/#website","url":"https:\/\/news.canadamotorjobs.com\/","name":"CanadaMotorJobs.com","description":"Automotive Jobs","publisher":{"@id":"https:\/\/news.canadamotorjobs.com\/#organization"},"potentialAction":[{"@type":"SearchAction","target":{"@type":"EntryPoint","urlTemplate":"https:\/\/news.canadamotorjobs.com\/?s={search_term_string}"},"query-input":"required name=search_term_string"}],"inLanguage":"fr-CA"},{"@type":"Organization","@id":"https:\/\/news.canadamotorjobs.com\/#organization","name":"Canada Motor Jobs","url":"https:\/\/news.canadamotorjobs.com\/","logo":{"@type":"ImageObject","inLanguage":"fr-CA","@id":"https:\/\/news.canadamotorjobs.com\/#\/schema\/logo\/image\/","url":"https:\/\/news.canadamotorjobs.com\/wp-content\/uploads\/2022\/10\/logo-canada-motor-jobs-1.png","contentUrl":"https:\/\/news.canadamotorjobs.com\/wp-content\/uploads\/2022\/10\/logo-canada-motor-jobs-1.png","width":800,"height":400,"caption":"Canada Motor Jobs"},"image":{"@id":"https:\/\/news.canadamotorjobs.com\/#\/schema\/logo\/image\/"},"sameAs":["https:\/\/www.facebook.com\/canadamotorjobs\/","https:\/\/x.com\/canadamotorjobs","https:\/\/www.instagram.com\/canadamotorjobs\/","https:\/\/www.linkedin.com\/company\/canadamotorjobs"]},{"@type":"Person","@id":"https:\/\/news.canadamotorjobs.com\/#\/schema\/person\/51793d1f87d44011d7bcc2ed99269a90","name":"Benoit Charette","image":{"@type":"ImageObject","inLanguage":"fr-CA","@id":"https:\/\/news.canadamotorjobs.com\/#\/schema\/person\/image\/","url":"https:\/\/secure.gravatar.com\/avatar\/45f3d2eebcccd909668d7ce7ea7267b6?s=96&d=mm&r=g","contentUrl":"https:\/\/secure.gravatar.com\/avatar\/45f3d2eebcccd909668d7ce7ea7267b6?s=96&d=mm&r=g","caption":"Benoit Charette"},"description":"Benoit Charette \/ Propri\u00e9taire et r\u00e9dacteur en chef Benoit Charette pratique le journalisme automobile depuis bient\u00f4t 30 ans. Il a fait ses classes au c\u00f4t\u00e9 de Daniel H\u00e9raud et au Carnet de route de 1992 \u00e0 2001. Il est fondateur, copropri\u00e9taire et r\u00e9dacteur en chef de L\u2019Annuel de l\u2019automobile, qu\u2019il publie depuis 2001. Il a anim\u00e9 les \u00e9missions RPM et RPM+ sur V et les L\u00e9gendes de la route sur Historia. \u00c0 la radio depuis 1986, il reprend l\u2019antenne cette ann\u00e9e sur les ondes de Cogeco et participe pour la deuxi\u00e8me ann\u00e9e \u00e0 l\u2019\u00e9mission Passion Auto sur RDS en plus de mettre en ligne le site Web officiel de L\u2019Annuel de l\u2019automobile sur annuelauto.ca.","sameAs":["https:\/\/annuelauto.ca\/"],"url":"https:\/\/news.canadamotorjobs.com\/fr\/author\/benoit-charette\/"}]}},"_links":{"self":[{"href":"https:\/\/news.canadamotorjobs.com\/fr\/wp-json\/wp\/v2\/posts\/165717"}],"collection":[{"href":"https:\/\/news.canadamotorjobs.com\/fr\/wp-json\/wp\/v2\/posts"}],"about":[{"href":"https:\/\/news.canadamotorjobs.com\/fr\/wp-json\/wp\/v2\/types\/post"}],"author":[{"embeddable":true,"href":"https:\/\/news.canadamotorjobs.com\/fr\/wp-json\/wp\/v2\/users\/8"}],"replies":[{"embeddable":true,"href":"https:\/\/news.canadamotorjobs.com\/fr\/wp-json\/wp\/v2\/comments?post=165717"}],"version-history":[{"count":2,"href":"https:\/\/news.canadamotorjobs.com\/fr\/wp-json\/wp\/v2\/posts\/165717\/revisions"}],"predecessor-version":[{"id":165721,"href":"https:\/\/news.canadamotorjobs.com\/fr\/wp-json\/wp\/v2\/posts\/165717\/revisions\/165721"}],"wp:featuredmedia":[{"embeddable":true,"href":"https:\/\/news.canadamotorjobs.com\/fr\/wp-json\/wp\/v2\/media\/165719"}],"wp:attachment":[{"href":"https:\/\/news.canadamotorjobs.com\/fr\/wp-json\/wp\/v2\/media?parent=165717"}],"wp:term":[{"taxonomy":"category","embeddable":true,"href":"https:\/\/news.canadamotorjobs.com\/fr\/wp-json\/wp\/v2\/categories?post=165717"},{"taxonomy":"post_tag","embeddable":true,"href":"https:\/\/news.canadamotorjobs.com\/fr\/wp-json\/wp\/v2\/tags?post=165717"}],"curies":[{"name":"wp","href":"https:\/\/api.w.org\/{rel}","templated":true}]}}