{"id":165694,"date":"2024-05-27T09:52:33","date_gmt":"2024-05-27T13:52:33","guid":{"rendered":"https:\/\/news.canadamotorjobs.com\/?p=165694"},"modified":"2024-05-27T10:03:52","modified_gmt":"2024-05-27T14:03:52","slug":"bmw-concept-skytop-le-retour-du-coupe-cabriolet-z8","status":"publish","type":"post","link":"https:\/\/news.canadamotorjobs.com\/fr\/bmw-concept-skytop-le-retour-du-coupe-cabriolet-z8\/","title":{"rendered":"BMW Concept Skytop : le retour du coup\u00e9 cabriolet Z8?"},"content":{"rendered":"<\/p>\n<p style=\"font-weight: 400\">BMW avait une petite surprise pour les amateurs de belles voitures \u00e0 l\u2019occasion du Concours d\u2019\u00e9l\u00e9gance de Ville d\u2019Este, en Italie, en fin de semaine derni\u00e8re. Un concept appel\u00e9 Concept Skytop, un coup\u00e9 cabriolet dont l\u2019allure, enfin, est plus classique, et qui vient avec un peu de nostalgie, puisqu\u2019il rappelle dr\u00f4lement le coup\u00e9 cabriolet Z8, produit par BMW au tournant du mill\u00e9naire.<\/p>\n<p><\/p>\n<p style=\"font-weight: 400\">On va se dire les vraies affaires, le coup\u00e9 Z8 lui aussi avait un peu l\u2019air de sortir de nulle part, \u00e0 l\u2019\u00e9poque. C\u2019est que BMW est d\u00e9chir\u00e9e entre deux tendances fortes, on dirait\u00a0: la plupart du temps, on dirait que ses ing\u00e9nieurs souffrent de la mauvaise manie de \u00absurdesigner\u00bb, leurs v\u00e9hicules. Leur look est compliqu\u00e9, leur technologie est pesante, l\u2019ergonomie est \u00e0 s\u2019arracher les cheveux\u2026 Bref, c\u2019est un exemple de l\u2019adage \u00ab\u00a0trop, c\u2019est comme pas assez\u00bb.<\/p>\n<p><\/p>\n<p style=\"font-weight: 400\">Sauf que, de temps en temps, BMW revient \u00e0 sa source. Comme si on r\u00e9initialisait le d\u00e9partement de design. Et \u00e7a marche. \u00c7a donne des mod\u00e8les plus classiques. Comme le Z8, \u00e0 l\u2019\u00e9poque. Ou m\u00eame <a href=\"https:\/\/annuelauto.ca\/une-bmw-507-1957-oubliee-durant-4-decennies-trouve-un-acheteur-pour-32m\/\">la 507<\/a>, qui nous ram\u00e8ne dans les ann\u00e9es 1950. Et comme le Concept Skytop de la semaine derni\u00e8re.<\/p>\n<p><\/p>\n<p style=\"font-weight: 400\">En plus, d\u00e9tail non n\u00e9gligeable, BMW a compl\u00e8tement vers\u00e9 dans la nostalgie en pr\u00e9sentant un concept anim\u00e9 par un moteur V8, plut\u00f4t que par un groupe \u00e9lectrique, ce qui est devenu la tendance dans les expositions d\u2019automobiles. Le V8 en question est un biturbo de 4,4 litres qui ferait 617 chevaux. On le trouve sous le capot de la M8 de comp\u00e9tition.<\/p>\n<p><\/p>\n<p style=\"font-weight: 400\">Autre \u00e9l\u00e9ment qu\u2019on peut attribuer \u00e0 la nostalgie\u00a0: le toit du Skytop est compos\u00e9 de deux panneaux qui s\u2019enl\u00e8vent manuellement, \u00e0 la mani\u00e8re Targa. On les range dans le coffre et voil\u00e0, on a les chevaux au vent.<\/p>\n<p>\n<span style=\"font-weight: 400\">En somme, voil\u00e0 un tr\u00e8s joli v\u00e9hicule. On ne sait pas s\u2019il pr\u00e9sage d\u2019une \u00e9ventuelle S\u00e9rie 8, car BMW n\u2019a rien dit \u00e0 ce sujet, mais imaginons une version \u00e9lectrique de ce concept-l\u00e0, et le constructeur aurait quelque chose de tr\u00e8s int\u00e9ressant dans son catalogue\u2026<\/span><\/p>\n<p>Le texte <a rel=\"nofollow\" href=\"https:\/\/annuelauto.ca\/bmw-concept-skytop-le-retour-du-coupe-cabriolet-z8\/\">BMW Concept Skytop : le retour du coup\u00e9 cabriolet Z8?<\/a> provient de <a rel=\"nofollow\" href=\"https:\/\/annuelauto.ca\">L&#8217;annuel de l&#8217;automobile &#8211; Actualit\u00e9 automobile<\/a><\/p>\n<p><\/p>\n","protected":false},"excerpt":{"rendered":"<p>BMW avait une petite surprise pour les amateurs de belles voitures \u00e0 l\u2019occasion du Concours d\u2019\u00e9l\u00e9gance de Ville d\u2019Este, en Italie, en fin de semaine derni\u00e8re. Un concept appel\u00e9 Concept Skytop, un coup\u00e9 cabriolet dont l\u2019allure, enfin, est plus classique, et qui vient avec un peu de nostalgie, puisqu\u2019il rappelle dr\u00f4lement le coup\u00e9 cabriolet Z8, [&hellip;]<\/p>\n","protected":false},"author":8,"featured_media":165696,"comment_status":"close","ping_status":"closed","sticky":false,"template":"","format":"standard","meta":{"_monsterinsights_skip_tracking":false,"_monsterinsights_sitenote_active":false,"_monsterinsights_sitenote_note":"","_monsterinsights_sitenote_category":0,"footnotes":""},"categories":[101],"tags":[],"yoast_head":"<!-- This site is optimized with the Yoast SEO plugin v23.2 - https:\/\/yoast.com\/wordpress\/plugins\/seo\/ -->\n<title>BMW Concept Skytop : le retour du coup\u00e9 cabriolet Z8? - CanadaMotorJobs.com<\/title>\n<meta name=\"description\" content=\"BMW Concept Skytop : le retour du coup\u00e9 cabriolet Z8? - Benoit Charette - Annuel automobile - CanadaMotorJobs.com.\" \/>\n<meta name=\"robots\" content=\"index, follow, max-snippet:-1, max-image-preview:large, max-video-preview:-1\" \/>\n<meta property=\"og:locale\" content=\"fr_CA\" \/>\n<meta property=\"og:type\" content=\"article\" \/>\n<meta property=\"og:title\" content=\"BMW Concept Skytop : le retour du coup\u00e9 cabriolet Z8? - CanadaMotorJobs.com\" \/>\n<meta property=\"og:description\" content=\"BMW Concept Skytop : le retour du coup\u00e9 cabriolet Z8? - Benoit Charette - Annuel automobile - CanadaMotorJobs.com.\" \/>\n<meta property=\"og:url\" content=\"https:\/\/news.canadamotorjobs.com\/fr\/bmw-concept-skytop-le-retour-du-coupe-cabriolet-z8\/\" \/>\n<meta property=\"og:site_name\" content=\"CanadaMotorJobs.com\" \/>\n<meta property=\"article:publisher\" content=\"https:\/\/www.facebook.com\/canadamotorjobs\/\" \/>\n<meta property=\"article:published_time\" content=\"2024-05-27T13:52:33+00:00\" \/>\n<meta property=\"article:modified_time\" content=\"2024-05-27T14:03:52+00:00\" \/>\n<meta property=\"og:image\" content=\"https:\/\/news.canadamotorjobs.com\/wp-content\/uploads\/2024\/05\/P90550536_highRes_bmw-concept-skytop-i.jpg\" \/>\n\t<meta property=\"og:image:width\" content=\"1280\" \/>\n\t<meta property=\"og:image:height\" content=\"720\" \/>\n\t<meta property=\"og:image:type\" content=\"image\/jpeg\" \/>\n<meta name=\"author\" content=\"Benoit Charette\" \/>\n<meta name=\"twitter:card\" content=\"summary_large_image\" \/>\n<meta name=\"twitter:creator\" content=\"@canadamotorjobs\" \/>\n<meta name=\"twitter:site\" content=\"@canadamotorjobs\" \/>\n<meta name=\"twitter:label1\" content=\"\u00c9crit par\" \/>\n\t<meta name=\"twitter:data1\" content=\"Benoit Charette\" \/>\n\t<meta name=\"twitter:label2\" content=\"Estimation du temps de lecture\" \/>\n\t<meta name=\"twitter:data2\" content=\"2 minutes\" \/>\n<!-- \/ Yoast SEO plugin. -->","yoast_head_json":{"title":"BMW Concept Skytop : le retour du coup\u00e9 cabriolet Z8? - CanadaMotorJobs.com","description":"BMW Concept Skytop : le retour du coup\u00e9 cabriolet Z8? - Benoit Charette - Annuel automobile - CanadaMotorJobs.com.","robots":{"index":"index","follow":"follow","max-snippet":"max-snippet:-1","max-image-preview":"max-image-preview:large","max-video-preview":"max-video-preview:-1"},"og_locale":"fr_CA","og_type":"article","og_title":"BMW Concept Skytop : le retour du coup\u00e9 cabriolet Z8? - CanadaMotorJobs.com","og_description":"BMW Concept Skytop : le retour du coup\u00e9 cabriolet Z8? - Benoit Charette - Annuel automobile - CanadaMotorJobs.com.","og_url":"https:\/\/news.canadamotorjobs.com\/fr\/bmw-concept-skytop-le-retour-du-coupe-cabriolet-z8\/","og_site_name":"CanadaMotorJobs.com","article_publisher":"https:\/\/www.facebook.com\/canadamotorjobs\/","article_published_time":"2024-05-27T13:52:33+00:00","article_modified_time":"2024-05-27T14:03:52+00:00","og_image":[{"width":1280,"height":720,"url":"https:\/\/news.canadamotorjobs.com\/wp-content\/uploads\/2024\/05\/P90550536_highRes_bmw-concept-skytop-i.jpg","type":"image\/jpeg"}],"author":"Benoit Charette","twitter_card":"summary_large_image","twitter_creator":"@canadamotorjobs","twitter_site":"@canadamotorjobs","twitter_misc":{"\u00c9crit par":"Benoit Charette","Estimation du temps de lecture":"2 minutes"},"schema":{"@context":"https:\/\/schema.org","@graph":[{"@type":"Article","@id":"https:\/\/news.canadamotorjobs.com\/fr\/bmw-concept-skytop-le-retour-du-coupe-cabriolet-z8\/#article","isPartOf":{"@id":"https:\/\/news.canadamotorjobs.com\/fr\/bmw-concept-skytop-le-retour-du-coupe-cabriolet-z8\/"},"author":{"name":"Benoit Charette","@id":"https:\/\/news.canadamotorjobs.com\/#\/schema\/person\/51793d1f87d44011d7bcc2ed99269a90"},"headline":"BMW Concept Skytop : le retour du coup\u00e9 cabriolet Z8?","datePublished":"2024-05-27T13:52:33+00:00","dateModified":"2024-05-27T14:03:52+00:00","mainEntityOfPage":{"@id":"https:\/\/news.canadamotorjobs.com\/fr\/bmw-concept-skytop-le-retour-du-coupe-cabriolet-z8\/"},"wordCount":404,"publisher":{"@id":"https:\/\/news.canadamotorjobs.com\/#organization"},"image":{"@id":"https:\/\/news.canadamotorjobs.com\/fr\/bmw-concept-skytop-le-retour-du-coupe-cabriolet-z8\/#primaryimage"},"thumbnailUrl":"https:\/\/news.canadamotorjobs.com\/wp-content\/uploads\/2024\/05\/P90550536_highRes_bmw-concept-skytop-i.jpg","articleSection":["Annuel automobile"],"inLanguage":"fr-CA"},{"@type":"WebPage","@id":"https:\/\/news.canadamotorjobs.com\/fr\/bmw-concept-skytop-le-retour-du-coupe-cabriolet-z8\/","url":"https:\/\/news.canadamotorjobs.com\/fr\/bmw-concept-skytop-le-retour-du-coupe-cabriolet-z8\/","name":"BMW Concept Skytop : le retour du coup\u00e9 cabriolet Z8? - CanadaMotorJobs.com","isPartOf":{"@id":"https:\/\/news.canadamotorjobs.com\/#website"},"primaryImageOfPage":{"@id":"https:\/\/news.canadamotorjobs.com\/fr\/bmw-concept-skytop-le-retour-du-coupe-cabriolet-z8\/#primaryimage"},"image":{"@id":"https:\/\/news.canadamotorjobs.com\/fr\/bmw-concept-skytop-le-retour-du-coupe-cabriolet-z8\/#primaryimage"},"thumbnailUrl":"https:\/\/news.canadamotorjobs.com\/wp-content\/uploads\/2024\/05\/P90550536_highRes_bmw-concept-skytop-i.jpg","datePublished":"2024-05-27T13:52:33+00:00","dateModified":"2024-05-27T14:03:52+00:00","description":"BMW Concept Skytop : le retour du coup\u00e9 cabriolet Z8? - Benoit Charette - Annuel automobile - CanadaMotorJobs.com.","breadcrumb":{"@id":"https:\/\/news.canadamotorjobs.com\/fr\/bmw-concept-skytop-le-retour-du-coupe-cabriolet-z8\/#breadcrumb"},"inLanguage":"fr-CA","potentialAction":[{"@type":"ReadAction","target":["https:\/\/news.canadamotorjobs.com\/fr\/bmw-concept-skytop-le-retour-du-coupe-cabriolet-z8\/"]}]},{"@type":"ImageObject","inLanguage":"fr-CA","@id":"https:\/\/news.canadamotorjobs.com\/fr\/bmw-concept-skytop-le-retour-du-coupe-cabriolet-z8\/#primaryimage","url":"https:\/\/news.canadamotorjobs.com\/wp-content\/uploads\/2024\/05\/P90550536_highRes_bmw-concept-skytop-i.jpg","contentUrl":"https:\/\/news.canadamotorjobs.com\/wp-content\/uploads\/2024\/05\/P90550536_highRes_bmw-concept-skytop-i.jpg","width":1280,"height":720},{"@type":"BreadcrumbList","@id":"https:\/\/news.canadamotorjobs.com\/fr\/bmw-concept-skytop-le-retour-du-coupe-cabriolet-z8\/#breadcrumb","itemListElement":[{"@type":"ListItem","position":1,"name":"Home","item":"https:\/\/news.canadamotorjobs.com\/fr\/blog\/"},{"@type":"ListItem","position":2,"name":"BMW Concept Skytop : le retour du coup\u00e9 cabriolet Z8?"}]},{"@type":"WebSite","@id":"https:\/\/news.canadamotorjobs.com\/#website","url":"https:\/\/news.canadamotorjobs.com\/","name":"CanadaMotorJobs.com","description":"Automotive Jobs","publisher":{"@id":"https:\/\/news.canadamotorjobs.com\/#organization"},"potentialAction":[{"@type":"SearchAction","target":{"@type":"EntryPoint","urlTemplate":"https:\/\/news.canadamotorjobs.com\/?s={search_term_string}"},"query-input":"required name=search_term_string"}],"inLanguage":"fr-CA"},{"@type":"Organization","@id":"https:\/\/news.canadamotorjobs.com\/#organization","name":"Canada Motor Jobs","url":"https:\/\/news.canadamotorjobs.com\/","logo":{"@type":"ImageObject","inLanguage":"fr-CA","@id":"https:\/\/news.canadamotorjobs.com\/#\/schema\/logo\/image\/","url":"https:\/\/news.canadamotorjobs.com\/wp-content\/uploads\/2022\/10\/logo-canada-motor-jobs-1.png","contentUrl":"https:\/\/news.canadamotorjobs.com\/wp-content\/uploads\/2022\/10\/logo-canada-motor-jobs-1.png","width":800,"height":400,"caption":"Canada Motor Jobs"},"image":{"@id":"https:\/\/news.canadamotorjobs.com\/#\/schema\/logo\/image\/"},"sameAs":["https:\/\/www.facebook.com\/canadamotorjobs\/","https:\/\/x.com\/canadamotorjobs","https:\/\/www.instagram.com\/canadamotorjobs\/","https:\/\/www.linkedin.com\/company\/canadamotorjobs"]},{"@type":"Person","@id":"https:\/\/news.canadamotorjobs.com\/#\/schema\/person\/51793d1f87d44011d7bcc2ed99269a90","name":"Benoit Charette","image":{"@type":"ImageObject","inLanguage":"fr-CA","@id":"https:\/\/news.canadamotorjobs.com\/#\/schema\/person\/image\/","url":"https:\/\/secure.gravatar.com\/avatar\/45f3d2eebcccd909668d7ce7ea7267b6?s=96&d=mm&r=g","contentUrl":"https:\/\/secure.gravatar.com\/avatar\/45f3d2eebcccd909668d7ce7ea7267b6?s=96&d=mm&r=g","caption":"Benoit Charette"},"description":"Benoit Charette \/ Propri\u00e9taire et r\u00e9dacteur en chef Benoit Charette pratique le journalisme automobile depuis bient\u00f4t 30 ans. Il a fait ses classes au c\u00f4t\u00e9 de Daniel H\u00e9raud et au Carnet de route de 1992 \u00e0 2001. Il est fondateur, copropri\u00e9taire et r\u00e9dacteur en chef de L\u2019Annuel de l\u2019automobile, qu\u2019il publie depuis 2001. Il a anim\u00e9 les \u00e9missions RPM et RPM+ sur V et les L\u00e9gendes de la route sur Historia. \u00c0 la radio depuis 1986, il reprend l\u2019antenne cette ann\u00e9e sur les ondes de Cogeco et participe pour la deuxi\u00e8me ann\u00e9e \u00e0 l\u2019\u00e9mission Passion Auto sur RDS en plus de mettre en ligne le site Web officiel de L\u2019Annuel de l\u2019automobile sur annuelauto.ca.","sameAs":["https:\/\/annuelauto.ca\/"],"url":"https:\/\/news.canadamotorjobs.com\/fr\/author\/benoit-charette\/"}]}},"_links":{"self":[{"href":"https:\/\/news.canadamotorjobs.com\/fr\/wp-json\/wp\/v2\/posts\/165694"}],"collection":[{"href":"https:\/\/news.canadamotorjobs.com\/fr\/wp-json\/wp\/v2\/posts"}],"about":[{"href":"https:\/\/news.canadamotorjobs.com\/fr\/wp-json\/wp\/v2\/types\/post"}],"author":[{"embeddable":true,"href":"https:\/\/news.canadamotorjobs.com\/fr\/wp-json\/wp\/v2\/users\/8"}],"replies":[{"embeddable":true,"href":"https:\/\/news.canadamotorjobs.com\/fr\/wp-json\/wp\/v2\/comments?post=165694"}],"version-history":[{"count":2,"href":"https:\/\/news.canadamotorjobs.com\/fr\/wp-json\/wp\/v2\/posts\/165694\/revisions"}],"predecessor-version":[{"id":165698,"href":"https:\/\/news.canadamotorjobs.com\/fr\/wp-json\/wp\/v2\/posts\/165694\/revisions\/165698"}],"wp:featuredmedia":[{"embeddable":true,"href":"https:\/\/news.canadamotorjobs.com\/fr\/wp-json\/wp\/v2\/media\/165696"}],"wp:attachment":[{"href":"https:\/\/news.canadamotorjobs.com\/fr\/wp-json\/wp\/v2\/media?parent=165694"}],"wp:term":[{"taxonomy":"category","embeddable":true,"href":"https:\/\/news.canadamotorjobs.com\/fr\/wp-json\/wp\/v2\/categories?post=165694"},{"taxonomy":"post_tag","embeddable":true,"href":"https:\/\/news.canadamotorjobs.com\/fr\/wp-json\/wp\/v2\/tags?post=165694"}],"curies":[{"name":"wp","href":"https:\/\/api.w.org\/{rel}","templated":true}]}}