{"id":165671,"date":"2024-05-27T09:41:33","date_gmt":"2024-05-27T13:41:33","guid":{"rendered":"https:\/\/news.canadamotorjobs.com\/?p=165671"},"modified":"2024-05-27T09:44:49","modified_gmt":"2024-05-27T13:44:49","slug":"mercedes-benz-gle450e-quand-mercedes-se-branche","status":"publish","type":"post","link":"https:\/\/news.canadamotorjobs.com\/fr\/mercedes-benz-gle450e-quand-mercedes-se-branche\/","title":{"rendered":"Mercedes-Benz GLE450e : quand Mercedes se branche"},"content":{"rendered":"<\/p>\n<p style=\"font-weight: 400\">En mati\u00e8re de conservation d\u2019\u00e9nergie, on a souvent l\u2019impression que l\u2019industrie automobile carbure \u00e0 la loi du moindre effort. Disons que le concept d\u2019efficacit\u00e9 \u00e9nerg\u00e9tique n\u2019a que tr\u00e8s rarement rim\u00e9 avec \u00ab\u00a0industrie automobile\u00a0\u00bb, dans l\u2019histoire r\u00e9cente. Sauf que de temps en temps, un produit prend la route qui a plein de bon sens. C\u2019est le cas du GLE450e de Mercedes-Benz.<\/p>\n<p><\/p>\n<p style=\"font-weight: 400\">Commen\u00e7ons par un avertissement\u00a0: \u00abplein de bon sens\u00bb vient avec un ast\u00e9risque. Le GLE450e est la version hybride branchable du GLE tout court, un VUS interm\u00e9diaire de luxe qui co\u00fbte entre 90\u00a0000 $ et 120 000 $, selon les options que vous lui ajoutez. Il y a des groupes d\u2019options qui vont dans tous les sens, y compris des \u00e9l\u00e9ments visuels inspir\u00e9s d\u2019AMG, \u00e0 l\u2019ext\u00e9rieur, aux si\u00e8ges vibromasseurs, \u00e0 l\u2019int\u00e9rieur. Bref, \u00e7a peut rapidement devenir un peu d\u00e9cadent. Mais \u00e7a, les constructeurs allemands nous y ont quand m\u00eame habitu\u00e9 au fil des ans.<\/p>\n<p><\/p>\n<p style=\"font-weight: 400\">Ce qui a du bon sens \u00e0 propos du GLE, c\u2019est qu\u2019on a trouv\u00e9 juste la bonne combinaison d\u2019\u00e9lectrique et de thermique pour produire un hybride branchable qui se comporte comme du monde. Mercedes-Benz recourt \u00e0 un 4 cylindres turbo de 2 litres, auquel on a greff\u00e9 un moteur \u00e9lectrique qui fait grimper sa puissance \u00e0 381 chevaux, et son couple \u00e0 479 livres-pied. C\u2019est beaucoup. C\u2019est probablement trop.<\/p>\n<p><\/p>\n<p style=\"font-weight: 400\">Mais on a jumel\u00e9 tout \u00e7a \u00e0 une bo\u00eete automatique \u00e0 9 rapports et au rouage int\u00e9gral 4Matic et \u00e7a donne un v\u00e9hicule qui est tr\u00e8s habile pour se d\u00e9placer aussi bien en ville que sur l\u2019autoroute. Et surtout\u00a0: il se d\u00e9place \u00e0 peu pr\u00e8s tout le temps en mode purement \u00e9lectrique, \u00e9tant donn\u00e9 que son autonomie est d\u2019environ 75 kilom\u00e8tres par charge, ce qui est un peu au-dessus de la moyenne des hybrides branchables.<\/p>\n<p><\/p>\n<p style=\"font-weight: 400\">Avec une borne \u00e0 la maison ou au travail, \u00e7a permet de n\u2019avoir besoin de l\u2019essence que de temps en temps. Durant mon essai, je ne l\u2019ai pas branch\u00e9 la fin de semaine o\u00f9 j\u2019ai d\u00fb faire un aller-retour entre Montr\u00e9al et Dunham. Sa consommation moyenne est demeur\u00e9e sous les 3 litres aux 100 kilom\u00e8tres.<\/p>\n<p><\/p>\n<p style=\"font-weight: 400\">C\u2019est du super, mais \u00e0 3 litres aux 100 km, c\u2019est un peu moins grave, disons.<\/p>\n<p><\/p>\n<p style=\"font-weight: 400\">Ce qui est \u00e9trange, c\u2019est qu\u2019on dirait que Mercedes-Benz ne veut pas vendre de GLE450e. Il affiche une consommation moyenne entre 9 et 10 l\/100 km. Peut-\u00eatre que vous atteindrez une consommation comme celle-l\u00e0 si vous remorquez, ce que le GLE hybride branchable permet, \u00e0 hauteur de 3500 kilos.<\/p>\n<p><\/p>\n<p style=\"font-weight: 400\">Mais bon. \u00c7a en fait un secret assez bien gard\u00e9, en somme. Si vous magasinez un VUS de luxe, ce que beaucoup de gens font, ajoutez ce mod\u00e8le \u00e0 votre liste d\u2019achat, vous pourriez \u00eatre surpris.<\/p>\n<p><\/p>\n<p style=\"font-weight: 400\">Surtout que, contrairement aux GLA et CLA, dont on a d\u00e9j\u00e0 parl\u00e9 dans le pass\u00e9, le GLE ne saborde pas trop la tradition de la marque allemande, du c\u00f4t\u00e9 de l\u2019habitacle notamment. Les si\u00e8ges sont confortables, la finition est juste assez luxueuse, \u00e7a a l\u2019air d\u2019un VUS de 100\u00a0000 $&#8230;<\/p>\n<p><\/p>\n<p style=\"font-weight: 400\">Il y a \u00e9videmment le syst\u00e8me multim\u00e9dia MBUX, auquel il faut s\u2019habituer, mais il vient avec CarPlay et Android Auto sans fil, ce qui le rend un peu moins compliqu\u00e9 \u00e0 g\u00e9rer.<\/p>\n<p><\/p>\n<p style=\"font-weight: 400\">Chez Mercedes-Benz Canada, on se flatte d\u2019\u00eatre un des pays dans le monde o\u00f9 la division AMG vend le plus de v\u00e9hicules. Dans la gamme, on trouve pas moins de deux versions <a href=\"https:\/\/annuelauto.ca\/le-mercedes-gle-la-plus-rapide-au-monde\/\">AMG du GLE<\/a>. Les deux, vous l\u2019aurez compris, sont compl\u00e8tement d\u00e9lirantes, avec un comportement routier et une puissance compl\u00e8tement exag\u00e9r\u00e9s quand on consid\u00e8re le r\u00e9seau routier du Qu\u00e9bec.<\/p>\n<p>\n<span style=\"font-weight: 400\">Dans ce contexte, et pour un prix qui n\u2019est pas plus \u00e9lev\u00e9, le GLE450e devrait int\u00e9resser tous ces gens qui recherchent un mod\u00e8le Mercedes-Benz un peu plus exclusif. C\u2019est une tr\u00e8s belle technologie qu\u2019il y a sous son capot\u2026 \u00a0<\/span><\/p>\n<p>Le texte <a rel=\"nofollow\" href=\"https:\/\/annuelauto.ca\/mercedes-benz-gle450e-quand-mercedes-se-branche\/\">Mercedes-Benz GLE450e : quand Mercedes se branche<\/a> provient de <a rel=\"nofollow\" href=\"https:\/\/annuelauto.ca\">L&#8217;annuel de l&#8217;automobile &#8211; Actualit\u00e9 automobile<\/a><\/p>\n<p><\/p>\n","protected":false},"excerpt":{"rendered":"<p>En mati\u00e8re de conservation d\u2019\u00e9nergie, on a souvent l\u2019impression que l\u2019industrie automobile carbure \u00e0 la loi du moindre effort. Disons que le concept d\u2019efficacit\u00e9 \u00e9nerg\u00e9tique n\u2019a que tr\u00e8s rarement rim\u00e9 avec \u00ab\u00a0industrie automobile\u00a0\u00bb, dans l\u2019histoire r\u00e9cente. Sauf que de temps en temps, un produit prend la route qui a plein de bon sens. C\u2019est le [&hellip;]<\/p>\n","protected":false},"author":8,"featured_media":165673,"comment_status":"close","ping_status":"closed","sticky":false,"template":"","format":"standard","meta":{"_monsterinsights_skip_tracking":false,"_monsterinsights_sitenote_active":false,"_monsterinsights_sitenote_note":"","_monsterinsights_sitenote_category":0,"footnotes":""},"categories":[101],"tags":[],"yoast_head":"<!-- This site is optimized with the Yoast SEO plugin v23.2 - https:\/\/yoast.com\/wordpress\/plugins\/seo\/ -->\n<title>Mercedes-Benz GLE450e : quand Mercedes se branche - CanadaMotorJobs.com<\/title>\n<meta name=\"description\" content=\"Mercedes-Benz GLE450e : quand Mercedes se branche - Benoit Charette - Annuel automobile - CanadaMotorJobs.com.\" \/>\n<meta name=\"robots\" content=\"index, follow, max-snippet:-1, max-image-preview:large, max-video-preview:-1\" \/>\n<meta property=\"og:locale\" content=\"fr_CA\" \/>\n<meta property=\"og:type\" content=\"article\" \/>\n<meta property=\"og:title\" content=\"Mercedes-Benz GLE450e : quand Mercedes se branche - CanadaMotorJobs.com\" \/>\n<meta property=\"og:description\" content=\"Mercedes-Benz GLE450e : quand Mercedes se branche - Benoit Charette - Annuel automobile - CanadaMotorJobs.com.\" \/>\n<meta property=\"og:url\" content=\"https:\/\/news.canadamotorjobs.com\/fr\/mercedes-benz-gle450e-quand-mercedes-se-branche\/\" \/>\n<meta property=\"og:site_name\" content=\"CanadaMotorJobs.com\" \/>\n<meta property=\"article:publisher\" content=\"https:\/\/www.facebook.com\/canadamotorjobs\/\" \/>\n<meta property=\"article:published_time\" content=\"2024-05-27T13:41:33+00:00\" \/>\n<meta property=\"article:modified_time\" content=\"2024-05-27T13:44:49+00:00\" \/>\n<meta property=\"og:image\" content=\"https:\/\/news.canadamotorjobs.com\/wp-content\/uploads\/2024\/05\/23C0093_116.jpg\" \/>\n\t<meta property=\"og:image:width\" content=\"1280\" \/>\n\t<meta property=\"og:image:height\" content=\"854\" \/>\n\t<meta property=\"og:image:type\" content=\"image\/jpeg\" \/>\n<meta name=\"author\" content=\"Benoit Charette\" \/>\n<meta name=\"twitter:card\" content=\"summary_large_image\" \/>\n<meta name=\"twitter:creator\" content=\"@canadamotorjobs\" \/>\n<meta name=\"twitter:site\" content=\"@canadamotorjobs\" \/>\n<meta name=\"twitter:label1\" content=\"\u00c9crit par\" \/>\n\t<meta name=\"twitter:data1\" content=\"Benoit Charette\" \/>\n\t<meta name=\"twitter:label2\" content=\"Estimation du temps de lecture\" \/>\n\t<meta name=\"twitter:data2\" content=\"4 minutes\" \/>\n<!-- \/ Yoast SEO plugin. -->","yoast_head_json":{"title":"Mercedes-Benz GLE450e : quand Mercedes se branche - CanadaMotorJobs.com","description":"Mercedes-Benz GLE450e : quand Mercedes se branche - Benoit Charette - Annuel automobile - CanadaMotorJobs.com.","robots":{"index":"index","follow":"follow","max-snippet":"max-snippet:-1","max-image-preview":"max-image-preview:large","max-video-preview":"max-video-preview:-1"},"og_locale":"fr_CA","og_type":"article","og_title":"Mercedes-Benz GLE450e : quand Mercedes se branche - CanadaMotorJobs.com","og_description":"Mercedes-Benz GLE450e : quand Mercedes se branche - Benoit Charette - Annuel automobile - CanadaMotorJobs.com.","og_url":"https:\/\/news.canadamotorjobs.com\/fr\/mercedes-benz-gle450e-quand-mercedes-se-branche\/","og_site_name":"CanadaMotorJobs.com","article_publisher":"https:\/\/www.facebook.com\/canadamotorjobs\/","article_published_time":"2024-05-27T13:41:33+00:00","article_modified_time":"2024-05-27T13:44:49+00:00","og_image":[{"width":1280,"height":854,"url":"https:\/\/news.canadamotorjobs.com\/wp-content\/uploads\/2024\/05\/23C0093_116.jpg","type":"image\/jpeg"}],"author":"Benoit Charette","twitter_card":"summary_large_image","twitter_creator":"@canadamotorjobs","twitter_site":"@canadamotorjobs","twitter_misc":{"\u00c9crit par":"Benoit Charette","Estimation du temps de lecture":"4 minutes"},"schema":{"@context":"https:\/\/schema.org","@graph":[{"@type":"Article","@id":"https:\/\/news.canadamotorjobs.com\/fr\/mercedes-benz-gle450e-quand-mercedes-se-branche\/#article","isPartOf":{"@id":"https:\/\/news.canadamotorjobs.com\/fr\/mercedes-benz-gle450e-quand-mercedes-se-branche\/"},"author":{"name":"Benoit Charette","@id":"https:\/\/news.canadamotorjobs.com\/#\/schema\/person\/51793d1f87d44011d7bcc2ed99269a90"},"headline":"Mercedes-Benz GLE450e : quand Mercedes se branche","datePublished":"2024-05-27T13:41:33+00:00","dateModified":"2024-05-27T13:44:49+00:00","mainEntityOfPage":{"@id":"https:\/\/news.canadamotorjobs.com\/fr\/mercedes-benz-gle450e-quand-mercedes-se-branche\/"},"wordCount":711,"publisher":{"@id":"https:\/\/news.canadamotorjobs.com\/#organization"},"image":{"@id":"https:\/\/news.canadamotorjobs.com\/fr\/mercedes-benz-gle450e-quand-mercedes-se-branche\/#primaryimage"},"thumbnailUrl":"https:\/\/news.canadamotorjobs.com\/wp-content\/uploads\/2024\/05\/23C0093_116.jpg","articleSection":["Annuel automobile"],"inLanguage":"fr-CA"},{"@type":"WebPage","@id":"https:\/\/news.canadamotorjobs.com\/fr\/mercedes-benz-gle450e-quand-mercedes-se-branche\/","url":"https:\/\/news.canadamotorjobs.com\/fr\/mercedes-benz-gle450e-quand-mercedes-se-branche\/","name":"Mercedes-Benz GLE450e : quand Mercedes se branche - CanadaMotorJobs.com","isPartOf":{"@id":"https:\/\/news.canadamotorjobs.com\/#website"},"primaryImageOfPage":{"@id":"https:\/\/news.canadamotorjobs.com\/fr\/mercedes-benz-gle450e-quand-mercedes-se-branche\/#primaryimage"},"image":{"@id":"https:\/\/news.canadamotorjobs.com\/fr\/mercedes-benz-gle450e-quand-mercedes-se-branche\/#primaryimage"},"thumbnailUrl":"https:\/\/news.canadamotorjobs.com\/wp-content\/uploads\/2024\/05\/23C0093_116.jpg","datePublished":"2024-05-27T13:41:33+00:00","dateModified":"2024-05-27T13:44:49+00:00","description":"Mercedes-Benz GLE450e : quand Mercedes se branche - Benoit Charette - Annuel automobile - CanadaMotorJobs.com.","breadcrumb":{"@id":"https:\/\/news.canadamotorjobs.com\/fr\/mercedes-benz-gle450e-quand-mercedes-se-branche\/#breadcrumb"},"inLanguage":"fr-CA","potentialAction":[{"@type":"ReadAction","target":["https:\/\/news.canadamotorjobs.com\/fr\/mercedes-benz-gle450e-quand-mercedes-se-branche\/"]}]},{"@type":"ImageObject","inLanguage":"fr-CA","@id":"https:\/\/news.canadamotorjobs.com\/fr\/mercedes-benz-gle450e-quand-mercedes-se-branche\/#primaryimage","url":"https:\/\/news.canadamotorjobs.com\/wp-content\/uploads\/2024\/05\/23C0093_116.jpg","contentUrl":"https:\/\/news.canadamotorjobs.com\/wp-content\/uploads\/2024\/05\/23C0093_116.jpg","width":1280,"height":854},{"@type":"BreadcrumbList","@id":"https:\/\/news.canadamotorjobs.com\/fr\/mercedes-benz-gle450e-quand-mercedes-se-branche\/#breadcrumb","itemListElement":[{"@type":"ListItem","position":1,"name":"Home","item":"https:\/\/news.canadamotorjobs.com\/fr\/blog\/"},{"@type":"ListItem","position":2,"name":"Mercedes-Benz GLE450e : quand Mercedes se branche"}]},{"@type":"WebSite","@id":"https:\/\/news.canadamotorjobs.com\/#website","url":"https:\/\/news.canadamotorjobs.com\/","name":"CanadaMotorJobs.com","description":"Automotive Jobs","publisher":{"@id":"https:\/\/news.canadamotorjobs.com\/#organization"},"potentialAction":[{"@type":"SearchAction","target":{"@type":"EntryPoint","urlTemplate":"https:\/\/news.canadamotorjobs.com\/?s={search_term_string}"},"query-input":"required name=search_term_string"}],"inLanguage":"fr-CA"},{"@type":"Organization","@id":"https:\/\/news.canadamotorjobs.com\/#organization","name":"Canada Motor Jobs","url":"https:\/\/news.canadamotorjobs.com\/","logo":{"@type":"ImageObject","inLanguage":"fr-CA","@id":"https:\/\/news.canadamotorjobs.com\/#\/schema\/logo\/image\/","url":"https:\/\/news.canadamotorjobs.com\/wp-content\/uploads\/2022\/10\/logo-canada-motor-jobs-1.png","contentUrl":"https:\/\/news.canadamotorjobs.com\/wp-content\/uploads\/2022\/10\/logo-canada-motor-jobs-1.png","width":800,"height":400,"caption":"Canada Motor Jobs"},"image":{"@id":"https:\/\/news.canadamotorjobs.com\/#\/schema\/logo\/image\/"},"sameAs":["https:\/\/www.facebook.com\/canadamotorjobs\/","https:\/\/x.com\/canadamotorjobs","https:\/\/www.instagram.com\/canadamotorjobs\/","https:\/\/www.linkedin.com\/company\/canadamotorjobs"]},{"@type":"Person","@id":"https:\/\/news.canadamotorjobs.com\/#\/schema\/person\/51793d1f87d44011d7bcc2ed99269a90","name":"Benoit Charette","image":{"@type":"ImageObject","inLanguage":"fr-CA","@id":"https:\/\/news.canadamotorjobs.com\/#\/schema\/person\/image\/","url":"https:\/\/secure.gravatar.com\/avatar\/45f3d2eebcccd909668d7ce7ea7267b6?s=96&d=mm&r=g","contentUrl":"https:\/\/secure.gravatar.com\/avatar\/45f3d2eebcccd909668d7ce7ea7267b6?s=96&d=mm&r=g","caption":"Benoit Charette"},"description":"Benoit Charette \/ Propri\u00e9taire et r\u00e9dacteur en chef Benoit Charette pratique le journalisme automobile depuis bient\u00f4t 30 ans. Il a fait ses classes au c\u00f4t\u00e9 de Daniel H\u00e9raud et au Carnet de route de 1992 \u00e0 2001. Il est fondateur, copropri\u00e9taire et r\u00e9dacteur en chef de L\u2019Annuel de l\u2019automobile, qu\u2019il publie depuis 2001. Il a anim\u00e9 les \u00e9missions RPM et RPM+ sur V et les L\u00e9gendes de la route sur Historia. \u00c0 la radio depuis 1986, il reprend l\u2019antenne cette ann\u00e9e sur les ondes de Cogeco et participe pour la deuxi\u00e8me ann\u00e9e \u00e0 l\u2019\u00e9mission Passion Auto sur RDS en plus de mettre en ligne le site Web officiel de L\u2019Annuel de l\u2019automobile sur annuelauto.ca.","sameAs":["https:\/\/annuelauto.ca\/"],"url":"https:\/\/news.canadamotorjobs.com\/fr\/author\/benoit-charette\/"}]}},"_links":{"self":[{"href":"https:\/\/news.canadamotorjobs.com\/fr\/wp-json\/wp\/v2\/posts\/165671"}],"collection":[{"href":"https:\/\/news.canadamotorjobs.com\/fr\/wp-json\/wp\/v2\/posts"}],"about":[{"href":"https:\/\/news.canadamotorjobs.com\/fr\/wp-json\/wp\/v2\/types\/post"}],"author":[{"embeddable":true,"href":"https:\/\/news.canadamotorjobs.com\/fr\/wp-json\/wp\/v2\/users\/8"}],"replies":[{"embeddable":true,"href":"https:\/\/news.canadamotorjobs.com\/fr\/wp-json\/wp\/v2\/comments?post=165671"}],"version-history":[{"count":2,"href":"https:\/\/news.canadamotorjobs.com\/fr\/wp-json\/wp\/v2\/posts\/165671\/revisions"}],"predecessor-version":[{"id":165675,"href":"https:\/\/news.canadamotorjobs.com\/fr\/wp-json\/wp\/v2\/posts\/165671\/revisions\/165675"}],"wp:featuredmedia":[{"embeddable":true,"href":"https:\/\/news.canadamotorjobs.com\/fr\/wp-json\/wp\/v2\/media\/165673"}],"wp:attachment":[{"href":"https:\/\/news.canadamotorjobs.com\/fr\/wp-json\/wp\/v2\/media?parent=165671"}],"wp:term":[{"taxonomy":"category","embeddable":true,"href":"https:\/\/news.canadamotorjobs.com\/fr\/wp-json\/wp\/v2\/categories?post=165671"},{"taxonomy":"post_tag","embeddable":true,"href":"https:\/\/news.canadamotorjobs.com\/fr\/wp-json\/wp\/v2\/tags?post=165671"}],"curies":[{"name":"wp","href":"https:\/\/api.w.org\/{rel}","templated":true}]}}