{"id":165617,"date":"2024-05-25T08:13:27","date_gmt":"2024-05-25T12:13:27","guid":{"rendered":"https:\/\/news.canadamotorjobs.com\/?p=165617"},"modified":"2024-05-25T08:14:21","modified_gmt":"2024-05-25T12:14:21","slug":"les-projets-dusines-electriques-de-ford-et-gm-en-peril","status":"publish","type":"post","link":"https:\/\/news.canadamotorjobs.com\/fr\/les-projets-dusines-electriques-de-ford-et-gm-en-peril\/","title":{"rendered":"Les Projets d\u2019Usines \u00c9lectriques de Ford et GM en P\u00e9ril"},"content":{"rendered":"<\/p>\n<p>Les retards et les r\u00e9ductions d\u2019emplois deviennent des th\u00e8mes r\u00e9currents pour les projets automobiles de grande envergure dans le Michigan, un \u00c9tat qui a investi des milliards de dollars dans la transition vers les v\u00e9hicules \u00e9lectriques (VE). Ford et General Motors modifient les plans de leurs immenses usines de VE au Michigan, soulevant des inqui\u00e9tudes quant \u00e0 la cr\u00e9ation d\u2019emplois promise pour ces projets largement subventionn\u00e9s.<\/p>\n<h3><strong>Changements de Plans chez Ford<\/strong><\/h3>\n<p>\nLe mois dernier, Ford a soumis un plan r\u00e9vis\u00e9 aux autorit\u00e9s de Marshall, Michigan. Initialement pr\u00e9vu pour \u00eatre une usine de batteries de 3,5 milliards de dollars avec 2 500 emplois, le projet a \u00e9t\u00e9 r\u00e9duit \u00e0 2,2 milliards de dollars et 1 700 emplois. Cette d\u00e9cision refl\u00e8te les ajustements n\u00e9cessaires face aux \u00e9volutions rapides de l\u2019industrie des VE.<\/p>\n<h3><strong>Modifications chez GM<\/strong><\/h3>\n<p>\nGM, quant \u00e0 elle, a obtenu l\u2019approbation la semaine derni\u00e8re pour un plan r\u00e9vis\u00e9 \u00e0 Orion Assembly, au nord de D\u00e9troit. Bien que l\u2019expansion de 4 milliards de dollars soit toujours en cours, le lancement retard\u00e9 des mod\u00e8les de pick-up \u00e9lectriques a jet\u00e9 le doute sur les 2 300 emplois pr\u00e9vus et les 1 000 emplois conserv\u00e9s. L\u2019une des modifications majeures est la r\u00e9duction de 40 % des places de stationnement pr\u00e9vues, indiquant une diminution potentielle du nombre d\u2019employ\u00e9s n\u00e9cessaires.<\/p>\n<h3><strong>R\u00e9actions et Inqui\u00e9tudes<\/strong><\/h3>\n<p>\nLors d\u2019une r\u00e9union de la commission de planification, John Maynard de Wade Trim a expliqu\u00e9 que les ajustements de conception interne ont permis de r\u00e9duire le besoin en main-d\u2019\u0153uvre. Kim Urbanowski, tr\u00e9sori\u00e8re de la commune, a exprim\u00e9 son m\u00e9contentement, rappelant que l\u2019enthousiasme initial reposait sur la promesse de cr\u00e9ation d\u2019emplois.<\/p>\n<h3><strong>Contexte \u00c9conomique et Industriel<\/strong><\/h3>\n<p>\nLes retards et les r\u00e9ductions d\u2019emplois dans les projets de VE sont devenus monnaie courante dans le Michigan. Les constructeurs automobiles r\u00e9\u00e9valuent leurs plans de production face \u00e0 une demande de VE inf\u00e9rieure aux pr\u00e9visions et \u00e0 des co\u00fbts de main-d\u2019\u0153uvre record apr\u00e8s les nouveaux contrats avec l\u2019UAW. En octobre, GM a annonc\u00e9 retarder la production \u00e0 Orion Assembly jusqu\u2019\u00e0 fin 2025 pour ajuster les prix et am\u00e9liorer l\u2019efficacit\u00e9 de fabrication.<\/p>\n<h3><strong>Impacts sur les Fournisseurs<\/strong><\/h3>\n<p>\nCes changements affectent \u00e9galement les fournisseurs. Des projets de nouvelles usines de fournisseurs et des centaines d\u2019emplois sont menac\u00e9s par les retards de GM. Par exemple, le projet d\u2019usine de Piston Automotive \u00e0 Auburn Hills a \u00e9t\u00e9 r\u00e9duit de 35 %, diminuant \u00e9galement les pr\u00e9visions d\u2019emplois.<\/p>\n<h3><strong>Investissements et Avenir du Michigan<\/strong><\/h3>\n<p>\nL\u2019\u00c9tat du Michigan a investi massivement dans ces projets, avec un soutien financier significatif pour Ford et GM. Malgr\u00e9 les d\u00e9fis, le Michigan Economic Development Corp. maintient son engagement \u00e0 devenir un leader mondial en mati\u00e8re de mobilit\u00e9 et d\u2019\u00e9nergie propre. Il en va de m\u00eame pour les investissements au Canada comme l&#8217;usine d&#8217;Oakville qui a retard\u00e9 de deux la production de v\u00e9hicules \u00e9lectriques.<\/p>\n<h3><strong>Conclusion<\/strong><\/h3>\n<p>\nLes r\u00e9visions des plans d\u2019usines chez Ford et GM illustrent les d\u00e9fis auxquels l\u2019industrie automobile est confront\u00e9e dans sa transition vers les v\u00e9hicules \u00e9lectriques. Les impacts sur l\u2019emploi et l\u2019\u00e9conomie locale restent incertains, n\u00e9cessitant une adaptation continue des strat\u00e9gies d\u2019investissement et de production.<\/p>\n<p>Avec des renseignements d\u2019Automotive News<\/p>\n<p>\u00a0<\/p>\n<p>Le texte <a rel=\"nofollow\" href=\"https:\/\/annuelauto.ca\/les-projets-dusines-electriques-de-ford-et-gm-en-peril\/\">Les Projets d\u2019Usines \u00c9lectriques de Ford et GM en P\u00e9ril<\/a> provient de <a rel=\"nofollow\" href=\"https:\/\/annuelauto.ca\">L&#8217;annuel de l&#8217;automobile &#8211; Actualit\u00e9 automobile<\/a><\/p>\n<p><\/p>\n","protected":false},"excerpt":{"rendered":"<p>Les retards et les r\u00e9ductions d\u2019emplois deviennent des th\u00e8mes r\u00e9currents pour les projets automobiles de grande envergure dans le Michigan, un \u00c9tat qui a investi des milliards de dollars dans la transition vers les v\u00e9hicules \u00e9lectriques (VE). Ford et General Motors modifient les plans de leurs immenses usines de VE au Michigan, soulevant des inqui\u00e9tudes [&hellip;]<\/p>\n","protected":false},"author":8,"featured_media":165619,"comment_status":"close","ping_status":"closed","sticky":false,"template":"","format":"standard","meta":{"_monsterinsights_skip_tracking":false,"_monsterinsights_sitenote_active":false,"_monsterinsights_sitenote_note":"","_monsterinsights_sitenote_category":0,"footnotes":""},"categories":[101],"tags":[],"yoast_head":"<!-- This site is optimized with the Yoast SEO plugin v23.2 - https:\/\/yoast.com\/wordpress\/plugins\/seo\/ -->\n<title>Les Projets d\u2019Usines \u00c9lectriques de Ford et GM en P\u00e9ril - CanadaMotorJobs.com<\/title>\n<meta name=\"description\" content=\"Les Projets d\u2019Usines \u00c9lectriques de Ford et GM en P\u00e9ril - Benoit Charette - Annuel automobile - CanadaMotorJobs.com.\" \/>\n<meta name=\"robots\" content=\"index, follow, max-snippet:-1, max-image-preview:large, max-video-preview:-1\" \/>\n<meta property=\"og:locale\" content=\"fr_CA\" \/>\n<meta property=\"og:type\" content=\"article\" \/>\n<meta property=\"og:title\" content=\"Les Projets d\u2019Usines \u00c9lectriques de Ford et GM en P\u00e9ril - CanadaMotorJobs.com\" \/>\n<meta property=\"og:description\" content=\"Les Projets d\u2019Usines \u00c9lectriques de Ford et GM en P\u00e9ril - Benoit Charette - Annuel automobile - CanadaMotorJobs.com.\" \/>\n<meta property=\"og:url\" content=\"https:\/\/news.canadamotorjobs.com\/fr\/les-projets-dusines-electriques-de-ford-et-gm-en-peril\/\" \/>\n<meta property=\"og:site_name\" content=\"CanadaMotorJobs.com\" \/>\n<meta property=\"article:publisher\" content=\"https:\/\/www.facebook.com\/canadamotorjobs\/\" \/>\n<meta property=\"article:published_time\" content=\"2024-05-25T12:13:27+00:00\" \/>\n<meta property=\"article:modified_time\" content=\"2024-05-25T12:14:21+00:00\" \/>\n<meta property=\"og:image\" content=\"https:\/\/news.canadamotorjobs.com\/wp-content\/uploads\/2024\/05\/63f5076fb21bb8b2c1d6ce509aad376ddb7e206a.jpg\" \/>\n\t<meta property=\"og:image:width\" content=\"1280\" \/>\n\t<meta property=\"og:image:height\" content=\"720\" \/>\n\t<meta property=\"og:image:type\" content=\"image\/jpeg\" \/>\n<meta name=\"author\" content=\"Benoit Charette\" \/>\n<meta name=\"twitter:card\" content=\"summary_large_image\" \/>\n<meta name=\"twitter:creator\" content=\"@canadamotorjobs\" \/>\n<meta name=\"twitter:site\" content=\"@canadamotorjobs\" \/>\n<meta name=\"twitter:label1\" content=\"\u00c9crit par\" \/>\n\t<meta name=\"twitter:data1\" content=\"Benoit Charette\" \/>\n\t<meta name=\"twitter:label2\" content=\"Estimation du temps de lecture\" \/>\n\t<meta name=\"twitter:data2\" content=\"3 minutes\" \/>\n<!-- \/ Yoast SEO plugin. -->","yoast_head_json":{"title":"Les Projets d\u2019Usines \u00c9lectriques de Ford et GM en P\u00e9ril - CanadaMotorJobs.com","description":"Les Projets d\u2019Usines \u00c9lectriques de Ford et GM en P\u00e9ril - Benoit Charette - Annuel automobile - CanadaMotorJobs.com.","robots":{"index":"index","follow":"follow","max-snippet":"max-snippet:-1","max-image-preview":"max-image-preview:large","max-video-preview":"max-video-preview:-1"},"og_locale":"fr_CA","og_type":"article","og_title":"Les Projets d\u2019Usines \u00c9lectriques de Ford et GM en P\u00e9ril - CanadaMotorJobs.com","og_description":"Les Projets d\u2019Usines \u00c9lectriques de Ford et GM en P\u00e9ril - Benoit Charette - Annuel automobile - CanadaMotorJobs.com.","og_url":"https:\/\/news.canadamotorjobs.com\/fr\/les-projets-dusines-electriques-de-ford-et-gm-en-peril\/","og_site_name":"CanadaMotorJobs.com","article_publisher":"https:\/\/www.facebook.com\/canadamotorjobs\/","article_published_time":"2024-05-25T12:13:27+00:00","article_modified_time":"2024-05-25T12:14:21+00:00","og_image":[{"width":1280,"height":720,"url":"https:\/\/news.canadamotorjobs.com\/wp-content\/uploads\/2024\/05\/63f5076fb21bb8b2c1d6ce509aad376ddb7e206a.jpg","type":"image\/jpeg"}],"author":"Benoit Charette","twitter_card":"summary_large_image","twitter_creator":"@canadamotorjobs","twitter_site":"@canadamotorjobs","twitter_misc":{"\u00c9crit par":"Benoit Charette","Estimation du temps de lecture":"3 minutes"},"schema":{"@context":"https:\/\/schema.org","@graph":[{"@type":"Article","@id":"https:\/\/news.canadamotorjobs.com\/fr\/les-projets-dusines-electriques-de-ford-et-gm-en-peril\/#article","isPartOf":{"@id":"https:\/\/news.canadamotorjobs.com\/fr\/les-projets-dusines-electriques-de-ford-et-gm-en-peril\/"},"author":{"name":"Benoit Charette","@id":"https:\/\/news.canadamotorjobs.com\/#\/schema\/person\/51793d1f87d44011d7bcc2ed99269a90"},"headline":"Les Projets d\u2019Usines \u00c9lectriques de Ford et GM en P\u00e9ril","datePublished":"2024-05-25T12:13:27+00:00","dateModified":"2024-05-25T12:14:21+00:00","mainEntityOfPage":{"@id":"https:\/\/news.canadamotorjobs.com\/fr\/les-projets-dusines-electriques-de-ford-et-gm-en-peril\/"},"wordCount":600,"publisher":{"@id":"https:\/\/news.canadamotorjobs.com\/#organization"},"image":{"@id":"https:\/\/news.canadamotorjobs.com\/fr\/les-projets-dusines-electriques-de-ford-et-gm-en-peril\/#primaryimage"},"thumbnailUrl":"https:\/\/news.canadamotorjobs.com\/wp-content\/uploads\/2024\/05\/63f5076fb21bb8b2c1d6ce509aad376ddb7e206a.jpg","articleSection":["Annuel automobile"],"inLanguage":"fr-CA"},{"@type":"WebPage","@id":"https:\/\/news.canadamotorjobs.com\/fr\/les-projets-dusines-electriques-de-ford-et-gm-en-peril\/","url":"https:\/\/news.canadamotorjobs.com\/fr\/les-projets-dusines-electriques-de-ford-et-gm-en-peril\/","name":"Les Projets d\u2019Usines \u00c9lectriques de Ford et GM en P\u00e9ril - CanadaMotorJobs.com","isPartOf":{"@id":"https:\/\/news.canadamotorjobs.com\/#website"},"primaryImageOfPage":{"@id":"https:\/\/news.canadamotorjobs.com\/fr\/les-projets-dusines-electriques-de-ford-et-gm-en-peril\/#primaryimage"},"image":{"@id":"https:\/\/news.canadamotorjobs.com\/fr\/les-projets-dusines-electriques-de-ford-et-gm-en-peril\/#primaryimage"},"thumbnailUrl":"https:\/\/news.canadamotorjobs.com\/wp-content\/uploads\/2024\/05\/63f5076fb21bb8b2c1d6ce509aad376ddb7e206a.jpg","datePublished":"2024-05-25T12:13:27+00:00","dateModified":"2024-05-25T12:14:21+00:00","description":"Les Projets d\u2019Usines \u00c9lectriques de Ford et GM en P\u00e9ril - Benoit Charette - Annuel automobile - CanadaMotorJobs.com.","breadcrumb":{"@id":"https:\/\/news.canadamotorjobs.com\/fr\/les-projets-dusines-electriques-de-ford-et-gm-en-peril\/#breadcrumb"},"inLanguage":"fr-CA","potentialAction":[{"@type":"ReadAction","target":["https:\/\/news.canadamotorjobs.com\/fr\/les-projets-dusines-electriques-de-ford-et-gm-en-peril\/"]}]},{"@type":"ImageObject","inLanguage":"fr-CA","@id":"https:\/\/news.canadamotorjobs.com\/fr\/les-projets-dusines-electriques-de-ford-et-gm-en-peril\/#primaryimage","url":"https:\/\/news.canadamotorjobs.com\/wp-content\/uploads\/2024\/05\/63f5076fb21bb8b2c1d6ce509aad376ddb7e206a.jpg","contentUrl":"https:\/\/news.canadamotorjobs.com\/wp-content\/uploads\/2024\/05\/63f5076fb21bb8b2c1d6ce509aad376ddb7e206a.jpg","width":1280,"height":720},{"@type":"BreadcrumbList","@id":"https:\/\/news.canadamotorjobs.com\/fr\/les-projets-dusines-electriques-de-ford-et-gm-en-peril\/#breadcrumb","itemListElement":[{"@type":"ListItem","position":1,"name":"Home","item":"https:\/\/news.canadamotorjobs.com\/fr\/blog\/"},{"@type":"ListItem","position":2,"name":"Les Projets d\u2019Usines \u00c9lectriques de Ford et GM en P\u00e9ril"}]},{"@type":"WebSite","@id":"https:\/\/news.canadamotorjobs.com\/#website","url":"https:\/\/news.canadamotorjobs.com\/","name":"CanadaMotorJobs.com","description":"Automotive Jobs","publisher":{"@id":"https:\/\/news.canadamotorjobs.com\/#organization"},"potentialAction":[{"@type":"SearchAction","target":{"@type":"EntryPoint","urlTemplate":"https:\/\/news.canadamotorjobs.com\/?s={search_term_string}"},"query-input":"required name=search_term_string"}],"inLanguage":"fr-CA"},{"@type":"Organization","@id":"https:\/\/news.canadamotorjobs.com\/#organization","name":"Canada Motor Jobs","url":"https:\/\/news.canadamotorjobs.com\/","logo":{"@type":"ImageObject","inLanguage":"fr-CA","@id":"https:\/\/news.canadamotorjobs.com\/#\/schema\/logo\/image\/","url":"https:\/\/news.canadamotorjobs.com\/wp-content\/uploads\/2022\/10\/logo-canada-motor-jobs-1.png","contentUrl":"https:\/\/news.canadamotorjobs.com\/wp-content\/uploads\/2022\/10\/logo-canada-motor-jobs-1.png","width":800,"height":400,"caption":"Canada Motor Jobs"},"image":{"@id":"https:\/\/news.canadamotorjobs.com\/#\/schema\/logo\/image\/"},"sameAs":["https:\/\/www.facebook.com\/canadamotorjobs\/","https:\/\/x.com\/canadamotorjobs","https:\/\/www.instagram.com\/canadamotorjobs\/","https:\/\/www.linkedin.com\/company\/canadamotorjobs"]},{"@type":"Person","@id":"https:\/\/news.canadamotorjobs.com\/#\/schema\/person\/51793d1f87d44011d7bcc2ed99269a90","name":"Benoit Charette","image":{"@type":"ImageObject","inLanguage":"fr-CA","@id":"https:\/\/news.canadamotorjobs.com\/#\/schema\/person\/image\/","url":"https:\/\/secure.gravatar.com\/avatar\/45f3d2eebcccd909668d7ce7ea7267b6?s=96&d=mm&r=g","contentUrl":"https:\/\/secure.gravatar.com\/avatar\/45f3d2eebcccd909668d7ce7ea7267b6?s=96&d=mm&r=g","caption":"Benoit Charette"},"description":"Benoit Charette \/ Propri\u00e9taire et r\u00e9dacteur en chef Benoit Charette pratique le journalisme automobile depuis bient\u00f4t 30 ans. Il a fait ses classes au c\u00f4t\u00e9 de Daniel H\u00e9raud et au Carnet de route de 1992 \u00e0 2001. Il est fondateur, copropri\u00e9taire et r\u00e9dacteur en chef de L\u2019Annuel de l\u2019automobile, qu\u2019il publie depuis 2001. Il a anim\u00e9 les \u00e9missions RPM et RPM+ sur V et les L\u00e9gendes de la route sur Historia. \u00c0 la radio depuis 1986, il reprend l\u2019antenne cette ann\u00e9e sur les ondes de Cogeco et participe pour la deuxi\u00e8me ann\u00e9e \u00e0 l\u2019\u00e9mission Passion Auto sur RDS en plus de mettre en ligne le site Web officiel de L\u2019Annuel de l\u2019automobile sur annuelauto.ca.","sameAs":["https:\/\/annuelauto.ca\/"],"url":"https:\/\/news.canadamotorjobs.com\/fr\/author\/benoit-charette\/"}]}},"_links":{"self":[{"href":"https:\/\/news.canadamotorjobs.com\/fr\/wp-json\/wp\/v2\/posts\/165617"}],"collection":[{"href":"https:\/\/news.canadamotorjobs.com\/fr\/wp-json\/wp\/v2\/posts"}],"about":[{"href":"https:\/\/news.canadamotorjobs.com\/fr\/wp-json\/wp\/v2\/types\/post"}],"author":[{"embeddable":true,"href":"https:\/\/news.canadamotorjobs.com\/fr\/wp-json\/wp\/v2\/users\/8"}],"replies":[{"embeddable":true,"href":"https:\/\/news.canadamotorjobs.com\/fr\/wp-json\/wp\/v2\/comments?post=165617"}],"version-history":[{"count":2,"href":"https:\/\/news.canadamotorjobs.com\/fr\/wp-json\/wp\/v2\/posts\/165617\/revisions"}],"predecessor-version":[{"id":165621,"href":"https:\/\/news.canadamotorjobs.com\/fr\/wp-json\/wp\/v2\/posts\/165617\/revisions\/165621"}],"wp:featuredmedia":[{"embeddable":true,"href":"https:\/\/news.canadamotorjobs.com\/fr\/wp-json\/wp\/v2\/media\/165619"}],"wp:attachment":[{"href":"https:\/\/news.canadamotorjobs.com\/fr\/wp-json\/wp\/v2\/media?parent=165617"}],"wp:term":[{"taxonomy":"category","embeddable":true,"href":"https:\/\/news.canadamotorjobs.com\/fr\/wp-json\/wp\/v2\/categories?post=165617"},{"taxonomy":"post_tag","embeddable":true,"href":"https:\/\/news.canadamotorjobs.com\/fr\/wp-json\/wp\/v2\/tags?post=165617"}],"curies":[{"name":"wp","href":"https:\/\/api.w.org\/{rel}","templated":true}]}}