{"id":165505,"date":"2024-05-24T07:21:13","date_gmt":"2024-05-24T11:21:13","guid":{"rendered":"https:\/\/news.canadamotorjobs.com\/?p=165505"},"modified":"2024-05-24T07:33:07","modified_gmt":"2024-05-24T11:33:07","slug":"nouveau-tarif-de-recharge-en-vigueur-sur-les-bornes-de-niveau-2-du-circuit-electrique","status":"publish","type":"post","link":"https:\/\/news.canadamotorjobs.com\/fr\/nouveau-tarif-de-recharge-en-vigueur-sur-les-bornes-de-niveau-2-du-circuit-electrique\/","title":{"rendered":"Nouveau tarif de recharge en vigueur sur les bornes de niveau 2 du circuit \u00e9lectrique"},"content":{"rendered":"<\/p>\n<p>Les bornes de niveau 2 (ou bornes standards de 7 kW) font partie du r\u00e9seau du Circuit \u00e9lectrique, mais ne sont pas la propri\u00e9t\u00e9 d\u2019Hydro-Qu\u00e9bec. Le tarif de la recharge \u00e0 ces bornes est d\u00e9termin\u00e9 par les propri\u00e9taires des bornes, selon des crit\u00e8res pr\u00e9d\u00e9finis. Il peut donc varier d\u2019une station \u00e0 l\u2019autre. Le tarif est clairement indiqu\u00e9 sur l\u2019\u00e9cran de la borne et peut aussi \u00eatre consult\u00e9 en affichant la borne sur la carte interractive en ligne ou dans l&#8217;application mobile Circuit \u00e9lectrique.<\/p>\n<p>Bien que les tarifs soient d\u00e9termin\u00e9s par les propri\u00e9taires de bornes, ils sont encadr\u00e9s par une grille fournie par le Circuit \u00e9lectrique, qui encourage une certaine uniformisation.<\/p>\n<h3>Cette nouvelle tarification permet :<\/h3>\n<p><\/p>\n<ul><\/p>\n<li>d\u2019accro\u00eetre le r\u00e9seau des partenaires et ainsi d\u2019induire une acc\u00e9l\u00e9ration de la croissance du parc de bornes publiques du Circuit \u00e9lectrique ;<\/li>\n<p><\/p>\n<li>de faciliter l\u2019acc\u00e8s \u00e0 la recharge publique ;<\/li>\n<p><\/p>\n<li>d\u2019assurer le maintien d\u2019un service fiable et constant \u00e0 la grandeur du r\u00e9seau ;<\/li>\n<p><\/p>\n<li>d\u2019optimiser la flexibilit\u00e9 : certaines bornes pourraient voir une diminution de leur tarif, m\u00eame jusqu\u2019\u00e0 la gratuit\u00e9 ;<\/li>\n<p><\/p>\n<li>d\u2019offrir des prix concurrentiels pour la recharge, les kilowatts demeurant plus abordables que l\u2019essence.<\/li>\n<p>\n<\/ul>\n<p><\/p>\n<h3><strong>Quels param\u00e8tres doivent \u00eatre suivis par\u00a0les propri\u00e9taires de bornes ?<\/strong><\/h3>\n<p>\nLes partenaires du Circuit \u00e9lectrique pourront ajuster les tarifs de leurs bornes le\u00a0\u00a0<strong>1er juin<\/strong>\u00a0et le\u00a0\u00a0<strong>1er d\u00e9cembre<\/strong>\u00a0 de chaque ann\u00e9e.<\/p>\n<h3>Les nouveaux tarifs pourront \u00eatre \u00e9tablis selon trois approches, soit:<\/h3>\n<p><\/p>\n<ul><\/p>\n<li>un tarif <strong>\u00e0 l\u2019heure<\/strong> : entre 0 $ et 3 $ par heure de recharge, factur\u00e9e \u00e0 la minute, par tranches de 0,25 $;<\/li>\n<p><\/p>\n<li>un tarif <strong>forfaitaire <\/strong>: entre 0 $ et 20 $ par s\u00e9ance de recharge, par tranches de 0,50 $ ou<\/li>\n<p><\/p>\n<li>une tarification <strong>par plages horaires<\/strong> : entre 0 $ et 3 $ par plage horaire et entre 0 $ et 3\u00a0$ pour les p\u00e9riodes d\u2019inactivit\u00e9 (quand le v\u00e9hicule a compl\u00e9t\u00e9 sa recharge, mais est toujours branch\u00e9 \u00e0 la borne) selon les options disponibles.<\/li>\n<p>\n<\/ul>\n<p>\nSource: Circuit \u00e9lectrique<\/p>\n<p>\u00a0<\/p>\n<p>Le texte <a rel=\"nofollow\" href=\"https:\/\/annuelauto.ca\/nouveau-tarif-de-recharge-en-vigueur-sur-les-bornes-de-niveau-2-du-circuit-electrique\/\">Nouveau tarif de recharge en vigueur sur les bornes de niveau 2 du circuit \u00e9lectrique<\/a> provient de <a rel=\"nofollow\" href=\"https:\/\/annuelauto.ca\">L&#8217;annuel de l&#8217;automobile &#8211; Actualit\u00e9 automobile<\/a><\/p>\n<p><\/p>\n","protected":false},"excerpt":{"rendered":"<p>Les bornes de niveau 2 (ou bornes standards de 7 kW) font partie du r\u00e9seau du Circuit \u00e9lectrique, mais ne sont pas la propri\u00e9t\u00e9 d\u2019Hydro-Qu\u00e9bec. Le tarif de la recharge \u00e0 ces bornes est d\u00e9termin\u00e9 par les propri\u00e9taires des bornes, selon des crit\u00e8res pr\u00e9d\u00e9finis. Il peut donc varier d\u2019une station \u00e0 l\u2019autre. Le tarif est [&hellip;]<\/p>\n","protected":false},"author":8,"featured_media":165507,"comment_status":"close","ping_status":"closed","sticky":false,"template":"","format":"standard","meta":{"_monsterinsights_skip_tracking":false,"_monsterinsights_sitenote_active":false,"_monsterinsights_sitenote_note":"","_monsterinsights_sitenote_category":0,"footnotes":""},"categories":[101],"tags":[],"yoast_head":"<!-- This site is optimized with the Yoast SEO plugin v23.2 - https:\/\/yoast.com\/wordpress\/plugins\/seo\/ -->\n<title>Nouveau tarif de recharge en vigueur sur les bornes de niveau 2 du circuit \u00e9lectrique - CanadaMotorJobs.com<\/title>\n<meta name=\"description\" content=\"Nouveau tarif de recharge en vigueur sur les bornes de niveau 2 du circuit \u00e9lectrique - Benoit Charette - Annuel automobile - CanadaMotorJobs.com.\" \/>\n<meta name=\"robots\" content=\"index, follow, max-snippet:-1, max-image-preview:large, max-video-preview:-1\" \/>\n<meta property=\"og:locale\" content=\"fr_CA\" \/>\n<meta property=\"og:type\" content=\"article\" \/>\n<meta property=\"og:title\" content=\"Nouveau tarif de recharge en vigueur sur les bornes de niveau 2 du circuit \u00e9lectrique - CanadaMotorJobs.com\" \/>\n<meta property=\"og:description\" content=\"Nouveau tarif de recharge en vigueur sur les bornes de niveau 2 du circuit \u00e9lectrique - Benoit Charette - Annuel automobile - CanadaMotorJobs.com.\" \/>\n<meta property=\"og:url\" content=\"https:\/\/news.canadamotorjobs.com\/fr\/nouveau-tarif-de-recharge-en-vigueur-sur-les-bornes-de-niveau-2-du-circuit-electrique\/\" \/>\n<meta property=\"og:site_name\" content=\"CanadaMotorJobs.com\" \/>\n<meta property=\"article:publisher\" content=\"https:\/\/www.facebook.com\/canadamotorjobs\/\" \/>\n<meta property=\"article:published_time\" content=\"2024-05-24T11:21:13+00:00\" \/>\n<meta property=\"article:modified_time\" content=\"2024-05-24T11:33:07+00:00\" \/>\n<meta property=\"og:image\" content=\"https:\/\/news.canadamotorjobs.com\/wp-content\/uploads\/2024\/05\/Circuit_electrique-4.jpg\" \/>\n\t<meta property=\"og:image:width\" content=\"2000\" \/>\n\t<meta property=\"og:image:height\" content=\"1125\" \/>\n\t<meta property=\"og:image:type\" content=\"image\/jpeg\" \/>\n<meta name=\"author\" content=\"Benoit Charette\" \/>\n<meta name=\"twitter:card\" content=\"summary_large_image\" \/>\n<meta name=\"twitter:creator\" content=\"@canadamotorjobs\" \/>\n<meta name=\"twitter:site\" content=\"@canadamotorjobs\" \/>\n<meta name=\"twitter:label1\" content=\"\u00c9crit par\" \/>\n\t<meta name=\"twitter:data1\" content=\"Benoit Charette\" \/>\n\t<meta name=\"twitter:label2\" content=\"Estimation du temps de lecture\" \/>\n\t<meta name=\"twitter:data2\" content=\"2 minutes\" \/>\n<!-- \/ Yoast SEO plugin. -->","yoast_head_json":{"title":"Nouveau tarif de recharge en vigueur sur les bornes de niveau 2 du circuit \u00e9lectrique - CanadaMotorJobs.com","description":"Nouveau tarif de recharge en vigueur sur les bornes de niveau 2 du circuit \u00e9lectrique - Benoit Charette - Annuel automobile - CanadaMotorJobs.com.","robots":{"index":"index","follow":"follow","max-snippet":"max-snippet:-1","max-image-preview":"max-image-preview:large","max-video-preview":"max-video-preview:-1"},"og_locale":"fr_CA","og_type":"article","og_title":"Nouveau tarif de recharge en vigueur sur les bornes de niveau 2 du circuit \u00e9lectrique - CanadaMotorJobs.com","og_description":"Nouveau tarif de recharge en vigueur sur les bornes de niveau 2 du circuit \u00e9lectrique - Benoit Charette - Annuel automobile - CanadaMotorJobs.com.","og_url":"https:\/\/news.canadamotorjobs.com\/fr\/nouveau-tarif-de-recharge-en-vigueur-sur-les-bornes-de-niveau-2-du-circuit-electrique\/","og_site_name":"CanadaMotorJobs.com","article_publisher":"https:\/\/www.facebook.com\/canadamotorjobs\/","article_published_time":"2024-05-24T11:21:13+00:00","article_modified_time":"2024-05-24T11:33:07+00:00","og_image":[{"width":2000,"height":1125,"url":"https:\/\/news.canadamotorjobs.com\/wp-content\/uploads\/2024\/05\/Circuit_electrique-4.jpg","type":"image\/jpeg"}],"author":"Benoit Charette","twitter_card":"summary_large_image","twitter_creator":"@canadamotorjobs","twitter_site":"@canadamotorjobs","twitter_misc":{"\u00c9crit par":"Benoit Charette","Estimation du temps de lecture":"2 minutes"},"schema":{"@context":"https:\/\/schema.org","@graph":[{"@type":"Article","@id":"https:\/\/news.canadamotorjobs.com\/fr\/nouveau-tarif-de-recharge-en-vigueur-sur-les-bornes-de-niveau-2-du-circuit-electrique\/#article","isPartOf":{"@id":"https:\/\/news.canadamotorjobs.com\/fr\/nouveau-tarif-de-recharge-en-vigueur-sur-les-bornes-de-niveau-2-du-circuit-electrique\/"},"author":{"name":"Benoit Charette","@id":"https:\/\/news.canadamotorjobs.com\/#\/schema\/person\/51793d1f87d44011d7bcc2ed99269a90"},"headline":"Nouveau tarif de recharge en vigueur sur les bornes de niveau 2 du circuit \u00e9lectrique","datePublished":"2024-05-24T11:21:13+00:00","dateModified":"2024-05-24T11:33:07+00:00","mainEntityOfPage":{"@id":"https:\/\/news.canadamotorjobs.com\/fr\/nouveau-tarif-de-recharge-en-vigueur-sur-les-bornes-de-niveau-2-du-circuit-electrique\/"},"wordCount":369,"publisher":{"@id":"https:\/\/news.canadamotorjobs.com\/#organization"},"image":{"@id":"https:\/\/news.canadamotorjobs.com\/fr\/nouveau-tarif-de-recharge-en-vigueur-sur-les-bornes-de-niveau-2-du-circuit-electrique\/#primaryimage"},"thumbnailUrl":"https:\/\/news.canadamotorjobs.com\/wp-content\/uploads\/2024\/05\/Circuit_electrique-4.jpg","articleSection":["Annuel automobile"],"inLanguage":"fr-CA"},{"@type":"WebPage","@id":"https:\/\/news.canadamotorjobs.com\/fr\/nouveau-tarif-de-recharge-en-vigueur-sur-les-bornes-de-niveau-2-du-circuit-electrique\/","url":"https:\/\/news.canadamotorjobs.com\/fr\/nouveau-tarif-de-recharge-en-vigueur-sur-les-bornes-de-niveau-2-du-circuit-electrique\/","name":"Nouveau tarif de recharge en vigueur sur les bornes de niveau 2 du circuit \u00e9lectrique - CanadaMotorJobs.com","isPartOf":{"@id":"https:\/\/news.canadamotorjobs.com\/#website"},"primaryImageOfPage":{"@id":"https:\/\/news.canadamotorjobs.com\/fr\/nouveau-tarif-de-recharge-en-vigueur-sur-les-bornes-de-niveau-2-du-circuit-electrique\/#primaryimage"},"image":{"@id":"https:\/\/news.canadamotorjobs.com\/fr\/nouveau-tarif-de-recharge-en-vigueur-sur-les-bornes-de-niveau-2-du-circuit-electrique\/#primaryimage"},"thumbnailUrl":"https:\/\/news.canadamotorjobs.com\/wp-content\/uploads\/2024\/05\/Circuit_electrique-4.jpg","datePublished":"2024-05-24T11:21:13+00:00","dateModified":"2024-05-24T11:33:07+00:00","description":"Nouveau tarif de recharge en vigueur sur les bornes de niveau 2 du circuit \u00e9lectrique - Benoit Charette - Annuel automobile - CanadaMotorJobs.com.","breadcrumb":{"@id":"https:\/\/news.canadamotorjobs.com\/fr\/nouveau-tarif-de-recharge-en-vigueur-sur-les-bornes-de-niveau-2-du-circuit-electrique\/#breadcrumb"},"inLanguage":"fr-CA","potentialAction":[{"@type":"ReadAction","target":["https:\/\/news.canadamotorjobs.com\/fr\/nouveau-tarif-de-recharge-en-vigueur-sur-les-bornes-de-niveau-2-du-circuit-electrique\/"]}]},{"@type":"ImageObject","inLanguage":"fr-CA","@id":"https:\/\/news.canadamotorjobs.com\/fr\/nouveau-tarif-de-recharge-en-vigueur-sur-les-bornes-de-niveau-2-du-circuit-electrique\/#primaryimage","url":"https:\/\/news.canadamotorjobs.com\/wp-content\/uploads\/2024\/05\/Circuit_electrique-4.jpg","contentUrl":"https:\/\/news.canadamotorjobs.com\/wp-content\/uploads\/2024\/05\/Circuit_electrique-4.jpg","width":2000,"height":1125},{"@type":"BreadcrumbList","@id":"https:\/\/news.canadamotorjobs.com\/fr\/nouveau-tarif-de-recharge-en-vigueur-sur-les-bornes-de-niveau-2-du-circuit-electrique\/#breadcrumb","itemListElement":[{"@type":"ListItem","position":1,"name":"Home","item":"https:\/\/news.canadamotorjobs.com\/fr\/blog\/"},{"@type":"ListItem","position":2,"name":"Nouveau tarif de recharge en vigueur sur les bornes de niveau 2 du circuit \u00e9lectrique"}]},{"@type":"WebSite","@id":"https:\/\/news.canadamotorjobs.com\/#website","url":"https:\/\/news.canadamotorjobs.com\/","name":"CanadaMotorJobs.com","description":"Automotive Jobs","publisher":{"@id":"https:\/\/news.canadamotorjobs.com\/#organization"},"potentialAction":[{"@type":"SearchAction","target":{"@type":"EntryPoint","urlTemplate":"https:\/\/news.canadamotorjobs.com\/?s={search_term_string}"},"query-input":"required name=search_term_string"}],"inLanguage":"fr-CA"},{"@type":"Organization","@id":"https:\/\/news.canadamotorjobs.com\/#organization","name":"Canada Motor Jobs","url":"https:\/\/news.canadamotorjobs.com\/","logo":{"@type":"ImageObject","inLanguage":"fr-CA","@id":"https:\/\/news.canadamotorjobs.com\/#\/schema\/logo\/image\/","url":"https:\/\/news.canadamotorjobs.com\/wp-content\/uploads\/2022\/10\/logo-canada-motor-jobs-1.png","contentUrl":"https:\/\/news.canadamotorjobs.com\/wp-content\/uploads\/2022\/10\/logo-canada-motor-jobs-1.png","width":800,"height":400,"caption":"Canada Motor Jobs"},"image":{"@id":"https:\/\/news.canadamotorjobs.com\/#\/schema\/logo\/image\/"},"sameAs":["https:\/\/www.facebook.com\/canadamotorjobs\/","https:\/\/x.com\/canadamotorjobs","https:\/\/www.instagram.com\/canadamotorjobs\/","https:\/\/www.linkedin.com\/company\/canadamotorjobs"]},{"@type":"Person","@id":"https:\/\/news.canadamotorjobs.com\/#\/schema\/person\/51793d1f87d44011d7bcc2ed99269a90","name":"Benoit Charette","image":{"@type":"ImageObject","inLanguage":"fr-CA","@id":"https:\/\/news.canadamotorjobs.com\/#\/schema\/person\/image\/","url":"https:\/\/secure.gravatar.com\/avatar\/45f3d2eebcccd909668d7ce7ea7267b6?s=96&d=mm&r=g","contentUrl":"https:\/\/secure.gravatar.com\/avatar\/45f3d2eebcccd909668d7ce7ea7267b6?s=96&d=mm&r=g","caption":"Benoit Charette"},"description":"Benoit Charette \/ Propri\u00e9taire et r\u00e9dacteur en chef Benoit Charette pratique le journalisme automobile depuis bient\u00f4t 30 ans. Il a fait ses classes au c\u00f4t\u00e9 de Daniel H\u00e9raud et au Carnet de route de 1992 \u00e0 2001. Il est fondateur, copropri\u00e9taire et r\u00e9dacteur en chef de L\u2019Annuel de l\u2019automobile, qu\u2019il publie depuis 2001. Il a anim\u00e9 les \u00e9missions RPM et RPM+ sur V et les L\u00e9gendes de la route sur Historia. \u00c0 la radio depuis 1986, il reprend l\u2019antenne cette ann\u00e9e sur les ondes de Cogeco et participe pour la deuxi\u00e8me ann\u00e9e \u00e0 l\u2019\u00e9mission Passion Auto sur RDS en plus de mettre en ligne le site Web officiel de L\u2019Annuel de l\u2019automobile sur annuelauto.ca.","sameAs":["https:\/\/annuelauto.ca\/"],"url":"https:\/\/news.canadamotorjobs.com\/fr\/author\/benoit-charette\/"}]}},"_links":{"self":[{"href":"https:\/\/news.canadamotorjobs.com\/fr\/wp-json\/wp\/v2\/posts\/165505"}],"collection":[{"href":"https:\/\/news.canadamotorjobs.com\/fr\/wp-json\/wp\/v2\/posts"}],"about":[{"href":"https:\/\/news.canadamotorjobs.com\/fr\/wp-json\/wp\/v2\/types\/post"}],"author":[{"embeddable":true,"href":"https:\/\/news.canadamotorjobs.com\/fr\/wp-json\/wp\/v2\/users\/8"}],"replies":[{"embeddable":true,"href":"https:\/\/news.canadamotorjobs.com\/fr\/wp-json\/wp\/v2\/comments?post=165505"}],"version-history":[{"count":2,"href":"https:\/\/news.canadamotorjobs.com\/fr\/wp-json\/wp\/v2\/posts\/165505\/revisions"}],"predecessor-version":[{"id":165509,"href":"https:\/\/news.canadamotorjobs.com\/fr\/wp-json\/wp\/v2\/posts\/165505\/revisions\/165509"}],"wp:featuredmedia":[{"embeddable":true,"href":"https:\/\/news.canadamotorjobs.com\/fr\/wp-json\/wp\/v2\/media\/165507"}],"wp:attachment":[{"href":"https:\/\/news.canadamotorjobs.com\/fr\/wp-json\/wp\/v2\/media?parent=165505"}],"wp:term":[{"taxonomy":"category","embeddable":true,"href":"https:\/\/news.canadamotorjobs.com\/fr\/wp-json\/wp\/v2\/categories?post=165505"},{"taxonomy":"post_tag","embeddable":true,"href":"https:\/\/news.canadamotorjobs.com\/fr\/wp-json\/wp\/v2\/tags?post=165505"}],"curies":[{"name":"wp","href":"https:\/\/api.w.org\/{rel}","templated":true}]}}