{"id":165482,"date":"2024-05-24T06:55:56","date_gmt":"2024-05-24T10:55:56","guid":{"rendered":"https:\/\/news.canadamotorjobs.com\/?p=165482"},"modified":"2024-05-24T06:59:20","modified_gmt":"2024-05-24T10:59:20","slug":"nissan-met-un-freins-sur-sa-production-des-vehicules-electriques-aux-etats-unis","status":"publish","type":"post","link":"https:\/\/news.canadamotorjobs.com\/fr\/nissan-met-un-freins-sur-sa-production-des-vehicules-electriques-aux-etats-unis\/","title":{"rendered":"Nissan met un freins sur sa production des v\u00e9hicules \u00e9lectriques aux \u00c9tats-Unis"},"content":{"rendered":"<\/p>\n<h3>Nissan suspend la production de berlines \u00e9lectriques fabriqu\u00e9es aux \u00c9tats-Unis pour se concentrer sur des v\u00e9hicules plus populaires<\/h3>\n<p>\nNissan a r\u00e9cemment demand\u00e9 \u00e0 ses fournisseurs de cesser les activit\u00e9s de d\u00e9veloppement li\u00e9es \u00e0 ses futures berlines \u00e9lectriques, mais le constructeur pr\u00e9voit toujours de proposer un nouveau v\u00e9hicule \u00e9lectrique en Am\u00e9rique. Selon Automotive News, cette d\u00e9cision concerne l&#8217;usine de Canton, au Mississippi, o\u00f9 la production devait d\u00e9buter en juin 2026. D\u00e9sormais, l&#8217;assemblage est report\u00e9 \u00e0 novembre 2026. Les fournisseurs seront mis \u00e0 jour en juin et un nouveau plan est attendu dans les six \u00e0 huit mois.<\/p>\n<h3>Un ajustement strat\u00e9gique pour r\u00e9pondre \u00e0 la demande du march\u00e9<\/h3>\n<p>\nNissan remplacera la production des berlines \u00e9lectriques par celle d&#8217;un VUS \u00e9lectrique de taille moyenne, en r\u00e9ponse \u00e0 la demande du march\u00e9. Jeremie Papin, pr\u00e9sident de Nissan Americas, a d\u00e9clar\u00e9 \u00e0 Automotive News que Nissan adopte une approche &#8220;pragmatique et r\u00e9active&#8221; vis-\u00e0-vis des v\u00e9hicules \u00e9lectriques. &#8220;L&#8217;important est de s&#8217;assurer que nous lan\u00e7ons les v\u00e9hicules que les clients veulent, au moment o\u00f9 ils les veulent,&#8221; a-t-il affirm\u00e9.<\/p>\n<p>Comme d&#8217;autres constructeurs, Nissan revoit sa strat\u00e9gie d&#8217;\u00e9lectrification pour mieux r\u00e9pondre aux besoins des clients actuels et futurs. General Motors, par exemple, a d\u00fb revoir ses plans initiaux de v\u00e9hicules enti\u00e8rement \u00e9lectriques et introduira des hybrides rechargeables d&#8217;ici 2027. Mercedes-Benz, Land Rover et Kia ont \u00e9galement ajust\u00e9 leurs ambitions en mati\u00e8re de v\u00e9hicules \u00e9lectriques.<\/p>\n<h3>Un nouveau VUS \u00e9lectrique compact en pr\u00e9paration<\/h3>\n<p>\nCependant, cela ne signifie pas que Nissan abandonne son plan directeur pour les v\u00e9hicules \u00e9lectriques. Selon le m\u00e9mo, Nissan pr\u00e9voit d&#8217;ajouter un autre v\u00e9hicule \u00e9lectrique \u00e0 son programme de production \u00e0 Canton. Ce v\u00e9hicule, nomm\u00e9 de code PZ1L, sera probablement un petit crossover, un segment tr\u00e8s populaire aupr\u00e8s des acheteurs am\u00e9ricains. Ajouter une option \u00e9lectrique abordable dans cette cat\u00e9gorie positionnera avantageusement Nissan.<\/p>\n<p>Un fournisseur a indiqu\u00e9 que ces nouveaux v\u00e9hicules \u00e9lectriques partageront des composants pour r\u00e9duire les co\u00fbts. De plus, leur production aux \u00c9tats-Unis permettra \u00e0 Nissan de proposer des prix comp\u00e9titifs. Le constructeur pr\u00e9voit \u00e9galement d&#8217;adopter des m\u00e9thodes de production de type Gigacasting, inspir\u00e9es de Tesla, pour minimiser les co\u00fbts. &#8220;Trouver le bon m\u00e9lange de v\u00e9hicules \u00e9lectriques et synchroniser leur arriv\u00e9e au bon moment est crucial pour le succ\u00e8s de Nissan,&#8221; a d\u00e9clar\u00e9 Sam Fiorani, vice-pr\u00e9sident chez AutoForecast Solutions. &#8220;Cela pourrait \u00eatre la d\u00e9cision la plus importante de l&#8217;histoire de Nissan.&#8221;<\/p>\n<p>Avec des renseignements d&#8217;Automotive News<\/p>\n<p>Le texte <a rel=\"nofollow\" href=\"https:\/\/annuelauto.ca\/nissan-met-un-freins-sur-sa-production-des-vehicules-electriques-aux-etats-unis\/\">Nissan met un freins sur sa production des v\u00e9hicules \u00e9lectriques aux \u00c9tats-Unis<\/a> provient de <a rel=\"nofollow\" href=\"https:\/\/annuelauto.ca\">L&#8217;annuel de l&#8217;automobile &#8211; Actualit\u00e9 automobile<\/a><\/p>\n<p><\/p>\n","protected":false},"excerpt":{"rendered":"<p>Nissan suspend la production de berlines \u00e9lectriques fabriqu\u00e9es aux \u00c9tats-Unis pour se concentrer sur des v\u00e9hicules plus populaires Nissan a r\u00e9cemment demand\u00e9 \u00e0 ses fournisseurs de cesser les activit\u00e9s de d\u00e9veloppement li\u00e9es \u00e0 ses futures berlines \u00e9lectriques, mais le constructeur pr\u00e9voit toujours de proposer un nouveau v\u00e9hicule \u00e9lectrique en Am\u00e9rique. Selon Automotive News, cette d\u00e9cision [&hellip;]<\/p>\n","protected":false},"author":8,"featured_media":165484,"comment_status":"close","ping_status":"closed","sticky":false,"template":"","format":"standard","meta":{"_monsterinsights_skip_tracking":false,"_monsterinsights_sitenote_active":false,"_monsterinsights_sitenote_note":"","_monsterinsights_sitenote_category":0,"footnotes":""},"categories":[101],"tags":[],"yoast_head":"<!-- This site is optimized with the Yoast SEO plugin v23.2 - https:\/\/yoast.com\/wordpress\/plugins\/seo\/ -->\n<title>Nissan met un freins sur sa production des v\u00e9hicules \u00e9lectriques aux \u00c9tats-Unis - CanadaMotorJobs.com<\/title>\n<meta name=\"description\" content=\"Nissan met un freins sur sa production des v\u00e9hicules \u00e9lectriques aux \u00c9tats-Unis - Benoit Charette - Annuel automobile - CanadaMotorJobs.com.\" \/>\n<meta name=\"robots\" content=\"index, follow, max-snippet:-1, max-image-preview:large, max-video-preview:-1\" \/>\n<meta property=\"og:locale\" content=\"fr_CA\" \/>\n<meta property=\"og:type\" content=\"article\" \/>\n<meta property=\"og:title\" content=\"Nissan met un freins sur sa production des v\u00e9hicules \u00e9lectriques aux \u00c9tats-Unis - CanadaMotorJobs.com\" \/>\n<meta property=\"og:description\" content=\"Nissan met un freins sur sa production des v\u00e9hicules \u00e9lectriques aux \u00c9tats-Unis - Benoit Charette - Annuel automobile - CanadaMotorJobs.com.\" \/>\n<meta property=\"og:url\" content=\"https:\/\/news.canadamotorjobs.com\/fr\/nissan-met-un-freins-sur-sa-production-des-vehicules-electriques-aux-etats-unis\/\" \/>\n<meta property=\"og:site_name\" content=\"CanadaMotorJobs.com\" \/>\n<meta property=\"article:publisher\" content=\"https:\/\/www.facebook.com\/canadamotorjobs\/\" \/>\n<meta property=\"article:published_time\" content=\"2024-05-24T10:55:56+00:00\" \/>\n<meta property=\"article:modified_time\" content=\"2024-05-24T10:59:20+00:00\" \/>\n<meta property=\"og:image\" content=\"https:\/\/news.canadamotorjobs.com\/wp-content\/uploads\/2024\/05\/2023-Nissan-LEAF-36-1200x800-1.jpg\" \/>\n\t<meta property=\"og:image:width\" content=\"1200\" \/>\n\t<meta property=\"og:image:height\" content=\"800\" \/>\n\t<meta property=\"og:image:type\" content=\"image\/jpeg\" \/>\n<meta name=\"author\" content=\"Benoit Charette\" \/>\n<meta name=\"twitter:card\" content=\"summary_large_image\" \/>\n<meta name=\"twitter:creator\" content=\"@canadamotorjobs\" \/>\n<meta name=\"twitter:site\" content=\"@canadamotorjobs\" \/>\n<meta name=\"twitter:label1\" content=\"\u00c9crit par\" \/>\n\t<meta name=\"twitter:data1\" content=\"Benoit Charette\" \/>\n\t<meta name=\"twitter:label2\" content=\"Estimation du temps de lecture\" \/>\n\t<meta name=\"twitter:data2\" content=\"2 minutes\" \/>\n<!-- \/ Yoast SEO plugin. -->","yoast_head_json":{"title":"Nissan met un freins sur sa production des v\u00e9hicules \u00e9lectriques aux \u00c9tats-Unis - CanadaMotorJobs.com","description":"Nissan met un freins sur sa production des v\u00e9hicules \u00e9lectriques aux \u00c9tats-Unis - Benoit Charette - Annuel automobile - CanadaMotorJobs.com.","robots":{"index":"index","follow":"follow","max-snippet":"max-snippet:-1","max-image-preview":"max-image-preview:large","max-video-preview":"max-video-preview:-1"},"og_locale":"fr_CA","og_type":"article","og_title":"Nissan met un freins sur sa production des v\u00e9hicules \u00e9lectriques aux \u00c9tats-Unis - CanadaMotorJobs.com","og_description":"Nissan met un freins sur sa production des v\u00e9hicules \u00e9lectriques aux \u00c9tats-Unis - Benoit Charette - Annuel automobile - CanadaMotorJobs.com.","og_url":"https:\/\/news.canadamotorjobs.com\/fr\/nissan-met-un-freins-sur-sa-production-des-vehicules-electriques-aux-etats-unis\/","og_site_name":"CanadaMotorJobs.com","article_publisher":"https:\/\/www.facebook.com\/canadamotorjobs\/","article_published_time":"2024-05-24T10:55:56+00:00","article_modified_time":"2024-05-24T10:59:20+00:00","og_image":[{"width":1200,"height":800,"url":"https:\/\/news.canadamotorjobs.com\/wp-content\/uploads\/2024\/05\/2023-Nissan-LEAF-36-1200x800-1.jpg","type":"image\/jpeg"}],"author":"Benoit Charette","twitter_card":"summary_large_image","twitter_creator":"@canadamotorjobs","twitter_site":"@canadamotorjobs","twitter_misc":{"\u00c9crit par":"Benoit Charette","Estimation du temps de lecture":"2 minutes"},"schema":{"@context":"https:\/\/schema.org","@graph":[{"@type":"Article","@id":"https:\/\/news.canadamotorjobs.com\/fr\/nissan-met-un-freins-sur-sa-production-des-vehicules-electriques-aux-etats-unis\/#article","isPartOf":{"@id":"https:\/\/news.canadamotorjobs.com\/fr\/nissan-met-un-freins-sur-sa-production-des-vehicules-electriques-aux-etats-unis\/"},"author":{"name":"Benoit Charette","@id":"https:\/\/news.canadamotorjobs.com\/#\/schema\/person\/51793d1f87d44011d7bcc2ed99269a90"},"headline":"Nissan met un freins sur sa production des v\u00e9hicules \u00e9lectriques aux \u00c9tats-Unis","datePublished":"2024-05-24T10:55:56+00:00","dateModified":"2024-05-24T10:59:20+00:00","mainEntityOfPage":{"@id":"https:\/\/news.canadamotorjobs.com\/fr\/nissan-met-un-freins-sur-sa-production-des-vehicules-electriques-aux-etats-unis\/"},"wordCount":479,"publisher":{"@id":"https:\/\/news.canadamotorjobs.com\/#organization"},"image":{"@id":"https:\/\/news.canadamotorjobs.com\/fr\/nissan-met-un-freins-sur-sa-production-des-vehicules-electriques-aux-etats-unis\/#primaryimage"},"thumbnailUrl":"https:\/\/news.canadamotorjobs.com\/wp-content\/uploads\/2024\/05\/2023-Nissan-LEAF-36-1200x800-1.jpg","articleSection":["Annuel automobile"],"inLanguage":"fr-CA"},{"@type":"WebPage","@id":"https:\/\/news.canadamotorjobs.com\/fr\/nissan-met-un-freins-sur-sa-production-des-vehicules-electriques-aux-etats-unis\/","url":"https:\/\/news.canadamotorjobs.com\/fr\/nissan-met-un-freins-sur-sa-production-des-vehicules-electriques-aux-etats-unis\/","name":"Nissan met un freins sur sa production des v\u00e9hicules \u00e9lectriques aux \u00c9tats-Unis - CanadaMotorJobs.com","isPartOf":{"@id":"https:\/\/news.canadamotorjobs.com\/#website"},"primaryImageOfPage":{"@id":"https:\/\/news.canadamotorjobs.com\/fr\/nissan-met-un-freins-sur-sa-production-des-vehicules-electriques-aux-etats-unis\/#primaryimage"},"image":{"@id":"https:\/\/news.canadamotorjobs.com\/fr\/nissan-met-un-freins-sur-sa-production-des-vehicules-electriques-aux-etats-unis\/#primaryimage"},"thumbnailUrl":"https:\/\/news.canadamotorjobs.com\/wp-content\/uploads\/2024\/05\/2023-Nissan-LEAF-36-1200x800-1.jpg","datePublished":"2024-05-24T10:55:56+00:00","dateModified":"2024-05-24T10:59:20+00:00","description":"Nissan met un freins sur sa production des v\u00e9hicules \u00e9lectriques aux \u00c9tats-Unis - Benoit Charette - Annuel automobile - CanadaMotorJobs.com.","breadcrumb":{"@id":"https:\/\/news.canadamotorjobs.com\/fr\/nissan-met-un-freins-sur-sa-production-des-vehicules-electriques-aux-etats-unis\/#breadcrumb"},"inLanguage":"fr-CA","potentialAction":[{"@type":"ReadAction","target":["https:\/\/news.canadamotorjobs.com\/fr\/nissan-met-un-freins-sur-sa-production-des-vehicules-electriques-aux-etats-unis\/"]}]},{"@type":"ImageObject","inLanguage":"fr-CA","@id":"https:\/\/news.canadamotorjobs.com\/fr\/nissan-met-un-freins-sur-sa-production-des-vehicules-electriques-aux-etats-unis\/#primaryimage","url":"https:\/\/news.canadamotorjobs.com\/wp-content\/uploads\/2024\/05\/2023-Nissan-LEAF-36-1200x800-1.jpg","contentUrl":"https:\/\/news.canadamotorjobs.com\/wp-content\/uploads\/2024\/05\/2023-Nissan-LEAF-36-1200x800-1.jpg","width":1200,"height":800},{"@type":"BreadcrumbList","@id":"https:\/\/news.canadamotorjobs.com\/fr\/nissan-met-un-freins-sur-sa-production-des-vehicules-electriques-aux-etats-unis\/#breadcrumb","itemListElement":[{"@type":"ListItem","position":1,"name":"Home","item":"https:\/\/news.canadamotorjobs.com\/fr\/blog\/"},{"@type":"ListItem","position":2,"name":"Nissan met un freins sur sa production des v\u00e9hicules \u00e9lectriques aux \u00c9tats-Unis"}]},{"@type":"WebSite","@id":"https:\/\/news.canadamotorjobs.com\/#website","url":"https:\/\/news.canadamotorjobs.com\/","name":"CanadaMotorJobs.com","description":"Automotive Jobs","publisher":{"@id":"https:\/\/news.canadamotorjobs.com\/#organization"},"potentialAction":[{"@type":"SearchAction","target":{"@type":"EntryPoint","urlTemplate":"https:\/\/news.canadamotorjobs.com\/?s={search_term_string}"},"query-input":"required name=search_term_string"}],"inLanguage":"fr-CA"},{"@type":"Organization","@id":"https:\/\/news.canadamotorjobs.com\/#organization","name":"Canada Motor Jobs","url":"https:\/\/news.canadamotorjobs.com\/","logo":{"@type":"ImageObject","inLanguage":"fr-CA","@id":"https:\/\/news.canadamotorjobs.com\/#\/schema\/logo\/image\/","url":"https:\/\/news.canadamotorjobs.com\/wp-content\/uploads\/2022\/10\/logo-canada-motor-jobs-1.png","contentUrl":"https:\/\/news.canadamotorjobs.com\/wp-content\/uploads\/2022\/10\/logo-canada-motor-jobs-1.png","width":800,"height":400,"caption":"Canada Motor Jobs"},"image":{"@id":"https:\/\/news.canadamotorjobs.com\/#\/schema\/logo\/image\/"},"sameAs":["https:\/\/www.facebook.com\/canadamotorjobs\/","https:\/\/x.com\/canadamotorjobs","https:\/\/www.instagram.com\/canadamotorjobs\/","https:\/\/www.linkedin.com\/company\/canadamotorjobs"]},{"@type":"Person","@id":"https:\/\/news.canadamotorjobs.com\/#\/schema\/person\/51793d1f87d44011d7bcc2ed99269a90","name":"Benoit Charette","image":{"@type":"ImageObject","inLanguage":"fr-CA","@id":"https:\/\/news.canadamotorjobs.com\/#\/schema\/person\/image\/","url":"https:\/\/secure.gravatar.com\/avatar\/45f3d2eebcccd909668d7ce7ea7267b6?s=96&d=mm&r=g","contentUrl":"https:\/\/secure.gravatar.com\/avatar\/45f3d2eebcccd909668d7ce7ea7267b6?s=96&d=mm&r=g","caption":"Benoit Charette"},"description":"Benoit Charette \/ Propri\u00e9taire et r\u00e9dacteur en chef Benoit Charette pratique le journalisme automobile depuis bient\u00f4t 30 ans. Il a fait ses classes au c\u00f4t\u00e9 de Daniel H\u00e9raud et au Carnet de route de 1992 \u00e0 2001. Il est fondateur, copropri\u00e9taire et r\u00e9dacteur en chef de L\u2019Annuel de l\u2019automobile, qu\u2019il publie depuis 2001. Il a anim\u00e9 les \u00e9missions RPM et RPM+ sur V et les L\u00e9gendes de la route sur Historia. \u00c0 la radio depuis 1986, il reprend l\u2019antenne cette ann\u00e9e sur les ondes de Cogeco et participe pour la deuxi\u00e8me ann\u00e9e \u00e0 l\u2019\u00e9mission Passion Auto sur RDS en plus de mettre en ligne le site Web officiel de L\u2019Annuel de l\u2019automobile sur annuelauto.ca.","sameAs":["https:\/\/annuelauto.ca\/"],"url":"https:\/\/news.canadamotorjobs.com\/fr\/author\/benoit-charette\/"}]}},"_links":{"self":[{"href":"https:\/\/news.canadamotorjobs.com\/fr\/wp-json\/wp\/v2\/posts\/165482"}],"collection":[{"href":"https:\/\/news.canadamotorjobs.com\/fr\/wp-json\/wp\/v2\/posts"}],"about":[{"href":"https:\/\/news.canadamotorjobs.com\/fr\/wp-json\/wp\/v2\/types\/post"}],"author":[{"embeddable":true,"href":"https:\/\/news.canadamotorjobs.com\/fr\/wp-json\/wp\/v2\/users\/8"}],"replies":[{"embeddable":true,"href":"https:\/\/news.canadamotorjobs.com\/fr\/wp-json\/wp\/v2\/comments?post=165482"}],"version-history":[{"count":2,"href":"https:\/\/news.canadamotorjobs.com\/fr\/wp-json\/wp\/v2\/posts\/165482\/revisions"}],"predecessor-version":[{"id":165486,"href":"https:\/\/news.canadamotorjobs.com\/fr\/wp-json\/wp\/v2\/posts\/165482\/revisions\/165486"}],"wp:featuredmedia":[{"embeddable":true,"href":"https:\/\/news.canadamotorjobs.com\/fr\/wp-json\/wp\/v2\/media\/165484"}],"wp:attachment":[{"href":"https:\/\/news.canadamotorjobs.com\/fr\/wp-json\/wp\/v2\/media?parent=165482"}],"wp:term":[{"taxonomy":"category","embeddable":true,"href":"https:\/\/news.canadamotorjobs.com\/fr\/wp-json\/wp\/v2\/categories?post=165482"},{"taxonomy":"post_tag","embeddable":true,"href":"https:\/\/news.canadamotorjobs.com\/fr\/wp-json\/wp\/v2\/tags?post=165482"}],"curies":[{"name":"wp","href":"https:\/\/api.w.org\/{rel}","templated":true}]}}