{"id":165455,"date":"2024-05-23T07:08:58","date_gmt":"2024-05-23T11:08:58","guid":{"rendered":"https:\/\/news.canadamotorjobs.com\/?p=165455"},"modified":"2024-05-23T07:16:39","modified_gmt":"2024-05-23T11:16:39","slug":"kia-debarque-avec-un-ev3-a-35-000-us","status":"publish","type":"post","link":"https:\/\/news.canadamotorjobs.com\/fr\/kia-debarque-avec-un-ev3-a-35-000-us\/","title":{"rendered":"Kia d\u00e9barque avec un EV3 \u00e0 35\u00a0000$ US"},"content":{"rendered":"<\/p>\n<p>Avec une autonomie d&#8217;environ 480 km et un prix de d\u00e9part autour de 35 000 $, le nouveau VUS \u00e9lectrique sous-compact Kia EV3 vise \u00e0 conqu\u00e9rir les masses soucieuses de leur budget.<\/p>\n<h3>Une cible ambitieuse pour 2025<\/h3>\n<p>\nKia pr\u00e9voit de vendre 70 000 \u00e0 80 000 EV3 par an aux \u00c9tats-Unis seulement apr\u00e8s le lancement du nouveau mod\u00e8le, pr\u00e9vu pour 2025 ou plus tard. Un tel volume placerait l&#8217;EV3 parmi les meilleures ventes de la marque aux \u00c9tats-Unis, au m\u00eame niveau que le Sorento, et juste derri\u00e8re les utilitaires Sportage et Telluride, ainsi que la voiture \u00e9conomique Forte. \u00c0 titre de comparaison, le crosmod\u00e8le EV6 s&#8217;est vendu \u00e0 seulement 18 879 unit\u00e9s aux \u00c9tats-Unis l&#8217;ann\u00e9e derni\u00e8re.<\/p>\n<h3>Tripler les ventes de V\u00c9 de Kia aux \u00c9tats-Unis<\/h3>\n<p>\nAvec des ventes de cette envergure, Kia pourrait tripler son volume de V\u00c9 aux \u00c9tats-Unis, son plus grand march\u00e9 unique. Kia a vendu 32 000 V\u00c9 aux \u00c9tats-Unis en 2023. Le PDG de Kia, Ho Sung Song, a d\u00e9voil\u00e9 la version de production du dernier V\u00c9 de l&#8217;entreprise lors d&#8217;un briefing en ligne le 21 mai. \u00c0 l&#8217;\u00e9chelle mondiale, Kia pr\u00e9voit de vendre 200 000 EV3 par an apr\u00e8s son d\u00e9ploiement complet.<\/p>\n<h3>Confiance in\u00e9branlable malgr\u00e9 les fluctuations du march\u00e9<\/h3>\n<p>\nSong a d\u00e9clar\u00e9 que le r\u00e9cent ralentissement du march\u00e9 des V\u00c9 n&#8217;a pas \u00e9branl\u00e9 les ambitions de Kia en mati\u00e8re de V\u00c9. &#8220;Malgr\u00e9 les fluctuations actuelles de la demande mondiale de V\u00c9, nous avons une grande confiance en notre strat\u00e9gie V\u00c9&#8221;, a-t-il affirm\u00e9. &#8220;Notre engagement reste r\u00e9solu.&#8221;<\/p>\n<h3>Un mod\u00e8le abordable pour un public plus large<\/h3>\n<p>\nL&#8217;EV3 enrichit la gamme croissante de V\u00c9 de Kia avec un mod\u00e8le abordable qui s\u00e9duira un groupe de clients beaucoup plus large. Il s&#8217;agit d&#8217;une entr\u00e9e sans compromis dans le monde des V\u00c9. Les clients cibles appartiennent \u00e0 la majorit\u00e9 pr\u00e9coce, un groupe de consommateurs de V\u00c9 arrivant sur le march\u00e9 apr\u00e8s les premiers adopteurs. Lorsque l&#8217;\u00e9lan se tournera vers ces acheteurs, la croissance des ventes de V\u00c9 atteindra un point de bascule et augmentera rapidement, a pr\u00e9dit Song.<\/p>\n<h3>Un public avis\u00e9 et soucieux des prix<\/h3>\n<p>\nLes clients de la majorit\u00e9 pr\u00e9coce sont caract\u00e9ris\u00e9s comme \u00e9tant technophiles et ouverts aux nouvelles tendances, mais \u00e9galement soucieux des prix des V\u00c9 et de la recharge. Kia pr\u00e9sente l&#8217;EV3 comme r\u00e9pondant \u00e0 tous ces points. Le crossover est dot\u00e9 de fonctionnalit\u00e9s high-tech, comme un assistant IA num\u00e9rique qui r\u00e9pond aux commandes en langage naturel, similaire \u00e0 Siri d&#8217;Apple ou Alexa d&#8217;Amazon. Il utilise l&#8217;intelligence artificielle g\u00e9n\u00e9rative pour r\u00e9pondre \u00e0 une large gamme de requ\u00eates, des conseils de voyage aux suggestions de restaurants.<\/p>\n<h3>Technologie et prix comp\u00e9titifs<\/h3>\n<p>\nL&#8217;EV3 sera le premier V\u00c9 de la marque \u00e0 b\u00e9n\u00e9ficier de la technologie Kia AI Assistant. Il sera d&#8217;abord lanc\u00e9 sur le march\u00e9 sud-cor\u00e9en, puis en Europe. Kia n&#8217;a pas pr\u00e9cis\u00e9 les plans pour le march\u00e9 am\u00e9ricain concernant cette technologie. En termes de prix, l&#8217;EV3 se situera entre 35 000 $ et 50 000 $, a d\u00e9clar\u00e9 Song. Le bas de cette fourchette placerait l&#8217;EV3 dans la cat\u00e9gorie abordable, surtout si le mod\u00e8le se qualifie pour le cr\u00e9dit d&#8217;imp\u00f4t f\u00e9d\u00e9ral complet pour les V\u00c9, r\u00e9duisant ainsi le prix de 7 500 $ et le rendant inf\u00e9rieur \u00e0 30 000 $.<\/p>\n<h3>Performance et autonomie<\/h3>\n<p>\nConcernant l&#8217;autonomie, Kia vise une autonomie d&#8217;environ 480 km aux \u00c9tats-Unis. La version \u00e0 longue port\u00e9e et \u00e0 deux roues motrices devrait atteindre 600 km sur une charge compl\u00e8te selon la proc\u00e9dure de test WLTP (Worldwide Harmonized Light Vehicle Test Procedure). Les cotes WLTP sont consid\u00e9r\u00e9es comme plus optimistes que la norme am\u00e9ricaine \u00e9tablie par l&#8217;EPA.<\/p>\n<h3>Lancement international<\/h3>\n<p>\nL&#8217;EV3 sera commercialis\u00e9 en Cor\u00e9e du Sud en juillet et arrivera en Europe cet automne. Son arriv\u00e9e aux \u00c9tats-Unis est pr\u00e9vue apr\u00e8s 2024, mais Kia n&#8217;a pas donn\u00e9 de d\u00e9tails sp\u00e9cifiques. Un lancement en Am\u00e9rique du Nord est pr\u00e9vu, mais le calendrier est encore \u00e0 l&#8217;\u00e9tude, selon une porte-parole de Kia.<\/p>\n<h3>Gamme \u00e9tendue et versions futures<\/h3>\n<p>\nL&#8217;EV3 est la troisi\u00e8me entr\u00e9e de la marque sur la plateforme d\u00e9di\u00e9e aux V\u00c9 E-GMP du groupe Hyundai Motor. Il suit le crossover compact EV6 et le grand crossover \u00e0 trois rang\u00e9es EV9. L&#8217;EV3 sera initialement lanc\u00e9 avec un seul moteur et une configuration \u00e0 traction avant. Mais Kia pr\u00e9voit une variante ult\u00e9rieure \u00e0 deux moteurs. Les ing\u00e9nieurs travaillent \u00e9galement sur une version GT haute performance.<\/p>\n<h3>Objectifs de vente mondiale<\/h3>\n<p>\nKia a vendu 231 000 v\u00e9hicules \u00e9lectriques dans le monde en 2023. Elle pr\u00e9voit des livraisons mondiales de V\u00c9 de 307 000 v\u00e9hicules cette ann\u00e9e, soit une augmentation de 33 %. Aux \u00c9tats-Unis, Kia a vendu environ 32 000 V\u00c9 l&#8217;ann\u00e9e derni\u00e8re et vise 93 000 ventes de V\u00c9 pour toute l&#8217;Am\u00e9rique du Nord cette ann\u00e9e. La soci\u00e9t\u00e9 n&#8217;a pas fourni de projection sp\u00e9cifique pour les \u00c9tats-Unis.<\/p>\n<p>\u00a0<\/p>\n<p>Avec des renseignements d\u2019Automotive News<\/p>\n<p>\u00a0<\/p>\n<p>Le texte <a rel=\"nofollow\" href=\"https:\/\/annuelauto.ca\/kia-debarque-avec-un-ev3-a-35-000-us\/\">Kia d\u00e9barque avec un EV3 \u00e0 35\u00a0000$ US<\/a> provient de <a rel=\"nofollow\" href=\"https:\/\/annuelauto.ca\">L&#8217;annuel de l&#8217;automobile &#8211; Actualit\u00e9 automobile<\/a><\/p>\n<p><\/p>\n","protected":false},"excerpt":{"rendered":"<p>Avec une autonomie d&#8217;environ 480 km et un prix de d\u00e9part autour de 35 000 $, le nouveau VUS \u00e9lectrique sous-compact Kia EV3 vise \u00e0 conqu\u00e9rir les masses soucieuses de leur budget. Une cible ambitieuse pour 2025 Kia pr\u00e9voit de vendre 70 000 \u00e0 80 000 EV3 par an aux \u00c9tats-Unis seulement apr\u00e8s le lancement [&hellip;]<\/p>\n","protected":false},"author":8,"featured_media":165457,"comment_status":"close","ping_status":"closed","sticky":false,"template":"","format":"standard","meta":{"_monsterinsights_skip_tracking":false,"_monsterinsights_sitenote_active":false,"_monsterinsights_sitenote_note":"","_monsterinsights_sitenote_category":0,"footnotes":""},"categories":[101],"tags":[],"yoast_head":"<!-- This site is optimized with the Yoast SEO plugin v23.2 - https:\/\/yoast.com\/wordpress\/plugins\/seo\/ -->\n<title>Kia d\u00e9barque avec un EV3 \u00e0 35\u00a0000$ US - CanadaMotorJobs.com<\/title>\n<meta name=\"description\" content=\"Kia d\u00e9barque avec un EV3 \u00e0 35\u00a0000$ US - Benoit Charette - Annuel automobile - CanadaMotorJobs.com.\" \/>\n<meta name=\"robots\" content=\"index, follow, max-snippet:-1, max-image-preview:large, max-video-preview:-1\" \/>\n<meta property=\"og:locale\" content=\"fr_CA\" \/>\n<meta property=\"og:type\" content=\"article\" \/>\n<meta property=\"og:title\" content=\"Kia d\u00e9barque avec un EV3 \u00e0 35\u00a0000$ US - CanadaMotorJobs.com\" \/>\n<meta property=\"og:description\" content=\"Kia d\u00e9barque avec un EV3 \u00e0 35\u00a0000$ US - Benoit Charette - Annuel automobile - CanadaMotorJobs.com.\" \/>\n<meta property=\"og:url\" content=\"https:\/\/news.canadamotorjobs.com\/fr\/kia-debarque-avec-un-ev3-a-35-000-us\/\" \/>\n<meta property=\"og:site_name\" content=\"CanadaMotorJobs.com\" \/>\n<meta property=\"article:publisher\" content=\"https:\/\/www.facebook.com\/canadamotorjobs\/\" \/>\n<meta property=\"article:published_time\" content=\"2024-05-23T11:08:58+00:00\" \/>\n<meta property=\"article:modified_time\" content=\"2024-05-23T11:16:39+00:00\" \/>\n<meta property=\"og:image\" content=\"https:\/\/news.canadamotorjobs.com\/wp-content\/uploads\/2024\/05\/651725.jpg\" \/>\n\t<meta property=\"og:image:width\" content=\"1920\" \/>\n\t<meta property=\"og:image:height\" content=\"1080\" \/>\n\t<meta property=\"og:image:type\" content=\"image\/jpeg\" \/>\n<meta name=\"author\" content=\"Benoit Charette\" \/>\n<meta name=\"twitter:card\" content=\"summary_large_image\" \/>\n<meta name=\"twitter:creator\" content=\"@canadamotorjobs\" \/>\n<meta name=\"twitter:site\" content=\"@canadamotorjobs\" \/>\n<meta name=\"twitter:label1\" content=\"\u00c9crit par\" \/>\n\t<meta name=\"twitter:data1\" content=\"Benoit Charette\" \/>\n\t<meta name=\"twitter:label2\" content=\"Estimation du temps de lecture\" \/>\n\t<meta name=\"twitter:data2\" content=\"4 minutes\" \/>\n<!-- \/ Yoast SEO plugin. -->","yoast_head_json":{"title":"Kia d\u00e9barque avec un EV3 \u00e0 35\u00a0000$ US - CanadaMotorJobs.com","description":"Kia d\u00e9barque avec un EV3 \u00e0 35\u00a0000$ US - Benoit Charette - Annuel automobile - CanadaMotorJobs.com.","robots":{"index":"index","follow":"follow","max-snippet":"max-snippet:-1","max-image-preview":"max-image-preview:large","max-video-preview":"max-video-preview:-1"},"og_locale":"fr_CA","og_type":"article","og_title":"Kia d\u00e9barque avec un EV3 \u00e0 35\u00a0000$ US - CanadaMotorJobs.com","og_description":"Kia d\u00e9barque avec un EV3 \u00e0 35\u00a0000$ US - Benoit Charette - Annuel automobile - CanadaMotorJobs.com.","og_url":"https:\/\/news.canadamotorjobs.com\/fr\/kia-debarque-avec-un-ev3-a-35-000-us\/","og_site_name":"CanadaMotorJobs.com","article_publisher":"https:\/\/www.facebook.com\/canadamotorjobs\/","article_published_time":"2024-05-23T11:08:58+00:00","article_modified_time":"2024-05-23T11:16:39+00:00","og_image":[{"width":1920,"height":1080,"url":"https:\/\/news.canadamotorjobs.com\/wp-content\/uploads\/2024\/05\/651725.jpg","type":"image\/jpeg"}],"author":"Benoit Charette","twitter_card":"summary_large_image","twitter_creator":"@canadamotorjobs","twitter_site":"@canadamotorjobs","twitter_misc":{"\u00c9crit par":"Benoit Charette","Estimation du temps de lecture":"4 minutes"},"schema":{"@context":"https:\/\/schema.org","@graph":[{"@type":"Article","@id":"https:\/\/news.canadamotorjobs.com\/fr\/kia-debarque-avec-un-ev3-a-35-000-us\/#article","isPartOf":{"@id":"https:\/\/news.canadamotorjobs.com\/fr\/kia-debarque-avec-un-ev3-a-35-000-us\/"},"author":{"name":"Benoit Charette","@id":"https:\/\/news.canadamotorjobs.com\/#\/schema\/person\/51793d1f87d44011d7bcc2ed99269a90"},"headline":"Kia d\u00e9barque avec un EV3 \u00e0 35\u00a0000$ US","datePublished":"2024-05-23T11:08:58+00:00","dateModified":"2024-05-23T11:16:39+00:00","mainEntityOfPage":{"@id":"https:\/\/news.canadamotorjobs.com\/fr\/kia-debarque-avec-un-ev3-a-35-000-us\/"},"wordCount":878,"publisher":{"@id":"https:\/\/news.canadamotorjobs.com\/#organization"},"image":{"@id":"https:\/\/news.canadamotorjobs.com\/fr\/kia-debarque-avec-un-ev3-a-35-000-us\/#primaryimage"},"thumbnailUrl":"https:\/\/news.canadamotorjobs.com\/wp-content\/uploads\/2024\/05\/651725.jpg","articleSection":["Annuel automobile"],"inLanguage":"fr-CA"},{"@type":"WebPage","@id":"https:\/\/news.canadamotorjobs.com\/fr\/kia-debarque-avec-un-ev3-a-35-000-us\/","url":"https:\/\/news.canadamotorjobs.com\/fr\/kia-debarque-avec-un-ev3-a-35-000-us\/","name":"Kia d\u00e9barque avec un EV3 \u00e0 35\u00a0000$ US - CanadaMotorJobs.com","isPartOf":{"@id":"https:\/\/news.canadamotorjobs.com\/#website"},"primaryImageOfPage":{"@id":"https:\/\/news.canadamotorjobs.com\/fr\/kia-debarque-avec-un-ev3-a-35-000-us\/#primaryimage"},"image":{"@id":"https:\/\/news.canadamotorjobs.com\/fr\/kia-debarque-avec-un-ev3-a-35-000-us\/#primaryimage"},"thumbnailUrl":"https:\/\/news.canadamotorjobs.com\/wp-content\/uploads\/2024\/05\/651725.jpg","datePublished":"2024-05-23T11:08:58+00:00","dateModified":"2024-05-23T11:16:39+00:00","description":"Kia d\u00e9barque avec un EV3 \u00e0 35\u00a0000$ US - Benoit Charette - Annuel automobile - CanadaMotorJobs.com.","breadcrumb":{"@id":"https:\/\/news.canadamotorjobs.com\/fr\/kia-debarque-avec-un-ev3-a-35-000-us\/#breadcrumb"},"inLanguage":"fr-CA","potentialAction":[{"@type":"ReadAction","target":["https:\/\/news.canadamotorjobs.com\/fr\/kia-debarque-avec-un-ev3-a-35-000-us\/"]}]},{"@type":"ImageObject","inLanguage":"fr-CA","@id":"https:\/\/news.canadamotorjobs.com\/fr\/kia-debarque-avec-un-ev3-a-35-000-us\/#primaryimage","url":"https:\/\/news.canadamotorjobs.com\/wp-content\/uploads\/2024\/05\/651725.jpg","contentUrl":"https:\/\/news.canadamotorjobs.com\/wp-content\/uploads\/2024\/05\/651725.jpg","width":1920,"height":1080},{"@type":"BreadcrumbList","@id":"https:\/\/news.canadamotorjobs.com\/fr\/kia-debarque-avec-un-ev3-a-35-000-us\/#breadcrumb","itemListElement":[{"@type":"ListItem","position":1,"name":"Home","item":"https:\/\/news.canadamotorjobs.com\/fr\/blog\/"},{"@type":"ListItem","position":2,"name":"Kia d\u00e9barque avec un EV3 \u00e0 35\u00a0000$ US"}]},{"@type":"WebSite","@id":"https:\/\/news.canadamotorjobs.com\/#website","url":"https:\/\/news.canadamotorjobs.com\/","name":"CanadaMotorJobs.com","description":"Automotive Jobs","publisher":{"@id":"https:\/\/news.canadamotorjobs.com\/#organization"},"potentialAction":[{"@type":"SearchAction","target":{"@type":"EntryPoint","urlTemplate":"https:\/\/news.canadamotorjobs.com\/?s={search_term_string}"},"query-input":"required name=search_term_string"}],"inLanguage":"fr-CA"},{"@type":"Organization","@id":"https:\/\/news.canadamotorjobs.com\/#organization","name":"Canada Motor Jobs","url":"https:\/\/news.canadamotorjobs.com\/","logo":{"@type":"ImageObject","inLanguage":"fr-CA","@id":"https:\/\/news.canadamotorjobs.com\/#\/schema\/logo\/image\/","url":"https:\/\/news.canadamotorjobs.com\/wp-content\/uploads\/2022\/10\/logo-canada-motor-jobs-1.png","contentUrl":"https:\/\/news.canadamotorjobs.com\/wp-content\/uploads\/2022\/10\/logo-canada-motor-jobs-1.png","width":800,"height":400,"caption":"Canada Motor Jobs"},"image":{"@id":"https:\/\/news.canadamotorjobs.com\/#\/schema\/logo\/image\/"},"sameAs":["https:\/\/www.facebook.com\/canadamotorjobs\/","https:\/\/x.com\/canadamotorjobs","https:\/\/www.instagram.com\/canadamotorjobs\/","https:\/\/www.linkedin.com\/company\/canadamotorjobs"]},{"@type":"Person","@id":"https:\/\/news.canadamotorjobs.com\/#\/schema\/person\/51793d1f87d44011d7bcc2ed99269a90","name":"Benoit Charette","image":{"@type":"ImageObject","inLanguage":"fr-CA","@id":"https:\/\/news.canadamotorjobs.com\/#\/schema\/person\/image\/","url":"https:\/\/secure.gravatar.com\/avatar\/45f3d2eebcccd909668d7ce7ea7267b6?s=96&d=mm&r=g","contentUrl":"https:\/\/secure.gravatar.com\/avatar\/45f3d2eebcccd909668d7ce7ea7267b6?s=96&d=mm&r=g","caption":"Benoit Charette"},"description":"Benoit Charette \/ Propri\u00e9taire et r\u00e9dacteur en chef Benoit Charette pratique le journalisme automobile depuis bient\u00f4t 30 ans. Il a fait ses classes au c\u00f4t\u00e9 de Daniel H\u00e9raud et au Carnet de route de 1992 \u00e0 2001. Il est fondateur, copropri\u00e9taire et r\u00e9dacteur en chef de L\u2019Annuel de l\u2019automobile, qu\u2019il publie depuis 2001. Il a anim\u00e9 les \u00e9missions RPM et RPM+ sur V et les L\u00e9gendes de la route sur Historia. \u00c0 la radio depuis 1986, il reprend l\u2019antenne cette ann\u00e9e sur les ondes de Cogeco et participe pour la deuxi\u00e8me ann\u00e9e \u00e0 l\u2019\u00e9mission Passion Auto sur RDS en plus de mettre en ligne le site Web officiel de L\u2019Annuel de l\u2019automobile sur annuelauto.ca.","sameAs":["https:\/\/annuelauto.ca\/"],"url":"https:\/\/news.canadamotorjobs.com\/fr\/author\/benoit-charette\/"}]}},"_links":{"self":[{"href":"https:\/\/news.canadamotorjobs.com\/fr\/wp-json\/wp\/v2\/posts\/165455"}],"collection":[{"href":"https:\/\/news.canadamotorjobs.com\/fr\/wp-json\/wp\/v2\/posts"}],"about":[{"href":"https:\/\/news.canadamotorjobs.com\/fr\/wp-json\/wp\/v2\/types\/post"}],"author":[{"embeddable":true,"href":"https:\/\/news.canadamotorjobs.com\/fr\/wp-json\/wp\/v2\/users\/8"}],"replies":[{"embeddable":true,"href":"https:\/\/news.canadamotorjobs.com\/fr\/wp-json\/wp\/v2\/comments?post=165455"}],"version-history":[{"count":2,"href":"https:\/\/news.canadamotorjobs.com\/fr\/wp-json\/wp\/v2\/posts\/165455\/revisions"}],"predecessor-version":[{"id":165459,"href":"https:\/\/news.canadamotorjobs.com\/fr\/wp-json\/wp\/v2\/posts\/165455\/revisions\/165459"}],"wp:featuredmedia":[{"embeddable":true,"href":"https:\/\/news.canadamotorjobs.com\/fr\/wp-json\/wp\/v2\/media\/165457"}],"wp:attachment":[{"href":"https:\/\/news.canadamotorjobs.com\/fr\/wp-json\/wp\/v2\/media?parent=165455"}],"wp:term":[{"taxonomy":"category","embeddable":true,"href":"https:\/\/news.canadamotorjobs.com\/fr\/wp-json\/wp\/v2\/categories?post=165455"},{"taxonomy":"post_tag","embeddable":true,"href":"https:\/\/news.canadamotorjobs.com\/fr\/wp-json\/wp\/v2\/tags?post=165455"}],"curies":[{"name":"wp","href":"https:\/\/api.w.org\/{rel}","templated":true}]}}