{"id":165436,"date":"2024-05-22T17:23:39","date_gmt":"2024-05-22T21:23:39","guid":{"rendered":"https:\/\/news.canadamotorjobs.com\/?p=165436"},"modified":"2024-05-22T17:29:12","modified_gmt":"2024-05-22T21:29:12","slug":"volkswagen-retarde-le-lancement-de-la-id7-electrique-en-amerique-du-nord","status":"publish","type":"post","link":"https:\/\/news.canadamotorjobs.com\/fr\/volkswagen-retarde-le-lancement-de-la-id7-electrique-en-amerique-du-nord\/","title":{"rendered":"Volkswagen retarde le lancement de la ID7 \u00e9lectrique en Am\u00e9rique du Nord"},"content":{"rendered":"<\/p>\n<h3>Un report inattendu<\/h3>\n<p>\nVolkswagen of America a d\u00e9cid\u00e9 de retarder le lancement de sa berline \u00e9lectrique ID7 aux \u00c9tats-Unis et au Canada pour une dur\u00e9e ind\u00e9termin\u00e9e. Le constructeur automobile allemand avait initialement annonc\u00e9 que ce mod\u00e8le de taille moyenne serait lanc\u00e9 au troisi\u00e8me trimestre de cette ann\u00e9e.<\/p>\n<h3>Contexte du march\u00e9<\/h3>\n<p>\nCette d\u00e9cision survient alors que la demande de v\u00e9hicules \u00e9lectriques (VE) ralentit et que les Am\u00e9ricains continuent de d\u00e9laisser les berlines au profit des VUS. Le march\u00e9 des berlines de taille moyenne, autrefois l&#8217;un des plus importants de l&#8217;industrie, continue de perdre des mod\u00e8les. Subaru pr\u00e9voit d&#8217;abandonner la Legacy, tandis que Chevrolet met fin \u00e0 la production de la Malibu, ne laissant que des mod\u00e8les de Toyota, Honda, Nissan, Hyundai et Kia.<\/p>\n<h3>R\u00e9action de Volkswagen<\/h3>\n<p>\n&#8220;Volkswagen s&#8217;engage \u00e0 faire des choix orient\u00e9s par le march\u00e9 tout en \u00e9coutant nos clients&#8221;, a d\u00e9clar\u00e9 Volks dans un communiqu\u00e9 mercredi. &#8220;Alors que les dynamiques du march\u00e9 continuent de changer, Volkswagen retarde l&#8217;introduction de la berline ID7 aux \u00c9tats-Unis et au Canada.&#8221; Un porte-parole de Volkswagen a d\u00e9clar\u00e9 \u00e0 Automotive News par e-mail que la marque n&#8217;a pas de date cible pour le lancement de la ID7. VW a not\u00e9 que la ID7 et la ID7 Touring ont connu une demande plus \u00e9lev\u00e9e que pr\u00e9vue en Europe, notamment en Allemagne, o\u00f9 elles sont construites.<\/p>\n<h3>Livraison en Europe et en Chine<\/h3>\n<p>\nLes livraisons de la ID7 se poursuivront en Europe et en Chine, a pr\u00e9cis\u00e9 le porte-parole. VW reste engag\u00e9 envers la mobilit\u00e9 \u00e9lectrique, en soulignant la mise \u00e0 jour ID4 et l&#8217;arriv\u00e9e prochaine du ID Buzz, pr\u00e9vue pour le quatri\u00e8me trimestre.<\/p>\n<h3>Offre limit\u00e9e chez nous<\/h3>\n<p>\nVW avait pr\u00e9vu d&#8217;offrir la ID7 en seulement deux versions. Le constructeur n&#8217;avait pas encore r\u00e9v\u00e9l\u00e9 l&#8217;autonomie ou le prix de la ID7 pour le march\u00e9 am\u00e9ricain, des \u00e9l\u00e9ments cl\u00e9s pour les consommateurs. Cependant, elle sera \u00e9quip\u00e9e d&#8217;une batterie de 82 kilowattheures.<\/p>\n<h3>Vision strat\u00e9gique<\/h3>\n<p>\nLe PDG de Volkswagen Group of America, Pablo Di Si, a d\u00e9clar\u00e9 en mars qu&#8217;il ne s&#8217;attendait pas \u00e0 ce que la ID7 ou la ID Buzz soient des moteurs de vente importants aux \u00c9tats-Unis, mais les a qualifi\u00e9s de v\u00e9hicules phares.<\/p>\n<p>\u00a0<\/p>\n<p>Avec des renseignements d\u2019Automotive News<\/p>\n<p>\u00a0<\/p>\n<p>Le texte <a rel=\"nofollow\" href=\"https:\/\/annuelauto.ca\/volkswagen-retarde-le-lancement-de-la-id7-electrique-en-amerique-du-nord\/\">Volkswagen retarde le lancement de la ID7 \u00e9lectrique en Am\u00e9rique du Nord<\/a> provient de <a rel=\"nofollow\" href=\"https:\/\/annuelauto.ca\">L&#8217;annuel de l&#8217;automobile &#8211; Actualit\u00e9 automobile<\/a><\/p>\n<p><\/p>\n","protected":false},"excerpt":{"rendered":"<p>Un report inattendu Volkswagen of America a d\u00e9cid\u00e9 de retarder le lancement de sa berline \u00e9lectrique ID7 aux \u00c9tats-Unis et au Canada pour une dur\u00e9e ind\u00e9termin\u00e9e. Le constructeur automobile allemand avait initialement annonc\u00e9 que ce mod\u00e8le de taille moyenne serait lanc\u00e9 au troisi\u00e8me trimestre de cette ann\u00e9e. Contexte du march\u00e9 Cette d\u00e9cision survient alors que [&hellip;]<\/p>\n","protected":false},"author":8,"featured_media":165438,"comment_status":"close","ping_status":"closed","sticky":false,"template":"","format":"standard","meta":{"_monsterinsights_skip_tracking":false,"_monsterinsights_sitenote_active":false,"_monsterinsights_sitenote_note":"","_monsterinsights_sitenote_category":0,"footnotes":""},"categories":[101],"tags":[],"yoast_head":"<!-- This site is optimized with the Yoast SEO plugin v23.2 - https:\/\/yoast.com\/wordpress\/plugins\/seo\/ -->\n<title>Volkswagen retarde le lancement de la ID7 \u00e9lectrique en Am\u00e9rique du Nord - CanadaMotorJobs.com<\/title>\n<meta name=\"description\" content=\"Volkswagen retarde le lancement de la ID7 \u00e9lectrique en Am\u00e9rique du Nord - Benoit Charette - Annuel automobile - CanadaMotorJobs.com.\" \/>\n<meta name=\"robots\" content=\"index, follow, max-snippet:-1, max-image-preview:large, max-video-preview:-1\" \/>\n<meta property=\"og:locale\" content=\"fr_CA\" \/>\n<meta property=\"og:type\" content=\"article\" \/>\n<meta property=\"og:title\" content=\"Volkswagen retarde le lancement de la ID7 \u00e9lectrique en Am\u00e9rique du Nord - CanadaMotorJobs.com\" \/>\n<meta property=\"og:description\" content=\"Volkswagen retarde le lancement de la ID7 \u00e9lectrique en Am\u00e9rique du Nord - Benoit Charette - Annuel automobile - CanadaMotorJobs.com.\" \/>\n<meta property=\"og:url\" content=\"https:\/\/news.canadamotorjobs.com\/fr\/volkswagen-retarde-le-lancement-de-la-id7-electrique-en-amerique-du-nord\/\" \/>\n<meta property=\"og:site_name\" content=\"CanadaMotorJobs.com\" \/>\n<meta property=\"article:publisher\" content=\"https:\/\/www.facebook.com\/canadamotorjobs\/\" \/>\n<meta property=\"article:published_time\" content=\"2024-05-22T21:23:39+00:00\" \/>\n<meta property=\"article:modified_time\" content=\"2024-05-22T21:29:12+00:00\" \/>\n<meta property=\"og:image\" content=\"https:\/\/news.canadamotorjobs.com\/wp-content\/uploads\/2024\/05\/Essai-Volkswagen-VW-ID7-12-1024x576-1.png\" \/>\n\t<meta property=\"og:image:width\" content=\"1024\" \/>\n\t<meta property=\"og:image:height\" content=\"576\" \/>\n\t<meta property=\"og:image:type\" content=\"image\/png\" \/>\n<meta name=\"author\" content=\"Benoit Charette\" \/>\n<meta name=\"twitter:card\" content=\"summary_large_image\" \/>\n<meta name=\"twitter:creator\" content=\"@canadamotorjobs\" \/>\n<meta name=\"twitter:site\" content=\"@canadamotorjobs\" \/>\n<meta name=\"twitter:label1\" content=\"\u00c9crit par\" \/>\n\t<meta name=\"twitter:data1\" content=\"Benoit Charette\" \/>\n\t<meta name=\"twitter:label2\" content=\"Estimation du temps de lecture\" \/>\n\t<meta name=\"twitter:data2\" content=\"2 minutes\" \/>\n<!-- \/ Yoast SEO plugin. -->","yoast_head_json":{"title":"Volkswagen retarde le lancement de la ID7 \u00e9lectrique en Am\u00e9rique du Nord - CanadaMotorJobs.com","description":"Volkswagen retarde le lancement de la ID7 \u00e9lectrique en Am\u00e9rique du Nord - Benoit Charette - Annuel automobile - CanadaMotorJobs.com.","robots":{"index":"index","follow":"follow","max-snippet":"max-snippet:-1","max-image-preview":"max-image-preview:large","max-video-preview":"max-video-preview:-1"},"og_locale":"fr_CA","og_type":"article","og_title":"Volkswagen retarde le lancement de la ID7 \u00e9lectrique en Am\u00e9rique du Nord - CanadaMotorJobs.com","og_description":"Volkswagen retarde le lancement de la ID7 \u00e9lectrique en Am\u00e9rique du Nord - Benoit Charette - Annuel automobile - CanadaMotorJobs.com.","og_url":"https:\/\/news.canadamotorjobs.com\/fr\/volkswagen-retarde-le-lancement-de-la-id7-electrique-en-amerique-du-nord\/","og_site_name":"CanadaMotorJobs.com","article_publisher":"https:\/\/www.facebook.com\/canadamotorjobs\/","article_published_time":"2024-05-22T21:23:39+00:00","article_modified_time":"2024-05-22T21:29:12+00:00","og_image":[{"width":1024,"height":576,"url":"https:\/\/news.canadamotorjobs.com\/wp-content\/uploads\/2024\/05\/Essai-Volkswagen-VW-ID7-12-1024x576-1.png","type":"image\/png"}],"author":"Benoit Charette","twitter_card":"summary_large_image","twitter_creator":"@canadamotorjobs","twitter_site":"@canadamotorjobs","twitter_misc":{"\u00c9crit par":"Benoit Charette","Estimation du temps de lecture":"2 minutes"},"schema":{"@context":"https:\/\/schema.org","@graph":[{"@type":"Article","@id":"https:\/\/news.canadamotorjobs.com\/fr\/volkswagen-retarde-le-lancement-de-la-id7-electrique-en-amerique-du-nord\/#article","isPartOf":{"@id":"https:\/\/news.canadamotorjobs.com\/fr\/volkswagen-retarde-le-lancement-de-la-id7-electrique-en-amerique-du-nord\/"},"author":{"name":"Benoit Charette","@id":"https:\/\/news.canadamotorjobs.com\/#\/schema\/person\/51793d1f87d44011d7bcc2ed99269a90"},"headline":"Volkswagen retarde le lancement de la ID7 \u00e9lectrique en Am\u00e9rique du Nord","datePublished":"2024-05-22T21:23:39+00:00","dateModified":"2024-05-22T21:29:12+00:00","mainEntityOfPage":{"@id":"https:\/\/news.canadamotorjobs.com\/fr\/volkswagen-retarde-le-lancement-de-la-id7-electrique-en-amerique-du-nord\/"},"wordCount":444,"publisher":{"@id":"https:\/\/news.canadamotorjobs.com\/#organization"},"image":{"@id":"https:\/\/news.canadamotorjobs.com\/fr\/volkswagen-retarde-le-lancement-de-la-id7-electrique-en-amerique-du-nord\/#primaryimage"},"thumbnailUrl":"https:\/\/news.canadamotorjobs.com\/wp-content\/uploads\/2024\/05\/Essai-Volkswagen-VW-ID7-12-1024x576-1.png","articleSection":["Annuel automobile"],"inLanguage":"fr-CA"},{"@type":"WebPage","@id":"https:\/\/news.canadamotorjobs.com\/fr\/volkswagen-retarde-le-lancement-de-la-id7-electrique-en-amerique-du-nord\/","url":"https:\/\/news.canadamotorjobs.com\/fr\/volkswagen-retarde-le-lancement-de-la-id7-electrique-en-amerique-du-nord\/","name":"Volkswagen retarde le lancement de la ID7 \u00e9lectrique en Am\u00e9rique du Nord - CanadaMotorJobs.com","isPartOf":{"@id":"https:\/\/news.canadamotorjobs.com\/#website"},"primaryImageOfPage":{"@id":"https:\/\/news.canadamotorjobs.com\/fr\/volkswagen-retarde-le-lancement-de-la-id7-electrique-en-amerique-du-nord\/#primaryimage"},"image":{"@id":"https:\/\/news.canadamotorjobs.com\/fr\/volkswagen-retarde-le-lancement-de-la-id7-electrique-en-amerique-du-nord\/#primaryimage"},"thumbnailUrl":"https:\/\/news.canadamotorjobs.com\/wp-content\/uploads\/2024\/05\/Essai-Volkswagen-VW-ID7-12-1024x576-1.png","datePublished":"2024-05-22T21:23:39+00:00","dateModified":"2024-05-22T21:29:12+00:00","description":"Volkswagen retarde le lancement de la ID7 \u00e9lectrique en Am\u00e9rique du Nord - Benoit Charette - Annuel automobile - CanadaMotorJobs.com.","breadcrumb":{"@id":"https:\/\/news.canadamotorjobs.com\/fr\/volkswagen-retarde-le-lancement-de-la-id7-electrique-en-amerique-du-nord\/#breadcrumb"},"inLanguage":"fr-CA","potentialAction":[{"@type":"ReadAction","target":["https:\/\/news.canadamotorjobs.com\/fr\/volkswagen-retarde-le-lancement-de-la-id7-electrique-en-amerique-du-nord\/"]}]},{"@type":"ImageObject","inLanguage":"fr-CA","@id":"https:\/\/news.canadamotorjobs.com\/fr\/volkswagen-retarde-le-lancement-de-la-id7-electrique-en-amerique-du-nord\/#primaryimage","url":"https:\/\/news.canadamotorjobs.com\/wp-content\/uploads\/2024\/05\/Essai-Volkswagen-VW-ID7-12-1024x576-1.png","contentUrl":"https:\/\/news.canadamotorjobs.com\/wp-content\/uploads\/2024\/05\/Essai-Volkswagen-VW-ID7-12-1024x576-1.png","width":1024,"height":576},{"@type":"BreadcrumbList","@id":"https:\/\/news.canadamotorjobs.com\/fr\/volkswagen-retarde-le-lancement-de-la-id7-electrique-en-amerique-du-nord\/#breadcrumb","itemListElement":[{"@type":"ListItem","position":1,"name":"Home","item":"https:\/\/news.canadamotorjobs.com\/fr\/blog\/"},{"@type":"ListItem","position":2,"name":"Volkswagen retarde le lancement de la ID7 \u00e9lectrique en Am\u00e9rique du Nord"}]},{"@type":"WebSite","@id":"https:\/\/news.canadamotorjobs.com\/#website","url":"https:\/\/news.canadamotorjobs.com\/","name":"CanadaMotorJobs.com","description":"Automotive Jobs","publisher":{"@id":"https:\/\/news.canadamotorjobs.com\/#organization"},"potentialAction":[{"@type":"SearchAction","target":{"@type":"EntryPoint","urlTemplate":"https:\/\/news.canadamotorjobs.com\/?s={search_term_string}"},"query-input":"required name=search_term_string"}],"inLanguage":"fr-CA"},{"@type":"Organization","@id":"https:\/\/news.canadamotorjobs.com\/#organization","name":"Canada Motor Jobs","url":"https:\/\/news.canadamotorjobs.com\/","logo":{"@type":"ImageObject","inLanguage":"fr-CA","@id":"https:\/\/news.canadamotorjobs.com\/#\/schema\/logo\/image\/","url":"https:\/\/news.canadamotorjobs.com\/wp-content\/uploads\/2022\/10\/logo-canada-motor-jobs-1.png","contentUrl":"https:\/\/news.canadamotorjobs.com\/wp-content\/uploads\/2022\/10\/logo-canada-motor-jobs-1.png","width":800,"height":400,"caption":"Canada Motor Jobs"},"image":{"@id":"https:\/\/news.canadamotorjobs.com\/#\/schema\/logo\/image\/"},"sameAs":["https:\/\/www.facebook.com\/canadamotorjobs\/","https:\/\/x.com\/canadamotorjobs","https:\/\/www.instagram.com\/canadamotorjobs\/","https:\/\/www.linkedin.com\/company\/canadamotorjobs"]},{"@type":"Person","@id":"https:\/\/news.canadamotorjobs.com\/#\/schema\/person\/51793d1f87d44011d7bcc2ed99269a90","name":"Benoit Charette","image":{"@type":"ImageObject","inLanguage":"fr-CA","@id":"https:\/\/news.canadamotorjobs.com\/#\/schema\/person\/image\/","url":"https:\/\/secure.gravatar.com\/avatar\/45f3d2eebcccd909668d7ce7ea7267b6?s=96&d=mm&r=g","contentUrl":"https:\/\/secure.gravatar.com\/avatar\/45f3d2eebcccd909668d7ce7ea7267b6?s=96&d=mm&r=g","caption":"Benoit Charette"},"description":"Benoit Charette \/ Propri\u00e9taire et r\u00e9dacteur en chef Benoit Charette pratique le journalisme automobile depuis bient\u00f4t 30 ans. Il a fait ses classes au c\u00f4t\u00e9 de Daniel H\u00e9raud et au Carnet de route de 1992 \u00e0 2001. Il est fondateur, copropri\u00e9taire et r\u00e9dacteur en chef de L\u2019Annuel de l\u2019automobile, qu\u2019il publie depuis 2001. Il a anim\u00e9 les \u00e9missions RPM et RPM+ sur V et les L\u00e9gendes de la route sur Historia. \u00c0 la radio depuis 1986, il reprend l\u2019antenne cette ann\u00e9e sur les ondes de Cogeco et participe pour la deuxi\u00e8me ann\u00e9e \u00e0 l\u2019\u00e9mission Passion Auto sur RDS en plus de mettre en ligne le site Web officiel de L\u2019Annuel de l\u2019automobile sur annuelauto.ca.","sameAs":["https:\/\/annuelauto.ca\/"],"url":"https:\/\/news.canadamotorjobs.com\/fr\/author\/benoit-charette\/"}]}},"_links":{"self":[{"href":"https:\/\/news.canadamotorjobs.com\/fr\/wp-json\/wp\/v2\/posts\/165436"}],"collection":[{"href":"https:\/\/news.canadamotorjobs.com\/fr\/wp-json\/wp\/v2\/posts"}],"about":[{"href":"https:\/\/news.canadamotorjobs.com\/fr\/wp-json\/wp\/v2\/types\/post"}],"author":[{"embeddable":true,"href":"https:\/\/news.canadamotorjobs.com\/fr\/wp-json\/wp\/v2\/users\/8"}],"replies":[{"embeddable":true,"href":"https:\/\/news.canadamotorjobs.com\/fr\/wp-json\/wp\/v2\/comments?post=165436"}],"version-history":[{"count":2,"href":"https:\/\/news.canadamotorjobs.com\/fr\/wp-json\/wp\/v2\/posts\/165436\/revisions"}],"predecessor-version":[{"id":165440,"href":"https:\/\/news.canadamotorjobs.com\/fr\/wp-json\/wp\/v2\/posts\/165436\/revisions\/165440"}],"wp:featuredmedia":[{"embeddable":true,"href":"https:\/\/news.canadamotorjobs.com\/fr\/wp-json\/wp\/v2\/media\/165438"}],"wp:attachment":[{"href":"https:\/\/news.canadamotorjobs.com\/fr\/wp-json\/wp\/v2\/media?parent=165436"}],"wp:term":[{"taxonomy":"category","embeddable":true,"href":"https:\/\/news.canadamotorjobs.com\/fr\/wp-json\/wp\/v2\/categories?post=165436"},{"taxonomy":"post_tag","embeddable":true,"href":"https:\/\/news.canadamotorjobs.com\/fr\/wp-json\/wp\/v2\/tags?post=165436"}],"curies":[{"name":"wp","href":"https:\/\/api.w.org\/{rel}","templated":true}]}}