{"id":165413,"date":"2024-05-22T09:12:05","date_gmt":"2024-05-22T13:12:05","guid":{"rendered":"https:\/\/news.canadamotorjobs.com\/?p=165413"},"modified":"2024-05-22T09:16:01","modified_gmt":"2024-05-22T13:16:01","slug":"subaru-devoile-les-prix-de-son-forester-2025","status":"publish","type":"post","link":"https:\/\/news.canadamotorjobs.com\/fr\/subaru-devoile-les-prix-de-son-forester-2025\/","title":{"rendered":"Subaru d\u00e9voile les prix de son Forester 2025"},"content":{"rendered":"<\/p>\n<p>Subaru Canada a d\u00e9voil\u00e9 aujourd&#8217;hui les prix et les d\u00e9tails de la Subaru Forester 2025 de nouvelle g\u00e9n\u00e9ration. Ce mod\u00e8le, pilier de la gamme Subaru, se distingue par son design renouvel\u00e9, ses performances am\u00e9lior\u00e9es et ses technologies de pointe, offrant un raffinement accru et des \u00e9quipements haut de gamme.<\/p>\n<h3><strong>Performance et Moteur<\/strong><\/h3>\n<p>\nLa Subaru Forester 2025 est propuls\u00e9e par un moteur BOXER SUBARU de 2,5 litres, d\u00e9veloppant 180 chevaux et 178 livres-pied de couple. Toutes les versions sont \u00e9quip\u00e9es d&#8217;une bo\u00eete CVT Lineartronic\u00ae pour une conduite plus fluide et silencieuse. La traction int\u00e9grale sym\u00e9trique \u00e0 prise constante de Subaru, r\u00e9vis\u00e9e pour une r\u00e9activit\u00e9 et une maniabilit\u00e9 am\u00e9lior\u00e9es, est \u00e9galement de s\u00e9rie sur tous les mod\u00e8les.<\/p>\n<h3><strong>S\u00e9curit\u00e9 et Technologie<\/strong><\/h3>\n<p>\nLa technologie EyeSight, prim\u00e9e pour l&#8217;aide \u00e0 la conduite, est de s\u00e9rie sur toute la gamme Forester 2025. Elle inclut une monocam\u00e9ra grand angle et un logiciel de contr\u00f4le am\u00e9lior\u00e9, permettant une reconnaissance plus rapide des pi\u00e9tons et cyclistes aux intersections. Des fonctionnalit\u00e9s suppl\u00e9mentaires, telles que le freinage automatique en marche arri\u00e8re et la d\u00e9tection des angles morts, sont \u00e9galement disponibles.<\/p>\n<h3><strong>Nouveaut\u00e9 : L&#8217;Assistant d&#8217;Arr\u00eat d&#8217;Urgence<\/strong><\/h3>\n<p>\nPour la premi\u00e8re fois sur une Subaru, l&#8217;assistant d&#8217;arr\u00eat d&#8217;urgence est inclus de s\u00e9rie. Si le conducteur ne r\u00e9agit pas aux alertes, ce syst\u00e8me immobilise le v\u00e9hicule, active les feux de d\u00e9tresse et d\u00e9verrouille les porti\u00e8res, tout en communiquant avec les services d&#8217;urgence via les Services connect\u00e9s SUBARU STARLINK.<\/p>\n<h3><strong>Gamme et Prix<\/strong><\/h3>\n<p><\/p>\n<h3><strong>Version Commodit\u00e9 &#8211; 33 495 $<\/strong><\/h3>\n<p>\nLa version de base Commodit\u00e9 est richement \u00e9quip\u00e9e, incluant des phares directionnels \u00e0 DEL, un contr\u00f4le automatique de la temp\u00e9rature \u00e0 deux zones, et un syst\u00e8me d&#8217;infodivertissement \u00e0 \u00e9cran tactile double de 7,0 pouces. Les si\u00e8ges avant chauffants et les r\u00e9troviseurs d\u00e9givrants et escamotables sont \u00e9galement de s\u00e9rie.<\/p>\n<h3><strong>Version Tourisme &#8211; 38 495 $<\/strong><\/h3>\n<p>\nLa version Tourisme ajoute des accents gris fonc\u00e9, des r\u00e9troviseurs ext\u00e9rieurs \u00e0 att\u00e9nuation automatique, et un grand toit ouvrant vitr\u00e9. Le syst\u00e8me d&#8217;infodivertissement passe \u00e0 un \u00e9cran tactile vertical de 11,6 pouces, et les services connect\u00e9s Subaru STARLINK sont inclus pour trois ans.<\/p>\n<h3><strong>Version Sport &#8211; 40 995 $<\/strong><\/h3>\n<p>\nLa version Sport se distingue par ses accents bronze et ses nouvelles jantes de 19 pouces. Le SI-DRIVE avec mode Sport# et la suspension \u00e0 calibrage sport ajoutent une touche dynamique, tandis que le syst\u00e8me audio Harman Kardon \u00e0 11 haut-parleurs am\u00e9liore l&#8217;exp\u00e9rience auditive.<\/p>\n<h3><strong>Version Limited &#8211; 42 995 $<\/strong><\/h3>\n<p>\nLa version Limited inclut la navigation GPS avec what3words, le syst\u00e8me DriverFocus pour la mitigation des distractions, et des si\u00e8ges garnis de cuir. Les si\u00e8ges arri\u00e8re chauffants et les jantes en alliage de 18 pouces \u00e0 deux tons ajoutent au confort et au style.<\/p>\n<h3><strong>Version Premier &#8211; 44 995 $<\/strong><\/h3>\n<p>\nAu sommet de la gamme, la version Premier offre des si\u00e8ges en cuir et Ultrasuede, des accents en noir lustr\u00e9 et un moniteur de vue p\u00e9riph\u00e9rique pour une vue \u00e0 360 degr\u00e9s. Les jantes en alliage de 19 pouces et les si\u00e8ges avant climatis\u00e9s rehaussent l&#8217;exp\u00e9rience de conduite.<\/p>\n<h3><strong>Conclusion<\/strong><\/h3>\n<p>\nLa Subaru Forester 2025, avec ses nombreuses am\u00e9liorations et innovations, promet une exp\u00e9rience de conduite plus raffin\u00e9e et s\u00e9curitaire. Chaque version, de la Commodit\u00e9 \u00e0 la Premier, apporte son lot de fonctionnalit\u00e9s haut de gamme, r\u00e9pondant aux attentes des conducteurs les plus exigeants.<\/p>\n<p>\u00a0<\/p>\n<p>Le texte <a rel=\"nofollow\" href=\"https:\/\/annuelauto.ca\/subaru-devoile-les-prix-de-son-forester-2025\/\">Subaru d\u00e9voile les prix de son Forester 2025<\/a> provient de <a rel=\"nofollow\" href=\"https:\/\/annuelauto.ca\">L&#8217;annuel de l&#8217;automobile &#8211; Actualit\u00e9 automobile<\/a><\/p>\n<p><\/p>\n","protected":false},"excerpt":{"rendered":"<p>Subaru Canada a d\u00e9voil\u00e9 aujourd&#8217;hui les prix et les d\u00e9tails de la Subaru Forester 2025 de nouvelle g\u00e9n\u00e9ration. Ce mod\u00e8le, pilier de la gamme Subaru, se distingue par son design renouvel\u00e9, ses performances am\u00e9lior\u00e9es et ses technologies de pointe, offrant un raffinement accru et des \u00e9quipements haut de gamme. Performance et Moteur La Subaru Forester [&hellip;]<\/p>\n","protected":false},"author":8,"featured_media":165415,"comment_status":"close","ping_status":"closed","sticky":false,"template":"","format":"standard","meta":{"_monsterinsights_skip_tracking":false,"_monsterinsights_sitenote_active":false,"_monsterinsights_sitenote_note":"","_monsterinsights_sitenote_category":0,"footnotes":""},"categories":[101],"tags":[],"yoast_head":"<!-- This site is optimized with the Yoast SEO plugin v23.2 - https:\/\/yoast.com\/wordpress\/plugins\/seo\/ -->\n<title>Subaru d\u00e9voile les prix de son Forester 2025 - CanadaMotorJobs.com<\/title>\n<meta name=\"description\" content=\"Subaru d\u00e9voile les prix de son Forester 2025 - Benoit Charette - Annuel automobile - CanadaMotorJobs.com.\" \/>\n<meta name=\"robots\" content=\"index, follow, max-snippet:-1, max-image-preview:large, max-video-preview:-1\" \/>\n<meta property=\"og:locale\" content=\"fr_CA\" \/>\n<meta property=\"og:type\" content=\"article\" \/>\n<meta property=\"og:title\" content=\"Subaru d\u00e9voile les prix de son Forester 2025 - CanadaMotorJobs.com\" \/>\n<meta property=\"og:description\" content=\"Subaru d\u00e9voile les prix de son Forester 2025 - Benoit Charette - Annuel automobile - CanadaMotorJobs.com.\" \/>\n<meta property=\"og:url\" content=\"https:\/\/news.canadamotorjobs.com\/fr\/subaru-devoile-les-prix-de-son-forester-2025\/\" \/>\n<meta property=\"og:site_name\" content=\"CanadaMotorJobs.com\" \/>\n<meta property=\"article:publisher\" content=\"https:\/\/www.facebook.com\/canadamotorjobs\/\" \/>\n<meta property=\"article:published_time\" content=\"2024-05-22T13:12:05+00:00\" \/>\n<meta property=\"article:modified_time\" content=\"2024-05-22T13:16:01+00:00\" \/>\n<meta property=\"og:image\" content=\"https:\/\/news.canadamotorjobs.com\/wp-content\/uploads\/2024\/05\/25FOR_SP_Front_Running_Gravel_Trail_CWP_SOA_Large.jpg\" \/>\n\t<meta property=\"og:image:width\" content=\"1280\" \/>\n\t<meta property=\"og:image:height\" content=\"742\" \/>\n\t<meta property=\"og:image:type\" content=\"image\/jpeg\" \/>\n<meta name=\"author\" content=\"Benoit Charette\" \/>\n<meta name=\"twitter:card\" content=\"summary_large_image\" \/>\n<meta name=\"twitter:creator\" content=\"@canadamotorjobs\" \/>\n<meta name=\"twitter:site\" content=\"@canadamotorjobs\" \/>\n<meta name=\"twitter:label1\" content=\"\u00c9crit par\" \/>\n\t<meta name=\"twitter:data1\" content=\"Benoit Charette\" \/>\n\t<meta name=\"twitter:label2\" content=\"Estimation du temps de lecture\" \/>\n\t<meta name=\"twitter:data2\" content=\"3 minutes\" \/>\n<!-- \/ Yoast SEO plugin. -->","yoast_head_json":{"title":"Subaru d\u00e9voile les prix de son Forester 2025 - CanadaMotorJobs.com","description":"Subaru d\u00e9voile les prix de son Forester 2025 - Benoit Charette - Annuel automobile - CanadaMotorJobs.com.","robots":{"index":"index","follow":"follow","max-snippet":"max-snippet:-1","max-image-preview":"max-image-preview:large","max-video-preview":"max-video-preview:-1"},"og_locale":"fr_CA","og_type":"article","og_title":"Subaru d\u00e9voile les prix de son Forester 2025 - CanadaMotorJobs.com","og_description":"Subaru d\u00e9voile les prix de son Forester 2025 - Benoit Charette - Annuel automobile - CanadaMotorJobs.com.","og_url":"https:\/\/news.canadamotorjobs.com\/fr\/subaru-devoile-les-prix-de-son-forester-2025\/","og_site_name":"CanadaMotorJobs.com","article_publisher":"https:\/\/www.facebook.com\/canadamotorjobs\/","article_published_time":"2024-05-22T13:12:05+00:00","article_modified_time":"2024-05-22T13:16:01+00:00","og_image":[{"width":1280,"height":742,"url":"https:\/\/news.canadamotorjobs.com\/wp-content\/uploads\/2024\/05\/25FOR_SP_Front_Running_Gravel_Trail_CWP_SOA_Large.jpg","type":"image\/jpeg"}],"author":"Benoit Charette","twitter_card":"summary_large_image","twitter_creator":"@canadamotorjobs","twitter_site":"@canadamotorjobs","twitter_misc":{"\u00c9crit par":"Benoit Charette","Estimation du temps de lecture":"3 minutes"},"schema":{"@context":"https:\/\/schema.org","@graph":[{"@type":"Article","@id":"https:\/\/news.canadamotorjobs.com\/fr\/subaru-devoile-les-prix-de-son-forester-2025\/#article","isPartOf":{"@id":"https:\/\/news.canadamotorjobs.com\/fr\/subaru-devoile-les-prix-de-son-forester-2025\/"},"author":{"name":"Benoit Charette","@id":"https:\/\/news.canadamotorjobs.com\/#\/schema\/person\/51793d1f87d44011d7bcc2ed99269a90"},"headline":"Subaru d\u00e9voile les prix de son Forester 2025","datePublished":"2024-05-22T13:12:05+00:00","dateModified":"2024-05-22T13:16:01+00:00","mainEntityOfPage":{"@id":"https:\/\/news.canadamotorjobs.com\/fr\/subaru-devoile-les-prix-de-son-forester-2025\/"},"wordCount":613,"publisher":{"@id":"https:\/\/news.canadamotorjobs.com\/#organization"},"image":{"@id":"https:\/\/news.canadamotorjobs.com\/fr\/subaru-devoile-les-prix-de-son-forester-2025\/#primaryimage"},"thumbnailUrl":"https:\/\/news.canadamotorjobs.com\/wp-content\/uploads\/2024\/05\/25FOR_SP_Front_Running_Gravel_Trail_CWP_SOA_Large.jpg","articleSection":["Annuel automobile"],"inLanguage":"fr-CA"},{"@type":"WebPage","@id":"https:\/\/news.canadamotorjobs.com\/fr\/subaru-devoile-les-prix-de-son-forester-2025\/","url":"https:\/\/news.canadamotorjobs.com\/fr\/subaru-devoile-les-prix-de-son-forester-2025\/","name":"Subaru d\u00e9voile les prix de son Forester 2025 - CanadaMotorJobs.com","isPartOf":{"@id":"https:\/\/news.canadamotorjobs.com\/#website"},"primaryImageOfPage":{"@id":"https:\/\/news.canadamotorjobs.com\/fr\/subaru-devoile-les-prix-de-son-forester-2025\/#primaryimage"},"image":{"@id":"https:\/\/news.canadamotorjobs.com\/fr\/subaru-devoile-les-prix-de-son-forester-2025\/#primaryimage"},"thumbnailUrl":"https:\/\/news.canadamotorjobs.com\/wp-content\/uploads\/2024\/05\/25FOR_SP_Front_Running_Gravel_Trail_CWP_SOA_Large.jpg","datePublished":"2024-05-22T13:12:05+00:00","dateModified":"2024-05-22T13:16:01+00:00","description":"Subaru d\u00e9voile les prix de son Forester 2025 - Benoit Charette - Annuel automobile - CanadaMotorJobs.com.","breadcrumb":{"@id":"https:\/\/news.canadamotorjobs.com\/fr\/subaru-devoile-les-prix-de-son-forester-2025\/#breadcrumb"},"inLanguage":"fr-CA","potentialAction":[{"@type":"ReadAction","target":["https:\/\/news.canadamotorjobs.com\/fr\/subaru-devoile-les-prix-de-son-forester-2025\/"]}]},{"@type":"ImageObject","inLanguage":"fr-CA","@id":"https:\/\/news.canadamotorjobs.com\/fr\/subaru-devoile-les-prix-de-son-forester-2025\/#primaryimage","url":"https:\/\/news.canadamotorjobs.com\/wp-content\/uploads\/2024\/05\/25FOR_SP_Front_Running_Gravel_Trail_CWP_SOA_Large.jpg","contentUrl":"https:\/\/news.canadamotorjobs.com\/wp-content\/uploads\/2024\/05\/25FOR_SP_Front_Running_Gravel_Trail_CWP_SOA_Large.jpg","width":1280,"height":742},{"@type":"BreadcrumbList","@id":"https:\/\/news.canadamotorjobs.com\/fr\/subaru-devoile-les-prix-de-son-forester-2025\/#breadcrumb","itemListElement":[{"@type":"ListItem","position":1,"name":"Home","item":"https:\/\/news.canadamotorjobs.com\/fr\/blog\/"},{"@type":"ListItem","position":2,"name":"Subaru d\u00e9voile les prix de son Forester 2025"}]},{"@type":"WebSite","@id":"https:\/\/news.canadamotorjobs.com\/#website","url":"https:\/\/news.canadamotorjobs.com\/","name":"CanadaMotorJobs.com","description":"Automotive Jobs","publisher":{"@id":"https:\/\/news.canadamotorjobs.com\/#organization"},"potentialAction":[{"@type":"SearchAction","target":{"@type":"EntryPoint","urlTemplate":"https:\/\/news.canadamotorjobs.com\/?s={search_term_string}"},"query-input":"required name=search_term_string"}],"inLanguage":"fr-CA"},{"@type":"Organization","@id":"https:\/\/news.canadamotorjobs.com\/#organization","name":"Canada Motor Jobs","url":"https:\/\/news.canadamotorjobs.com\/","logo":{"@type":"ImageObject","inLanguage":"fr-CA","@id":"https:\/\/news.canadamotorjobs.com\/#\/schema\/logo\/image\/","url":"https:\/\/news.canadamotorjobs.com\/wp-content\/uploads\/2022\/10\/logo-canada-motor-jobs-1.png","contentUrl":"https:\/\/news.canadamotorjobs.com\/wp-content\/uploads\/2022\/10\/logo-canada-motor-jobs-1.png","width":800,"height":400,"caption":"Canada Motor Jobs"},"image":{"@id":"https:\/\/news.canadamotorjobs.com\/#\/schema\/logo\/image\/"},"sameAs":["https:\/\/www.facebook.com\/canadamotorjobs\/","https:\/\/x.com\/canadamotorjobs","https:\/\/www.instagram.com\/canadamotorjobs\/","https:\/\/www.linkedin.com\/company\/canadamotorjobs"]},{"@type":"Person","@id":"https:\/\/news.canadamotorjobs.com\/#\/schema\/person\/51793d1f87d44011d7bcc2ed99269a90","name":"Benoit Charette","image":{"@type":"ImageObject","inLanguage":"fr-CA","@id":"https:\/\/news.canadamotorjobs.com\/#\/schema\/person\/image\/","url":"https:\/\/secure.gravatar.com\/avatar\/45f3d2eebcccd909668d7ce7ea7267b6?s=96&d=mm&r=g","contentUrl":"https:\/\/secure.gravatar.com\/avatar\/45f3d2eebcccd909668d7ce7ea7267b6?s=96&d=mm&r=g","caption":"Benoit Charette"},"description":"Benoit Charette \/ Propri\u00e9taire et r\u00e9dacteur en chef Benoit Charette pratique le journalisme automobile depuis bient\u00f4t 30 ans. Il a fait ses classes au c\u00f4t\u00e9 de Daniel H\u00e9raud et au Carnet de route de 1992 \u00e0 2001. Il est fondateur, copropri\u00e9taire et r\u00e9dacteur en chef de L\u2019Annuel de l\u2019automobile, qu\u2019il publie depuis 2001. Il a anim\u00e9 les \u00e9missions RPM et RPM+ sur V et les L\u00e9gendes de la route sur Historia. \u00c0 la radio depuis 1986, il reprend l\u2019antenne cette ann\u00e9e sur les ondes de Cogeco et participe pour la deuxi\u00e8me ann\u00e9e \u00e0 l\u2019\u00e9mission Passion Auto sur RDS en plus de mettre en ligne le site Web officiel de L\u2019Annuel de l\u2019automobile sur annuelauto.ca.","sameAs":["https:\/\/annuelauto.ca\/"],"url":"https:\/\/news.canadamotorjobs.com\/fr\/author\/benoit-charette\/"}]}},"_links":{"self":[{"href":"https:\/\/news.canadamotorjobs.com\/fr\/wp-json\/wp\/v2\/posts\/165413"}],"collection":[{"href":"https:\/\/news.canadamotorjobs.com\/fr\/wp-json\/wp\/v2\/posts"}],"about":[{"href":"https:\/\/news.canadamotorjobs.com\/fr\/wp-json\/wp\/v2\/types\/post"}],"author":[{"embeddable":true,"href":"https:\/\/news.canadamotorjobs.com\/fr\/wp-json\/wp\/v2\/users\/8"}],"replies":[{"embeddable":true,"href":"https:\/\/news.canadamotorjobs.com\/fr\/wp-json\/wp\/v2\/comments?post=165413"}],"version-history":[{"count":2,"href":"https:\/\/news.canadamotorjobs.com\/fr\/wp-json\/wp\/v2\/posts\/165413\/revisions"}],"predecessor-version":[{"id":165417,"href":"https:\/\/news.canadamotorjobs.com\/fr\/wp-json\/wp\/v2\/posts\/165413\/revisions\/165417"}],"wp:featuredmedia":[{"embeddable":true,"href":"https:\/\/news.canadamotorjobs.com\/fr\/wp-json\/wp\/v2\/media\/165415"}],"wp:attachment":[{"href":"https:\/\/news.canadamotorjobs.com\/fr\/wp-json\/wp\/v2\/media?parent=165413"}],"wp:term":[{"taxonomy":"category","embeddable":true,"href":"https:\/\/news.canadamotorjobs.com\/fr\/wp-json\/wp\/v2\/categories?post=165413"},{"taxonomy":"post_tag","embeddable":true,"href":"https:\/\/news.canadamotorjobs.com\/fr\/wp-json\/wp\/v2\/tags?post=165413"}],"curies":[{"name":"wp","href":"https:\/\/api.w.org\/{rel}","templated":true}]}}