{"id":165386,"date":"2024-05-22T07:18:33","date_gmt":"2024-05-22T11:18:33","guid":{"rendered":"https:\/\/news.canadamotorjobs.com\/?p=165386"},"modified":"2024-05-22T07:29:17","modified_gmt":"2024-05-22T11:29:17","slug":"honda-civic-deux-variantes-hybrides-de-200-ch-pour-2025","status":"publish","type":"post","link":"https:\/\/news.canadamotorjobs.com\/fr\/honda-civic-deux-variantes-hybrides-de-200-ch-pour-2025\/","title":{"rendered":"Honda Civic : deux variantes hybrides de 200 ch pour 2025"},"content":{"rendered":"<\/p>\n<p>La Civic hybride de Honda sera disponible en concessions cet \u00e9t\u00e9. Elle b\u00e9n\u00e9ficie d\u2019un nouveau design de la partie avant, de feux arri\u00e8re plus sombres et d\u2019un int\u00e9rieur am\u00e9lior\u00e9. Les nouvelles variantes hybrides \u2013 Sport Hybrid et Sport Touring Hybrid \u2013 seront propos\u00e9es en berline et en hatchback, occupant les places de t\u00eate de la gamme. Elles utilisent le m\u00eame syst\u00e8me hybride \u00e0 deux moteurs que l&#8217;Accord et le CR-V, ajust\u00e9 pour optimiser la maniabilit\u00e9 dans un format plus compact.<\/p>\n<h3>Puissance et \u00e9conomie de carburant<\/h3>\n<p>\nLe moteur hybride fournira environ 200 chevaux et un couple de 232 lb-pi, faisant de cette Civic la plus puissante apr\u00e8s la Type R. Elle devrait obtenir une cote de consommation combin\u00e9e de 4,7 litres\/100 kilom\u00e8tres.<\/p>\n<h3>Une gamme diversifi\u00e9e<\/h3>\n<p>\nLa Civic 2025, toujours dans sa 11e g\u00e9n\u00e9ration, sera disponible en quatre finitions : LX, Sport, Sport Hybride et Sport Touring Hybride. Tous les mod\u00e8les sont propos\u00e9s dans les deux styles de carrosserie, sauf le LX qui est uniquement disponible en berline. La version EX avec le moteur de 1,5 litre ne sera plus disponible.<\/p>\n<h3>Strat\u00e9gie hybride<\/h3>\n<p>\nComme pour l&#8217;Accord et le CR-V, Honda propose des finitions hybrides bien \u00e9quip\u00e9es. Honda pr\u00e9voit que les deux hybrides Civic repr\u00e9senteront 40 % des ventes totales de la gamme. Cette strat\u00e9gie s&#8217;inscrit dans le plan de Honda visant \u00e0 augmenter la part des v\u00e9hicules \u00e9lectrifi\u00e9s dans son portefeuille. En 2023, les hybrides repr\u00e9sentaient 25 % des ventes totales de Honda.<\/p>\n<h3>\u00c9quipements de s\u00e9rie<\/h3>\n<p>\nLes deux hybrides sont \u00e9quip\u00e9es de garnitures de phares couleur carrosserie et d\u2019un becquet avant inf\u00e9rieur. Toutes les finitions Sport disposent de garnitures plus sombres et de jantes noires de 18 pouces. La Sport Hybride est dot\u00e9e d&#8217;un toit ouvrant, de si\u00e8ges avant chauffants et de la climatisation \u00e0 deux zones. La Sport Touring Hybride, haut de gamme, ajoute des jantes au design raffin\u00e9, des si\u00e8ges en cuir, un syst\u00e8me audio premium Bose \u00e0 12 haut-parleurs, un \u00e9cran tactile de neuf pouces avec Apple CarPlay et Android Auto sans fil, ainsi qu\u2019un chargeur. Elle int\u00e8gre \u00e9galement Google Built-In permettant de passer des appels, envoyer des messages, r\u00e9gler la climatisation et la musique, ainsi que d\u00e9finir des points de navigation par commande vocale.<\/p>\n<h3>Accessibilit\u00e9 et production<\/h3>\n<p>\nPour maintenir la Civic d&#8217;entr\u00e9e de gamme abordable, les versions LX et Sport continueront \u00e0 offrir le moteur quatre cylindres de 2,0 litres de 158 ch. Honda n\u2019a pas divulgu\u00e9 les prix pour la Civic 2025, mais la Sport Hybride devrait d\u00e9buter \u00e0 moins de 30 000 USD. Aucune information sur les prix canadiens n&#8217;a encore \u00e9t\u00e9 annonc\u00e9e. La berline Civic est assembl\u00e9e \u00e0 l\u2019usine de Honda \u00e0 Alliston, Ontario, et la Civic hatchback \u00e0 Greensburg, Indiana. Le syst\u00e8me hybride \u00e0 deux moteurs et le moteur quatre cylindres de 2,0 litres pour les Accord, CR-V et Civic hybrides sont produits \u00e0 l\u2019Anna Engine Plant et \u00e0 l\u2019Ohio Transmission Plant.<\/p>\n<p>\u00a0<\/p>\n<p>Le texte <a rel=\"nofollow\" href=\"https:\/\/annuelauto.ca\/honda-civic-deux-variantes-hybrides-de-200-ch-pour-2025\/\">Honda Civic : deux variantes hybrides de 200 ch pour 2025<\/a> provient de <a rel=\"nofollow\" href=\"https:\/\/annuelauto.ca\">L&#8217;annuel de l&#8217;automobile &#8211; Actualit\u00e9 automobile<\/a><\/p>\n<p><\/p>\n","protected":false},"excerpt":{"rendered":"<p>La Civic hybride de Honda sera disponible en concessions cet \u00e9t\u00e9. Elle b\u00e9n\u00e9ficie d\u2019un nouveau design de la partie avant, de feux arri\u00e8re plus sombres et d\u2019un int\u00e9rieur am\u00e9lior\u00e9. Les nouvelles variantes hybrides \u2013 Sport Hybrid et Sport Touring Hybrid \u2013 seront propos\u00e9es en berline et en hatchback, occupant les places de t\u00eate de la [&hellip;]<\/p>\n","protected":false},"author":8,"featured_media":165388,"comment_status":"close","ping_status":"closed","sticky":false,"template":"","format":"standard","meta":{"_monsterinsights_skip_tracking":false,"_monsterinsights_sitenote_active":false,"_monsterinsights_sitenote_note":"","_monsterinsights_sitenote_category":0,"footnotes":""},"categories":[101],"tags":[],"yoast_head":"<!-- This site is optimized with the Yoast SEO plugin v23.2 - https:\/\/yoast.com\/wordpress\/plugins\/seo\/ -->\n<title>Honda Civic : deux variantes hybrides de 200 ch pour 2025 - CanadaMotorJobs.com<\/title>\n<meta name=\"description\" content=\"Honda Civic : deux variantes hybrides de 200 ch pour 2025 - Benoit Charette - Annuel automobile - CanadaMotorJobs.com.\" \/>\n<meta name=\"robots\" content=\"index, follow, max-snippet:-1, max-image-preview:large, max-video-preview:-1\" \/>\n<meta property=\"og:locale\" content=\"fr_CA\" \/>\n<meta property=\"og:type\" content=\"article\" \/>\n<meta property=\"og:title\" content=\"Honda Civic : deux variantes hybrides de 200 ch pour 2025 - CanadaMotorJobs.com\" \/>\n<meta property=\"og:description\" content=\"Honda Civic : deux variantes hybrides de 200 ch pour 2025 - Benoit Charette - Annuel automobile - CanadaMotorJobs.com.\" \/>\n<meta property=\"og:url\" content=\"https:\/\/news.canadamotorjobs.com\/fr\/honda-civic-deux-variantes-hybrides-de-200-ch-pour-2025\/\" \/>\n<meta property=\"og:site_name\" content=\"CanadaMotorJobs.com\" \/>\n<meta property=\"article:publisher\" content=\"https:\/\/www.facebook.com\/canadamotorjobs\/\" \/>\n<meta property=\"article:published_time\" content=\"2024-05-22T11:18:33+00:00\" \/>\n<meta property=\"article:modified_time\" content=\"2024-05-22T11:29:17+00:00\" \/>\n<meta property=\"og:image\" content=\"https:\/\/news.canadamotorjobs.com\/wp-content\/uploads\/2024\/05\/898164.jpg\" \/>\n\t<meta property=\"og:image:width\" content=\"1600\" \/>\n\t<meta property=\"og:image:height\" content=\"1066\" \/>\n\t<meta property=\"og:image:type\" content=\"image\/jpeg\" \/>\n<meta name=\"author\" content=\"Benoit Charette\" \/>\n<meta name=\"twitter:card\" content=\"summary_large_image\" \/>\n<meta name=\"twitter:creator\" content=\"@canadamotorjobs\" \/>\n<meta name=\"twitter:site\" content=\"@canadamotorjobs\" \/>\n<meta name=\"twitter:label1\" content=\"\u00c9crit par\" \/>\n\t<meta name=\"twitter:data1\" content=\"Benoit Charette\" \/>\n\t<meta name=\"twitter:label2\" content=\"Estimation du temps de lecture\" \/>\n\t<meta name=\"twitter:data2\" content=\"3 minutes\" \/>\n<!-- \/ Yoast SEO plugin. -->","yoast_head_json":{"title":"Honda Civic : deux variantes hybrides de 200 ch pour 2025 - CanadaMotorJobs.com","description":"Honda Civic : deux variantes hybrides de 200 ch pour 2025 - Benoit Charette - Annuel automobile - CanadaMotorJobs.com.","robots":{"index":"index","follow":"follow","max-snippet":"max-snippet:-1","max-image-preview":"max-image-preview:large","max-video-preview":"max-video-preview:-1"},"og_locale":"fr_CA","og_type":"article","og_title":"Honda Civic : deux variantes hybrides de 200 ch pour 2025 - CanadaMotorJobs.com","og_description":"Honda Civic : deux variantes hybrides de 200 ch pour 2025 - Benoit Charette - Annuel automobile - CanadaMotorJobs.com.","og_url":"https:\/\/news.canadamotorjobs.com\/fr\/honda-civic-deux-variantes-hybrides-de-200-ch-pour-2025\/","og_site_name":"CanadaMotorJobs.com","article_publisher":"https:\/\/www.facebook.com\/canadamotorjobs\/","article_published_time":"2024-05-22T11:18:33+00:00","article_modified_time":"2024-05-22T11:29:17+00:00","og_image":[{"width":1600,"height":1066,"url":"https:\/\/news.canadamotorjobs.com\/wp-content\/uploads\/2024\/05\/898164.jpg","type":"image\/jpeg"}],"author":"Benoit Charette","twitter_card":"summary_large_image","twitter_creator":"@canadamotorjobs","twitter_site":"@canadamotorjobs","twitter_misc":{"\u00c9crit par":"Benoit Charette","Estimation du temps de lecture":"3 minutes"},"schema":{"@context":"https:\/\/schema.org","@graph":[{"@type":"Article","@id":"https:\/\/news.canadamotorjobs.com\/fr\/honda-civic-deux-variantes-hybrides-de-200-ch-pour-2025\/#article","isPartOf":{"@id":"https:\/\/news.canadamotorjobs.com\/fr\/honda-civic-deux-variantes-hybrides-de-200-ch-pour-2025\/"},"author":{"name":"Benoit Charette","@id":"https:\/\/news.canadamotorjobs.com\/#\/schema\/person\/51793d1f87d44011d7bcc2ed99269a90"},"headline":"Honda Civic : deux variantes hybrides de 200 ch pour 2025","datePublished":"2024-05-22T11:18:33+00:00","dateModified":"2024-05-22T11:29:17+00:00","mainEntityOfPage":{"@id":"https:\/\/news.canadamotorjobs.com\/fr\/honda-civic-deux-variantes-hybrides-de-200-ch-pour-2025\/"},"wordCount":527,"publisher":{"@id":"https:\/\/news.canadamotorjobs.com\/#organization"},"image":{"@id":"https:\/\/news.canadamotorjobs.com\/fr\/honda-civic-deux-variantes-hybrides-de-200-ch-pour-2025\/#primaryimage"},"thumbnailUrl":"https:\/\/news.canadamotorjobs.com\/wp-content\/uploads\/2024\/05\/898164.jpg","articleSection":["Annuel automobile"],"inLanguage":"fr-CA"},{"@type":"WebPage","@id":"https:\/\/news.canadamotorjobs.com\/fr\/honda-civic-deux-variantes-hybrides-de-200-ch-pour-2025\/","url":"https:\/\/news.canadamotorjobs.com\/fr\/honda-civic-deux-variantes-hybrides-de-200-ch-pour-2025\/","name":"Honda Civic : deux variantes hybrides de 200 ch pour 2025 - CanadaMotorJobs.com","isPartOf":{"@id":"https:\/\/news.canadamotorjobs.com\/#website"},"primaryImageOfPage":{"@id":"https:\/\/news.canadamotorjobs.com\/fr\/honda-civic-deux-variantes-hybrides-de-200-ch-pour-2025\/#primaryimage"},"image":{"@id":"https:\/\/news.canadamotorjobs.com\/fr\/honda-civic-deux-variantes-hybrides-de-200-ch-pour-2025\/#primaryimage"},"thumbnailUrl":"https:\/\/news.canadamotorjobs.com\/wp-content\/uploads\/2024\/05\/898164.jpg","datePublished":"2024-05-22T11:18:33+00:00","dateModified":"2024-05-22T11:29:17+00:00","description":"Honda Civic : deux variantes hybrides de 200 ch pour 2025 - Benoit Charette - Annuel automobile - CanadaMotorJobs.com.","breadcrumb":{"@id":"https:\/\/news.canadamotorjobs.com\/fr\/honda-civic-deux-variantes-hybrides-de-200-ch-pour-2025\/#breadcrumb"},"inLanguage":"fr-CA","potentialAction":[{"@type":"ReadAction","target":["https:\/\/news.canadamotorjobs.com\/fr\/honda-civic-deux-variantes-hybrides-de-200-ch-pour-2025\/"]}]},{"@type":"ImageObject","inLanguage":"fr-CA","@id":"https:\/\/news.canadamotorjobs.com\/fr\/honda-civic-deux-variantes-hybrides-de-200-ch-pour-2025\/#primaryimage","url":"https:\/\/news.canadamotorjobs.com\/wp-content\/uploads\/2024\/05\/898164.jpg","contentUrl":"https:\/\/news.canadamotorjobs.com\/wp-content\/uploads\/2024\/05\/898164.jpg","width":1600,"height":1066},{"@type":"BreadcrumbList","@id":"https:\/\/news.canadamotorjobs.com\/fr\/honda-civic-deux-variantes-hybrides-de-200-ch-pour-2025\/#breadcrumb","itemListElement":[{"@type":"ListItem","position":1,"name":"Home","item":"https:\/\/news.canadamotorjobs.com\/fr\/blog\/"},{"@type":"ListItem","position":2,"name":"Honda Civic : deux variantes hybrides de 200 ch pour 2025"}]},{"@type":"WebSite","@id":"https:\/\/news.canadamotorjobs.com\/#website","url":"https:\/\/news.canadamotorjobs.com\/","name":"CanadaMotorJobs.com","description":"Automotive Jobs","publisher":{"@id":"https:\/\/news.canadamotorjobs.com\/#organization"},"potentialAction":[{"@type":"SearchAction","target":{"@type":"EntryPoint","urlTemplate":"https:\/\/news.canadamotorjobs.com\/?s={search_term_string}"},"query-input":"required name=search_term_string"}],"inLanguage":"fr-CA"},{"@type":"Organization","@id":"https:\/\/news.canadamotorjobs.com\/#organization","name":"Canada Motor Jobs","url":"https:\/\/news.canadamotorjobs.com\/","logo":{"@type":"ImageObject","inLanguage":"fr-CA","@id":"https:\/\/news.canadamotorjobs.com\/#\/schema\/logo\/image\/","url":"https:\/\/news.canadamotorjobs.com\/wp-content\/uploads\/2022\/10\/logo-canada-motor-jobs-1.png","contentUrl":"https:\/\/news.canadamotorjobs.com\/wp-content\/uploads\/2022\/10\/logo-canada-motor-jobs-1.png","width":800,"height":400,"caption":"Canada Motor Jobs"},"image":{"@id":"https:\/\/news.canadamotorjobs.com\/#\/schema\/logo\/image\/"},"sameAs":["https:\/\/www.facebook.com\/canadamotorjobs\/","https:\/\/x.com\/canadamotorjobs","https:\/\/www.instagram.com\/canadamotorjobs\/","https:\/\/www.linkedin.com\/company\/canadamotorjobs"]},{"@type":"Person","@id":"https:\/\/news.canadamotorjobs.com\/#\/schema\/person\/51793d1f87d44011d7bcc2ed99269a90","name":"Benoit Charette","image":{"@type":"ImageObject","inLanguage":"fr-CA","@id":"https:\/\/news.canadamotorjobs.com\/#\/schema\/person\/image\/","url":"https:\/\/secure.gravatar.com\/avatar\/45f3d2eebcccd909668d7ce7ea7267b6?s=96&d=mm&r=g","contentUrl":"https:\/\/secure.gravatar.com\/avatar\/45f3d2eebcccd909668d7ce7ea7267b6?s=96&d=mm&r=g","caption":"Benoit Charette"},"description":"Benoit Charette \/ Propri\u00e9taire et r\u00e9dacteur en chef Benoit Charette pratique le journalisme automobile depuis bient\u00f4t 30 ans. Il a fait ses classes au c\u00f4t\u00e9 de Daniel H\u00e9raud et au Carnet de route de 1992 \u00e0 2001. Il est fondateur, copropri\u00e9taire et r\u00e9dacteur en chef de L\u2019Annuel de l\u2019automobile, qu\u2019il publie depuis 2001. Il a anim\u00e9 les \u00e9missions RPM et RPM+ sur V et les L\u00e9gendes de la route sur Historia. \u00c0 la radio depuis 1986, il reprend l\u2019antenne cette ann\u00e9e sur les ondes de Cogeco et participe pour la deuxi\u00e8me ann\u00e9e \u00e0 l\u2019\u00e9mission Passion Auto sur RDS en plus de mettre en ligne le site Web officiel de L\u2019Annuel de l\u2019automobile sur annuelauto.ca.","sameAs":["https:\/\/annuelauto.ca\/"],"url":"https:\/\/news.canadamotorjobs.com\/fr\/author\/benoit-charette\/"}]}},"_links":{"self":[{"href":"https:\/\/news.canadamotorjobs.com\/fr\/wp-json\/wp\/v2\/posts\/165386"}],"collection":[{"href":"https:\/\/news.canadamotorjobs.com\/fr\/wp-json\/wp\/v2\/posts"}],"about":[{"href":"https:\/\/news.canadamotorjobs.com\/fr\/wp-json\/wp\/v2\/types\/post"}],"author":[{"embeddable":true,"href":"https:\/\/news.canadamotorjobs.com\/fr\/wp-json\/wp\/v2\/users\/8"}],"replies":[{"embeddable":true,"href":"https:\/\/news.canadamotorjobs.com\/fr\/wp-json\/wp\/v2\/comments?post=165386"}],"version-history":[{"count":2,"href":"https:\/\/news.canadamotorjobs.com\/fr\/wp-json\/wp\/v2\/posts\/165386\/revisions"}],"predecessor-version":[{"id":165390,"href":"https:\/\/news.canadamotorjobs.com\/fr\/wp-json\/wp\/v2\/posts\/165386\/revisions\/165390"}],"wp:featuredmedia":[{"embeddable":true,"href":"https:\/\/news.canadamotorjobs.com\/fr\/wp-json\/wp\/v2\/media\/165388"}],"wp:attachment":[{"href":"https:\/\/news.canadamotorjobs.com\/fr\/wp-json\/wp\/v2\/media?parent=165386"}],"wp:term":[{"taxonomy":"category","embeddable":true,"href":"https:\/\/news.canadamotorjobs.com\/fr\/wp-json\/wp\/v2\/categories?post=165386"},{"taxonomy":"post_tag","embeddable":true,"href":"https:\/\/news.canadamotorjobs.com\/fr\/wp-json\/wp\/v2\/tags?post=165386"}],"curies":[{"name":"wp","href":"https:\/\/api.w.org\/{rel}","templated":true}]}}