{"id":165355,"date":"2024-05-21T08:48:44","date_gmt":"2024-05-21T12:48:44","guid":{"rendered":"https:\/\/news.canadamotorjobs.com\/?p=165355"},"modified":"2024-05-21T08:59:08","modified_gmt":"2024-05-21T12:59:08","slug":"un-nouveau-style-pour-le-ford-maverick-en-2025","status":"publish","type":"post","link":"https:\/\/news.canadamotorjobs.com\/fr\/un-nouveau-style-pour-le-ford-maverick-en-2025\/","title":{"rendered":"Un Nouveau Style pour le Ford Maverick en 2025"},"content":{"rendered":"<\/p>\n<h3><strong>Sans camouflage<br \/>\n<\/strong><\/h3>\n<p>\nDes espions ont surpris deux pickups Ford Maverick presque sans camouflage en public, affichant un look sportif in\u00e9dit pour un mod\u00e8le de production, ainsi qu&#8217;un nouvel ensemble de roues concaves. Compte tenu de la refonte significative du style ext\u00e9rieur et du fait que ces deux v\u00e9hicules \u00e9taient expos\u00e9s en plein air, nous doutons que ce soit le look final du Maverick remani\u00e9. Cependant, en observant la qualit\u00e9 et la finition des \u00e9l\u00e9ments ext\u00e9rieurs visibles, nous ne pouvons exclure la possibilit\u00e9 qu&#8217;il s&#8217;agisse de pi\u00e8ces d&#8217;usine. Reste \u00e0 savoir si elles seront int\u00e9gr\u00e9es aux mod\u00e8les de s\u00e9rie.<\/p>\n<h3><strong>Un Mod\u00e8le R\u00e9v\u00e9lateur<\/strong><\/h3>\n<p>\nCe n&#8217;est pas la premi\u00e8re fois que nous voyons un Ford Maverick mis \u00e0 jour en pleine nature, mais c&#8217;est la premi\u00e8re fois qu&#8217;il n&#8217;est pas camoufl\u00e9 de mani\u00e8re significative. Presque tous les panneaux de carrosserie, \u00e0 l&#8217;avant et \u00e0 l&#8217;arri\u00e8re des portes, semblent neufs ou modifi\u00e9s, \u00e0 l&#8217;exception possible des c\u00f4t\u00e9s de la benne. Compar\u00e9 \u00e0 l&#8217;actuel Tremor (en bas \u00e0 droite), on peut voir \u00e0 quel point la partie avant a \u00e9t\u00e9 modifi\u00e9e. De plus, un nouvel ensemble de roues semble loin d&#8217;\u00eatre orient\u00e9 vers le travail. Cela pourrait-il indiquer l&#8217;arriv\u00e9e d&#8217;une version plus engageante ?<\/p>\n<h3><strong>Des Versions Performantes en Test<\/strong><\/h3>\n<p>\nNous avons \u00e9galement aper\u00e7u des variantes potentiellement ax\u00e9es sur la performance du Maverick lors de tests sur les terrains d&#8217;essai de Ford. Le pickup ci-dessous a \u00e9t\u00e9 rep\u00e9r\u00e9 d\u00e8s 2022 et n&#8217;a pas \u00e9t\u00e9 revu depuis. M\u00eame les prototypes captur\u00e9s ce mois-ci manquent les sorties d&#8217;\u00e9chappement doubles int\u00e9gr\u00e9es visibles sur le pare-chocs arri\u00e8re du mod\u00e8le pr\u00e9c\u00e9dent. Cela pourrait signifier que cette id\u00e9e n&#8217;a jamais \u00e9t\u00e9 concr\u00e9tis\u00e9e, ou bien qu&#8217;il s&#8217;agissait d&#8217;un autre v\u00e9hicule d\u00e9guis\u00e9 en petit pickup.<\/p>\n<h3><strong>Une \u00c9volution Impact\u00e9e par la Pand\u00e9mie<\/strong><\/h3>\n<p>\nLe lancement du Maverick a eu lieu \u00e0 une p\u00e9riode d\u00e9licate, et son cycle de d\u00e9veloppement et de production a \u00e9t\u00e9 fortement impact\u00e9 par la Covid. Ce que Ford r\u00e9serve pour la mise \u00e0 jour de ce petit pickup reste un myst\u00e8re, mais si nous devions parier, nous miserions sur une diversit\u00e9 de nouvelles caract\u00e9ristiques pour satisfaire tous les go\u00fbts. Restez \u00e0 l&#8217;\u00e9coute.<\/p>\n<p>Avec des renseignements d\u2019autoblog<\/p>\n<p>Le texte <a rel=\"nofollow\" href=\"https:\/\/annuelauto.ca\/un-nouveau-style-pour-le-ford-maverick-en-2025\/\">Un Nouveau Style pour le Ford Maverick en 2025<\/a> provient de <a rel=\"nofollow\" href=\"https:\/\/annuelauto.ca\">L&#8217;annuel de l&#8217;automobile &#8211; Actualit\u00e9 automobile<\/a><\/p>\n<p><\/p>\n","protected":false},"excerpt":{"rendered":"<p>Sans camouflage Des espions ont surpris deux pickups Ford Maverick presque sans camouflage en public, affichant un look sportif in\u00e9dit pour un mod\u00e8le de production, ainsi qu&#8217;un nouvel ensemble de roues concaves. Compte tenu de la refonte significative du style ext\u00e9rieur et du fait que ces deux v\u00e9hicules \u00e9taient expos\u00e9s en plein air, nous doutons [&hellip;]<\/p>\n","protected":false},"author":8,"featured_media":165357,"comment_status":"close","ping_status":"closed","sticky":false,"template":"","format":"standard","meta":{"_monsterinsights_skip_tracking":false,"_monsterinsights_sitenote_active":false,"_monsterinsights_sitenote_note":"","_monsterinsights_sitenote_category":0,"footnotes":""},"categories":[101],"tags":[],"yoast_head":"<!-- This site is optimized with the Yoast SEO plugin v23.2 - https:\/\/yoast.com\/wordpress\/plugins\/seo\/ -->\n<title>Un Nouveau Style pour le Ford Maverick en 2025 - CanadaMotorJobs.com<\/title>\n<meta name=\"description\" content=\"Un Nouveau Style pour le Ford Maverick en 2025 - Benoit Charette - Annuel automobile - CanadaMotorJobs.com.\" \/>\n<meta name=\"robots\" content=\"index, follow, max-snippet:-1, max-image-preview:large, max-video-preview:-1\" \/>\n<meta property=\"og:locale\" content=\"fr_CA\" \/>\n<meta property=\"og:type\" content=\"article\" \/>\n<meta property=\"og:title\" content=\"Un Nouveau Style pour le Ford Maverick en 2025 - CanadaMotorJobs.com\" \/>\n<meta property=\"og:description\" content=\"Un Nouveau Style pour le Ford Maverick en 2025 - Benoit Charette - Annuel automobile - CanadaMotorJobs.com.\" \/>\n<meta property=\"og:url\" content=\"https:\/\/news.canadamotorjobs.com\/fr\/un-nouveau-style-pour-le-ford-maverick-en-2025\/\" \/>\n<meta property=\"og:site_name\" content=\"CanadaMotorJobs.com\" \/>\n<meta property=\"article:publisher\" content=\"https:\/\/www.facebook.com\/canadamotorjobs\/\" \/>\n<meta property=\"article:published_time\" content=\"2024-05-21T12:48:44+00:00\" \/>\n<meta property=\"article:modified_time\" content=\"2024-05-21T12:59:08+00:00\" \/>\n<meta property=\"og:image\" content=\"https:\/\/news.canadamotorjobs.com\/wp-content\/uploads\/2024\/05\/mavlobost-undisguised02-copy-664b6a6a49a34-scaled-1.jpg\" \/>\n\t<meta property=\"og:image:width\" content=\"2560\" \/>\n\t<meta property=\"og:image:height\" content=\"1707\" \/>\n\t<meta property=\"og:image:type\" content=\"image\/jpeg\" \/>\n<meta name=\"author\" content=\"Benoit Charette\" \/>\n<meta name=\"twitter:card\" content=\"summary_large_image\" \/>\n<meta name=\"twitter:creator\" content=\"@canadamotorjobs\" \/>\n<meta name=\"twitter:site\" content=\"@canadamotorjobs\" \/>\n<meta name=\"twitter:label1\" content=\"\u00c9crit par\" \/>\n\t<meta name=\"twitter:data1\" content=\"Benoit Charette\" \/>\n\t<meta name=\"twitter:label2\" content=\"Estimation du temps de lecture\" \/>\n\t<meta name=\"twitter:data2\" content=\"2 minutes\" \/>\n<!-- \/ Yoast SEO plugin. -->","yoast_head_json":{"title":"Un Nouveau Style pour le Ford Maverick en 2025 - CanadaMotorJobs.com","description":"Un Nouveau Style pour le Ford Maverick en 2025 - Benoit Charette - Annuel automobile - CanadaMotorJobs.com.","robots":{"index":"index","follow":"follow","max-snippet":"max-snippet:-1","max-image-preview":"max-image-preview:large","max-video-preview":"max-video-preview:-1"},"og_locale":"fr_CA","og_type":"article","og_title":"Un Nouveau Style pour le Ford Maverick en 2025 - CanadaMotorJobs.com","og_description":"Un Nouveau Style pour le Ford Maverick en 2025 - Benoit Charette - Annuel automobile - CanadaMotorJobs.com.","og_url":"https:\/\/news.canadamotorjobs.com\/fr\/un-nouveau-style-pour-le-ford-maverick-en-2025\/","og_site_name":"CanadaMotorJobs.com","article_publisher":"https:\/\/www.facebook.com\/canadamotorjobs\/","article_published_time":"2024-05-21T12:48:44+00:00","article_modified_time":"2024-05-21T12:59:08+00:00","og_image":[{"width":2560,"height":1707,"url":"https:\/\/news.canadamotorjobs.com\/wp-content\/uploads\/2024\/05\/mavlobost-undisguised02-copy-664b6a6a49a34-scaled-1.jpg","type":"image\/jpeg"}],"author":"Benoit Charette","twitter_card":"summary_large_image","twitter_creator":"@canadamotorjobs","twitter_site":"@canadamotorjobs","twitter_misc":{"\u00c9crit par":"Benoit Charette","Estimation du temps de lecture":"2 minutes"},"schema":{"@context":"https:\/\/schema.org","@graph":[{"@type":"Article","@id":"https:\/\/news.canadamotorjobs.com\/fr\/un-nouveau-style-pour-le-ford-maverick-en-2025\/#article","isPartOf":{"@id":"https:\/\/news.canadamotorjobs.com\/fr\/un-nouveau-style-pour-le-ford-maverick-en-2025\/"},"author":{"name":"Benoit Charette","@id":"https:\/\/news.canadamotorjobs.com\/#\/schema\/person\/51793d1f87d44011d7bcc2ed99269a90"},"headline":"Un Nouveau Style pour le Ford Maverick en 2025","datePublished":"2024-05-21T12:48:44+00:00","dateModified":"2024-05-21T12:59:08+00:00","mainEntityOfPage":{"@id":"https:\/\/news.canadamotorjobs.com\/fr\/un-nouveau-style-pour-le-ford-maverick-en-2025\/"},"wordCount":442,"publisher":{"@id":"https:\/\/news.canadamotorjobs.com\/#organization"},"image":{"@id":"https:\/\/news.canadamotorjobs.com\/fr\/un-nouveau-style-pour-le-ford-maverick-en-2025\/#primaryimage"},"thumbnailUrl":"https:\/\/news.canadamotorjobs.com\/wp-content\/uploads\/2024\/05\/mavlobost-undisguised02-copy-664b6a6a49a34-scaled-1.jpg","articleSection":["Annuel automobile"],"inLanguage":"fr-CA"},{"@type":"WebPage","@id":"https:\/\/news.canadamotorjobs.com\/fr\/un-nouveau-style-pour-le-ford-maverick-en-2025\/","url":"https:\/\/news.canadamotorjobs.com\/fr\/un-nouveau-style-pour-le-ford-maverick-en-2025\/","name":"Un Nouveau Style pour le Ford Maverick en 2025 - CanadaMotorJobs.com","isPartOf":{"@id":"https:\/\/news.canadamotorjobs.com\/#website"},"primaryImageOfPage":{"@id":"https:\/\/news.canadamotorjobs.com\/fr\/un-nouveau-style-pour-le-ford-maverick-en-2025\/#primaryimage"},"image":{"@id":"https:\/\/news.canadamotorjobs.com\/fr\/un-nouveau-style-pour-le-ford-maverick-en-2025\/#primaryimage"},"thumbnailUrl":"https:\/\/news.canadamotorjobs.com\/wp-content\/uploads\/2024\/05\/mavlobost-undisguised02-copy-664b6a6a49a34-scaled-1.jpg","datePublished":"2024-05-21T12:48:44+00:00","dateModified":"2024-05-21T12:59:08+00:00","description":"Un Nouveau Style pour le Ford Maverick en 2025 - Benoit Charette - Annuel automobile - CanadaMotorJobs.com.","breadcrumb":{"@id":"https:\/\/news.canadamotorjobs.com\/fr\/un-nouveau-style-pour-le-ford-maverick-en-2025\/#breadcrumb"},"inLanguage":"fr-CA","potentialAction":[{"@type":"ReadAction","target":["https:\/\/news.canadamotorjobs.com\/fr\/un-nouveau-style-pour-le-ford-maverick-en-2025\/"]}]},{"@type":"ImageObject","inLanguage":"fr-CA","@id":"https:\/\/news.canadamotorjobs.com\/fr\/un-nouveau-style-pour-le-ford-maverick-en-2025\/#primaryimage","url":"https:\/\/news.canadamotorjobs.com\/wp-content\/uploads\/2024\/05\/mavlobost-undisguised02-copy-664b6a6a49a34-scaled-1.jpg","contentUrl":"https:\/\/news.canadamotorjobs.com\/wp-content\/uploads\/2024\/05\/mavlobost-undisguised02-copy-664b6a6a49a34-scaled-1.jpg","width":2560,"height":1707},{"@type":"BreadcrumbList","@id":"https:\/\/news.canadamotorjobs.com\/fr\/un-nouveau-style-pour-le-ford-maverick-en-2025\/#breadcrumb","itemListElement":[{"@type":"ListItem","position":1,"name":"Home","item":"https:\/\/news.canadamotorjobs.com\/fr\/blog\/"},{"@type":"ListItem","position":2,"name":"Un Nouveau Style pour le Ford Maverick en 2025"}]},{"@type":"WebSite","@id":"https:\/\/news.canadamotorjobs.com\/#website","url":"https:\/\/news.canadamotorjobs.com\/","name":"CanadaMotorJobs.com","description":"Automotive Jobs","publisher":{"@id":"https:\/\/news.canadamotorjobs.com\/#organization"},"potentialAction":[{"@type":"SearchAction","target":{"@type":"EntryPoint","urlTemplate":"https:\/\/news.canadamotorjobs.com\/?s={search_term_string}"},"query-input":"required name=search_term_string"}],"inLanguage":"fr-CA"},{"@type":"Organization","@id":"https:\/\/news.canadamotorjobs.com\/#organization","name":"Canada Motor Jobs","url":"https:\/\/news.canadamotorjobs.com\/","logo":{"@type":"ImageObject","inLanguage":"fr-CA","@id":"https:\/\/news.canadamotorjobs.com\/#\/schema\/logo\/image\/","url":"https:\/\/news.canadamotorjobs.com\/wp-content\/uploads\/2022\/10\/logo-canada-motor-jobs-1.png","contentUrl":"https:\/\/news.canadamotorjobs.com\/wp-content\/uploads\/2022\/10\/logo-canada-motor-jobs-1.png","width":800,"height":400,"caption":"Canada Motor Jobs"},"image":{"@id":"https:\/\/news.canadamotorjobs.com\/#\/schema\/logo\/image\/"},"sameAs":["https:\/\/www.facebook.com\/canadamotorjobs\/","https:\/\/x.com\/canadamotorjobs","https:\/\/www.instagram.com\/canadamotorjobs\/","https:\/\/www.linkedin.com\/company\/canadamotorjobs"]},{"@type":"Person","@id":"https:\/\/news.canadamotorjobs.com\/#\/schema\/person\/51793d1f87d44011d7bcc2ed99269a90","name":"Benoit Charette","image":{"@type":"ImageObject","inLanguage":"fr-CA","@id":"https:\/\/news.canadamotorjobs.com\/#\/schema\/person\/image\/","url":"https:\/\/secure.gravatar.com\/avatar\/45f3d2eebcccd909668d7ce7ea7267b6?s=96&d=mm&r=g","contentUrl":"https:\/\/secure.gravatar.com\/avatar\/45f3d2eebcccd909668d7ce7ea7267b6?s=96&d=mm&r=g","caption":"Benoit Charette"},"description":"Benoit Charette \/ Propri\u00e9taire et r\u00e9dacteur en chef Benoit Charette pratique le journalisme automobile depuis bient\u00f4t 30 ans. Il a fait ses classes au c\u00f4t\u00e9 de Daniel H\u00e9raud et au Carnet de route de 1992 \u00e0 2001. Il est fondateur, copropri\u00e9taire et r\u00e9dacteur en chef de L\u2019Annuel de l\u2019automobile, qu\u2019il publie depuis 2001. Il a anim\u00e9 les \u00e9missions RPM et RPM+ sur V et les L\u00e9gendes de la route sur Historia. \u00c0 la radio depuis 1986, il reprend l\u2019antenne cette ann\u00e9e sur les ondes de Cogeco et participe pour la deuxi\u00e8me ann\u00e9e \u00e0 l\u2019\u00e9mission Passion Auto sur RDS en plus de mettre en ligne le site Web officiel de L\u2019Annuel de l\u2019automobile sur annuelauto.ca.","sameAs":["https:\/\/annuelauto.ca\/"],"url":"https:\/\/news.canadamotorjobs.com\/fr\/author\/benoit-charette\/"}]}},"_links":{"self":[{"href":"https:\/\/news.canadamotorjobs.com\/fr\/wp-json\/wp\/v2\/posts\/165355"}],"collection":[{"href":"https:\/\/news.canadamotorjobs.com\/fr\/wp-json\/wp\/v2\/posts"}],"about":[{"href":"https:\/\/news.canadamotorjobs.com\/fr\/wp-json\/wp\/v2\/types\/post"}],"author":[{"embeddable":true,"href":"https:\/\/news.canadamotorjobs.com\/fr\/wp-json\/wp\/v2\/users\/8"}],"replies":[{"embeddable":true,"href":"https:\/\/news.canadamotorjobs.com\/fr\/wp-json\/wp\/v2\/comments?post=165355"}],"version-history":[{"count":2,"href":"https:\/\/news.canadamotorjobs.com\/fr\/wp-json\/wp\/v2\/posts\/165355\/revisions"}],"predecessor-version":[{"id":165359,"href":"https:\/\/news.canadamotorjobs.com\/fr\/wp-json\/wp\/v2\/posts\/165355\/revisions\/165359"}],"wp:featuredmedia":[{"embeddable":true,"href":"https:\/\/news.canadamotorjobs.com\/fr\/wp-json\/wp\/v2\/media\/165357"}],"wp:attachment":[{"href":"https:\/\/news.canadamotorjobs.com\/fr\/wp-json\/wp\/v2\/media?parent=165355"}],"wp:term":[{"taxonomy":"category","embeddable":true,"href":"https:\/\/news.canadamotorjobs.com\/fr\/wp-json\/wp\/v2\/categories?post=165355"},{"taxonomy":"post_tag","embeddable":true,"href":"https:\/\/news.canadamotorjobs.com\/fr\/wp-json\/wp\/v2\/tags?post=165355"}],"curies":[{"name":"wp","href":"https:\/\/api.w.org\/{rel}","templated":true}]}}