{"id":165332,"date":"2024-05-21T07:58:49","date_gmt":"2024-05-21T11:58:49","guid":{"rendered":"https:\/\/news.canadamotorjobs.com\/?p=165332"},"modified":"2024-05-21T07:59:41","modified_gmt":"2024-05-21T11:59:41","slug":"mazda-cx-70-2025","status":"publish","type":"post","link":"https:\/\/news.canadamotorjobs.com\/fr\/mazda-cx-70-2025\/","title":{"rendered":"Mazda CX-70 2025"},"content":{"rendered":"<\/p>\n<p>Est-ce que la diff\u00e9rence entre le Mazda CX-70 2025 et le Mazda CX-90 2024 se limite \u00e0 une question de places assises, c\u2019est-\u00e0-dire cinq pour le premier et jusqu\u2019\u00e0 huit pour le deuxi\u00e8me ? \u00c0 entendre Martin Medina, responsable de la gamme des produits Mazda vendus au Canada, la r\u00e9ponse est un non cat\u00e9gorique.<\/p>\n<p>Et pourtant, quand on compare les deux v\u00e9hicules, quand on se renseigne sur le site du constructeur ou celui de son concessionnaire pr\u00e9f\u00e9r\u00e9, on se rend compte qu\u2019ils partagent plusieurs, mais alors l\u00e0 vraiment plusieurs \u00e9l\u00e9ments\u00a0: la plateforme, les millim\u00e8tres dans n\u2019importe quelle direction, les deux moteurs associ\u00e9s \u00e0 la transmission automatique \u00e0 8 rapports, la traction int\u00e9grale de s\u00e9rie, les cinq modes de conduite, les aides \u00e9lectroniques, le tableau de bord et j\u2019en passe.<\/p>\n<p>Bref, quand on s\u2019arr\u00eate \u00e0 toutes ces similitudes, comment ne pas croire que le CX-70 et le CX-90 se distinguent essentiellement d\u2019apr\u00e8s le nombre de personnes qui peuvent s\u2019y entasser ?<\/p>\n<p>Ou alors, en abordant le point de vue des bagages (comme dans un film de Disney o\u00f9 n\u2018importe quoi peut parler), on dirait que le CX-70 ne s\u2019embarrasse pas d\u2019une troisi\u00e8me rang\u00e9e parce qu\u2019il s\u2019int\u00e9resse davantage au nombre d\u2019objets qu\u2019il peut entasser dans sa soute.<\/p>\n<h3>N\u2019est-ce pas, Martin ?<\/h3>\n<p>\n\u00ab\u00a0Pas vraiment. Il y a plus \u00e0 dire sur le CX-70 que le fait qu\u2019il n\u2019a pas la 3<sup>e<\/sup> rang\u00e9e du CX-90. Premi\u00e8rement, il y a son look. \u00bb Sur le coup, ce n\u2019est pas \u00e9vident. Apr\u00e8s tout, depuis 2010, les studios de design de Mazda con\u00e7oivent leurs v\u00e9hicules en respectant le moule Kodo, un esth\u00e9tisme qui privil\u00e9gie la douceur des formes.<\/p>\n<p>Puisque le CX-90 n\u2019y a pas \u00e9chapp\u00e9 et que le CX-70 se tape les m\u00eames mensurations, les deux silhouettes doivent forc\u00e9ment se ressembler. Du moins jusqu\u2019\u00e0 ce que Martin attire mon attention sur les roues (19 ou 21 po), les r\u00e9troviseurs ext\u00e9rieurs, les rails de toit et l\u2019aileron : tous noir mica ! \u00ab Disons que le CX-90 a \u00e9t\u00e9 habill\u00e9 d\u2019une mani\u00e8re \u00e0 refl\u00e9ter son \u00e9l\u00e9gance, m\u2019a-t-il expliqu\u00e9. D\u2019o\u00f9 l\u2019abondance de chrome. Dans le cas du CX-70, nous lui avons donn\u00e9 une apparence plus sportive, en accord avec le mode de vie des consommateurs qui le pr\u00e9f\u00e9reront au CX-90. \u00bb En y regardant de plus pr\u00e8s, on constate aussi que les pare-chocs du CX-70 sont encadr\u00e9s par des trappes d\u2019a\u00e9ration plus agressives que celles du CX-90.<\/p>\n<p>Et puis, deux mots : cuivre liquide. C\u2019est le nom donn\u00e9 \u00e0 la nouvelle couleur de carrosserie que seul le CX-70 a le droit d\u2019arborer. Les autres teintes ne sont pas banales non plus, ne serait-ce que parce que Mazda s\u2019amuse \u00e0 les m\u00e9talliser. Alors, ok\u00a0: le Mazda CX-70 2025 projette une image l\u00e9g\u00e8rement plus rebelle que le CX-90.<\/p>\n<p>Autre chose ? Il se trouve que oui\u2026<\/p>\n<h3><strong>Ceci et cela<\/strong><\/h3>\n<p>\nLe CX-70 introduit des avanc\u00e9es technologiques dont ne dispose pas le CX-90 (pour le moment). Par exemple, il sert des avertissements au conducteur quand celui-ci quitte la route des yeux. Il s\u2019agit d\u2019une nouvelle aide \u00e0 la conduite qui s\u2019ajoute \u00e0 i-ActivSense, l\u2019arsenal d\u2019alertes de Mazda.<\/p>\n<p>Pour les gens qui veulent remorquer, \u00ab\u00a0une minorit\u00e9 de nos acheteurs\u00a0\u00bb a sp\u00e9cifi\u00e9 Martin Medina, non seulement le CX-70 a -t-il une capacit\u00e9 de remorquage qui \u00e9gale celle du CX-90 (de 3500 \u00e0 5000 lb), il innove avec un syst\u00e8me de cam\u00e9ras qui inclut d\u00e9sormais un angle de vue pour faciliter l\u2019arrimage entre la boule de votre nouveau v\u00e9hicule (install\u00e9 par le concessionnaire) et l\u2019attache du bidule \u00e0 remorquer. <em>Ce Trailer Hitch View<\/em> intervient d\u00e8s que vous reculez jusqu\u2019\u00e0 ce que l\u2019image vous montre clairement et glorieusement que le capuchon arrive exactement au-dessus de la bouboule. Pour moi, qui ne remorque pour ainsi dire jamais, ce gadget me sauverait d\u2019une grande g\u00eane au quai de d\u00e9barquement.<\/p>\n<p>L\u2019\u00e9cran derri\u00e8re le volant qui regroupe les cadrans du CX-70 et celui du centre qui r\u00e9unit les fonctions de l\u2019infodivertissement ont des tailles changeantes, toujours selon la version et, bien s\u00fbr, comme le CX-90\u00a0: 7, 10,25 ou 12,3 po.<\/p>\n<p>Un autre atout par rapport au CX-90\u00a0: \u00e0 bord du CX-70, vous pourrez utiliser Alexa comme assistant personnel, \u00e0 la condition que vous ayez un compte Amazon. Dans l\u2019affirmative, vous pourrez faire en sorte que l\u2019Alexa de l\u2019auto jase avec l\u2019Alexa de la maison. Qui sait, en entrant chez vous, peut-\u00eatre qu\u2019un bain bien chaud et qu\u2019un martini bien sec vous attendront\u2026<\/p>\n<h3><strong>Du muscle \u00e0 vendre<\/strong><\/h3>\n<p>\nSur les six versions du\u00a0CX-70 vendues au Canada (PDSF de 49 750$ \u00e0 62 300$), quatre utilisent cette motorisation. D\u2019abord un 6 en ligne turbocompress\u00e9 de 3,3L second\u00e9 par une hybridation l\u00e9g\u00e8re (petit moteur \u00e9lectrique, petite batterie suppl\u00e9mentaire) qui vient catalyser les acc\u00e9l\u00e9rations et r\u00e9duire les \u00e9missions polluantes. Sur les six versions de CX-70 vendues au Canada, quatre utilisent cette motorisation.<\/p>\n<p>Les deux autres variantes comptent sur un 4-cylindres de 2,5L assist\u00e9 d\u2019un moteur \u00e9lectrique de 68 kW et d\u2019une batterie de 17,8 kWh pour ainsi repr\u00e9senter les hybrides enfichables de la famille (PHEV ou <em>plug-in<\/em> pour les intimes).<\/p>\n<p>La puissance de ces engins varie selon le carburant. Optez pour de l\u2019ordinaire, le 4 et le 6 d\u00e9veloppent respectivement 319 et 280 chevaux. Mettez-y plut\u00f4t du super et les chiffres deviennent 323 et 340. Ce petit miracle se produit uniquement avec les versions plus co\u00fbteuses, celles que les ing\u00e9nieurs ont assez tritur\u00e9 pour porter l\u2019\u00e9tiquette <em>High Input<\/em>.<\/p>\n<p>La consommation combin\u00e9e du 6 valse entre 9 et 11 litres aux 100 km, tandis que celle des PHEV oscille entre 5 et 8 litres selon un tas de facteurs routiers et dont le concours des \u00e9lectrons n\u2019est pas le moindre. L\u2019autonomie toute \u00e9lectrique est de 42 km, du moins sur papier.<\/p>\n<p>La conduite du 6 s\u2019av\u00e8re lin\u00e9aire, pr\u00e9visible, avec du coffre et un son riche. Celle de l\u2019hybride rechargeable chante moins juste durant les acc\u00e9l\u00e9rations subites, ajoutant m\u00eame des mugissements en cours de freinage r\u00e9g\u00e9n\u00e9ratif, mais sa vaillance au moment de doubler ne peut \u00eatre remise en question.<\/p>\n<p>Pour appuyer l\u2019affirmation de Martin que le CX-70 est une machine plus sportive que le CX-90, on d\u00e9couvre rapidement que la suspension ind\u00e9pendante privil\u00e9gie la fermet\u00e9. Le rouage int\u00e9gral de s\u00e9rie garantit une solide traction et, dans les virages, le syst\u00e8me appel\u00e9 <em>Kinematic Posture Control<\/em> intervient pour stabiliser l\u2019assiette du v\u00e9hicule et la planter encore mieux au sol en freinant l\u00e9g\u00e8rement la roue arri\u00e8re int\u00e9rieure.<\/p>\n<h3><strong>Et l\u2019espace ?<\/strong><\/h3>\n<p>\nRevenons quand m\u00eame aux cinq places du CX-70, LA diff\u00e9rence majeure avec le CX-90.<\/p>\n<p>Les si\u00e8ges avant, pas mous pour deux sous, seront chauffants, ventil\u00e9s, r\u00e9glables tous azimuts, habill\u00e9s de similicuir ou d\u2019un cuir Nappa cousu de double surpiq\u00fbres. La banquette 60\/40 offre un bon d\u00e9gagement mais une place centrale qui convient mieux \u00e0 l\u2019accoudoir escamotable qu\u2019\u00e0 des fesses.<\/p>\n<p>Ce n\u2019est pas vraiment que l\u2019espace cargo soit plus caverneux que celui du CX-90. En revanche, il se pr\u00eate plus facilement \u00e0 n\u2019importe quelle entreprise de chargement. D\u00e8s que le hayon est soulev\u00e9, on dispose de 1122 litres derri\u00e8re les dossiers dress\u00e9s. Abaissez-les, \u00e0 la main ou gr\u00e2ce \u00e0 un interrupteur, et vous doublez presque de volume \u00e0 2132 litres.<\/p>\n<p>Avec tout cet espace \u00e0 votre disposition, vous voil\u00e0 fin pr\u00eat \u00e0 explorer les antiquaires ou les for\u00eats vierges ou tout ce que les gens de Mazda ont imaginer que feront les gens qui choisiront un CX-70.<\/p>\n<p>\u00a0<\/p>\n<p>\u00a0<\/p>\n<p>\u00a0<\/p>\n<p>Le texte <a rel=\"nofollow\" href=\"https:\/\/annuelauto.ca\/mazda-cx-70-2025\/\">Mazda CX-70 2025<\/a> provient de <a rel=\"nofollow\" href=\"https:\/\/annuelauto.ca\">L&#8217;annuel de l&#8217;automobile &#8211; Actualit\u00e9 automobile<\/a><\/p>\n<p><\/p>\n","protected":false},"excerpt":{"rendered":"<p>Est-ce que la diff\u00e9rence entre le Mazda CX-70 2025 et le Mazda CX-90 2024 se limite \u00e0 une question de places assises, c\u2019est-\u00e0-dire cinq pour le premier et jusqu\u2019\u00e0 huit pour le deuxi\u00e8me ? \u00c0 entendre Martin Medina, responsable de la gamme des produits Mazda vendus au Canada, la r\u00e9ponse est un non cat\u00e9gorique. Et [&hellip;]<\/p>\n","protected":false},"author":8,"featured_media":165334,"comment_status":"close","ping_status":"closed","sticky":false,"template":"","format":"standard","meta":{"_monsterinsights_skip_tracking":false,"_monsterinsights_sitenote_active":false,"_monsterinsights_sitenote_note":"","_monsterinsights_sitenote_category":0,"footnotes":""},"categories":[101],"tags":[],"yoast_head":"<!-- This site is optimized with the Yoast SEO plugin v23.2 - https:\/\/yoast.com\/wordpress\/plugins\/seo\/ -->\n<title>Mazda CX-70 2025 - CanadaMotorJobs.com<\/title>\n<meta name=\"description\" content=\"Mazda CX-70 2025 - Benoit Charette - Annuel automobile - CanadaMotorJobs.com.\" \/>\n<meta name=\"robots\" content=\"index, follow, max-snippet:-1, max-image-preview:large, max-video-preview:-1\" \/>\n<meta property=\"og:locale\" content=\"fr_CA\" \/>\n<meta property=\"og:type\" content=\"article\" \/>\n<meta property=\"og:title\" content=\"Mazda CX-70 2025 - CanadaMotorJobs.com\" \/>\n<meta property=\"og:description\" content=\"Mazda CX-70 2025 - Benoit Charette - Annuel automobile - CanadaMotorJobs.com.\" \/>\n<meta property=\"og:url\" content=\"https:\/\/news.canadamotorjobs.com\/fr\/mazda-cx-70-2025\/\" \/>\n<meta property=\"og:site_name\" content=\"CanadaMotorJobs.com\" \/>\n<meta property=\"article:publisher\" content=\"https:\/\/www.facebook.com\/canadamotorjobs\/\" \/>\n<meta property=\"article:published_time\" content=\"2024-05-21T11:58:49+00:00\" \/>\n<meta property=\"article:modified_time\" content=\"2024-05-21T11:59:41+00:00\" \/>\n<meta property=\"og:image\" content=\"https:\/\/news.canadamotorjobs.com\/wp-content\/uploads\/2024\/05\/CX-70-desert.jpg\" \/>\n\t<meta property=\"og:image:width\" content=\"1067\" \/>\n\t<meta property=\"og:image:height\" content=\"800\" \/>\n\t<meta property=\"og:image:type\" content=\"image\/jpeg\" \/>\n<meta name=\"author\" content=\"Benoit Charette\" \/>\n<meta name=\"twitter:card\" content=\"summary_large_image\" \/>\n<meta name=\"twitter:creator\" content=\"@canadamotorjobs\" \/>\n<meta name=\"twitter:site\" content=\"@canadamotorjobs\" \/>\n<meta name=\"twitter:label1\" content=\"\u00c9crit par\" \/>\n\t<meta name=\"twitter:data1\" content=\"Benoit Charette\" \/>\n\t<meta name=\"twitter:label2\" content=\"Estimation du temps de lecture\" \/>\n\t<meta name=\"twitter:data2\" content=\"7 minutes\" \/>\n<!-- \/ Yoast SEO plugin. -->","yoast_head_json":{"title":"Mazda CX-70 2025 - CanadaMotorJobs.com","description":"Mazda CX-70 2025 - Benoit Charette - Annuel automobile - CanadaMotorJobs.com.","robots":{"index":"index","follow":"follow","max-snippet":"max-snippet:-1","max-image-preview":"max-image-preview:large","max-video-preview":"max-video-preview:-1"},"og_locale":"fr_CA","og_type":"article","og_title":"Mazda CX-70 2025 - CanadaMotorJobs.com","og_description":"Mazda CX-70 2025 - Benoit Charette - Annuel automobile - CanadaMotorJobs.com.","og_url":"https:\/\/news.canadamotorjobs.com\/fr\/mazda-cx-70-2025\/","og_site_name":"CanadaMotorJobs.com","article_publisher":"https:\/\/www.facebook.com\/canadamotorjobs\/","article_published_time":"2024-05-21T11:58:49+00:00","article_modified_time":"2024-05-21T11:59:41+00:00","og_image":[{"width":1067,"height":800,"url":"https:\/\/news.canadamotorjobs.com\/wp-content\/uploads\/2024\/05\/CX-70-desert.jpg","type":"image\/jpeg"}],"author":"Benoit Charette","twitter_card":"summary_large_image","twitter_creator":"@canadamotorjobs","twitter_site":"@canadamotorjobs","twitter_misc":{"\u00c9crit par":"Benoit Charette","Estimation du temps de lecture":"7 minutes"},"schema":{"@context":"https:\/\/schema.org","@graph":[{"@type":"Article","@id":"https:\/\/news.canadamotorjobs.com\/fr\/mazda-cx-70-2025\/#article","isPartOf":{"@id":"https:\/\/news.canadamotorjobs.com\/fr\/mazda-cx-70-2025\/"},"author":{"name":"Benoit Charette","@id":"https:\/\/news.canadamotorjobs.com\/#\/schema\/person\/51793d1f87d44011d7bcc2ed99269a90"},"headline":"Mazda CX-70 2025","datePublished":"2024-05-21T11:58:49+00:00","dateModified":"2024-05-21T11:59:41+00:00","mainEntityOfPage":{"@id":"https:\/\/news.canadamotorjobs.com\/fr\/mazda-cx-70-2025\/"},"wordCount":1323,"publisher":{"@id":"https:\/\/news.canadamotorjobs.com\/#organization"},"image":{"@id":"https:\/\/news.canadamotorjobs.com\/fr\/mazda-cx-70-2025\/#primaryimage"},"thumbnailUrl":"https:\/\/news.canadamotorjobs.com\/wp-content\/uploads\/2024\/05\/CX-70-desert.jpg","articleSection":["Annuel automobile"],"inLanguage":"fr-CA"},{"@type":"WebPage","@id":"https:\/\/news.canadamotorjobs.com\/fr\/mazda-cx-70-2025\/","url":"https:\/\/news.canadamotorjobs.com\/fr\/mazda-cx-70-2025\/","name":"Mazda CX-70 2025 - CanadaMotorJobs.com","isPartOf":{"@id":"https:\/\/news.canadamotorjobs.com\/#website"},"primaryImageOfPage":{"@id":"https:\/\/news.canadamotorjobs.com\/fr\/mazda-cx-70-2025\/#primaryimage"},"image":{"@id":"https:\/\/news.canadamotorjobs.com\/fr\/mazda-cx-70-2025\/#primaryimage"},"thumbnailUrl":"https:\/\/news.canadamotorjobs.com\/wp-content\/uploads\/2024\/05\/CX-70-desert.jpg","datePublished":"2024-05-21T11:58:49+00:00","dateModified":"2024-05-21T11:59:41+00:00","description":"Mazda CX-70 2025 - Benoit Charette - Annuel automobile - CanadaMotorJobs.com.","breadcrumb":{"@id":"https:\/\/news.canadamotorjobs.com\/fr\/mazda-cx-70-2025\/#breadcrumb"},"inLanguage":"fr-CA","potentialAction":[{"@type":"ReadAction","target":["https:\/\/news.canadamotorjobs.com\/fr\/mazda-cx-70-2025\/"]}]},{"@type":"ImageObject","inLanguage":"fr-CA","@id":"https:\/\/news.canadamotorjobs.com\/fr\/mazda-cx-70-2025\/#primaryimage","url":"https:\/\/news.canadamotorjobs.com\/wp-content\/uploads\/2024\/05\/CX-70-desert.jpg","contentUrl":"https:\/\/news.canadamotorjobs.com\/wp-content\/uploads\/2024\/05\/CX-70-desert.jpg","width":1067,"height":800},{"@type":"BreadcrumbList","@id":"https:\/\/news.canadamotorjobs.com\/fr\/mazda-cx-70-2025\/#breadcrumb","itemListElement":[{"@type":"ListItem","position":1,"name":"Home","item":"https:\/\/news.canadamotorjobs.com\/fr\/blog\/"},{"@type":"ListItem","position":2,"name":"Mazda CX-70 2025"}]},{"@type":"WebSite","@id":"https:\/\/news.canadamotorjobs.com\/#website","url":"https:\/\/news.canadamotorjobs.com\/","name":"CanadaMotorJobs.com","description":"Automotive Jobs","publisher":{"@id":"https:\/\/news.canadamotorjobs.com\/#organization"},"potentialAction":[{"@type":"SearchAction","target":{"@type":"EntryPoint","urlTemplate":"https:\/\/news.canadamotorjobs.com\/?s={search_term_string}"},"query-input":"required name=search_term_string"}],"inLanguage":"fr-CA"},{"@type":"Organization","@id":"https:\/\/news.canadamotorjobs.com\/#organization","name":"Canada Motor Jobs","url":"https:\/\/news.canadamotorjobs.com\/","logo":{"@type":"ImageObject","inLanguage":"fr-CA","@id":"https:\/\/news.canadamotorjobs.com\/#\/schema\/logo\/image\/","url":"https:\/\/news.canadamotorjobs.com\/wp-content\/uploads\/2022\/10\/logo-canada-motor-jobs-1.png","contentUrl":"https:\/\/news.canadamotorjobs.com\/wp-content\/uploads\/2022\/10\/logo-canada-motor-jobs-1.png","width":800,"height":400,"caption":"Canada Motor Jobs"},"image":{"@id":"https:\/\/news.canadamotorjobs.com\/#\/schema\/logo\/image\/"},"sameAs":["https:\/\/www.facebook.com\/canadamotorjobs\/","https:\/\/x.com\/canadamotorjobs","https:\/\/www.instagram.com\/canadamotorjobs\/","https:\/\/www.linkedin.com\/company\/canadamotorjobs"]},{"@type":"Person","@id":"https:\/\/news.canadamotorjobs.com\/#\/schema\/person\/51793d1f87d44011d7bcc2ed99269a90","name":"Benoit Charette","image":{"@type":"ImageObject","inLanguage":"fr-CA","@id":"https:\/\/news.canadamotorjobs.com\/#\/schema\/person\/image\/","url":"https:\/\/secure.gravatar.com\/avatar\/45f3d2eebcccd909668d7ce7ea7267b6?s=96&d=mm&r=g","contentUrl":"https:\/\/secure.gravatar.com\/avatar\/45f3d2eebcccd909668d7ce7ea7267b6?s=96&d=mm&r=g","caption":"Benoit Charette"},"description":"Benoit Charette \/ Propri\u00e9taire et r\u00e9dacteur en chef Benoit Charette pratique le journalisme automobile depuis bient\u00f4t 30 ans. Il a fait ses classes au c\u00f4t\u00e9 de Daniel H\u00e9raud et au Carnet de route de 1992 \u00e0 2001. Il est fondateur, copropri\u00e9taire et r\u00e9dacteur en chef de L\u2019Annuel de l\u2019automobile, qu\u2019il publie depuis 2001. Il a anim\u00e9 les \u00e9missions RPM et RPM+ sur V et les L\u00e9gendes de la route sur Historia. \u00c0 la radio depuis 1986, il reprend l\u2019antenne cette ann\u00e9e sur les ondes de Cogeco et participe pour la deuxi\u00e8me ann\u00e9e \u00e0 l\u2019\u00e9mission Passion Auto sur RDS en plus de mettre en ligne le site Web officiel de L\u2019Annuel de l\u2019automobile sur annuelauto.ca.","sameAs":["https:\/\/annuelauto.ca\/"],"url":"https:\/\/news.canadamotorjobs.com\/fr\/author\/benoit-charette\/"}]}},"_links":{"self":[{"href":"https:\/\/news.canadamotorjobs.com\/fr\/wp-json\/wp\/v2\/posts\/165332"}],"collection":[{"href":"https:\/\/news.canadamotorjobs.com\/fr\/wp-json\/wp\/v2\/posts"}],"about":[{"href":"https:\/\/news.canadamotorjobs.com\/fr\/wp-json\/wp\/v2\/types\/post"}],"author":[{"embeddable":true,"href":"https:\/\/news.canadamotorjobs.com\/fr\/wp-json\/wp\/v2\/users\/8"}],"replies":[{"embeddable":true,"href":"https:\/\/news.canadamotorjobs.com\/fr\/wp-json\/wp\/v2\/comments?post=165332"}],"version-history":[{"count":2,"href":"https:\/\/news.canadamotorjobs.com\/fr\/wp-json\/wp\/v2\/posts\/165332\/revisions"}],"predecessor-version":[{"id":165336,"href":"https:\/\/news.canadamotorjobs.com\/fr\/wp-json\/wp\/v2\/posts\/165332\/revisions\/165336"}],"wp:featuredmedia":[{"embeddable":true,"href":"https:\/\/news.canadamotorjobs.com\/fr\/wp-json\/wp\/v2\/media\/165334"}],"wp:attachment":[{"href":"https:\/\/news.canadamotorjobs.com\/fr\/wp-json\/wp\/v2\/media?parent=165332"}],"wp:term":[{"taxonomy":"category","embeddable":true,"href":"https:\/\/news.canadamotorjobs.com\/fr\/wp-json\/wp\/v2\/categories?post=165332"},{"taxonomy":"post_tag","embeddable":true,"href":"https:\/\/news.canadamotorjobs.com\/fr\/wp-json\/wp\/v2\/tags?post=165332"}],"curies":[{"name":"wp","href":"https:\/\/api.w.org\/{rel}","templated":true}]}}