{"id":165294,"date":"2024-05-21T06:29:17","date_gmt":"2024-05-21T10:29:17","guid":{"rendered":"https:\/\/news.canadamotorjobs.com\/?p=165294"},"modified":"2024-05-21T06:30:51","modified_gmt":"2024-05-21T10:30:51","slug":"mercedes-benz-230-1966-a-vendre-une-aubaine","status":"publish","type":"post","link":"https:\/\/news.canadamotorjobs.com\/fr\/mercedes-benz-230-1966-a-vendre-une-aubaine\/","title":{"rendered":"Mercedes-Benz 230\u00a01966 \u00e0 vendre\u00a0: une aubaine\u2009?"},"content":{"rendered":"<\/p>\n<p>Les aubaines sont rares sur le march\u00e9 de la voiture ancienne. Avec la quantit\u00e9 d\u2019informations qui circulent, il est facile pour les propri\u00e9taires de mieux d\u00e9terminer la valeur de leur v\u00e9hicule, sans compter que de nombreuses firmes d\u2019\u00e9valuation font un excellent travail pour \u00e9tablir les prix des mod\u00e8les.<\/p>\n<p>De temps \u00e0 autre, toutefois, on trouve des aubaines. Il faut bien s\u00fbr toujours se m\u00e9fier un peu, car un prix all\u00e9chant peut cacher des probl\u00e8mes importants. D\u2019o\u00f9 l\u2019importance d\u2019une bonne v\u00e9rification m\u00e9canique avant d\u2019aller de l\u2019avant.<\/p>\n<h3><strong><em>Le pr\u00e9sent article est pr\u00e9sent\u00e9 en collaboration avec Fitzback Garage, sp\u00e9cialis\u00e9 dans la restauration d\u2019origine de voitures anciennes. Fitzback Garage est situ\u00e9 \u00e0 Sainte-Madeleine, en Mont\u00e9r\u00e9gie. <\/em><\/strong><\/h3>\n<p>\nToujours est-il que nous sommes tomb\u00e9s sur une annonce int\u00e9ressante concernant une Mercedes-Benz\u00a0230 de l\u2019ann\u00e9e\u00a01966. Ce mod\u00e8le, sur le march\u00e9, vaut un peu plus de 20\u2009000\u00a0$ US en bon \u00e9tat, et encore plus en condition concours.<\/p>\n<p>Ainsi, un exemplaire qui para\u00eet plut\u00f4t bien en apparence, et qui est affich\u00e9 \u00e0 un prix de 6700\u00a0$ US, a attir\u00e9 notre attention.<\/p>\n<p>La voiture est d\u2019origine. Elle vient d\u2019\u00eatre acquise par le vendeur qui est all\u00e9 la cueillir en Oregon, pour la ramener chez lui, \u00e0 Los Angeles, en Californie. On peut deviner qu\u2019il a eu un excellent prix et qu\u2019il souhaite r\u00e9aliser un profit rapide.<\/p>\n<p>Vous le constaterez en consultant les photos, la carrosserie est loin d\u2019\u00eatre parfaite avec des bosses, des grafignes et une peinture d\u00e9fra\u00eechie. Dans le jargon, on appelle \u00e7a une belle patine. Certains propri\u00e9taires voudront la conserver ainsi\u2009; on n\u2019est original qu\u2019une fois, comme le dit l\u2019expression.<\/p>\n<p>Le vendeur mentionne m\u00eame que la voiture para\u00eet mieux sur les photos qu\u2019en personne, ce qui est int\u00e9ressant, car \u00e7a d\u00e9montre une certaine transparence.<\/p>\n<p>\u00c0 l\u2019int\u00e9rieur, on mentionne que tout est d\u2019origine. Si c\u2019est le cas, la qualit\u00e9 de la conservation est excellente, car c\u2019est vraiment bien, surtout en ce qui a trait aux si\u00e8ges.<\/p>\n<p>Ce qui est cependant le plus int\u00e9ressant, c\u2019est la liste des pi\u00e8ces qui ont \u00e9t\u00e9 remplac\u00e9es r\u00e9cemment sur le plan m\u00e9canique, assur\u00e9ment pour remettre cette voiture sur la route apr\u00e8s une p\u00e9riode d\u2019inactivit\u00e9. On sp\u00e9cule, mais on a souvent vu ce genre de sc\u00e9nario se produire.<\/p>\n<p>Ainsi, l\u2019acheteur mettra la main sur un mod\u00e8le qui, m\u00e9caniquement, vient de profiter d\u2019une importance mise \u00e0 jour. Le vendeur mentionne que la transmission a \u00e9t\u00e9 r\u00e9vis\u00e9e et inspect\u00e9e, que les pneus ont \u00e9t\u00e9 chang\u00e9s et que la batterie est neuve. On a aussi remplac\u00e9 les conduits de carburant souples et flexibles ainsi que le conduit allant du r\u00e9servoir aux carburateurs. On a d\u00e9mont\u00e9 et nettoy\u00e9 le r\u00e9servoir \u00e0 essence, install\u00e9 de nouveaux supports de moteurs, effectu\u00e9 les changements de liquides, remplac\u00e9 les freins et r\u00e9par\u00e9 les jauges int\u00e9rieures. On a m\u00eame trouv\u00e9 une radio d\u2019origine pour venir remplacer celle qui avait rendu l\u2019\u00e2me.<\/p>\n<p>La voiture est \u00e9quip\u00e9e d\u2019un moteur\u00a06-cylindres de 2,3\u00a0litres et 118\u00a0chevaux. Une bo\u00eete automatique \u00e0 quatre rapports lui est jumel\u00e9e.<\/p>\n<p>Cette s\u00e9rie de mod\u00e8les chez Mercedes-Benz est connue sous le nom de code\u00a0W110. On a propos\u00e9 ce v\u00e9hicule entre 1961 et 1968, et plus de 628\u2009000\u00a0exemplaires ont \u00e9t\u00e9 fabriqu\u00e9s au cours de cette p\u00e9riode.<\/p>\n<p>Est-ce que la voiture trouv\u00e9e est une bonne affaire\u2009? \u00c0 premi\u00e8re vue, oui. Chose certaine, si vous recherchez une vieille Mercedes-Benz classique, il sera difficile de trouver mieux \u00e0 ce prix.<\/p>\n<p>La premi\u00e8re chose \u00e0 faire sera de retirer ce logo de Ford et les autres trucs d\u00e9pos\u00e9s sur la grille. Toutes les blagues ne sont pas de bon go\u00fbt\u2026<\/p>\n<p>\u00a0<\/p>\n<p>\u00a0<\/p>\n<p>Le texte <a rel=\"nofollow\" href=\"https:\/\/annuelauto.ca\/mercedes-benz-230-1966-a-vendre-une-aubaine%e2%80%89\/\">Mercedes-Benz 230\u00a01966 \u00e0 vendre\u00a0: une aubaine\u2009?<\/a> provient de <a rel=\"nofollow\" href=\"https:\/\/annuelauto.ca\">L&#8217;annuel de l&#8217;automobile &#8211; Actualit\u00e9 automobile<\/a><\/p>\n<p><\/p>\n","protected":false},"excerpt":{"rendered":"<p>Les aubaines sont rares sur le march\u00e9 de la voiture ancienne. Avec la quantit\u00e9 d\u2019informations qui circulent, il est facile pour les propri\u00e9taires de mieux d\u00e9terminer la valeur de leur v\u00e9hicule, sans compter que de nombreuses firmes d\u2019\u00e9valuation font un excellent travail pour \u00e9tablir les prix des mod\u00e8les. De temps \u00e0 autre, toutefois, on trouve [&hellip;]<\/p>\n","protected":false},"author":8,"featured_media":165296,"comment_status":"close","ping_status":"closed","sticky":false,"template":"","format":"standard","meta":{"_monsterinsights_skip_tracking":false,"_monsterinsights_sitenote_active":false,"_monsterinsights_sitenote_note":"","_monsterinsights_sitenote_category":0,"footnotes":""},"categories":[101],"tags":[],"yoast_head":"<!-- This site is optimized with the Yoast SEO plugin v23.2 - https:\/\/yoast.com\/wordpress\/plugins\/seo\/ -->\n<title>Mercedes-Benz 230\u00a01966 \u00e0 vendre\u00a0: une aubaine\u2009? - CanadaMotorJobs.com<\/title>\n<meta name=\"description\" content=\"Mercedes-Benz 230\u00a01966 \u00e0 vendre\u00a0: une aubaine\u2009? - Benoit Charette - Annuel automobile - CanadaMotorJobs.com.\" \/>\n<meta name=\"robots\" content=\"index, follow, max-snippet:-1, max-image-preview:large, max-video-preview:-1\" \/>\n<meta property=\"og:locale\" content=\"fr_CA\" \/>\n<meta property=\"og:type\" content=\"article\" \/>\n<meta property=\"og:title\" content=\"Mercedes-Benz 230\u00a01966 \u00e0 vendre\u00a0: une aubaine\u2009? - CanadaMotorJobs.com\" \/>\n<meta property=\"og:description\" content=\"Mercedes-Benz 230\u00a01966 \u00e0 vendre\u00a0: une aubaine\u2009? - Benoit Charette - Annuel automobile - CanadaMotorJobs.com.\" \/>\n<meta property=\"og:url\" content=\"https:\/\/news.canadamotorjobs.com\/fr\/mercedes-benz-230-1966-a-vendre-une-aubaine\/\" \/>\n<meta property=\"og:site_name\" content=\"CanadaMotorJobs.com\" \/>\n<meta property=\"article:publisher\" content=\"https:\/\/www.facebook.com\/canadamotorjobs\/\" \/>\n<meta property=\"article:published_time\" content=\"2024-05-21T10:29:17+00:00\" \/>\n<meta property=\"article:modified_time\" content=\"2024-05-21T10:30:51+00:00\" \/>\n<meta property=\"og:image\" content=\"https:\/\/news.canadamotorjobs.com\/wp-content\/uploads\/2024\/05\/Mercedes-Benz-230-1966-13.jpg\" \/>\n\t<meta property=\"og:image:width\" content=\"1200\" \/>\n\t<meta property=\"og:image:height\" content=\"900\" \/>\n\t<meta property=\"og:image:type\" content=\"image\/jpeg\" \/>\n<meta name=\"author\" content=\"Benoit Charette\" \/>\n<meta name=\"twitter:card\" content=\"summary_large_image\" \/>\n<meta name=\"twitter:creator\" content=\"@canadamotorjobs\" \/>\n<meta name=\"twitter:site\" content=\"@canadamotorjobs\" \/>\n<meta name=\"twitter:label1\" content=\"\u00c9crit par\" \/>\n\t<meta name=\"twitter:data1\" content=\"Benoit Charette\" \/>\n\t<meta name=\"twitter:label2\" content=\"Estimation du temps de lecture\" \/>\n\t<meta name=\"twitter:data2\" content=\"3 minutes\" \/>\n<!-- \/ Yoast SEO plugin. -->","yoast_head_json":{"title":"Mercedes-Benz 230\u00a01966 \u00e0 vendre\u00a0: une aubaine\u2009? - CanadaMotorJobs.com","description":"Mercedes-Benz 230\u00a01966 \u00e0 vendre\u00a0: une aubaine\u2009? - Benoit Charette - Annuel automobile - CanadaMotorJobs.com.","robots":{"index":"index","follow":"follow","max-snippet":"max-snippet:-1","max-image-preview":"max-image-preview:large","max-video-preview":"max-video-preview:-1"},"og_locale":"fr_CA","og_type":"article","og_title":"Mercedes-Benz 230\u00a01966 \u00e0 vendre\u00a0: une aubaine\u2009? - CanadaMotorJobs.com","og_description":"Mercedes-Benz 230\u00a01966 \u00e0 vendre\u00a0: une aubaine\u2009? - Benoit Charette - Annuel automobile - CanadaMotorJobs.com.","og_url":"https:\/\/news.canadamotorjobs.com\/fr\/mercedes-benz-230-1966-a-vendre-une-aubaine\/","og_site_name":"CanadaMotorJobs.com","article_publisher":"https:\/\/www.facebook.com\/canadamotorjobs\/","article_published_time":"2024-05-21T10:29:17+00:00","article_modified_time":"2024-05-21T10:30:51+00:00","og_image":[{"width":1200,"height":900,"url":"https:\/\/news.canadamotorjobs.com\/wp-content\/uploads\/2024\/05\/Mercedes-Benz-230-1966-13.jpg","type":"image\/jpeg"}],"author":"Benoit Charette","twitter_card":"summary_large_image","twitter_creator":"@canadamotorjobs","twitter_site":"@canadamotorjobs","twitter_misc":{"\u00c9crit par":"Benoit Charette","Estimation du temps de lecture":"3 minutes"},"schema":{"@context":"https:\/\/schema.org","@graph":[{"@type":"Article","@id":"https:\/\/news.canadamotorjobs.com\/fr\/mercedes-benz-230-1966-a-vendre-une-aubaine\/#article","isPartOf":{"@id":"https:\/\/news.canadamotorjobs.com\/fr\/mercedes-benz-230-1966-a-vendre-une-aubaine\/"},"author":{"name":"Benoit Charette","@id":"https:\/\/news.canadamotorjobs.com\/#\/schema\/person\/51793d1f87d44011d7bcc2ed99269a90"},"headline":"Mercedes-Benz 230\u00a01966 \u00e0 vendre\u00a0: une aubaine\u2009?","datePublished":"2024-05-21T10:29:17+00:00","dateModified":"2024-05-21T10:30:51+00:00","mainEntityOfPage":{"@id":"https:\/\/news.canadamotorjobs.com\/fr\/mercedes-benz-230-1966-a-vendre-une-aubaine\/"},"wordCount":681,"publisher":{"@id":"https:\/\/news.canadamotorjobs.com\/#organization"},"image":{"@id":"https:\/\/news.canadamotorjobs.com\/fr\/mercedes-benz-230-1966-a-vendre-une-aubaine\/#primaryimage"},"thumbnailUrl":"https:\/\/news.canadamotorjobs.com\/wp-content\/uploads\/2024\/05\/Mercedes-Benz-230-1966-13.jpg","articleSection":["Annuel automobile"],"inLanguage":"fr-CA"},{"@type":"WebPage","@id":"https:\/\/news.canadamotorjobs.com\/fr\/mercedes-benz-230-1966-a-vendre-une-aubaine\/","url":"https:\/\/news.canadamotorjobs.com\/fr\/mercedes-benz-230-1966-a-vendre-une-aubaine\/","name":"Mercedes-Benz 230\u00a01966 \u00e0 vendre\u00a0: une aubaine\u2009? - CanadaMotorJobs.com","isPartOf":{"@id":"https:\/\/news.canadamotorjobs.com\/#website"},"primaryImageOfPage":{"@id":"https:\/\/news.canadamotorjobs.com\/fr\/mercedes-benz-230-1966-a-vendre-une-aubaine\/#primaryimage"},"image":{"@id":"https:\/\/news.canadamotorjobs.com\/fr\/mercedes-benz-230-1966-a-vendre-une-aubaine\/#primaryimage"},"thumbnailUrl":"https:\/\/news.canadamotorjobs.com\/wp-content\/uploads\/2024\/05\/Mercedes-Benz-230-1966-13.jpg","datePublished":"2024-05-21T10:29:17+00:00","dateModified":"2024-05-21T10:30:51+00:00","description":"Mercedes-Benz 230\u00a01966 \u00e0 vendre\u00a0: une aubaine\u2009? - Benoit Charette - Annuel automobile - CanadaMotorJobs.com.","breadcrumb":{"@id":"https:\/\/news.canadamotorjobs.com\/fr\/mercedes-benz-230-1966-a-vendre-une-aubaine\/#breadcrumb"},"inLanguage":"fr-CA","potentialAction":[{"@type":"ReadAction","target":["https:\/\/news.canadamotorjobs.com\/fr\/mercedes-benz-230-1966-a-vendre-une-aubaine\/"]}]},{"@type":"ImageObject","inLanguage":"fr-CA","@id":"https:\/\/news.canadamotorjobs.com\/fr\/mercedes-benz-230-1966-a-vendre-une-aubaine\/#primaryimage","url":"https:\/\/news.canadamotorjobs.com\/wp-content\/uploads\/2024\/05\/Mercedes-Benz-230-1966-13.jpg","contentUrl":"https:\/\/news.canadamotorjobs.com\/wp-content\/uploads\/2024\/05\/Mercedes-Benz-230-1966-13.jpg","width":1200,"height":900},{"@type":"BreadcrumbList","@id":"https:\/\/news.canadamotorjobs.com\/fr\/mercedes-benz-230-1966-a-vendre-une-aubaine\/#breadcrumb","itemListElement":[{"@type":"ListItem","position":1,"name":"Home","item":"https:\/\/news.canadamotorjobs.com\/fr\/blog\/"},{"@type":"ListItem","position":2,"name":"Mercedes-Benz 230\u00a01966 \u00e0 vendre\u00a0: une aubaine\u2009?"}]},{"@type":"WebSite","@id":"https:\/\/news.canadamotorjobs.com\/#website","url":"https:\/\/news.canadamotorjobs.com\/","name":"CanadaMotorJobs.com","description":"Automotive Jobs","publisher":{"@id":"https:\/\/news.canadamotorjobs.com\/#organization"},"potentialAction":[{"@type":"SearchAction","target":{"@type":"EntryPoint","urlTemplate":"https:\/\/news.canadamotorjobs.com\/?s={search_term_string}"},"query-input":"required name=search_term_string"}],"inLanguage":"fr-CA"},{"@type":"Organization","@id":"https:\/\/news.canadamotorjobs.com\/#organization","name":"Canada Motor Jobs","url":"https:\/\/news.canadamotorjobs.com\/","logo":{"@type":"ImageObject","inLanguage":"fr-CA","@id":"https:\/\/news.canadamotorjobs.com\/#\/schema\/logo\/image\/","url":"https:\/\/news.canadamotorjobs.com\/wp-content\/uploads\/2022\/10\/logo-canada-motor-jobs-1.png","contentUrl":"https:\/\/news.canadamotorjobs.com\/wp-content\/uploads\/2022\/10\/logo-canada-motor-jobs-1.png","width":800,"height":400,"caption":"Canada Motor Jobs"},"image":{"@id":"https:\/\/news.canadamotorjobs.com\/#\/schema\/logo\/image\/"},"sameAs":["https:\/\/www.facebook.com\/canadamotorjobs\/","https:\/\/x.com\/canadamotorjobs","https:\/\/www.instagram.com\/canadamotorjobs\/","https:\/\/www.linkedin.com\/company\/canadamotorjobs"]},{"@type":"Person","@id":"https:\/\/news.canadamotorjobs.com\/#\/schema\/person\/51793d1f87d44011d7bcc2ed99269a90","name":"Benoit Charette","image":{"@type":"ImageObject","inLanguage":"fr-CA","@id":"https:\/\/news.canadamotorjobs.com\/#\/schema\/person\/image\/","url":"https:\/\/secure.gravatar.com\/avatar\/45f3d2eebcccd909668d7ce7ea7267b6?s=96&d=mm&r=g","contentUrl":"https:\/\/secure.gravatar.com\/avatar\/45f3d2eebcccd909668d7ce7ea7267b6?s=96&d=mm&r=g","caption":"Benoit Charette"},"description":"Benoit Charette \/ Propri\u00e9taire et r\u00e9dacteur en chef Benoit Charette pratique le journalisme automobile depuis bient\u00f4t 30 ans. Il a fait ses classes au c\u00f4t\u00e9 de Daniel H\u00e9raud et au Carnet de route de 1992 \u00e0 2001. Il est fondateur, copropri\u00e9taire et r\u00e9dacteur en chef de L\u2019Annuel de l\u2019automobile, qu\u2019il publie depuis 2001. Il a anim\u00e9 les \u00e9missions RPM et RPM+ sur V et les L\u00e9gendes de la route sur Historia. \u00c0 la radio depuis 1986, il reprend l\u2019antenne cette ann\u00e9e sur les ondes de Cogeco et participe pour la deuxi\u00e8me ann\u00e9e \u00e0 l\u2019\u00e9mission Passion Auto sur RDS en plus de mettre en ligne le site Web officiel de L\u2019Annuel de l\u2019automobile sur annuelauto.ca.","sameAs":["https:\/\/annuelauto.ca\/"],"url":"https:\/\/news.canadamotorjobs.com\/fr\/author\/benoit-charette\/"}]}},"_links":{"self":[{"href":"https:\/\/news.canadamotorjobs.com\/fr\/wp-json\/wp\/v2\/posts\/165294"}],"collection":[{"href":"https:\/\/news.canadamotorjobs.com\/fr\/wp-json\/wp\/v2\/posts"}],"about":[{"href":"https:\/\/news.canadamotorjobs.com\/fr\/wp-json\/wp\/v2\/types\/post"}],"author":[{"embeddable":true,"href":"https:\/\/news.canadamotorjobs.com\/fr\/wp-json\/wp\/v2\/users\/8"}],"replies":[{"embeddable":true,"href":"https:\/\/news.canadamotorjobs.com\/fr\/wp-json\/wp\/v2\/comments?post=165294"}],"version-history":[{"count":2,"href":"https:\/\/news.canadamotorjobs.com\/fr\/wp-json\/wp\/v2\/posts\/165294\/revisions"}],"predecessor-version":[{"id":165298,"href":"https:\/\/news.canadamotorjobs.com\/fr\/wp-json\/wp\/v2\/posts\/165294\/revisions\/165298"}],"wp:featuredmedia":[{"embeddable":true,"href":"https:\/\/news.canadamotorjobs.com\/fr\/wp-json\/wp\/v2\/media\/165296"}],"wp:attachment":[{"href":"https:\/\/news.canadamotorjobs.com\/fr\/wp-json\/wp\/v2\/media?parent=165294"}],"wp:term":[{"taxonomy":"category","embeddable":true,"href":"https:\/\/news.canadamotorjobs.com\/fr\/wp-json\/wp\/v2\/categories?post=165294"},{"taxonomy":"post_tag","embeddable":true,"href":"https:\/\/news.canadamotorjobs.com\/fr\/wp-json\/wp\/v2\/tags?post=165294"}],"curies":[{"name":"wp","href":"https:\/\/api.w.org\/{rel}","templated":true}]}}