{"id":165263,"date":"2024-05-20T10:05:02","date_gmt":"2024-05-20T14:05:02","guid":{"rendered":"https:\/\/news.canadamotorjobs.com\/?p=165263"},"modified":"2024-05-20T10:15:34","modified_gmt":"2024-05-20T14:15:34","slug":"audi-prepare-une-rs-6-e-tron-pour-2025","status":"publish","type":"post","link":"https:\/\/news.canadamotorjobs.com\/fr\/audi-prepare-une-rs-6-e-tron-pour-2025\/","title":{"rendered":"Audi pr\u00e9pare une RS-6 e-tron pour 2025"},"content":{"rendered":"<\/p>\n<p>Devant l\u2019insucc\u00e8s de l\u2019Audi e-tron GT, Audi double la mise en lan\u00e7ant la RS6 Sportback e-tron, une version haute performance de la future A6 e-tron. Ce mod\u00e8le aura un syst\u00e8me de 800 volts, une batterie de 100 kWh offrant une autonomie potentielle de 700 km (WLTP), et une puissance estim\u00e9e \u00e0 805 chevaux. La RS6 e-tron rivalisera avec des berlines de performance \u00e9lectriques comme la BMW i5 et la Mercedes-AMG EQE.<\/p>\n<h3>Un Design Muscl\u00e9<\/h3>\n<p>\nBas\u00e9e sur la nouvelle A6 e-tron, la RS6 Sportback e-tron vise \u00e0 compl\u00e9ter la RS6 traditionnelle \u00e0 moteur \u00e0 combustion interne, qui sera rebaptis\u00e9e RS7. D\u00e9j\u00e0 \u00e0 l\u2019essai sur les routes en Europe, la RS6 Sportback e-tron est presque pr\u00eate pour son d\u00e9voilement avec tous ses \u00e9l\u00e9ments de production. Le design de la RS6 e-tron refl\u00e8te l&#8217;esth\u00e9tique de la A6 e-tron Sportback avec une apparence muscl\u00e9e. Elle arbore une fa\u00e7ade avant assertive caract\u00e9ris\u00e9e par la calandre embl\u00e9matique \u2018Singleframe\u2019 d\u2019Audi, des motifs en nid d&#8217;abeille sur les prises d&#8217;air inf\u00e9rieures, et des \u00e9vents horizontaux sous les phares DEL divis\u00e9s. Les autres caract\u00e9ristiques comprennent de grandes roues en alliage avec des \u00e9triers de frein rouges, des jupes lat\u00e9rales prononc\u00e9es, et un splitter avant a\u00e9rodynamique. \u00c0 l&#8217;arri\u00e8re, un diffuseur imposant et un cluster lumineux OLED sur toute la largeur dominent.<\/p>\n<h3>Un Int\u00e9rieur Dynamique<\/h3>\n<p>\n\u00c0 l&#8217;int\u00e9rieur, l&#8217;habitacle refl\u00e9tera le style et l&#8217;espace de la A6 e-tron Sportback et Avant, avec un plancher plat pour une meilleure habitabilit\u00e9. Bien que l&#8217;int\u00e9rieur n&#8217;ait pas encore \u00e9t\u00e9 d\u00e9voil\u00e9, Audi avait pr\u00e9sent\u00e9 un aper\u00e7u de l&#8217;int\u00e9rieur du concept A6 e-tron en 2021, avec un design minimaliste et une disposition \u00e0 deux \u00e9crans s\u00e9par\u00e9s. Pour le mod\u00e8le de production, Audi pourrait s&#8217;inspirer davantage du design du nouveau Q6 e-tron, avec un int\u00e9rieur \u00e9l\u00e9gant dot\u00e9 de deux \u00e9crans OLED vibrants, un tableau de bord num\u00e9rique de 11,9 pouces et un \u00e9cran central tactile de 14,5 pouces sous une seule lunette incurv\u00e9e, plus un \u00e9cran tactile optionnel de 10,9 pouces pour le passager. Toutes ces fonctionnalit\u00e9s sont compatibles avec Android Auto et Apple CarPlay.<\/p>\n<h3>Quelques g\u00e2teries en plus<\/h3>\n<p>\nDes caract\u00e9ristiques suppl\u00e9mentaires devraient inclure un affichage t\u00eate haute en r\u00e9alit\u00e9 augment\u00e9e et un \u00e9clairage ambiant dynamique, am\u00e9liorant \u00e0 la fois la fonctionnalit\u00e9 et l&#8217;atmosph\u00e8re. La RS6 e-tron sera dot\u00e9e d&#8217;affichages num\u00e9riques sp\u00e9cifiques au mod\u00e8le, ainsi que de divers ajouts sportifs pour se distinguer, comme un volant \u00e0 trois branches, des si\u00e8ges baquets avec surpiq\u00fbres rouges contrast\u00e9es, et des \u00e9l\u00e9ments de d\u00e9coration assortis.<\/p>\n<h3>Plateforme PPE<\/h3>\n<p>\nLa RS6 Sportback e-tron repose sur la plateforme Premium Platform Electric (PPE) du groupe Volkswagen, partag\u00e9e avec la Porsche Macan EV. Elle est \u00e9quip\u00e9e d&#8217;un syst\u00e8me de 800 volts et d&#8217;une batterie robuste de 100 kWh, capable de parcourir jusqu&#8217;\u00e0 700 km selon le cycle WLTP (pour les variantes de base \u2013 la RS6 aura probablement une autonomie inf\u00e9rieure). La plateforme supporte une recharge rapide en courant continu jusqu&#8217;\u00e0 270 kW, permettant de r\u00e9duire rapidement les pr\u00e9occupations li\u00e9es \u00e0 l&#8217;autonomie. Elle int\u00e8gre \u00e9galement une suspension adaptative sportive et un amortissement pneumatique pour assurer une exp\u00e9rience de conduite fluide et confortable.<\/p>\n<h3>Puissant potentiel<\/h3>\n<p>\nAlors que la A6 e-tron de base offre diverses configurations de moteurs, y compris un moteur unique de base et une configuration \u00e0 deux moteurs avec 469 chevaux atteignant le 0 \u00e0 100 km\/h en moins de quatre secondes, la RS6 est attendue pour repousser encore plus les limites. Les rumeurs sugg\u00e8rent une puissance impressionnante de 805 chevaux avec une transmission int\u00e9grale Quattro d&#8217;Audi.<\/p>\n<p>Avec des renseignements de Carscoops<\/p>\n<p>Le texte <a rel=\"nofollow\" href=\"https:\/\/annuelauto.ca\/audi-prepare-une-rs-6-e-tron-pour-2025\/\">Audi pr\u00e9pare une RS-6 e-tron pour 2025<\/a> provient de <a rel=\"nofollow\" href=\"https:\/\/annuelauto.ca\">L&#8217;annuel de l&#8217;automobile &#8211; Actualit\u00e9 automobile<\/a><\/p>\n<p><\/p>\n","protected":false},"excerpt":{"rendered":"<p>Devant l\u2019insucc\u00e8s de l\u2019Audi e-tron GT, Audi double la mise en lan\u00e7ant la RS6 Sportback e-tron, une version haute performance de la future A6 e-tron. Ce mod\u00e8le aura un syst\u00e8me de 800 volts, une batterie de 100 kWh offrant une autonomie potentielle de 700 km (WLTP), et une puissance estim\u00e9e \u00e0 805 chevaux. La RS6 [&hellip;]<\/p>\n","protected":false},"author":8,"featured_media":165265,"comment_status":"close","ping_status":"closed","sticky":false,"template":"","format":"standard","meta":{"_monsterinsights_skip_tracking":false,"_monsterinsights_sitenote_active":false,"_monsterinsights_sitenote_note":"","_monsterinsights_sitenote_category":0,"footnotes":""},"categories":[101],"tags":[],"yoast_head":"<!-- This site is optimized with the Yoast SEO plugin v23.2 - https:\/\/yoast.com\/wordpress\/plugins\/seo\/ -->\n<title>Audi pr\u00e9pare une RS-6 e-tron pour 2025 - CanadaMotorJobs.com<\/title>\n<meta name=\"description\" content=\"Audi pr\u00e9pare une RS-6 e-tron pour 2025 - Benoit Charette - Annuel automobile - CanadaMotorJobs.com.\" \/>\n<meta name=\"robots\" content=\"index, follow, max-snippet:-1, max-image-preview:large, max-video-preview:-1\" \/>\n<meta property=\"og:locale\" content=\"fr_CA\" \/>\n<meta property=\"og:type\" content=\"article\" \/>\n<meta property=\"og:title\" content=\"Audi pr\u00e9pare une RS-6 e-tron pour 2025 - CanadaMotorJobs.com\" \/>\n<meta property=\"og:description\" content=\"Audi pr\u00e9pare une RS-6 e-tron pour 2025 - Benoit Charette - Annuel automobile - CanadaMotorJobs.com.\" \/>\n<meta property=\"og:url\" content=\"https:\/\/news.canadamotorjobs.com\/fr\/audi-prepare-une-rs-6-e-tron-pour-2025\/\" \/>\n<meta property=\"og:site_name\" content=\"CanadaMotorJobs.com\" \/>\n<meta property=\"article:publisher\" content=\"https:\/\/www.facebook.com\/canadamotorjobs\/\" \/>\n<meta property=\"article:published_time\" content=\"2024-05-20T14:05:02+00:00\" \/>\n<meta property=\"article:modified_time\" content=\"2024-05-20T14:15:34+00:00\" \/>\n<meta property=\"og:image\" content=\"https:\/\/news.canadamotorjobs.com\/wp-content\/uploads\/2024\/05\/audi_a6_e_tron_concept_cover-scaled-1.jpg\" \/>\n\t<meta property=\"og:image:width\" content=\"2560\" \/>\n\t<meta property=\"og:image:height\" content=\"1031\" \/>\n\t<meta property=\"og:image:type\" content=\"image\/jpeg\" \/>\n<meta name=\"author\" content=\"Benoit Charette\" \/>\n<meta name=\"twitter:card\" content=\"summary_large_image\" \/>\n<meta name=\"twitter:creator\" content=\"@canadamotorjobs\" \/>\n<meta name=\"twitter:site\" content=\"@canadamotorjobs\" \/>\n<meta name=\"twitter:label1\" content=\"\u00c9crit par\" \/>\n\t<meta name=\"twitter:data1\" content=\"Benoit Charette\" \/>\n\t<meta name=\"twitter:label2\" content=\"Estimation du temps de lecture\" \/>\n\t<meta name=\"twitter:data2\" content=\"3 minutes\" \/>\n<!-- \/ Yoast SEO plugin. -->","yoast_head_json":{"title":"Audi pr\u00e9pare une RS-6 e-tron pour 2025 - CanadaMotorJobs.com","description":"Audi pr\u00e9pare une RS-6 e-tron pour 2025 - Benoit Charette - Annuel automobile - CanadaMotorJobs.com.","robots":{"index":"index","follow":"follow","max-snippet":"max-snippet:-1","max-image-preview":"max-image-preview:large","max-video-preview":"max-video-preview:-1"},"og_locale":"fr_CA","og_type":"article","og_title":"Audi pr\u00e9pare une RS-6 e-tron pour 2025 - CanadaMotorJobs.com","og_description":"Audi pr\u00e9pare une RS-6 e-tron pour 2025 - Benoit Charette - Annuel automobile - CanadaMotorJobs.com.","og_url":"https:\/\/news.canadamotorjobs.com\/fr\/audi-prepare-une-rs-6-e-tron-pour-2025\/","og_site_name":"CanadaMotorJobs.com","article_publisher":"https:\/\/www.facebook.com\/canadamotorjobs\/","article_published_time":"2024-05-20T14:05:02+00:00","article_modified_time":"2024-05-20T14:15:34+00:00","og_image":[{"width":2560,"height":1031,"url":"https:\/\/news.canadamotorjobs.com\/wp-content\/uploads\/2024\/05\/audi_a6_e_tron_concept_cover-scaled-1.jpg","type":"image\/jpeg"}],"author":"Benoit Charette","twitter_card":"summary_large_image","twitter_creator":"@canadamotorjobs","twitter_site":"@canadamotorjobs","twitter_misc":{"\u00c9crit par":"Benoit Charette","Estimation du temps de lecture":"3 minutes"},"schema":{"@context":"https:\/\/schema.org","@graph":[{"@type":"Article","@id":"https:\/\/news.canadamotorjobs.com\/fr\/audi-prepare-une-rs-6-e-tron-pour-2025\/#article","isPartOf":{"@id":"https:\/\/news.canadamotorjobs.com\/fr\/audi-prepare-une-rs-6-e-tron-pour-2025\/"},"author":{"name":"Benoit Charette","@id":"https:\/\/news.canadamotorjobs.com\/#\/schema\/person\/51793d1f87d44011d7bcc2ed99269a90"},"headline":"Audi pr\u00e9pare une RS-6 e-tron pour 2025","datePublished":"2024-05-20T14:05:02+00:00","dateModified":"2024-05-20T14:15:34+00:00","mainEntityOfPage":{"@id":"https:\/\/news.canadamotorjobs.com\/fr\/audi-prepare-une-rs-6-e-tron-pour-2025\/"},"wordCount":664,"publisher":{"@id":"https:\/\/news.canadamotorjobs.com\/#organization"},"image":{"@id":"https:\/\/news.canadamotorjobs.com\/fr\/audi-prepare-une-rs-6-e-tron-pour-2025\/#primaryimage"},"thumbnailUrl":"https:\/\/news.canadamotorjobs.com\/wp-content\/uploads\/2024\/05\/audi_a6_e_tron_concept_cover-scaled-1.jpg","articleSection":["Annuel automobile"],"inLanguage":"fr-CA"},{"@type":"WebPage","@id":"https:\/\/news.canadamotorjobs.com\/fr\/audi-prepare-une-rs-6-e-tron-pour-2025\/","url":"https:\/\/news.canadamotorjobs.com\/fr\/audi-prepare-une-rs-6-e-tron-pour-2025\/","name":"Audi pr\u00e9pare une RS-6 e-tron pour 2025 - CanadaMotorJobs.com","isPartOf":{"@id":"https:\/\/news.canadamotorjobs.com\/#website"},"primaryImageOfPage":{"@id":"https:\/\/news.canadamotorjobs.com\/fr\/audi-prepare-une-rs-6-e-tron-pour-2025\/#primaryimage"},"image":{"@id":"https:\/\/news.canadamotorjobs.com\/fr\/audi-prepare-une-rs-6-e-tron-pour-2025\/#primaryimage"},"thumbnailUrl":"https:\/\/news.canadamotorjobs.com\/wp-content\/uploads\/2024\/05\/audi_a6_e_tron_concept_cover-scaled-1.jpg","datePublished":"2024-05-20T14:05:02+00:00","dateModified":"2024-05-20T14:15:34+00:00","description":"Audi pr\u00e9pare une RS-6 e-tron pour 2025 - Benoit Charette - Annuel automobile - CanadaMotorJobs.com.","breadcrumb":{"@id":"https:\/\/news.canadamotorjobs.com\/fr\/audi-prepare-une-rs-6-e-tron-pour-2025\/#breadcrumb"},"inLanguage":"fr-CA","potentialAction":[{"@type":"ReadAction","target":["https:\/\/news.canadamotorjobs.com\/fr\/audi-prepare-une-rs-6-e-tron-pour-2025\/"]}]},{"@type":"ImageObject","inLanguage":"fr-CA","@id":"https:\/\/news.canadamotorjobs.com\/fr\/audi-prepare-une-rs-6-e-tron-pour-2025\/#primaryimage","url":"https:\/\/news.canadamotorjobs.com\/wp-content\/uploads\/2024\/05\/audi_a6_e_tron_concept_cover-scaled-1.jpg","contentUrl":"https:\/\/news.canadamotorjobs.com\/wp-content\/uploads\/2024\/05\/audi_a6_e_tron_concept_cover-scaled-1.jpg","width":2560,"height":1031},{"@type":"BreadcrumbList","@id":"https:\/\/news.canadamotorjobs.com\/fr\/audi-prepare-une-rs-6-e-tron-pour-2025\/#breadcrumb","itemListElement":[{"@type":"ListItem","position":1,"name":"Home","item":"https:\/\/news.canadamotorjobs.com\/fr\/blog\/"},{"@type":"ListItem","position":2,"name":"Audi pr\u00e9pare une RS-6 e-tron pour 2025"}]},{"@type":"WebSite","@id":"https:\/\/news.canadamotorjobs.com\/#website","url":"https:\/\/news.canadamotorjobs.com\/","name":"CanadaMotorJobs.com","description":"Automotive Jobs","publisher":{"@id":"https:\/\/news.canadamotorjobs.com\/#organization"},"potentialAction":[{"@type":"SearchAction","target":{"@type":"EntryPoint","urlTemplate":"https:\/\/news.canadamotorjobs.com\/?s={search_term_string}"},"query-input":"required name=search_term_string"}],"inLanguage":"fr-CA"},{"@type":"Organization","@id":"https:\/\/news.canadamotorjobs.com\/#organization","name":"Canada Motor Jobs","url":"https:\/\/news.canadamotorjobs.com\/","logo":{"@type":"ImageObject","inLanguage":"fr-CA","@id":"https:\/\/news.canadamotorjobs.com\/#\/schema\/logo\/image\/","url":"https:\/\/news.canadamotorjobs.com\/wp-content\/uploads\/2022\/10\/logo-canada-motor-jobs-1.png","contentUrl":"https:\/\/news.canadamotorjobs.com\/wp-content\/uploads\/2022\/10\/logo-canada-motor-jobs-1.png","width":800,"height":400,"caption":"Canada Motor Jobs"},"image":{"@id":"https:\/\/news.canadamotorjobs.com\/#\/schema\/logo\/image\/"},"sameAs":["https:\/\/www.facebook.com\/canadamotorjobs\/","https:\/\/x.com\/canadamotorjobs","https:\/\/www.instagram.com\/canadamotorjobs\/","https:\/\/www.linkedin.com\/company\/canadamotorjobs"]},{"@type":"Person","@id":"https:\/\/news.canadamotorjobs.com\/#\/schema\/person\/51793d1f87d44011d7bcc2ed99269a90","name":"Benoit Charette","image":{"@type":"ImageObject","inLanguage":"fr-CA","@id":"https:\/\/news.canadamotorjobs.com\/#\/schema\/person\/image\/","url":"https:\/\/secure.gravatar.com\/avatar\/45f3d2eebcccd909668d7ce7ea7267b6?s=96&d=mm&r=g","contentUrl":"https:\/\/secure.gravatar.com\/avatar\/45f3d2eebcccd909668d7ce7ea7267b6?s=96&d=mm&r=g","caption":"Benoit Charette"},"description":"Benoit Charette \/ Propri\u00e9taire et r\u00e9dacteur en chef Benoit Charette pratique le journalisme automobile depuis bient\u00f4t 30 ans. Il a fait ses classes au c\u00f4t\u00e9 de Daniel H\u00e9raud et au Carnet de route de 1992 \u00e0 2001. Il est fondateur, copropri\u00e9taire et r\u00e9dacteur en chef de L\u2019Annuel de l\u2019automobile, qu\u2019il publie depuis 2001. Il a anim\u00e9 les \u00e9missions RPM et RPM+ sur V et les L\u00e9gendes de la route sur Historia. \u00c0 la radio depuis 1986, il reprend l\u2019antenne cette ann\u00e9e sur les ondes de Cogeco et participe pour la deuxi\u00e8me ann\u00e9e \u00e0 l\u2019\u00e9mission Passion Auto sur RDS en plus de mettre en ligne le site Web officiel de L\u2019Annuel de l\u2019automobile sur annuelauto.ca.","sameAs":["https:\/\/annuelauto.ca\/"],"url":"https:\/\/news.canadamotorjobs.com\/fr\/author\/benoit-charette\/"}]}},"_links":{"self":[{"href":"https:\/\/news.canadamotorjobs.com\/fr\/wp-json\/wp\/v2\/posts\/165263"}],"collection":[{"href":"https:\/\/news.canadamotorjobs.com\/fr\/wp-json\/wp\/v2\/posts"}],"about":[{"href":"https:\/\/news.canadamotorjobs.com\/fr\/wp-json\/wp\/v2\/types\/post"}],"author":[{"embeddable":true,"href":"https:\/\/news.canadamotorjobs.com\/fr\/wp-json\/wp\/v2\/users\/8"}],"replies":[{"embeddable":true,"href":"https:\/\/news.canadamotorjobs.com\/fr\/wp-json\/wp\/v2\/comments?post=165263"}],"version-history":[{"count":2,"href":"https:\/\/news.canadamotorjobs.com\/fr\/wp-json\/wp\/v2\/posts\/165263\/revisions"}],"predecessor-version":[{"id":165267,"href":"https:\/\/news.canadamotorjobs.com\/fr\/wp-json\/wp\/v2\/posts\/165263\/revisions\/165267"}],"wp:featuredmedia":[{"embeddable":true,"href":"https:\/\/news.canadamotorjobs.com\/fr\/wp-json\/wp\/v2\/media\/165265"}],"wp:attachment":[{"href":"https:\/\/news.canadamotorjobs.com\/fr\/wp-json\/wp\/v2\/media?parent=165263"}],"wp:term":[{"taxonomy":"category","embeddable":true,"href":"https:\/\/news.canadamotorjobs.com\/fr\/wp-json\/wp\/v2\/categories?post=165263"},{"taxonomy":"post_tag","embeddable":true,"href":"https:\/\/news.canadamotorjobs.com\/fr\/wp-json\/wp\/v2\/tags?post=165263"}],"curies":[{"name":"wp","href":"https:\/\/api.w.org\/{rel}","templated":true}]}}