{"id":165240,"date":"2024-05-20T09:39:28","date_gmt":"2024-05-20T13:39:28","guid":{"rendered":"https:\/\/news.canadamotorjobs.com\/?p=165240"},"modified":"2024-05-20T09:44:42","modified_gmt":"2024-05-20T13:44:42","slug":"tesla-en-controle-de-dommages-en-europe","status":"publish","type":"post","link":"https:\/\/news.canadamotorjobs.com\/fr\/tesla-en-controle-de-dommages-en-europe\/","title":{"rendered":"Tesla en contr\u00f4le de dommages en Europe"},"content":{"rendered":"<\/p>\n<p>Tesla tente de calmer certaines entreprises de location europ\u00e9ennes apr\u00e8s que les r\u00e9ductions r\u00e9p\u00e9t\u00e9es des prix de vente au d\u00e9tail par le constructeur ont fait chuter la valeur de leurs flottes et que son service lent et ses r\u00e9parations co\u00fbteuses ont ali\u00e9n\u00e9 leurs clients d&#8217;entreprise. Hertz a d\u00e9j\u00e0 lanc\u00e9 la serviette en vendant \u00e0 perte pr\u00e8s de 20\u00a0000 Tesla dans son r\u00e9seau.<\/p>\n<h2>R\u00e9ductions et Efforts de Service<\/h2>\n<p>\nSelon des entretiens men\u00e9s par Reuters avec neuf dirigeants de grandes entreprises de de location de voitures, ainsi qu&#8217;une douzaine de gestionnaires de flottes d&#8217;entreprise, Tesla offre des r\u00e9ductions non officielles sur l&#8217;achat de nouvelles voitures en stock et s&#8217;efforce de r\u00e9soudre les plaintes g\u00e9n\u00e9ralis\u00e9es concernant le service, les r\u00e9parations et les commandes. Pendant des ann\u00e9es, les gestionnaires de flottes et les entreprises de location affirment que Tesla a ignor\u00e9 ces probl\u00e8mes.<\/p>\n<h2>Impact des R\u00e9ductions de Prix<\/h2>\n<p>\nLes r\u00e9ductions de prix de Tesla visaient \u00e0 stimuler les ventes en r\u00e9ponse \u00e0 la demande mondiale de v\u00e9hicules \u00e9lectriques en baisse et \u00e0 la concurrence croissante, notamment de la part des constructeurs chinois comme BYD. Cependant, cela a impact\u00e9 les r\u00e9sultats financiers de ses plus gros clients en Europe, o\u00f9 les achats de flottes repr\u00e9sentent pr\u00e8s de la moiti\u00e9 des ventes automobiles.<\/p>\n<h2>Chute des Valeurs R\u00e9siduelles<\/h2>\n<p>\nLes entreprises de location ach\u00e8tent de nouvelles voitures et organisent des contrats de calcul\u00e9s en fonction de la valeur de revente pr\u00e9vue \u00e0 la fin du contrat. Les baisses soudaines de prix diminuent ces valeurs r\u00e9siduelles, co\u00fbtant de l&#8217;argent aux entreprises de leasing.<\/p>\n<h2>Campagne de Contr\u00f4le des Dommages<\/h2>\n<p>\nLa baisse des valeurs de revente et les tensions avec les clients de flottes sont connues, mais la campagne de contr\u00f4le des dommages de Tesla pour y rem\u00e9dier n&#8217;a pas \u00e9t\u00e9 rapport\u00e9e auparavant. Un haut responsable d&#8217;une grande entreprise de location automobile europ\u00e9enne, qui a parl\u00e9 sous condition d&#8217;anonymat, a d\u00e9clar\u00e9 que Tesla avait commenc\u00e9 \u00e0 offrir des r\u00e9ductions de fin de trimestre sur ses Model 3 et Model Y, jusqu&#8217;\u00e0 2,000 euros, pour les achats par les entreprises de leasing, \u00e0 partir de mi-2023. Depuis fin de l&#8217;ann\u00e9e derni\u00e8re, ces r\u00e9ductions sont disponibles en permanence.<\/p>\n<h2>R\u00e9ponses des Entreprises<\/h2>\n<p>\nTim Albertsen, PDG d&#8217;Ayvens \u2014 la plus grande entreprise de location automobile d&#8217;Europe avec une flotte de 3,4 millions de voitures, dont environ 10% de v\u00e9hicules \u00e9lectriques \u2014 a d\u00e9clar\u00e9 que le service de Tesla s&#8217;est am\u00e9lior\u00e9 mais que la baisse des valeurs de revente a \u00e9t\u00e9 dommageable. &#8220;Tesla a compris cela et propose des solutions pour nous aider.&#8221; Arval, la filiale de leasing automobile de BNP Paribas, discute maintenant avec trois constructeurs chinois de l&#8217;achat de v\u00e9hicules \u00e9lectriques apr\u00e8s avoir subi des pertes dues \u00e0 la baisse des valeurs de Tesla. Bart Beckers, directeur g\u00e9n\u00e9ral adjoint d&#8217;Arval, a d\u00e9clar\u00e9 : &#8220;Vous vous tirez vraiment une balle dans le pied,&#8221; en r\u00e9f\u00e9rence aux r\u00e9ductions de prix de Tesla.<\/p>\n<h2>Probl\u00e8mes de Service et de R\u00e9paration<\/h2>\n<p>\nDes gestionnaires de flottes d&#8217;entreprise ont \u00e9galement critiqu\u00e9 la lenteur et le co\u00fbt \u00e9lev\u00e9 des r\u00e9parations chez Tesla. Fiona Howarth, PDG d&#8217;Octopus Electric Vehicles, a cependant d\u00e9clar\u00e9 que Tesla, en tant que pionnier des v\u00e9hicules \u00e9lectriques, avait besoin de temps pour peaufiner ses op\u00e9rations de service. Lorna McAtear, gestionnaire de flotte chez National Grid, a d\u00e9crit des relations plus difficiles avec Tesla, citant des co\u00fbts de r\u00e9paration trois fois sup\u00e9rieurs \u00e0 la moyenne de l&#8217;industrie et des probl\u00e8mes de commande compliqu\u00e9s. Elle a pr\u00e9vu de proposer de retirer Tesla de sa flotte si les probl\u00e8mes ne sont pas r\u00e9solus.<\/p>\n<h2>Am\u00e9liorations Promises<\/h2>\n<p>\nTesla a promis des am\u00e9liorations lors d&#8217;une r\u00e9union avec McAtear en avril, laissant esp\u00e9rer une meilleure relation client \u00e0 l&#8217;avenir.<\/p>\n<h2>Concurrence Accrue<\/h2>\n<p>\nLes constructeurs chinois, notamment BYD, ainsi que les constructeurs traditionnels comme Volkswagen et BMW, produisent d\u00e9sormais des v\u00e9hicules \u00e9lectriques de plus en plus comp\u00e9titifs, offrant des alternatives viables aux clients europ\u00e9ens de Tesla.<\/p>\n<p>Avec des renseignements d\u2019Autoblog et Reuters<\/p>\n<p>Le texte <a rel=\"nofollow\" href=\"https:\/\/annuelauto.ca\/tesla-en-controle-de-dommages-en-europe\/\">Tesla en contr\u00f4le de dommages en Europe<\/a> provient de <a rel=\"nofollow\" href=\"https:\/\/annuelauto.ca\">L&#8217;annuel de l&#8217;automobile &#8211; Actualit\u00e9 automobile<\/a><\/p>\n<p><\/p>\n","protected":false},"excerpt":{"rendered":"<p>Tesla tente de calmer certaines entreprises de location europ\u00e9ennes apr\u00e8s que les r\u00e9ductions r\u00e9p\u00e9t\u00e9es des prix de vente au d\u00e9tail par le constructeur ont fait chuter la valeur de leurs flottes et que son service lent et ses r\u00e9parations co\u00fbteuses ont ali\u00e9n\u00e9 leurs clients d&#8217;entreprise. Hertz a d\u00e9j\u00e0 lanc\u00e9 la serviette en vendant \u00e0 perte [&hellip;]<\/p>\n","protected":false},"author":8,"featured_media":165242,"comment_status":"close","ping_status":"closed","sticky":false,"template":"","format":"standard","meta":{"_monsterinsights_skip_tracking":false,"_monsterinsights_sitenote_active":false,"_monsterinsights_sitenote_note":"","_monsterinsights_sitenote_category":0,"footnotes":""},"categories":[101],"tags":[],"yoast_head":"<!-- This site is optimized with the Yoast SEO plugin v23.2 - https:\/\/yoast.com\/wordpress\/plugins\/seo\/ -->\n<title>Tesla en contr\u00f4le de dommages en Europe - CanadaMotorJobs.com<\/title>\n<meta name=\"description\" content=\"Tesla en contr\u00f4le de dommages en Europe - Benoit Charette - Annuel automobile - CanadaMotorJobs.com.\" \/>\n<meta name=\"robots\" content=\"index, follow, max-snippet:-1, max-image-preview:large, max-video-preview:-1\" \/>\n<meta property=\"og:locale\" content=\"fr_CA\" \/>\n<meta property=\"og:type\" content=\"article\" \/>\n<meta property=\"og:title\" content=\"Tesla en contr\u00f4le de dommages en Europe - CanadaMotorJobs.com\" \/>\n<meta property=\"og:description\" content=\"Tesla en contr\u00f4le de dommages en Europe - Benoit Charette - Annuel automobile - CanadaMotorJobs.com.\" \/>\n<meta property=\"og:url\" content=\"https:\/\/news.canadamotorjobs.com\/fr\/tesla-en-controle-de-dommages-en-europe\/\" \/>\n<meta property=\"og:site_name\" content=\"CanadaMotorJobs.com\" \/>\n<meta property=\"article:publisher\" content=\"https:\/\/www.facebook.com\/canadamotorjobs\/\" \/>\n<meta property=\"article:published_time\" content=\"2024-05-20T13:39:28+00:00\" \/>\n<meta property=\"article:modified_time\" content=\"2024-05-20T13:44:42+00:00\" \/>\n<meta property=\"og:image\" content=\"https:\/\/news.canadamotorjobs.com\/wp-content\/uploads\/2024\/05\/tesla_model-y_midnight-cherry-red-2-4.jpg\" \/>\n\t<meta property=\"og:image:width\" content=\"1200\" \/>\n\t<meta property=\"og:image:height\" content=\"675\" \/>\n\t<meta property=\"og:image:type\" content=\"image\/jpeg\" \/>\n<meta name=\"author\" content=\"Benoit Charette\" \/>\n<meta name=\"twitter:card\" content=\"summary_large_image\" \/>\n<meta name=\"twitter:creator\" content=\"@canadamotorjobs\" \/>\n<meta name=\"twitter:site\" content=\"@canadamotorjobs\" \/>\n<meta name=\"twitter:label1\" content=\"\u00c9crit par\" \/>\n\t<meta name=\"twitter:data1\" content=\"Benoit Charette\" \/>\n\t<meta name=\"twitter:label2\" content=\"Estimation du temps de lecture\" \/>\n\t<meta name=\"twitter:data2\" content=\"4 minutes\" \/>\n<!-- \/ Yoast SEO plugin. -->","yoast_head_json":{"title":"Tesla en contr\u00f4le de dommages en Europe - CanadaMotorJobs.com","description":"Tesla en contr\u00f4le de dommages en Europe - Benoit Charette - Annuel automobile - CanadaMotorJobs.com.","robots":{"index":"index","follow":"follow","max-snippet":"max-snippet:-1","max-image-preview":"max-image-preview:large","max-video-preview":"max-video-preview:-1"},"og_locale":"fr_CA","og_type":"article","og_title":"Tesla en contr\u00f4le de dommages en Europe - CanadaMotorJobs.com","og_description":"Tesla en contr\u00f4le de dommages en Europe - Benoit Charette - Annuel automobile - CanadaMotorJobs.com.","og_url":"https:\/\/news.canadamotorjobs.com\/fr\/tesla-en-controle-de-dommages-en-europe\/","og_site_name":"CanadaMotorJobs.com","article_publisher":"https:\/\/www.facebook.com\/canadamotorjobs\/","article_published_time":"2024-05-20T13:39:28+00:00","article_modified_time":"2024-05-20T13:44:42+00:00","og_image":[{"width":1200,"height":675,"url":"https:\/\/news.canadamotorjobs.com\/wp-content\/uploads\/2024\/05\/tesla_model-y_midnight-cherry-red-2-4.jpg","type":"image\/jpeg"}],"author":"Benoit Charette","twitter_card":"summary_large_image","twitter_creator":"@canadamotorjobs","twitter_site":"@canadamotorjobs","twitter_misc":{"\u00c9crit par":"Benoit Charette","Estimation du temps de lecture":"4 minutes"},"schema":{"@context":"https:\/\/schema.org","@graph":[{"@type":"Article","@id":"https:\/\/news.canadamotorjobs.com\/fr\/tesla-en-controle-de-dommages-en-europe\/#article","isPartOf":{"@id":"https:\/\/news.canadamotorjobs.com\/fr\/tesla-en-controle-de-dommages-en-europe\/"},"author":{"name":"Benoit Charette","@id":"https:\/\/news.canadamotorjobs.com\/#\/schema\/person\/51793d1f87d44011d7bcc2ed99269a90"},"headline":"Tesla en contr\u00f4le de dommages en Europe","datePublished":"2024-05-20T13:39:28+00:00","dateModified":"2024-05-20T13:44:42+00:00","mainEntityOfPage":{"@id":"https:\/\/news.canadamotorjobs.com\/fr\/tesla-en-controle-de-dommages-en-europe\/"},"wordCount":756,"publisher":{"@id":"https:\/\/news.canadamotorjobs.com\/#organization"},"image":{"@id":"https:\/\/news.canadamotorjobs.com\/fr\/tesla-en-controle-de-dommages-en-europe\/#primaryimage"},"thumbnailUrl":"https:\/\/news.canadamotorjobs.com\/wp-content\/uploads\/2024\/05\/tesla_model-y_midnight-cherry-red-2-4.jpg","articleSection":["Annuel automobile"],"inLanguage":"fr-CA"},{"@type":"WebPage","@id":"https:\/\/news.canadamotorjobs.com\/fr\/tesla-en-controle-de-dommages-en-europe\/","url":"https:\/\/news.canadamotorjobs.com\/fr\/tesla-en-controle-de-dommages-en-europe\/","name":"Tesla en contr\u00f4le de dommages en Europe - CanadaMotorJobs.com","isPartOf":{"@id":"https:\/\/news.canadamotorjobs.com\/#website"},"primaryImageOfPage":{"@id":"https:\/\/news.canadamotorjobs.com\/fr\/tesla-en-controle-de-dommages-en-europe\/#primaryimage"},"image":{"@id":"https:\/\/news.canadamotorjobs.com\/fr\/tesla-en-controle-de-dommages-en-europe\/#primaryimage"},"thumbnailUrl":"https:\/\/news.canadamotorjobs.com\/wp-content\/uploads\/2024\/05\/tesla_model-y_midnight-cherry-red-2-4.jpg","datePublished":"2024-05-20T13:39:28+00:00","dateModified":"2024-05-20T13:44:42+00:00","description":"Tesla en contr\u00f4le de dommages en Europe - Benoit Charette - Annuel automobile - CanadaMotorJobs.com.","breadcrumb":{"@id":"https:\/\/news.canadamotorjobs.com\/fr\/tesla-en-controle-de-dommages-en-europe\/#breadcrumb"},"inLanguage":"fr-CA","potentialAction":[{"@type":"ReadAction","target":["https:\/\/news.canadamotorjobs.com\/fr\/tesla-en-controle-de-dommages-en-europe\/"]}]},{"@type":"ImageObject","inLanguage":"fr-CA","@id":"https:\/\/news.canadamotorjobs.com\/fr\/tesla-en-controle-de-dommages-en-europe\/#primaryimage","url":"https:\/\/news.canadamotorjobs.com\/wp-content\/uploads\/2024\/05\/tesla_model-y_midnight-cherry-red-2-4.jpg","contentUrl":"https:\/\/news.canadamotorjobs.com\/wp-content\/uploads\/2024\/05\/tesla_model-y_midnight-cherry-red-2-4.jpg","width":1200,"height":675},{"@type":"BreadcrumbList","@id":"https:\/\/news.canadamotorjobs.com\/fr\/tesla-en-controle-de-dommages-en-europe\/#breadcrumb","itemListElement":[{"@type":"ListItem","position":1,"name":"Home","item":"https:\/\/news.canadamotorjobs.com\/fr\/blog\/"},{"@type":"ListItem","position":2,"name":"Tesla en contr\u00f4le de dommages en Europe"}]},{"@type":"WebSite","@id":"https:\/\/news.canadamotorjobs.com\/#website","url":"https:\/\/news.canadamotorjobs.com\/","name":"CanadaMotorJobs.com","description":"Automotive Jobs","publisher":{"@id":"https:\/\/news.canadamotorjobs.com\/#organization"},"potentialAction":[{"@type":"SearchAction","target":{"@type":"EntryPoint","urlTemplate":"https:\/\/news.canadamotorjobs.com\/?s={search_term_string}"},"query-input":"required name=search_term_string"}],"inLanguage":"fr-CA"},{"@type":"Organization","@id":"https:\/\/news.canadamotorjobs.com\/#organization","name":"Canada Motor Jobs","url":"https:\/\/news.canadamotorjobs.com\/","logo":{"@type":"ImageObject","inLanguage":"fr-CA","@id":"https:\/\/news.canadamotorjobs.com\/#\/schema\/logo\/image\/","url":"https:\/\/news.canadamotorjobs.com\/wp-content\/uploads\/2022\/10\/logo-canada-motor-jobs-1.png","contentUrl":"https:\/\/news.canadamotorjobs.com\/wp-content\/uploads\/2022\/10\/logo-canada-motor-jobs-1.png","width":800,"height":400,"caption":"Canada Motor Jobs"},"image":{"@id":"https:\/\/news.canadamotorjobs.com\/#\/schema\/logo\/image\/"},"sameAs":["https:\/\/www.facebook.com\/canadamotorjobs\/","https:\/\/x.com\/canadamotorjobs","https:\/\/www.instagram.com\/canadamotorjobs\/","https:\/\/www.linkedin.com\/company\/canadamotorjobs"]},{"@type":"Person","@id":"https:\/\/news.canadamotorjobs.com\/#\/schema\/person\/51793d1f87d44011d7bcc2ed99269a90","name":"Benoit Charette","image":{"@type":"ImageObject","inLanguage":"fr-CA","@id":"https:\/\/news.canadamotorjobs.com\/#\/schema\/person\/image\/","url":"https:\/\/secure.gravatar.com\/avatar\/45f3d2eebcccd909668d7ce7ea7267b6?s=96&d=mm&r=g","contentUrl":"https:\/\/secure.gravatar.com\/avatar\/45f3d2eebcccd909668d7ce7ea7267b6?s=96&d=mm&r=g","caption":"Benoit Charette"},"description":"Benoit Charette \/ Propri\u00e9taire et r\u00e9dacteur en chef Benoit Charette pratique le journalisme automobile depuis bient\u00f4t 30 ans. Il a fait ses classes au c\u00f4t\u00e9 de Daniel H\u00e9raud et au Carnet de route de 1992 \u00e0 2001. Il est fondateur, copropri\u00e9taire et r\u00e9dacteur en chef de L\u2019Annuel de l\u2019automobile, qu\u2019il publie depuis 2001. Il a anim\u00e9 les \u00e9missions RPM et RPM+ sur V et les L\u00e9gendes de la route sur Historia. \u00c0 la radio depuis 1986, il reprend l\u2019antenne cette ann\u00e9e sur les ondes de Cogeco et participe pour la deuxi\u00e8me ann\u00e9e \u00e0 l\u2019\u00e9mission Passion Auto sur RDS en plus de mettre en ligne le site Web officiel de L\u2019Annuel de l\u2019automobile sur annuelauto.ca.","sameAs":["https:\/\/annuelauto.ca\/"],"url":"https:\/\/news.canadamotorjobs.com\/fr\/author\/benoit-charette\/"}]}},"_links":{"self":[{"href":"https:\/\/news.canadamotorjobs.com\/fr\/wp-json\/wp\/v2\/posts\/165240"}],"collection":[{"href":"https:\/\/news.canadamotorjobs.com\/fr\/wp-json\/wp\/v2\/posts"}],"about":[{"href":"https:\/\/news.canadamotorjobs.com\/fr\/wp-json\/wp\/v2\/types\/post"}],"author":[{"embeddable":true,"href":"https:\/\/news.canadamotorjobs.com\/fr\/wp-json\/wp\/v2\/users\/8"}],"replies":[{"embeddable":true,"href":"https:\/\/news.canadamotorjobs.com\/fr\/wp-json\/wp\/v2\/comments?post=165240"}],"version-history":[{"count":2,"href":"https:\/\/news.canadamotorjobs.com\/fr\/wp-json\/wp\/v2\/posts\/165240\/revisions"}],"predecessor-version":[{"id":165244,"href":"https:\/\/news.canadamotorjobs.com\/fr\/wp-json\/wp\/v2\/posts\/165240\/revisions\/165244"}],"wp:featuredmedia":[{"embeddable":true,"href":"https:\/\/news.canadamotorjobs.com\/fr\/wp-json\/wp\/v2\/media\/165242"}],"wp:attachment":[{"href":"https:\/\/news.canadamotorjobs.com\/fr\/wp-json\/wp\/v2\/media?parent=165240"}],"wp:term":[{"taxonomy":"category","embeddable":true,"href":"https:\/\/news.canadamotorjobs.com\/fr\/wp-json\/wp\/v2\/categories?post=165240"},{"taxonomy":"post_tag","embeddable":true,"href":"https:\/\/news.canadamotorjobs.com\/fr\/wp-json\/wp\/v2\/tags?post=165240"}],"curies":[{"name":"wp","href":"https:\/\/api.w.org\/{rel}","templated":true}]}}