{"id":165221,"date":"2024-05-20T09:20:27","date_gmt":"2024-05-20T13:20:27","guid":{"rendered":"https:\/\/news.canadamotorjobs.com\/?p=165221"},"modified":"2024-05-20T09:29:44","modified_gmt":"2024-05-20T13:29:44","slug":"la-nhtsa-ouvre-une-enquete-de-rappel-sur-plus-de-51000-volks-id-4","status":"publish","type":"post","link":"https:\/\/news.canadamotorjobs.com\/fr\/la-nhtsa-ouvre-une-enquete-de-rappel-sur-plus-de-51000-volks-id-4\/","title":{"rendered":"La NHTSA Ouvre une Enqu\u00eate de Rappel sur Plus de 51,000 Volks ID.4"},"content":{"rendered":"<\/p>\n<h3>Probl\u00e8me de Porti\u00e8re<\/h3>\n<p>\nLe r\u00e9gulateur de la s\u00e9curit\u00e9 automobile des \u00c9tats-Unis a annonc\u00e9 lundi l&#8217;ouverture d&#8217;une enqu\u00eate de rappel concernant environ 51,500 v\u00e9hicules \u00e9lectriques de Volkswagen America, en raison de pr\u00e9occupations li\u00e9es \u00e0 l&#8217;ouverture de la porti\u00e8re en conduisant. La National Highway Traffic Safety Administration (NHTSA) a re\u00e7u 12 plaintes concernant les SUV \u00e9lectriques ID.4 de Volkswagen, construits entre 2021 et 2023.<\/p>\n<h3>Plaintes des Consommateurs<\/h3>\n<p>\nCertains consommateurs ont signal\u00e9 que la porti\u00e8re du v\u00e9hicule s&#8217;ouvre de mani\u00e8re intermittente en conduisant, sans signe avant-coureur raisonnable, bien qu&#8217;aucune blessure ou fatalit\u00e9 n&#8217;ait \u00e9t\u00e9 li\u00e9e \u00e0 ce probl\u00e8me.<\/p>\n<h3>Historique de Rappel<\/h3>\n<p>\nSelon le r\u00e9gulateur de la s\u00e9curit\u00e9, les v\u00e9hicules concern\u00e9s faisaient \u00e9galement partie d&#8217;un rappel pr\u00e9c\u00e9dent du constructeur visant \u00e0 rem\u00e9dier aux infiltrations d&#8217;eau par la porti\u00e8re. La nouvelle enqu\u00eate de la NHTSA examinera les rappels ant\u00e9rieurs de Volkswagen pour \u00e9valuer l&#8217;efficacit\u00e9 des solutions mises en place.<\/p>\n<p>\u00a0<\/p>\n<p>Le texte <a rel=\"nofollow\" href=\"https:\/\/annuelauto.ca\/la-nhtsa-ouvre-une-enquete-de-rappel-sur-plus-de-51000-volks-id-4\/\">La NHTSA Ouvre une Enqu\u00eate de Rappel sur Plus de 51,000 Volks ID.4<\/a> provient de <a rel=\"nofollow\" href=\"https:\/\/annuelauto.ca\">L&#8217;annuel de l&#8217;automobile &#8211; Actualit\u00e9 automobile<\/a><\/p>\n<p><\/p>\n","protected":false},"excerpt":{"rendered":"<p>Probl\u00e8me de Porti\u00e8re Le r\u00e9gulateur de la s\u00e9curit\u00e9 automobile des \u00c9tats-Unis a annonc\u00e9 lundi l&#8217;ouverture d&#8217;une enqu\u00eate de rappel concernant environ 51,500 v\u00e9hicules \u00e9lectriques de Volkswagen America, en raison de pr\u00e9occupations li\u00e9es \u00e0 l&#8217;ouverture de la porti\u00e8re en conduisant. La National Highway Traffic Safety Administration (NHTSA) a re\u00e7u 12 plaintes concernant les SUV \u00e9lectriques ID.4 [&hellip;]<\/p>\n","protected":false},"author":8,"featured_media":165223,"comment_status":"close","ping_status":"closed","sticky":false,"template":"","format":"standard","meta":{"_monsterinsights_skip_tracking":false,"_monsterinsights_sitenote_active":false,"_monsterinsights_sitenote_note":"","_monsterinsights_sitenote_category":0,"footnotes":""},"categories":[101],"tags":[],"yoast_head":"<!-- This site is optimized with the Yoast SEO plugin v23.2 - https:\/\/yoast.com\/wordpress\/plugins\/seo\/ -->\n<title>La NHTSA Ouvre une Enqu\u00eate de Rappel sur Plus de 51,000 Volks ID.4 - CanadaMotorJobs.com<\/title>\n<meta name=\"description\" content=\"La NHTSA Ouvre une Enqu\u00eate de Rappel sur Plus de 51,000 Volks ID.4 - Benoit Charette - Annuel automobile - CanadaMotorJobs.com.\" \/>\n<meta name=\"robots\" content=\"index, follow, max-snippet:-1, max-image-preview:large, max-video-preview:-1\" \/>\n<meta property=\"og:locale\" content=\"fr_CA\" \/>\n<meta property=\"og:type\" content=\"article\" \/>\n<meta property=\"og:title\" content=\"La NHTSA Ouvre une Enqu\u00eate de Rappel sur Plus de 51,000 Volks ID.4 - CanadaMotorJobs.com\" \/>\n<meta property=\"og:description\" content=\"La NHTSA Ouvre une Enqu\u00eate de Rappel sur Plus de 51,000 Volks ID.4 - Benoit Charette - Annuel automobile - CanadaMotorJobs.com.\" \/>\n<meta property=\"og:url\" content=\"https:\/\/news.canadamotorjobs.com\/fr\/la-nhtsa-ouvre-une-enquete-de-rappel-sur-plus-de-51000-volks-id-4\/\" \/>\n<meta property=\"og:site_name\" content=\"CanadaMotorJobs.com\" \/>\n<meta property=\"article:publisher\" content=\"https:\/\/www.facebook.com\/canadamotorjobs\/\" \/>\n<meta property=\"article:published_time\" content=\"2024-05-20T13:20:27+00:00\" \/>\n<meta property=\"article:modified_time\" content=\"2024-05-20T13:29:44+00:00\" \/>\n<meta property=\"og:image\" content=\"https:\/\/news.canadamotorjobs.com\/wp-content\/uploads\/2024\/05\/Large-16002-2023ID.4-1024x683-1.jpg\" \/>\n\t<meta property=\"og:image:width\" content=\"1024\" \/>\n\t<meta property=\"og:image:height\" content=\"683\" \/>\n\t<meta property=\"og:image:type\" content=\"image\/jpeg\" \/>\n<meta name=\"author\" content=\"Benoit Charette\" \/>\n<meta name=\"twitter:card\" content=\"summary_large_image\" \/>\n<meta name=\"twitter:creator\" content=\"@canadamotorjobs\" \/>\n<meta name=\"twitter:site\" content=\"@canadamotorjobs\" \/>\n<meta name=\"twitter:label1\" content=\"\u00c9crit par\" \/>\n\t<meta name=\"twitter:data1\" content=\"Benoit Charette\" \/>\n\t<meta name=\"twitter:label2\" content=\"Estimation du temps de lecture\" \/>\n\t<meta name=\"twitter:data2\" content=\"1 minute\" \/>\n<!-- \/ Yoast SEO plugin. -->","yoast_head_json":{"title":"La NHTSA Ouvre une Enqu\u00eate de Rappel sur Plus de 51,000 Volks ID.4 - CanadaMotorJobs.com","description":"La NHTSA Ouvre une Enqu\u00eate de Rappel sur Plus de 51,000 Volks ID.4 - Benoit Charette - Annuel automobile - CanadaMotorJobs.com.","robots":{"index":"index","follow":"follow","max-snippet":"max-snippet:-1","max-image-preview":"max-image-preview:large","max-video-preview":"max-video-preview:-1"},"og_locale":"fr_CA","og_type":"article","og_title":"La NHTSA Ouvre une Enqu\u00eate de Rappel sur Plus de 51,000 Volks ID.4 - CanadaMotorJobs.com","og_description":"La NHTSA Ouvre une Enqu\u00eate de Rappel sur Plus de 51,000 Volks ID.4 - Benoit Charette - Annuel automobile - CanadaMotorJobs.com.","og_url":"https:\/\/news.canadamotorjobs.com\/fr\/la-nhtsa-ouvre-une-enquete-de-rappel-sur-plus-de-51000-volks-id-4\/","og_site_name":"CanadaMotorJobs.com","article_publisher":"https:\/\/www.facebook.com\/canadamotorjobs\/","article_published_time":"2024-05-20T13:20:27+00:00","article_modified_time":"2024-05-20T13:29:44+00:00","og_image":[{"width":1024,"height":683,"url":"https:\/\/news.canadamotorjobs.com\/wp-content\/uploads\/2024\/05\/Large-16002-2023ID.4-1024x683-1.jpg","type":"image\/jpeg"}],"author":"Benoit Charette","twitter_card":"summary_large_image","twitter_creator":"@canadamotorjobs","twitter_site":"@canadamotorjobs","twitter_misc":{"\u00c9crit par":"Benoit Charette","Estimation du temps de lecture":"1 minute"},"schema":{"@context":"https:\/\/schema.org","@graph":[{"@type":"Article","@id":"https:\/\/news.canadamotorjobs.com\/fr\/la-nhtsa-ouvre-une-enquete-de-rappel-sur-plus-de-51000-volks-id-4\/#article","isPartOf":{"@id":"https:\/\/news.canadamotorjobs.com\/fr\/la-nhtsa-ouvre-une-enquete-de-rappel-sur-plus-de-51000-volks-id-4\/"},"author":{"name":"Benoit Charette","@id":"https:\/\/news.canadamotorjobs.com\/#\/schema\/person\/51793d1f87d44011d7bcc2ed99269a90"},"headline":"La NHTSA Ouvre une Enqu\u00eate de Rappel sur Plus de 51,000 Volks ID.4","datePublished":"2024-05-20T13:20:27+00:00","dateModified":"2024-05-20T13:29:44+00:00","mainEntityOfPage":{"@id":"https:\/\/news.canadamotorjobs.com\/fr\/la-nhtsa-ouvre-une-enquete-de-rappel-sur-plus-de-51000-volks-id-4\/"},"wordCount":209,"publisher":{"@id":"https:\/\/news.canadamotorjobs.com\/#organization"},"image":{"@id":"https:\/\/news.canadamotorjobs.com\/fr\/la-nhtsa-ouvre-une-enquete-de-rappel-sur-plus-de-51000-volks-id-4\/#primaryimage"},"thumbnailUrl":"https:\/\/news.canadamotorjobs.com\/wp-content\/uploads\/2024\/05\/Large-16002-2023ID.4-1024x683-1.jpg","articleSection":["Annuel automobile"],"inLanguage":"fr-CA"},{"@type":"WebPage","@id":"https:\/\/news.canadamotorjobs.com\/fr\/la-nhtsa-ouvre-une-enquete-de-rappel-sur-plus-de-51000-volks-id-4\/","url":"https:\/\/news.canadamotorjobs.com\/fr\/la-nhtsa-ouvre-une-enquete-de-rappel-sur-plus-de-51000-volks-id-4\/","name":"La NHTSA Ouvre une Enqu\u00eate de Rappel sur Plus de 51,000 Volks ID.4 - CanadaMotorJobs.com","isPartOf":{"@id":"https:\/\/news.canadamotorjobs.com\/#website"},"primaryImageOfPage":{"@id":"https:\/\/news.canadamotorjobs.com\/fr\/la-nhtsa-ouvre-une-enquete-de-rappel-sur-plus-de-51000-volks-id-4\/#primaryimage"},"image":{"@id":"https:\/\/news.canadamotorjobs.com\/fr\/la-nhtsa-ouvre-une-enquete-de-rappel-sur-plus-de-51000-volks-id-4\/#primaryimage"},"thumbnailUrl":"https:\/\/news.canadamotorjobs.com\/wp-content\/uploads\/2024\/05\/Large-16002-2023ID.4-1024x683-1.jpg","datePublished":"2024-05-20T13:20:27+00:00","dateModified":"2024-05-20T13:29:44+00:00","description":"La NHTSA Ouvre une Enqu\u00eate de Rappel sur Plus de 51,000 Volks ID.4 - Benoit Charette - Annuel automobile - CanadaMotorJobs.com.","breadcrumb":{"@id":"https:\/\/news.canadamotorjobs.com\/fr\/la-nhtsa-ouvre-une-enquete-de-rappel-sur-plus-de-51000-volks-id-4\/#breadcrumb"},"inLanguage":"fr-CA","potentialAction":[{"@type":"ReadAction","target":["https:\/\/news.canadamotorjobs.com\/fr\/la-nhtsa-ouvre-une-enquete-de-rappel-sur-plus-de-51000-volks-id-4\/"]}]},{"@type":"ImageObject","inLanguage":"fr-CA","@id":"https:\/\/news.canadamotorjobs.com\/fr\/la-nhtsa-ouvre-une-enquete-de-rappel-sur-plus-de-51000-volks-id-4\/#primaryimage","url":"https:\/\/news.canadamotorjobs.com\/wp-content\/uploads\/2024\/05\/Large-16002-2023ID.4-1024x683-1.jpg","contentUrl":"https:\/\/news.canadamotorjobs.com\/wp-content\/uploads\/2024\/05\/Large-16002-2023ID.4-1024x683-1.jpg","width":1024,"height":683},{"@type":"BreadcrumbList","@id":"https:\/\/news.canadamotorjobs.com\/fr\/la-nhtsa-ouvre-une-enquete-de-rappel-sur-plus-de-51000-volks-id-4\/#breadcrumb","itemListElement":[{"@type":"ListItem","position":1,"name":"Home","item":"https:\/\/news.canadamotorjobs.com\/fr\/blog\/"},{"@type":"ListItem","position":2,"name":"La NHTSA Ouvre une Enqu\u00eate de Rappel sur Plus de 51,000 Volks ID.4"}]},{"@type":"WebSite","@id":"https:\/\/news.canadamotorjobs.com\/#website","url":"https:\/\/news.canadamotorjobs.com\/","name":"CanadaMotorJobs.com","description":"Automotive Jobs","publisher":{"@id":"https:\/\/news.canadamotorjobs.com\/#organization"},"potentialAction":[{"@type":"SearchAction","target":{"@type":"EntryPoint","urlTemplate":"https:\/\/news.canadamotorjobs.com\/?s={search_term_string}"},"query-input":"required name=search_term_string"}],"inLanguage":"fr-CA"},{"@type":"Organization","@id":"https:\/\/news.canadamotorjobs.com\/#organization","name":"Canada Motor Jobs","url":"https:\/\/news.canadamotorjobs.com\/","logo":{"@type":"ImageObject","inLanguage":"fr-CA","@id":"https:\/\/news.canadamotorjobs.com\/#\/schema\/logo\/image\/","url":"https:\/\/news.canadamotorjobs.com\/wp-content\/uploads\/2022\/10\/logo-canada-motor-jobs-1.png","contentUrl":"https:\/\/news.canadamotorjobs.com\/wp-content\/uploads\/2022\/10\/logo-canada-motor-jobs-1.png","width":800,"height":400,"caption":"Canada Motor Jobs"},"image":{"@id":"https:\/\/news.canadamotorjobs.com\/#\/schema\/logo\/image\/"},"sameAs":["https:\/\/www.facebook.com\/canadamotorjobs\/","https:\/\/x.com\/canadamotorjobs","https:\/\/www.instagram.com\/canadamotorjobs\/","https:\/\/www.linkedin.com\/company\/canadamotorjobs"]},{"@type":"Person","@id":"https:\/\/news.canadamotorjobs.com\/#\/schema\/person\/51793d1f87d44011d7bcc2ed99269a90","name":"Benoit Charette","image":{"@type":"ImageObject","inLanguage":"fr-CA","@id":"https:\/\/news.canadamotorjobs.com\/#\/schema\/person\/image\/","url":"https:\/\/secure.gravatar.com\/avatar\/45f3d2eebcccd909668d7ce7ea7267b6?s=96&d=mm&r=g","contentUrl":"https:\/\/secure.gravatar.com\/avatar\/45f3d2eebcccd909668d7ce7ea7267b6?s=96&d=mm&r=g","caption":"Benoit Charette"},"description":"Benoit Charette \/ Propri\u00e9taire et r\u00e9dacteur en chef Benoit Charette pratique le journalisme automobile depuis bient\u00f4t 30 ans. Il a fait ses classes au c\u00f4t\u00e9 de Daniel H\u00e9raud et au Carnet de route de 1992 \u00e0 2001. Il est fondateur, copropri\u00e9taire et r\u00e9dacteur en chef de L\u2019Annuel de l\u2019automobile, qu\u2019il publie depuis 2001. Il a anim\u00e9 les \u00e9missions RPM et RPM+ sur V et les L\u00e9gendes de la route sur Historia. \u00c0 la radio depuis 1986, il reprend l\u2019antenne cette ann\u00e9e sur les ondes de Cogeco et participe pour la deuxi\u00e8me ann\u00e9e \u00e0 l\u2019\u00e9mission Passion Auto sur RDS en plus de mettre en ligne le site Web officiel de L\u2019Annuel de l\u2019automobile sur annuelauto.ca.","sameAs":["https:\/\/annuelauto.ca\/"],"url":"https:\/\/news.canadamotorjobs.com\/fr\/author\/benoit-charette\/"}]}},"_links":{"self":[{"href":"https:\/\/news.canadamotorjobs.com\/fr\/wp-json\/wp\/v2\/posts\/165221"}],"collection":[{"href":"https:\/\/news.canadamotorjobs.com\/fr\/wp-json\/wp\/v2\/posts"}],"about":[{"href":"https:\/\/news.canadamotorjobs.com\/fr\/wp-json\/wp\/v2\/types\/post"}],"author":[{"embeddable":true,"href":"https:\/\/news.canadamotorjobs.com\/fr\/wp-json\/wp\/v2\/users\/8"}],"replies":[{"embeddable":true,"href":"https:\/\/news.canadamotorjobs.com\/fr\/wp-json\/wp\/v2\/comments?post=165221"}],"version-history":[{"count":2,"href":"https:\/\/news.canadamotorjobs.com\/fr\/wp-json\/wp\/v2\/posts\/165221\/revisions"}],"predecessor-version":[{"id":165225,"href":"https:\/\/news.canadamotorjobs.com\/fr\/wp-json\/wp\/v2\/posts\/165221\/revisions\/165225"}],"wp:featuredmedia":[{"embeddable":true,"href":"https:\/\/news.canadamotorjobs.com\/fr\/wp-json\/wp\/v2\/media\/165223"}],"wp:attachment":[{"href":"https:\/\/news.canadamotorjobs.com\/fr\/wp-json\/wp\/v2\/media?parent=165221"}],"wp:term":[{"taxonomy":"category","embeddable":true,"href":"https:\/\/news.canadamotorjobs.com\/fr\/wp-json\/wp\/v2\/categories?post=165221"},{"taxonomy":"post_tag","embeddable":true,"href":"https:\/\/news.canadamotorjobs.com\/fr\/wp-json\/wp\/v2\/tags?post=165221"}],"curies":[{"name":"wp","href":"https:\/\/api.w.org\/{rel}","templated":true}]}}