{"id":165125,"date":"2024-05-18T13:37:20","date_gmt":"2024-05-18T17:37:20","guid":{"rendered":"https:\/\/news.canadamotorjobs.com\/?p=165125"},"modified":"2024-05-18T13:44:31","modified_gmt":"2024-05-18T17:44:31","slug":"pas-assez-de-ressources-pour-suivre-levolution-des-vehicules-electriques","status":"publish","type":"post","link":"https:\/\/news.canadamotorjobs.com\/fr\/pas-assez-de-ressources-pour-suivre-levolution-des-vehicules-electriques\/","title":{"rendered":"Pas assez de ressources pour suivre l\u2019\u00e9volution des v\u00e9hicules \u00e9lectriques"},"content":{"rendered":"<\/p>\n<p style=\"text-align: justify\">La mont\u00e9e en popularit\u00e9 des v\u00e9hicules \u00e9lectriques marque une avanc\u00e9e significative dans la lutte contre les \u00e9missions de gaz \u00e0 effet de serre et le r\u00e9chauffement climatique. Cependant, un rapport publi\u00e9 vendredi par l&#8217;Agence internationale de l&#8217;\u00e9nergie (AIE) souligne une pr\u00e9occupation majeure : l&#8217;offre de min\u00e9raux et de m\u00e9taux n\u00e9cessaires \u00e0 la fabrication des batteries risque de ne pas suivre cette croissance rapide de la demande.<\/p>\n<h3 style=\"text-align: justify\"><span lang=\"FR\">Une Projection Inqui\u00e9tante<\/span><\/h3>\n<p><\/p>\n<p style=\"text-align: justify\">D&#8217;ici 2035, un \u00e9cart consid\u00e9rable entre l&#8217;offre et la demande de min\u00e9raux critiques se profile. Selon l&#8217;AIE, seulement 70 % des besoins en cuivre et 50 % des besoins en lithium seront couverts. Le rapport insiste que la situation actuelle du march\u00e9, encore bien approvisionn\u00e9, n&#8217;est pas repr\u00e9sentative de l&#8217;avenir.<\/p>\n<h3 style=\"text-align: justify\">La Demande Exponentielle en Min\u00e9raux<\/h3>\n<p><\/p>\n<p style=\"text-align: justify\">En 2023, les besoins en lithium ont augment\u00e9 de 30 %, tandis que la demande en nickel, cobalt et graphite a grimp\u00e9 de 8 % \u00e0 15 %. Cette hausse est en grande partie due \u00e0 la vente de pr\u00e8s de 14 millions de v\u00e9hicules \u00e9lectriques, marquant une augmentation de 35 % par rapport \u00e0 l&#8217;ann\u00e9e pr\u00e9c\u00e9dente. Les panneaux solaires et les \u00e9oliennes ont \u00e9galement connu une croissance de 75 %.<\/p>\n<h3 style=\"text-align: justify\"><span lang=\"FR\">Pr\u00e9visions Futuristes<\/span><\/h3>\n<p><\/p>\n<p style=\"text-align: justify\">Les experts pr\u00e9voient que les ventes de voitures \u00e9lectriques atteindront 65 % du march\u00e9 d&#8217;ici 2030, multipliant par sept la demande en batteries. D&#8217;ici 2050, cette demande pourrait \u00eatre multipli\u00e9e par quatorze.<\/p>\n<h3 style=\"text-align: justify\"><span lang=\"FR\">La Domination Chinoise<\/span><\/h3>\n<p><\/p>\n<p style=\"text-align: justify\">L&#8217;AIE met en lumi\u00e8re la n\u00e9cessit\u00e9 de diversifier les sources d&#8217;approvisionnement face \u00e0 la supr\u00e9matie chinoise dans la production de composants cl\u00e9s des batteries. La Chine contr\u00f4le 98 % de la production d&#8217;anodes et 90 % de celle des cathodes. Plus de la moiti\u00e9 de la production mondiale de lithium et de cobalt s&#8217;effectue en Chine, qui domine aussi l&#8217;int\u00e9gralit\u00e9 de la cha\u00eene de production du graphite.<\/p>\n<h3 style=\"text-align: justify\"><span lang=\"FR\">Vuln\u00e9rabilit\u00e9 des Cha\u00eenes d&#8217;Approvisionnement<\/span><\/h3>\n<p><\/p>\n<p style=\"text-align: justify\">Cette concentration expose les cha\u00eenes d&#8217;approvisionnement \u00e0 des perturbations potentielles dues aux conditions m\u00e9t\u00e9orologiques, diff\u00e9rends commerciaux ou g\u00e9opolitiques. Un arr\u00eat de la production en Chine pourrait entra\u00eener des p\u00e9nuries significatives.<\/p>\n<h3 style=\"text-align: justify\"><span lang=\"FR\">Tensions et Risques Environnementaux<\/span><\/h3>\n<p><\/p>\n<p style=\"text-align: justify\">L&#8217;AIE appelle \u00e0 augmenter les investissements miniers pour atteindre les objectifs climatiques. Elle estime que 800 milliards de dollars seront n\u00e9cessaires d&#8217;ici 2040 pour limiter le r\u00e9chauffement \u00e0 1,5 degr\u00e9. Cependant, le d\u00e9veloppement minier pose des risques sociaux et environnementaux importants, notamment pour les communaut\u00e9s locales et les peuples autochtones.<\/p>\n<h3 style=\"text-align: justify\"><span lang=\"FR\">Un Avertissement des ONG<\/span><\/h3>\n<p><\/p>\n<p style=\"text-align: justify\">Galina Angarova, dirigeante d&#8217;une coalition de d\u00e9fense des droits des peuples autochtones, met en garde contre les cons\u00e9quences n\u00e9gatives de l&#8217;exploitation mini\u00e8re sur les terres traditionnelles et la biodiversit\u00e9. Elle craint que la transition \u00e9nerg\u00e9tique, si mal g\u00e9r\u00e9e, ne cause une destruction significative de l&#8217;environnement et des droits humains.<\/p>\n<h3 style=\"text-align: justify\"><span lang=\"FR\">Un \u00c9quilibre \u00e0 Trouver<\/span><\/h3>\n<p><\/p>\n<p style=\"text-align: justify\">La transition vers une \u00e9conomie d\u00e9carbon\u00e9e est essentielle, mais elle doit \u00eatre r\u00e9alis\u00e9e de mani\u00e8re \u00e9quilibr\u00e9e pour \u00e9viter de nouveaux d\u00e9sastres environnementaux et sociaux. Les efforts doivent se concentrer non seulement sur l&#8217;augmentation de l&#8217;offre de min\u00e9raux critiques, mais aussi sur la r\u00e9duction des impacts n\u00e9gatifs sur les communaut\u00e9s et l&#8217;\u00e9cosyst\u00e8me.<\/p>\n<p><\/p>\n<p style=\"text-align: justify\">\n<p><\/p>\n<p style=\"text-align: justify\">Avec des renseignements de l\u2019agence France Presse<\/p>\n<p><\/p>\n<p class=\"sc-jbo7hw-4\" style=\"text-align: justify\">\n<p>Le texte <a rel=\"nofollow\" href=\"https:\/\/annuelauto.ca\/pas-assez-de-ressources-pour-suivre-levolution-des-vehicules-electriques\/\">Pas assez de ressources pour suivre l\u2019\u00e9volution des v\u00e9hicules \u00e9lectriques<\/a> provient de <a rel=\"nofollow\" href=\"https:\/\/annuelauto.ca\">L&#8217;annuel de l&#8217;automobile &#8211; Actualit\u00e9 automobile<\/a><\/p>\n<p><\/p>\n","protected":false},"excerpt":{"rendered":"<p>La mont\u00e9e en popularit\u00e9 des v\u00e9hicules \u00e9lectriques marque une avanc\u00e9e significative dans la lutte contre les \u00e9missions de gaz \u00e0 effet de serre et le r\u00e9chauffement climatique. Cependant, un rapport publi\u00e9 vendredi par l&#8217;Agence internationale de l&#8217;\u00e9nergie (AIE) souligne une pr\u00e9occupation majeure : l&#8217;offre de min\u00e9raux et de m\u00e9taux n\u00e9cessaires \u00e0 la fabrication des batteries [&hellip;]<\/p>\n","protected":false},"author":8,"featured_media":165127,"comment_status":"close","ping_status":"closed","sticky":false,"template":"","format":"standard","meta":{"_monsterinsights_skip_tracking":false,"_monsterinsights_sitenote_active":false,"_monsterinsights_sitenote_note":"","_monsterinsights_sitenote_category":0,"footnotes":""},"categories":[101],"tags":[],"yoast_head":"<!-- This site is optimized with the Yoast SEO plugin v23.2 - https:\/\/yoast.com\/wordpress\/plugins\/seo\/ -->\n<title>Pas assez de ressources pour suivre l\u2019\u00e9volution des v\u00e9hicules \u00e9lectriques - CanadaMotorJobs.com<\/title>\n<meta name=\"description\" content=\"Pas assez de ressources pour suivre l\u2019\u00e9volution des v\u00e9hicules \u00e9lectriques - Benoit Charette - Annuel automobile - CanadaMotorJobs.com.\" \/>\n<meta name=\"robots\" content=\"index, follow, max-snippet:-1, max-image-preview:large, max-video-preview:-1\" \/>\n<meta property=\"og:locale\" content=\"fr_CA\" \/>\n<meta property=\"og:type\" content=\"article\" \/>\n<meta property=\"og:title\" content=\"Pas assez de ressources pour suivre l\u2019\u00e9volution des v\u00e9hicules \u00e9lectriques - CanadaMotorJobs.com\" \/>\n<meta property=\"og:description\" content=\"Pas assez de ressources pour suivre l\u2019\u00e9volution des v\u00e9hicules \u00e9lectriques - Benoit Charette - Annuel automobile - CanadaMotorJobs.com.\" \/>\n<meta property=\"og:url\" content=\"https:\/\/news.canadamotorjobs.com\/fr\/pas-assez-de-ressources-pour-suivre-levolution-des-vehicules-electriques\/\" \/>\n<meta property=\"og:site_name\" content=\"CanadaMotorJobs.com\" \/>\n<meta property=\"article:publisher\" content=\"https:\/\/www.facebook.com\/canadamotorjobs\/\" \/>\n<meta property=\"article:published_time\" content=\"2024-05-18T17:37:20+00:00\" \/>\n<meta property=\"article:modified_time\" content=\"2024-05-18T17:44:31+00:00\" \/>\n<meta property=\"og:image\" content=\"https:\/\/news.canadamotorjobs.com\/wp-content\/uploads\/2024\/05\/Project-Page-Hero-Lithium-La-Corne.jpg\" \/>\n\t<meta property=\"og:image:width\" content=\"2560\" \/>\n\t<meta property=\"og:image:height\" content=\"1920\" \/>\n\t<meta property=\"og:image:type\" content=\"image\/jpeg\" \/>\n<meta name=\"author\" content=\"Benoit Charette\" \/>\n<meta name=\"twitter:card\" content=\"summary_large_image\" \/>\n<meta name=\"twitter:creator\" content=\"@canadamotorjobs\" \/>\n<meta name=\"twitter:site\" content=\"@canadamotorjobs\" \/>\n<meta name=\"twitter:label1\" content=\"\u00c9crit par\" \/>\n\t<meta name=\"twitter:data1\" content=\"Benoit Charette\" \/>\n\t<meta name=\"twitter:label2\" content=\"Estimation du temps de lecture\" \/>\n\t<meta name=\"twitter:data2\" content=\"3 minutes\" \/>\n<!-- \/ Yoast SEO plugin. -->","yoast_head_json":{"title":"Pas assez de ressources pour suivre l\u2019\u00e9volution des v\u00e9hicules \u00e9lectriques - CanadaMotorJobs.com","description":"Pas assez de ressources pour suivre l\u2019\u00e9volution des v\u00e9hicules \u00e9lectriques - Benoit Charette - Annuel automobile - CanadaMotorJobs.com.","robots":{"index":"index","follow":"follow","max-snippet":"max-snippet:-1","max-image-preview":"max-image-preview:large","max-video-preview":"max-video-preview:-1"},"og_locale":"fr_CA","og_type":"article","og_title":"Pas assez de ressources pour suivre l\u2019\u00e9volution des v\u00e9hicules \u00e9lectriques - CanadaMotorJobs.com","og_description":"Pas assez de ressources pour suivre l\u2019\u00e9volution des v\u00e9hicules \u00e9lectriques - Benoit Charette - Annuel automobile - CanadaMotorJobs.com.","og_url":"https:\/\/news.canadamotorjobs.com\/fr\/pas-assez-de-ressources-pour-suivre-levolution-des-vehicules-electriques\/","og_site_name":"CanadaMotorJobs.com","article_publisher":"https:\/\/www.facebook.com\/canadamotorjobs\/","article_published_time":"2024-05-18T17:37:20+00:00","article_modified_time":"2024-05-18T17:44:31+00:00","og_image":[{"width":2560,"height":1920,"url":"https:\/\/news.canadamotorjobs.com\/wp-content\/uploads\/2024\/05\/Project-Page-Hero-Lithium-La-Corne.jpg","type":"image\/jpeg"}],"author":"Benoit Charette","twitter_card":"summary_large_image","twitter_creator":"@canadamotorjobs","twitter_site":"@canadamotorjobs","twitter_misc":{"\u00c9crit par":"Benoit Charette","Estimation du temps de lecture":"3 minutes"},"schema":{"@context":"https:\/\/schema.org","@graph":[{"@type":"Article","@id":"https:\/\/news.canadamotorjobs.com\/fr\/pas-assez-de-ressources-pour-suivre-levolution-des-vehicules-electriques\/#article","isPartOf":{"@id":"https:\/\/news.canadamotorjobs.com\/fr\/pas-assez-de-ressources-pour-suivre-levolution-des-vehicules-electriques\/"},"author":{"name":"Benoit Charette","@id":"https:\/\/news.canadamotorjobs.com\/#\/schema\/person\/51793d1f87d44011d7bcc2ed99269a90"},"headline":"Pas assez de ressources pour suivre l\u2019\u00e9volution des v\u00e9hicules \u00e9lectriques","datePublished":"2024-05-18T17:37:20+00:00","dateModified":"2024-05-18T17:44:31+00:00","mainEntityOfPage":{"@id":"https:\/\/news.canadamotorjobs.com\/fr\/pas-assez-de-ressources-pour-suivre-levolution-des-vehicules-electriques\/"},"wordCount":587,"publisher":{"@id":"https:\/\/news.canadamotorjobs.com\/#organization"},"image":{"@id":"https:\/\/news.canadamotorjobs.com\/fr\/pas-assez-de-ressources-pour-suivre-levolution-des-vehicules-electriques\/#primaryimage"},"thumbnailUrl":"https:\/\/news.canadamotorjobs.com\/wp-content\/uploads\/2024\/05\/Project-Page-Hero-Lithium-La-Corne.jpg","articleSection":["Annuel automobile"],"inLanguage":"fr-CA"},{"@type":"WebPage","@id":"https:\/\/news.canadamotorjobs.com\/fr\/pas-assez-de-ressources-pour-suivre-levolution-des-vehicules-electriques\/","url":"https:\/\/news.canadamotorjobs.com\/fr\/pas-assez-de-ressources-pour-suivre-levolution-des-vehicules-electriques\/","name":"Pas assez de ressources pour suivre l\u2019\u00e9volution des v\u00e9hicules \u00e9lectriques - CanadaMotorJobs.com","isPartOf":{"@id":"https:\/\/news.canadamotorjobs.com\/#website"},"primaryImageOfPage":{"@id":"https:\/\/news.canadamotorjobs.com\/fr\/pas-assez-de-ressources-pour-suivre-levolution-des-vehicules-electriques\/#primaryimage"},"image":{"@id":"https:\/\/news.canadamotorjobs.com\/fr\/pas-assez-de-ressources-pour-suivre-levolution-des-vehicules-electriques\/#primaryimage"},"thumbnailUrl":"https:\/\/news.canadamotorjobs.com\/wp-content\/uploads\/2024\/05\/Project-Page-Hero-Lithium-La-Corne.jpg","datePublished":"2024-05-18T17:37:20+00:00","dateModified":"2024-05-18T17:44:31+00:00","description":"Pas assez de ressources pour suivre l\u2019\u00e9volution des v\u00e9hicules \u00e9lectriques - Benoit Charette - Annuel automobile - CanadaMotorJobs.com.","breadcrumb":{"@id":"https:\/\/news.canadamotorjobs.com\/fr\/pas-assez-de-ressources-pour-suivre-levolution-des-vehicules-electriques\/#breadcrumb"},"inLanguage":"fr-CA","potentialAction":[{"@type":"ReadAction","target":["https:\/\/news.canadamotorjobs.com\/fr\/pas-assez-de-ressources-pour-suivre-levolution-des-vehicules-electriques\/"]}]},{"@type":"ImageObject","inLanguage":"fr-CA","@id":"https:\/\/news.canadamotorjobs.com\/fr\/pas-assez-de-ressources-pour-suivre-levolution-des-vehicules-electriques\/#primaryimage","url":"https:\/\/news.canadamotorjobs.com\/wp-content\/uploads\/2024\/05\/Project-Page-Hero-Lithium-La-Corne.jpg","contentUrl":"https:\/\/news.canadamotorjobs.com\/wp-content\/uploads\/2024\/05\/Project-Page-Hero-Lithium-La-Corne.jpg","width":2560,"height":1920},{"@type":"BreadcrumbList","@id":"https:\/\/news.canadamotorjobs.com\/fr\/pas-assez-de-ressources-pour-suivre-levolution-des-vehicules-electriques\/#breadcrumb","itemListElement":[{"@type":"ListItem","position":1,"name":"Home","item":"https:\/\/news.canadamotorjobs.com\/fr\/blog\/"},{"@type":"ListItem","position":2,"name":"Pas assez de ressources pour suivre l\u2019\u00e9volution des v\u00e9hicules \u00e9lectriques"}]},{"@type":"WebSite","@id":"https:\/\/news.canadamotorjobs.com\/#website","url":"https:\/\/news.canadamotorjobs.com\/","name":"CanadaMotorJobs.com","description":"Automotive Jobs","publisher":{"@id":"https:\/\/news.canadamotorjobs.com\/#organization"},"potentialAction":[{"@type":"SearchAction","target":{"@type":"EntryPoint","urlTemplate":"https:\/\/news.canadamotorjobs.com\/?s={search_term_string}"},"query-input":"required name=search_term_string"}],"inLanguage":"fr-CA"},{"@type":"Organization","@id":"https:\/\/news.canadamotorjobs.com\/#organization","name":"Canada Motor Jobs","url":"https:\/\/news.canadamotorjobs.com\/","logo":{"@type":"ImageObject","inLanguage":"fr-CA","@id":"https:\/\/news.canadamotorjobs.com\/#\/schema\/logo\/image\/","url":"https:\/\/news.canadamotorjobs.com\/wp-content\/uploads\/2022\/10\/logo-canada-motor-jobs-1.png","contentUrl":"https:\/\/news.canadamotorjobs.com\/wp-content\/uploads\/2022\/10\/logo-canada-motor-jobs-1.png","width":800,"height":400,"caption":"Canada Motor Jobs"},"image":{"@id":"https:\/\/news.canadamotorjobs.com\/#\/schema\/logo\/image\/"},"sameAs":["https:\/\/www.facebook.com\/canadamotorjobs\/","https:\/\/x.com\/canadamotorjobs","https:\/\/www.instagram.com\/canadamotorjobs\/","https:\/\/www.linkedin.com\/company\/canadamotorjobs"]},{"@type":"Person","@id":"https:\/\/news.canadamotorjobs.com\/#\/schema\/person\/51793d1f87d44011d7bcc2ed99269a90","name":"Benoit Charette","image":{"@type":"ImageObject","inLanguage":"fr-CA","@id":"https:\/\/news.canadamotorjobs.com\/#\/schema\/person\/image\/","url":"https:\/\/secure.gravatar.com\/avatar\/45f3d2eebcccd909668d7ce7ea7267b6?s=96&d=mm&r=g","contentUrl":"https:\/\/secure.gravatar.com\/avatar\/45f3d2eebcccd909668d7ce7ea7267b6?s=96&d=mm&r=g","caption":"Benoit Charette"},"description":"Benoit Charette \/ Propri\u00e9taire et r\u00e9dacteur en chef Benoit Charette pratique le journalisme automobile depuis bient\u00f4t 30 ans. Il a fait ses classes au c\u00f4t\u00e9 de Daniel H\u00e9raud et au Carnet de route de 1992 \u00e0 2001. Il est fondateur, copropri\u00e9taire et r\u00e9dacteur en chef de L\u2019Annuel de l\u2019automobile, qu\u2019il publie depuis 2001. Il a anim\u00e9 les \u00e9missions RPM et RPM+ sur V et les L\u00e9gendes de la route sur Historia. \u00c0 la radio depuis 1986, il reprend l\u2019antenne cette ann\u00e9e sur les ondes de Cogeco et participe pour la deuxi\u00e8me ann\u00e9e \u00e0 l\u2019\u00e9mission Passion Auto sur RDS en plus de mettre en ligne le site Web officiel de L\u2019Annuel de l\u2019automobile sur annuelauto.ca.","sameAs":["https:\/\/annuelauto.ca\/"],"url":"https:\/\/news.canadamotorjobs.com\/fr\/author\/benoit-charette\/"}]}},"_links":{"self":[{"href":"https:\/\/news.canadamotorjobs.com\/fr\/wp-json\/wp\/v2\/posts\/165125"}],"collection":[{"href":"https:\/\/news.canadamotorjobs.com\/fr\/wp-json\/wp\/v2\/posts"}],"about":[{"href":"https:\/\/news.canadamotorjobs.com\/fr\/wp-json\/wp\/v2\/types\/post"}],"author":[{"embeddable":true,"href":"https:\/\/news.canadamotorjobs.com\/fr\/wp-json\/wp\/v2\/users\/8"}],"replies":[{"embeddable":true,"href":"https:\/\/news.canadamotorjobs.com\/fr\/wp-json\/wp\/v2\/comments?post=165125"}],"version-history":[{"count":2,"href":"https:\/\/news.canadamotorjobs.com\/fr\/wp-json\/wp\/v2\/posts\/165125\/revisions"}],"predecessor-version":[{"id":165129,"href":"https:\/\/news.canadamotorjobs.com\/fr\/wp-json\/wp\/v2\/posts\/165125\/revisions\/165129"}],"wp:featuredmedia":[{"embeddable":true,"href":"https:\/\/news.canadamotorjobs.com\/fr\/wp-json\/wp\/v2\/media\/165127"}],"wp:attachment":[{"href":"https:\/\/news.canadamotorjobs.com\/fr\/wp-json\/wp\/v2\/media?parent=165125"}],"wp:term":[{"taxonomy":"category","embeddable":true,"href":"https:\/\/news.canadamotorjobs.com\/fr\/wp-json\/wp\/v2\/categories?post=165125"},{"taxonomy":"post_tag","embeddable":true,"href":"https:\/\/news.canadamotorjobs.com\/fr\/wp-json\/wp\/v2\/tags?post=165125"}],"curies":[{"name":"wp","href":"https:\/\/api.w.org\/{rel}","templated":true}]}}