{"id":165102,"date":"2024-05-18T13:14:41","date_gmt":"2024-05-18T17:14:41","guid":{"rendered":"https:\/\/news.canadamotorjobs.com\/?p=165102"},"modified":"2024-05-18T13:16:15","modified_gmt":"2024-05-18T17:16:15","slug":"des-voitures-a-essence-et-electrique-pour-le-meme-prix-cest-pour-bientot","status":"publish","type":"post","link":"https:\/\/news.canadamotorjobs.com\/fr\/des-voitures-a-essence-et-electrique-pour-le-meme-prix-cest-pour-bientot\/","title":{"rendered":"Des voitures \u00e0 essence et \u00e9lectrique pour le m\u00eame prix: c\u2019est pour bient\u00f4t"},"content":{"rendered":"<\/p>\n<p>\u00c7a fait quelques ann\u00e9es que l\u2019industrie le promet et \u00e7a s\u2019en vient enfin\u00a0: des v\u00e9hicules \u00e9lectriques dont le prix de vente est comparable \u00e0 celui de v\u00e9hicules \u00e0 essence de m\u00eame cat\u00e9gorie seront mises en march\u00e9 dans les prochains mois par une toute nouvelle marque bon march\u00e9 appel\u00e9 Onvo. C\u2019est une filiale cr\u00e9\u00e9e de toute pi\u00e8ce par le groupe chinois Nio. Et malheureusement pour nous, c\u2019est en Chine que \u00e7a se passe.<\/p>\n<p>Cela dit, \u00e7a va mettre la pression sur Tesla, qui est de plus en plus chauff\u00e9e par ses concurrents en Chine, notamment. D\u2019ailleurs, Nio \u00e9tait surnomm\u00e9e \u00abla Tesla chinoise\u00bb jusqu\u2019\u00e0 tout r\u00e9cemment, et continue de s\u2019imposer comme une marque qui pourrait \u00e9ventuellement s\u2019internationaliser elle aussi.<\/p>\n<p>Entre temps, Nio va lancer la gamme Onvo et promet de mettre en march\u00e9 un nouveau v\u00e9hicule \u00e9lectrique par ann\u00e9e, \u00e0 bas prix, ou en tout cas, au prix que co\u00fbtent des v\u00e9hicules \u00e0 essence vendus en Chine en ce moment.<\/p>\n<p>Le premier exemple est un petit VUS appel\u00e9 L60 et qui vient d\u2019\u00eatre mis en march\u00e9. Il se vend 220\u00a0000 yuans, soit un peu plus de 37\u00a0000 $CA. C\u2019est moins cher qu\u2019un Model Y de Tesla, le v\u00e9hicule \u00e9lectrique le plus vendu sur la plan\u00e8te, et qui co\u00fbte 250\u00a0000 yuans en Chine, soit environ 45\u00a0000 $.<\/p>\n<p>La particularit\u00e9 du L60 est qu\u2019il repose sur une architecture \u00e9lectrique de 900 volts, qui lui permettrait d\u2019\u00eatre plus efficace en mati\u00e8re de gestion de l\u2019\u00e9nergie. Le petit VUS est aussi tr\u00e8s a\u00e9rodynamique, avec un coefficient de 0,229 qui fait baisser sa consommation \u00e0 12,1 kilowatts-heure par 100 kilom\u00e8tres, soit environ la moiti\u00e9 de ce que consomment des v\u00e9hicules comme le Model Y de Tesla ou le Ioniq 5 de Hyundai.<\/p>\n<p>Onvo devrait produire un autre VUS familial un peu plus gros au cours des prochains mois, qui pourrait lui permettre de vendre jusqu\u2019\u00e0 20\u00a0000 v\u00e9hicules par mois en Chine. Un troisi\u00e8me v\u00e9hicule d\u2019allure un peu plus urbaine verra le jour l\u2019an prochain, et celui-l\u00e0 devrait \u00eatre vendu en Chine, mais aussi en Europe. Pas de plan pour l\u2019Am\u00e9rique du Nord, mais si Nio et Onvo font baisser les prix en Europe et en Asie, \u00e7a aura peut-\u00eatre un impact sur les prix chez nous aussi, esp\u00e9rons-le.<\/p>\n<p>Le texte <a rel=\"nofollow\" href=\"https:\/\/annuelauto.ca\/des-voitures-a-essence-et-electrique-pour-le-meme-prix-cest-pour-bientot\/\">Des voitures \u00e0 essence et \u00e9lectrique pour le m\u00eame prix: c\u2019est pour bient\u00f4t<\/a> provient de <a rel=\"nofollow\" href=\"https:\/\/annuelauto.ca\">L&#8217;annuel de l&#8217;automobile &#8211; Actualit\u00e9 automobile<\/a><\/p>\n<p><\/p>\n","protected":false},"excerpt":{"rendered":"<p>\u00c7a fait quelques ann\u00e9es que l\u2019industrie le promet et \u00e7a s\u2019en vient enfin\u00a0: des v\u00e9hicules \u00e9lectriques dont le prix de vente est comparable \u00e0 celui de v\u00e9hicules \u00e0 essence de m\u00eame cat\u00e9gorie seront mises en march\u00e9 dans les prochains mois par une toute nouvelle marque bon march\u00e9 appel\u00e9 Onvo. C\u2019est une filiale cr\u00e9\u00e9e de toute [&hellip;]<\/p>\n","protected":false},"author":8,"featured_media":165104,"comment_status":"close","ping_status":"closed","sticky":false,"template":"","format":"standard","meta":{"_monsterinsights_skip_tracking":false,"_monsterinsights_sitenote_active":false,"_monsterinsights_sitenote_note":"","_monsterinsights_sitenote_category":0,"footnotes":""},"categories":[101],"tags":[],"yoast_head":"<!-- This site is optimized with the Yoast SEO plugin v23.2 - https:\/\/yoast.com\/wordpress\/plugins\/seo\/ -->\n<title>Des voitures \u00e0 essence et \u00e9lectrique pour le m\u00eame prix: c\u2019est pour bient\u00f4t - CanadaMotorJobs.com<\/title>\n<meta name=\"description\" content=\"Des voitures \u00e0 essence et \u00e9lectrique pour le m\u00eame prix: c\u2019est pour bient\u00f4t - Benoit Charette - Annuel automobile - CanadaMotorJobs.com.\" \/>\n<meta name=\"robots\" content=\"index, follow, max-snippet:-1, max-image-preview:large, max-video-preview:-1\" \/>\n<meta property=\"og:locale\" content=\"fr_CA\" \/>\n<meta property=\"og:type\" content=\"article\" \/>\n<meta property=\"og:title\" content=\"Des voitures \u00e0 essence et \u00e9lectrique pour le m\u00eame prix: c\u2019est pour bient\u00f4t - CanadaMotorJobs.com\" \/>\n<meta property=\"og:description\" content=\"Des voitures \u00e0 essence et \u00e9lectrique pour le m\u00eame prix: c\u2019est pour bient\u00f4t - Benoit Charette - Annuel automobile - CanadaMotorJobs.com.\" \/>\n<meta property=\"og:url\" content=\"https:\/\/news.canadamotorjobs.com\/fr\/des-voitures-a-essence-et-electrique-pour-le-meme-prix-cest-pour-bientot\/\" \/>\n<meta property=\"og:site_name\" content=\"CanadaMotorJobs.com\" \/>\n<meta property=\"article:publisher\" content=\"https:\/\/www.facebook.com\/canadamotorjobs\/\" \/>\n<meta property=\"article:published_time\" content=\"2024-05-18T17:14:41+00:00\" \/>\n<meta property=\"article:modified_time\" content=\"2024-05-18T17:16:15+00:00\" \/>\n<meta property=\"og:image\" content=\"https:\/\/news.canadamotorjobs.com\/wp-content\/uploads\/2024\/05\/arenaev_001.jpg\" \/>\n\t<meta property=\"og:image:width\" content=\"1200\" \/>\n\t<meta property=\"og:image:height\" content=\"750\" \/>\n\t<meta property=\"og:image:type\" content=\"image\/jpeg\" \/>\n<meta name=\"author\" content=\"Benoit Charette\" \/>\n<meta name=\"twitter:card\" content=\"summary_large_image\" \/>\n<meta name=\"twitter:creator\" content=\"@canadamotorjobs\" \/>\n<meta name=\"twitter:site\" content=\"@canadamotorjobs\" \/>\n<meta name=\"twitter:label1\" content=\"\u00c9crit par\" \/>\n\t<meta name=\"twitter:data1\" content=\"Benoit Charette\" \/>\n\t<meta name=\"twitter:label2\" content=\"Estimation du temps de lecture\" \/>\n\t<meta name=\"twitter:data2\" content=\"2 minutes\" \/>\n<!-- \/ Yoast SEO plugin. -->","yoast_head_json":{"title":"Des voitures \u00e0 essence et \u00e9lectrique pour le m\u00eame prix: c\u2019est pour bient\u00f4t - CanadaMotorJobs.com","description":"Des voitures \u00e0 essence et \u00e9lectrique pour le m\u00eame prix: c\u2019est pour bient\u00f4t - Benoit Charette - Annuel automobile - CanadaMotorJobs.com.","robots":{"index":"index","follow":"follow","max-snippet":"max-snippet:-1","max-image-preview":"max-image-preview:large","max-video-preview":"max-video-preview:-1"},"og_locale":"fr_CA","og_type":"article","og_title":"Des voitures \u00e0 essence et \u00e9lectrique pour le m\u00eame prix: c\u2019est pour bient\u00f4t - CanadaMotorJobs.com","og_description":"Des voitures \u00e0 essence et \u00e9lectrique pour le m\u00eame prix: c\u2019est pour bient\u00f4t - Benoit Charette - Annuel automobile - CanadaMotorJobs.com.","og_url":"https:\/\/news.canadamotorjobs.com\/fr\/des-voitures-a-essence-et-electrique-pour-le-meme-prix-cest-pour-bientot\/","og_site_name":"CanadaMotorJobs.com","article_publisher":"https:\/\/www.facebook.com\/canadamotorjobs\/","article_published_time":"2024-05-18T17:14:41+00:00","article_modified_time":"2024-05-18T17:16:15+00:00","og_image":[{"width":1200,"height":750,"url":"https:\/\/news.canadamotorjobs.com\/wp-content\/uploads\/2024\/05\/arenaev_001.jpg","type":"image\/jpeg"}],"author":"Benoit Charette","twitter_card":"summary_large_image","twitter_creator":"@canadamotorjobs","twitter_site":"@canadamotorjobs","twitter_misc":{"\u00c9crit par":"Benoit Charette","Estimation du temps de lecture":"2 minutes"},"schema":{"@context":"https:\/\/schema.org","@graph":[{"@type":"Article","@id":"https:\/\/news.canadamotorjobs.com\/fr\/des-voitures-a-essence-et-electrique-pour-le-meme-prix-cest-pour-bientot\/#article","isPartOf":{"@id":"https:\/\/news.canadamotorjobs.com\/fr\/des-voitures-a-essence-et-electrique-pour-le-meme-prix-cest-pour-bientot\/"},"author":{"name":"Benoit Charette","@id":"https:\/\/news.canadamotorjobs.com\/#\/schema\/person\/51793d1f87d44011d7bcc2ed99269a90"},"headline":"Des voitures \u00e0 essence et \u00e9lectrique pour le m\u00eame prix: c\u2019est pour bient\u00f4t","datePublished":"2024-05-18T17:14:41+00:00","dateModified":"2024-05-18T17:16:15+00:00","mainEntityOfPage":{"@id":"https:\/\/news.canadamotorjobs.com\/fr\/des-voitures-a-essence-et-electrique-pour-le-meme-prix-cest-pour-bientot\/"},"wordCount":441,"publisher":{"@id":"https:\/\/news.canadamotorjobs.com\/#organization"},"image":{"@id":"https:\/\/news.canadamotorjobs.com\/fr\/des-voitures-a-essence-et-electrique-pour-le-meme-prix-cest-pour-bientot\/#primaryimage"},"thumbnailUrl":"https:\/\/news.canadamotorjobs.com\/wp-content\/uploads\/2024\/05\/arenaev_001.jpg","articleSection":["Annuel automobile"],"inLanguage":"fr-CA"},{"@type":"WebPage","@id":"https:\/\/news.canadamotorjobs.com\/fr\/des-voitures-a-essence-et-electrique-pour-le-meme-prix-cest-pour-bientot\/","url":"https:\/\/news.canadamotorjobs.com\/fr\/des-voitures-a-essence-et-electrique-pour-le-meme-prix-cest-pour-bientot\/","name":"Des voitures \u00e0 essence et \u00e9lectrique pour le m\u00eame prix: c\u2019est pour bient\u00f4t - CanadaMotorJobs.com","isPartOf":{"@id":"https:\/\/news.canadamotorjobs.com\/#website"},"primaryImageOfPage":{"@id":"https:\/\/news.canadamotorjobs.com\/fr\/des-voitures-a-essence-et-electrique-pour-le-meme-prix-cest-pour-bientot\/#primaryimage"},"image":{"@id":"https:\/\/news.canadamotorjobs.com\/fr\/des-voitures-a-essence-et-electrique-pour-le-meme-prix-cest-pour-bientot\/#primaryimage"},"thumbnailUrl":"https:\/\/news.canadamotorjobs.com\/wp-content\/uploads\/2024\/05\/arenaev_001.jpg","datePublished":"2024-05-18T17:14:41+00:00","dateModified":"2024-05-18T17:16:15+00:00","description":"Des voitures \u00e0 essence et \u00e9lectrique pour le m\u00eame prix: c\u2019est pour bient\u00f4t - Benoit Charette - Annuel automobile - CanadaMotorJobs.com.","breadcrumb":{"@id":"https:\/\/news.canadamotorjobs.com\/fr\/des-voitures-a-essence-et-electrique-pour-le-meme-prix-cest-pour-bientot\/#breadcrumb"},"inLanguage":"fr-CA","potentialAction":[{"@type":"ReadAction","target":["https:\/\/news.canadamotorjobs.com\/fr\/des-voitures-a-essence-et-electrique-pour-le-meme-prix-cest-pour-bientot\/"]}]},{"@type":"ImageObject","inLanguage":"fr-CA","@id":"https:\/\/news.canadamotorjobs.com\/fr\/des-voitures-a-essence-et-electrique-pour-le-meme-prix-cest-pour-bientot\/#primaryimage","url":"https:\/\/news.canadamotorjobs.com\/wp-content\/uploads\/2024\/05\/arenaev_001.jpg","contentUrl":"https:\/\/news.canadamotorjobs.com\/wp-content\/uploads\/2024\/05\/arenaev_001.jpg","width":1200,"height":750},{"@type":"BreadcrumbList","@id":"https:\/\/news.canadamotorjobs.com\/fr\/des-voitures-a-essence-et-electrique-pour-le-meme-prix-cest-pour-bientot\/#breadcrumb","itemListElement":[{"@type":"ListItem","position":1,"name":"Home","item":"https:\/\/news.canadamotorjobs.com\/fr\/blog\/"},{"@type":"ListItem","position":2,"name":"Des voitures \u00e0 essence et \u00e9lectrique pour le m\u00eame prix: c\u2019est pour bient\u00f4t"}]},{"@type":"WebSite","@id":"https:\/\/news.canadamotorjobs.com\/#website","url":"https:\/\/news.canadamotorjobs.com\/","name":"CanadaMotorJobs.com","description":"Automotive Jobs","publisher":{"@id":"https:\/\/news.canadamotorjobs.com\/#organization"},"potentialAction":[{"@type":"SearchAction","target":{"@type":"EntryPoint","urlTemplate":"https:\/\/news.canadamotorjobs.com\/?s={search_term_string}"},"query-input":"required name=search_term_string"}],"inLanguage":"fr-CA"},{"@type":"Organization","@id":"https:\/\/news.canadamotorjobs.com\/#organization","name":"Canada Motor Jobs","url":"https:\/\/news.canadamotorjobs.com\/","logo":{"@type":"ImageObject","inLanguage":"fr-CA","@id":"https:\/\/news.canadamotorjobs.com\/#\/schema\/logo\/image\/","url":"https:\/\/news.canadamotorjobs.com\/wp-content\/uploads\/2022\/10\/logo-canada-motor-jobs-1.png","contentUrl":"https:\/\/news.canadamotorjobs.com\/wp-content\/uploads\/2022\/10\/logo-canada-motor-jobs-1.png","width":800,"height":400,"caption":"Canada Motor Jobs"},"image":{"@id":"https:\/\/news.canadamotorjobs.com\/#\/schema\/logo\/image\/"},"sameAs":["https:\/\/www.facebook.com\/canadamotorjobs\/","https:\/\/x.com\/canadamotorjobs","https:\/\/www.instagram.com\/canadamotorjobs\/","https:\/\/www.linkedin.com\/company\/canadamotorjobs"]},{"@type":"Person","@id":"https:\/\/news.canadamotorjobs.com\/#\/schema\/person\/51793d1f87d44011d7bcc2ed99269a90","name":"Benoit Charette","image":{"@type":"ImageObject","inLanguage":"fr-CA","@id":"https:\/\/news.canadamotorjobs.com\/#\/schema\/person\/image\/","url":"https:\/\/secure.gravatar.com\/avatar\/45f3d2eebcccd909668d7ce7ea7267b6?s=96&d=mm&r=g","contentUrl":"https:\/\/secure.gravatar.com\/avatar\/45f3d2eebcccd909668d7ce7ea7267b6?s=96&d=mm&r=g","caption":"Benoit Charette"},"description":"Benoit Charette \/ Propri\u00e9taire et r\u00e9dacteur en chef Benoit Charette pratique le journalisme automobile depuis bient\u00f4t 30 ans. Il a fait ses classes au c\u00f4t\u00e9 de Daniel H\u00e9raud et au Carnet de route de 1992 \u00e0 2001. Il est fondateur, copropri\u00e9taire et r\u00e9dacteur en chef de L\u2019Annuel de l\u2019automobile, qu\u2019il publie depuis 2001. Il a anim\u00e9 les \u00e9missions RPM et RPM+ sur V et les L\u00e9gendes de la route sur Historia. \u00c0 la radio depuis 1986, il reprend l\u2019antenne cette ann\u00e9e sur les ondes de Cogeco et participe pour la deuxi\u00e8me ann\u00e9e \u00e0 l\u2019\u00e9mission Passion Auto sur RDS en plus de mettre en ligne le site Web officiel de L\u2019Annuel de l\u2019automobile sur annuelauto.ca.","sameAs":["https:\/\/annuelauto.ca\/"],"url":"https:\/\/news.canadamotorjobs.com\/fr\/author\/benoit-charette\/"}]}},"_links":{"self":[{"href":"https:\/\/news.canadamotorjobs.com\/fr\/wp-json\/wp\/v2\/posts\/165102"}],"collection":[{"href":"https:\/\/news.canadamotorjobs.com\/fr\/wp-json\/wp\/v2\/posts"}],"about":[{"href":"https:\/\/news.canadamotorjobs.com\/fr\/wp-json\/wp\/v2\/types\/post"}],"author":[{"embeddable":true,"href":"https:\/\/news.canadamotorjobs.com\/fr\/wp-json\/wp\/v2\/users\/8"}],"replies":[{"embeddable":true,"href":"https:\/\/news.canadamotorjobs.com\/fr\/wp-json\/wp\/v2\/comments?post=165102"}],"version-history":[{"count":2,"href":"https:\/\/news.canadamotorjobs.com\/fr\/wp-json\/wp\/v2\/posts\/165102\/revisions"}],"predecessor-version":[{"id":165106,"href":"https:\/\/news.canadamotorjobs.com\/fr\/wp-json\/wp\/v2\/posts\/165102\/revisions\/165106"}],"wp:featuredmedia":[{"embeddable":true,"href":"https:\/\/news.canadamotorjobs.com\/fr\/wp-json\/wp\/v2\/media\/165104"}],"wp:attachment":[{"href":"https:\/\/news.canadamotorjobs.com\/fr\/wp-json\/wp\/v2\/media?parent=165102"}],"wp:term":[{"taxonomy":"category","embeddable":true,"href":"https:\/\/news.canadamotorjobs.com\/fr\/wp-json\/wp\/v2\/categories?post=165102"},{"taxonomy":"post_tag","embeddable":true,"href":"https:\/\/news.canadamotorjobs.com\/fr\/wp-json\/wp\/v2\/tags?post=165102"}],"curies":[{"name":"wp","href":"https:\/\/api.w.org\/{rel}","templated":true}]}}