{"id":165079,"date":"2024-05-17T09:18:20","date_gmt":"2024-05-17T13:18:20","guid":{"rendered":"https:\/\/news.canadamotorjobs.com\/?p=165079"},"modified":"2024-05-17T09:28:46","modified_gmt":"2024-05-17T13:28:46","slug":"mercedes-benz-amg-gla-35-4matic-ca-roule","status":"publish","type":"post","link":"https:\/\/news.canadamotorjobs.com\/fr\/mercedes-benz-amg-gla-35-4matic-ca-roule\/","title":{"rendered":"Mercedes-Benz AMG GLA 35 4Matic: \u00e7a roule!"},"content":{"rendered":"<\/p>\n<p style=\"font-weight: 400\">Il y a un peu de tout pour tout le monde dans le catalogue de la marque Mercedes-Benz, \u00e0 condition d\u2019aimer les VUS et d\u2019avoir les moyens de payer pour le nom. Et si la marque allemande essaie de suivre la vague d\u2019\u00e9lectrification qui devrait s\u2019\u00e9tirer sur la prochaine d\u00e9cennie au moins, elle a quelques atouts dans sa manche pour les amateurs d\u2019octane\u2026 Comme ce GLA 35 4Matic sign\u00e9 AMG, du nom de sa fameuse division de performance.<\/p>\n<p><\/p>\n<p style=\"font-weight: 400\">Le GLA est un <a href=\"https:\/\/annuelauto.ca\/technical-sheet\/Mercedes-Benz-GLA-2022\/\">petit VUS compact<\/a>, mais on peut aussi parler de petite familiale sportive, une formule qui rend le plus justice \u00e0 sa personnalit\u00e9 sur la route. On peut asseoir quatre personnes, ou seulement deux, si on rabat la banquette, avec un volume utile qui atteint 1430 litres.<\/p>\n<p><\/p>\n<p style=\"font-weight: 400\">C\u2019est avec le coup\u00e9 CLA les deux mod\u00e8les d\u2019entr\u00e9e de gamme que Mercedes a lanc\u00e9s il y a pratiquement une d\u00e9cennie pour attirer des acheteurs plus jeunes que sa client\u00e8le traditionnelle. \u00c7a explique diff\u00e9rentes choses, \u00e0 commencer par une allure que certains voudront qualifier d\u2019un peu plus audacieuse, vue de l\u2019ext\u00e9rieur. La grosse calandre et le non moins gros logo \u00e9toil\u00e9 qui figure en son centre en sont un peu la preuve.<\/p>\n<p><\/p>\n<p style=\"font-weight: 400\">\u00c0 l\u2019int\u00e9rieur, on a aussi voulu faire jeune et moderne. Et c\u2019est peut-\u00eatre l\u00e0 o\u00f9 Mercedes-Benz d\u00e9\u00e7oit le plus. L\u2019habitacle est un m\u00e9lange de cuir, d\u2019acier bross\u00e9 et de surfaces laqu\u00e9es qui sont toutes au go\u00fbt du jour, et qui sont tr\u00e8s jolies \u00e0 l\u2019\u00e9cran de son ordinateur personnel quand on regarde les photos du v\u00e9hicule en vue, peut-\u00eatre, de l\u2019acheter, mais quand on s\u2019assoit \u00e0 bord, et qu\u2019on touche tout \u00e7a avec la main, on s\u2019aper\u00e7oit rapidement que c\u2019est du toc. Du plastique. Des mat\u00e9riaux qui imitent des mat\u00e9riaux qui imitent d\u2019autres mat\u00e9riaux encore. \u00c7a sonne creux, \u00e7a sonne fragile, \u00e7a sonne, comment dire, tape-\u00e0-l\u2019\u0153il.<\/p>\n<p><\/p>\n<p style=\"font-weight: 400\">C\u2019est tr\u00e8s loin de l\u2019image qu\u2019on se fait de v\u00e9hicules d\u2019une marque qui se veut prestigieuse comme Mercedes-Benz. C\u2019est aussi un peu d\u00e9cevant pour un v\u00e9hicule de format compact dont le prix de d\u00e9tail est d\u2019environ 62\u00a0000 $.<\/p>\n<p><\/p>\n<p style=\"font-weight: 400\">Heureusement, c\u2019est la seule grosse critique qu\u2019on peut faire du GLA 35 4Matic, puisqu\u2019il a tout le reste de ce qu\u2019on peut d\u00e9sirer d\u2019un tel v\u00e9hicule. Il est anim\u00e9 par un moteur \u00e0 4 cylindres turbo de 2 litres, qui fait 302 chevaux, et qui est toujours sur le bord d\u2019exploser. Il est jumel\u00e9 \u00e0 une bo\u00eete automatique \u00e0 8 rapports qui elle aussi a toujours le go\u00fbt de r\u00e9trograder pour vous en donner un peu plus. Et tout \u00e7a e termine avec le rouage int\u00e9gral 4Matic qui transmet la puissance aux quatre roues de belle fa\u00e7on. Tout \u00e7a mis ensemble permet de boucler le fameux 0-100 km\/h en 5 secondes, tout en consommant environ 9 litres aux 100 km en moyenne.<\/p>\n<p><\/p>\n<p style=\"font-weight: 400\">Le GLA 35 4Matic propose quatre modes de conduite \u00e0 son pilote. C\u2019est un peu m\u00ealant au d\u00e9but car ils sont \u00e9parpill\u00e9s \u00e0 travers des commandes log\u00e9es au bas du volant, au pied du levier de transmission et dans le syst\u00e8me multim\u00e9dia au haut de la console, ce qui fait qu\u2019on a un peu l\u2019impression de devoir jouer du piano pour tout personnaliser comme on le veut.<\/p>\n<p><\/p>\n<p style=\"font-weight: 400\">D\u2019un extr\u00eame \u00e0 l\u2019autre, \u00e7a donne une petite familiale assez silencieuse, relativement douce, qui ne r\u00e9veillera pas un b\u00e9b\u00e9 qui dort sur la banquette. Ou alors, \u00e7a donne un v\u00e9hicule extr\u00eamement rugueux, dur, m\u00eame, quand on frappe un nid-de-poule, au comportement tr\u00e8s nerveux et saccad\u00e9, qui va enivrer les amateurs d\u2019une conduite un peu plus relev\u00e9e. On a m\u00eame r\u00e9ussi \u00e0 faire gronder un peu le 4 cylindres de fa\u00e7on qui efface toute nostalgie pour une plus grosse cylindr\u00e9e.<\/p>\n<p><\/p>\n<p style=\"font-weight: 400\">Au volant, on obtient une tr\u00e8s bonne ergonomie, malgr\u00e9 la manie de Mercedes de mettre des boutons, les molettes et des touches de commande absolument partout. Le syst\u00e8me multim\u00e9dia MBUX est assez bien ficel\u00e9 pour rendre tout \u00e7a pas trop compliqu\u00e9, et on a h\u00e2te de voir la mise \u00e0 niveau pour MB.OS, qui va ajouter des fonctions connect\u00e9es comme de la musique sur-mesure, bas\u00e9e sur sa conduite.<\/p>\n<p><\/p>\n<p style=\"font-weight: 400\">\u00c9videmment, vous pouvez payer 10000$ de moins pour un GLA de base et \u00e7a fera probablement l\u2019affaire. Mais le GLA 35 AMG demeure une sacr\u00e9e belle machine, et on esp\u00e8re qu\u2019on verra des petites familiales \u00e9lectriques aussi bien ficel\u00e9es un jour bient\u00f4t dans le catalogue de Mercedes-Benz\u2026<\/p>\n<p>Le texte <a rel=\"nofollow\" href=\"https:\/\/annuelauto.ca\/mercedes-benz-amg-gla-35-4matic-ca-roule\/\">Mercedes-Benz AMG GLA 35 4Matic: \u00e7a roule!<\/a> provient de <a rel=\"nofollow\" href=\"https:\/\/annuelauto.ca\">L&#8217;annuel de l&#8217;automobile &#8211; Actualit\u00e9 automobile<\/a><\/p>\n<p><\/p>\n","protected":false},"excerpt":{"rendered":"<p>Il y a un peu de tout pour tout le monde dans le catalogue de la marque Mercedes-Benz, \u00e0 condition d\u2019aimer les VUS et d\u2019avoir les moyens de payer pour le nom. Et si la marque allemande essaie de suivre la vague d\u2019\u00e9lectrification qui devrait s\u2019\u00e9tirer sur la prochaine d\u00e9cennie au moins, elle a quelques [&hellip;]<\/p>\n","protected":false},"author":8,"featured_media":165081,"comment_status":"close","ping_status":"closed","sticky":false,"template":"","format":"standard","meta":{"_monsterinsights_skip_tracking":false,"_monsterinsights_sitenote_active":false,"_monsterinsights_sitenote_note":"","_monsterinsights_sitenote_category":0,"footnotes":""},"categories":[101],"tags":[],"yoast_head":"<!-- This site is optimized with the Yoast SEO plugin v23.2 - https:\/\/yoast.com\/wordpress\/plugins\/seo\/ -->\n<title>Mercedes-Benz AMG GLA 35 4Matic: \u00e7a roule! - CanadaMotorJobs.com<\/title>\n<meta name=\"description\" content=\"Mercedes-Benz AMG GLA 35 4Matic: \u00e7a roule! - Benoit Charette - Annuel automobile - CanadaMotorJobs.com.\" \/>\n<meta name=\"robots\" content=\"index, follow, max-snippet:-1, max-image-preview:large, max-video-preview:-1\" \/>\n<meta property=\"og:locale\" content=\"fr_CA\" \/>\n<meta property=\"og:type\" content=\"article\" \/>\n<meta property=\"og:title\" content=\"Mercedes-Benz AMG GLA 35 4Matic: \u00e7a roule! - CanadaMotorJobs.com\" \/>\n<meta property=\"og:description\" content=\"Mercedes-Benz AMG GLA 35 4Matic: \u00e7a roule! - Benoit Charette - Annuel automobile - CanadaMotorJobs.com.\" \/>\n<meta property=\"og:url\" content=\"https:\/\/news.canadamotorjobs.com\/fr\/mercedes-benz-amg-gla-35-4matic-ca-roule\/\" \/>\n<meta property=\"og:site_name\" content=\"CanadaMotorJobs.com\" \/>\n<meta property=\"article:publisher\" content=\"https:\/\/www.facebook.com\/canadamotorjobs\/\" \/>\n<meta property=\"article:published_time\" content=\"2024-05-17T13:18:20+00:00\" \/>\n<meta property=\"article:modified_time\" content=\"2024-05-17T13:28:46+00:00\" \/>\n<meta property=\"og:image\" content=\"https:\/\/news.canadamotorjobs.com\/wp-content\/uploads\/2024\/05\/23C0092_004_1.jpg\" \/>\n\t<meta property=\"og:image:width\" content=\"1280\" \/>\n\t<meta property=\"og:image:height\" content=\"853\" \/>\n\t<meta property=\"og:image:type\" content=\"image\/jpeg\" \/>\n<meta name=\"author\" content=\"Benoit Charette\" \/>\n<meta name=\"twitter:card\" content=\"summary_large_image\" \/>\n<meta name=\"twitter:creator\" content=\"@canadamotorjobs\" \/>\n<meta name=\"twitter:site\" content=\"@canadamotorjobs\" \/>\n<meta name=\"twitter:label1\" content=\"\u00c9crit par\" \/>\n\t<meta name=\"twitter:data1\" content=\"Benoit Charette\" \/>\n\t<meta name=\"twitter:label2\" content=\"Estimation du temps de lecture\" \/>\n\t<meta name=\"twitter:data2\" content=\"4 minutes\" \/>\n<!-- \/ Yoast SEO plugin. -->","yoast_head_json":{"title":"Mercedes-Benz AMG GLA 35 4Matic: \u00e7a roule! - CanadaMotorJobs.com","description":"Mercedes-Benz AMG GLA 35 4Matic: \u00e7a roule! - Benoit Charette - Annuel automobile - CanadaMotorJobs.com.","robots":{"index":"index","follow":"follow","max-snippet":"max-snippet:-1","max-image-preview":"max-image-preview:large","max-video-preview":"max-video-preview:-1"},"og_locale":"fr_CA","og_type":"article","og_title":"Mercedes-Benz AMG GLA 35 4Matic: \u00e7a roule! - CanadaMotorJobs.com","og_description":"Mercedes-Benz AMG GLA 35 4Matic: \u00e7a roule! - Benoit Charette - Annuel automobile - CanadaMotorJobs.com.","og_url":"https:\/\/news.canadamotorjobs.com\/fr\/mercedes-benz-amg-gla-35-4matic-ca-roule\/","og_site_name":"CanadaMotorJobs.com","article_publisher":"https:\/\/www.facebook.com\/canadamotorjobs\/","article_published_time":"2024-05-17T13:18:20+00:00","article_modified_time":"2024-05-17T13:28:46+00:00","og_image":[{"width":1280,"height":853,"url":"https:\/\/news.canadamotorjobs.com\/wp-content\/uploads\/2024\/05\/23C0092_004_1.jpg","type":"image\/jpeg"}],"author":"Benoit Charette","twitter_card":"summary_large_image","twitter_creator":"@canadamotorjobs","twitter_site":"@canadamotorjobs","twitter_misc":{"\u00c9crit par":"Benoit Charette","Estimation du temps de lecture":"4 minutes"},"schema":{"@context":"https:\/\/schema.org","@graph":[{"@type":"Article","@id":"https:\/\/news.canadamotorjobs.com\/fr\/mercedes-benz-amg-gla-35-4matic-ca-roule\/#article","isPartOf":{"@id":"https:\/\/news.canadamotorjobs.com\/fr\/mercedes-benz-amg-gla-35-4matic-ca-roule\/"},"author":{"name":"Benoit Charette","@id":"https:\/\/news.canadamotorjobs.com\/#\/schema\/person\/51793d1f87d44011d7bcc2ed99269a90"},"headline":"Mercedes-Benz AMG GLA 35 4Matic: \u00e7a roule!","datePublished":"2024-05-17T13:18:20+00:00","dateModified":"2024-05-17T13:28:46+00:00","mainEntityOfPage":{"@id":"https:\/\/news.canadamotorjobs.com\/fr\/mercedes-benz-amg-gla-35-4matic-ca-roule\/"},"wordCount":826,"publisher":{"@id":"https:\/\/news.canadamotorjobs.com\/#organization"},"image":{"@id":"https:\/\/news.canadamotorjobs.com\/fr\/mercedes-benz-amg-gla-35-4matic-ca-roule\/#primaryimage"},"thumbnailUrl":"https:\/\/news.canadamotorjobs.com\/wp-content\/uploads\/2024\/05\/23C0092_004_1.jpg","articleSection":["Annuel automobile"],"inLanguage":"fr-CA"},{"@type":"WebPage","@id":"https:\/\/news.canadamotorjobs.com\/fr\/mercedes-benz-amg-gla-35-4matic-ca-roule\/","url":"https:\/\/news.canadamotorjobs.com\/fr\/mercedes-benz-amg-gla-35-4matic-ca-roule\/","name":"Mercedes-Benz AMG GLA 35 4Matic: \u00e7a roule! - CanadaMotorJobs.com","isPartOf":{"@id":"https:\/\/news.canadamotorjobs.com\/#website"},"primaryImageOfPage":{"@id":"https:\/\/news.canadamotorjobs.com\/fr\/mercedes-benz-amg-gla-35-4matic-ca-roule\/#primaryimage"},"image":{"@id":"https:\/\/news.canadamotorjobs.com\/fr\/mercedes-benz-amg-gla-35-4matic-ca-roule\/#primaryimage"},"thumbnailUrl":"https:\/\/news.canadamotorjobs.com\/wp-content\/uploads\/2024\/05\/23C0092_004_1.jpg","datePublished":"2024-05-17T13:18:20+00:00","dateModified":"2024-05-17T13:28:46+00:00","description":"Mercedes-Benz AMG GLA 35 4Matic: \u00e7a roule! - Benoit Charette - Annuel automobile - CanadaMotorJobs.com.","breadcrumb":{"@id":"https:\/\/news.canadamotorjobs.com\/fr\/mercedes-benz-amg-gla-35-4matic-ca-roule\/#breadcrumb"},"inLanguage":"fr-CA","potentialAction":[{"@type":"ReadAction","target":["https:\/\/news.canadamotorjobs.com\/fr\/mercedes-benz-amg-gla-35-4matic-ca-roule\/"]}]},{"@type":"ImageObject","inLanguage":"fr-CA","@id":"https:\/\/news.canadamotorjobs.com\/fr\/mercedes-benz-amg-gla-35-4matic-ca-roule\/#primaryimage","url":"https:\/\/news.canadamotorjobs.com\/wp-content\/uploads\/2024\/05\/23C0092_004_1.jpg","contentUrl":"https:\/\/news.canadamotorjobs.com\/wp-content\/uploads\/2024\/05\/23C0092_004_1.jpg","width":1280,"height":853},{"@type":"BreadcrumbList","@id":"https:\/\/news.canadamotorjobs.com\/fr\/mercedes-benz-amg-gla-35-4matic-ca-roule\/#breadcrumb","itemListElement":[{"@type":"ListItem","position":1,"name":"Home","item":"https:\/\/news.canadamotorjobs.com\/fr\/blog\/"},{"@type":"ListItem","position":2,"name":"Mercedes-Benz AMG GLA 35 4Matic: \u00e7a roule!"}]},{"@type":"WebSite","@id":"https:\/\/news.canadamotorjobs.com\/#website","url":"https:\/\/news.canadamotorjobs.com\/","name":"CanadaMotorJobs.com","description":"Automotive Jobs","publisher":{"@id":"https:\/\/news.canadamotorjobs.com\/#organization"},"potentialAction":[{"@type":"SearchAction","target":{"@type":"EntryPoint","urlTemplate":"https:\/\/news.canadamotorjobs.com\/?s={search_term_string}"},"query-input":"required name=search_term_string"}],"inLanguage":"fr-CA"},{"@type":"Organization","@id":"https:\/\/news.canadamotorjobs.com\/#organization","name":"Canada Motor Jobs","url":"https:\/\/news.canadamotorjobs.com\/","logo":{"@type":"ImageObject","inLanguage":"fr-CA","@id":"https:\/\/news.canadamotorjobs.com\/#\/schema\/logo\/image\/","url":"https:\/\/news.canadamotorjobs.com\/wp-content\/uploads\/2022\/10\/logo-canada-motor-jobs-1.png","contentUrl":"https:\/\/news.canadamotorjobs.com\/wp-content\/uploads\/2022\/10\/logo-canada-motor-jobs-1.png","width":800,"height":400,"caption":"Canada Motor Jobs"},"image":{"@id":"https:\/\/news.canadamotorjobs.com\/#\/schema\/logo\/image\/"},"sameAs":["https:\/\/www.facebook.com\/canadamotorjobs\/","https:\/\/x.com\/canadamotorjobs","https:\/\/www.instagram.com\/canadamotorjobs\/","https:\/\/www.linkedin.com\/company\/canadamotorjobs"]},{"@type":"Person","@id":"https:\/\/news.canadamotorjobs.com\/#\/schema\/person\/51793d1f87d44011d7bcc2ed99269a90","name":"Benoit Charette","image":{"@type":"ImageObject","inLanguage":"fr-CA","@id":"https:\/\/news.canadamotorjobs.com\/#\/schema\/person\/image\/","url":"https:\/\/secure.gravatar.com\/avatar\/45f3d2eebcccd909668d7ce7ea7267b6?s=96&d=mm&r=g","contentUrl":"https:\/\/secure.gravatar.com\/avatar\/45f3d2eebcccd909668d7ce7ea7267b6?s=96&d=mm&r=g","caption":"Benoit Charette"},"description":"Benoit Charette \/ Propri\u00e9taire et r\u00e9dacteur en chef Benoit Charette pratique le journalisme automobile depuis bient\u00f4t 30 ans. Il a fait ses classes au c\u00f4t\u00e9 de Daniel H\u00e9raud et au Carnet de route de 1992 \u00e0 2001. Il est fondateur, copropri\u00e9taire et r\u00e9dacteur en chef de L\u2019Annuel de l\u2019automobile, qu\u2019il publie depuis 2001. Il a anim\u00e9 les \u00e9missions RPM et RPM+ sur V et les L\u00e9gendes de la route sur Historia. \u00c0 la radio depuis 1986, il reprend l\u2019antenne cette ann\u00e9e sur les ondes de Cogeco et participe pour la deuxi\u00e8me ann\u00e9e \u00e0 l\u2019\u00e9mission Passion Auto sur RDS en plus de mettre en ligne le site Web officiel de L\u2019Annuel de l\u2019automobile sur annuelauto.ca.","sameAs":["https:\/\/annuelauto.ca\/"],"url":"https:\/\/news.canadamotorjobs.com\/fr\/author\/benoit-charette\/"}]}},"_links":{"self":[{"href":"https:\/\/news.canadamotorjobs.com\/fr\/wp-json\/wp\/v2\/posts\/165079"}],"collection":[{"href":"https:\/\/news.canadamotorjobs.com\/fr\/wp-json\/wp\/v2\/posts"}],"about":[{"href":"https:\/\/news.canadamotorjobs.com\/fr\/wp-json\/wp\/v2\/types\/post"}],"author":[{"embeddable":true,"href":"https:\/\/news.canadamotorjobs.com\/fr\/wp-json\/wp\/v2\/users\/8"}],"replies":[{"embeddable":true,"href":"https:\/\/news.canadamotorjobs.com\/fr\/wp-json\/wp\/v2\/comments?post=165079"}],"version-history":[{"count":2,"href":"https:\/\/news.canadamotorjobs.com\/fr\/wp-json\/wp\/v2\/posts\/165079\/revisions"}],"predecessor-version":[{"id":165083,"href":"https:\/\/news.canadamotorjobs.com\/fr\/wp-json\/wp\/v2\/posts\/165079\/revisions\/165083"}],"wp:featuredmedia":[{"embeddable":true,"href":"https:\/\/news.canadamotorjobs.com\/fr\/wp-json\/wp\/v2\/media\/165081"}],"wp:attachment":[{"href":"https:\/\/news.canadamotorjobs.com\/fr\/wp-json\/wp\/v2\/media?parent=165079"}],"wp:term":[{"taxonomy":"category","embeddable":true,"href":"https:\/\/news.canadamotorjobs.com\/fr\/wp-json\/wp\/v2\/categories?post=165079"},{"taxonomy":"post_tag","embeddable":true,"href":"https:\/\/news.canadamotorjobs.com\/fr\/wp-json\/wp\/v2\/tags?post=165079"}],"curies":[{"name":"wp","href":"https:\/\/api.w.org\/{rel}","templated":true}]}}