{"id":165056,"date":"2024-05-17T08:56:03","date_gmt":"2024-05-17T12:56:03","guid":{"rendered":"https:\/\/news.canadamotorjobs.com\/?p=165056"},"modified":"2024-05-17T08:59:06","modified_gmt":"2024-05-17T12:59:06","slug":"les-vendeurs-font-plus-dargent-quils-le-pensaient-avec-les-vehicules-electriques-doccasion","status":"publish","type":"post","link":"https:\/\/news.canadamotorjobs.com\/fr\/les-vendeurs-font-plus-dargent-quils-le-pensaient-avec-les-vehicules-electriques-doccasion\/","title":{"rendered":"Les vendeurs font plus d\u2019argent qu\u2019ils le pensaient avec les v\u00e9hicules \u00e9lectriques d\u2019occasion"},"content":{"rendered":"<\/p>\n<p>Je ne veux pas verser dans les grandes th\u00e9ories \u00e9conomiques, parce que la plupart sont assez boiteuses, mais il semble quand m\u00eame y avoir un certain effet de percolation du c\u00f4t\u00e9 des v\u00e9hicules \u00e9lectriques o\u00f9 la plus grande disponibilit\u00e9 de v\u00e9hicules neufs, aussi bien au Canada qu\u2019aux \u00c9tats-Unis, profiterait aussi aux vendeurs de v\u00e9hicules usag\u00e9s.<\/p>\n<p>En fait, les vendeurs d\u2019occasion seraient en mesure de vendre des v\u00e9hicules \u00e9lectriques usag\u00e9s avec une meilleure marge de profits que des v\u00e9hicules usag\u00e9s \u00e0 essence, et qu\u2019en plus, apr\u00e8s quelques ann\u00e9es de vaches maigres, on commence en plus \u00e0 avoir un afflux croissant de mod\u00e8les d\u2019occasion \u00e0 vendre.<\/p>\n<p>C\u2019est en tout cas comme \u00e7a que les choses sont pr\u00e9sent\u00e9es par nul autre que Roger Penske, le grand patron du groupe automobile am\u00e9ricain qui porte son nom, le Penske Automotive Group. C\u2019est doublement vrai pour une entreprise comme la sienne, qui vend aussi bien des v\u00e9hicules neufs que des v\u00e9hicules d\u2019occasion, et qui doit composer avec des baisses soudaines du prix des v\u00e9hicules neufs impos\u00e9es par les constructeurs.<\/p>\n<p>\u00c7a r\u00e9duit \u00e0 chaque coup un peu plus la marge de profits que le concessionnaire peut empocher, alors que dans l\u2019usag\u00e9, les prix restent relativement stables et la demande est, semble-t-il, assez bonne, aux \u00c9tats-Unis aussi bien qu\u2019au Canada ou ailleurs dans le monde.<\/p>\n<p>Aux \u00c9tats-Unis, l\u2019an dernier, 7,6% des v\u00e9hicules neufs vendus \u00e9taient \u00e9lectriques, comparativement \u00e0 5,8% l\u2019ann\u00e9e pr\u00e9c\u00e9dente. C\u2019est un peu plus lent dans l\u2019usag\u00e9, o\u00f9 4,3% des v\u00e9hicules vendus durant les trois premiers mois de 2024 \u00e9taient \u00e9lectrifi\u00e9s, comparativement \u00e0 1,8% pour la m\u00eame p\u00e9riode, au d\u00e9but de 2023.<\/p>\n<p>Malgr\u00e9 tout \u00e7a, les v\u00e9hicules \u00e9lectriques usag\u00e9s sont plus abordables ces jours-ci qu\u2019ils l\u2019\u00e9taient il y a un an. Chez Penske, on calcule que la diff\u00e9rence moyenne dans le prix de vente entre un v\u00e9hicule \u00e9lectrique et un v\u00e9hicule \u00e0 essence comparable est pass\u00e9e de 13\u00a0000 $US au d\u00e9but 2023 \u00e0 7000$US durant le premier trimestre de cette ann\u00e9e.<\/p>\n<p>Bref, les acheteurs aussi bien que les vendeurs d\u2019occasion semblent profiter du virage \u00e9lectrique en ce moment.<\/p>\n<p>Le texte <a rel=\"nofollow\" href=\"https:\/\/annuelauto.ca\/les-vendeurs-font-plus-dargent-quils-le-pensaient-avec-les-vehicules-electriques-doccasion\/\">Les vendeurs font plus d\u2019argent qu\u2019ils le pensaient avec les v\u00e9hicules \u00e9lectriques d\u2019occasion<\/a> provient de <a rel=\"nofollow\" href=\"https:\/\/annuelauto.ca\">L&#8217;annuel de l&#8217;automobile &#8211; Actualit\u00e9 automobile<\/a><\/p>\n<p><\/p>\n","protected":false},"excerpt":{"rendered":"<p>Je ne veux pas verser dans les grandes th\u00e9ories \u00e9conomiques, parce que la plupart sont assez boiteuses, mais il semble quand m\u00eame y avoir un certain effet de percolation du c\u00f4t\u00e9 des v\u00e9hicules \u00e9lectriques o\u00f9 la plus grande disponibilit\u00e9 de v\u00e9hicules neufs, aussi bien au Canada qu\u2019aux \u00c9tats-Unis, profiterait aussi aux vendeurs de v\u00e9hicules usag\u00e9s. [&hellip;]<\/p>\n","protected":false},"author":8,"featured_media":165058,"comment_status":"close","ping_status":"closed","sticky":false,"template":"","format":"standard","meta":{"_monsterinsights_skip_tracking":false,"_monsterinsights_sitenote_active":false,"_monsterinsights_sitenote_note":"","_monsterinsights_sitenote_category":0,"footnotes":""},"categories":[101],"tags":[],"yoast_head":"<!-- This site is optimized with the Yoast SEO plugin v23.2 - https:\/\/yoast.com\/wordpress\/plugins\/seo\/ -->\n<title>Les vendeurs font plus d\u2019argent qu\u2019ils le pensaient avec les v\u00e9hicules \u00e9lectriques d\u2019occasion - CanadaMotorJobs.com<\/title>\n<meta name=\"description\" content=\"Les vendeurs font plus d\u2019argent qu\u2019ils le pensaient avec les v\u00e9hicules \u00e9lectriques d\u2019occasion - Benoit Charette - Annuel automobile - CanadaMotorJobs.com.\" \/>\n<meta name=\"robots\" content=\"index, follow, max-snippet:-1, max-image-preview:large, max-video-preview:-1\" \/>\n<meta property=\"og:locale\" content=\"fr_CA\" \/>\n<meta property=\"og:type\" content=\"article\" \/>\n<meta property=\"og:title\" content=\"Les vendeurs font plus d\u2019argent qu\u2019ils le pensaient avec les v\u00e9hicules \u00e9lectriques d\u2019occasion - CanadaMotorJobs.com\" \/>\n<meta property=\"og:description\" content=\"Les vendeurs font plus d\u2019argent qu\u2019ils le pensaient avec les v\u00e9hicules \u00e9lectriques d\u2019occasion - Benoit Charette - Annuel automobile - CanadaMotorJobs.com.\" \/>\n<meta property=\"og:url\" content=\"https:\/\/news.canadamotorjobs.com\/fr\/les-vendeurs-font-plus-dargent-quils-le-pensaient-avec-les-vehicules-electriques-doccasion\/\" \/>\n<meta property=\"og:site_name\" content=\"CanadaMotorJobs.com\" \/>\n<meta property=\"article:publisher\" content=\"https:\/\/www.facebook.com\/canadamotorjobs\/\" \/>\n<meta property=\"article:published_time\" content=\"2024-05-17T12:56:03+00:00\" \/>\n<meta property=\"article:modified_time\" content=\"2024-05-17T12:59:06+00:00\" \/>\n<meta property=\"og:image\" content=\"https:\/\/news.canadamotorjobs.com\/wp-content\/uploads\/2024\/05\/2019-Nissan-LEAF-20-1200x800-1.jpg\" \/>\n\t<meta property=\"og:image:width\" content=\"1200\" \/>\n\t<meta property=\"og:image:height\" content=\"800\" \/>\n\t<meta property=\"og:image:type\" content=\"image\/jpeg\" \/>\n<meta name=\"author\" content=\"Benoit Charette\" \/>\n<meta name=\"twitter:card\" content=\"summary_large_image\" \/>\n<meta name=\"twitter:creator\" content=\"@canadamotorjobs\" \/>\n<meta name=\"twitter:site\" content=\"@canadamotorjobs\" \/>\n<meta name=\"twitter:label1\" content=\"\u00c9crit par\" \/>\n\t<meta name=\"twitter:data1\" content=\"Benoit Charette\" \/>\n\t<meta name=\"twitter:label2\" content=\"Estimation du temps de lecture\" \/>\n\t<meta name=\"twitter:data2\" content=\"2 minutes\" \/>\n<!-- \/ Yoast SEO plugin. -->","yoast_head_json":{"title":"Les vendeurs font plus d\u2019argent qu\u2019ils le pensaient avec les v\u00e9hicules \u00e9lectriques d\u2019occasion - CanadaMotorJobs.com","description":"Les vendeurs font plus d\u2019argent qu\u2019ils le pensaient avec les v\u00e9hicules \u00e9lectriques d\u2019occasion - Benoit Charette - Annuel automobile - CanadaMotorJobs.com.","robots":{"index":"index","follow":"follow","max-snippet":"max-snippet:-1","max-image-preview":"max-image-preview:large","max-video-preview":"max-video-preview:-1"},"og_locale":"fr_CA","og_type":"article","og_title":"Les vendeurs font plus d\u2019argent qu\u2019ils le pensaient avec les v\u00e9hicules \u00e9lectriques d\u2019occasion - CanadaMotorJobs.com","og_description":"Les vendeurs font plus d\u2019argent qu\u2019ils le pensaient avec les v\u00e9hicules \u00e9lectriques d\u2019occasion - Benoit Charette - Annuel automobile - CanadaMotorJobs.com.","og_url":"https:\/\/news.canadamotorjobs.com\/fr\/les-vendeurs-font-plus-dargent-quils-le-pensaient-avec-les-vehicules-electriques-doccasion\/","og_site_name":"CanadaMotorJobs.com","article_publisher":"https:\/\/www.facebook.com\/canadamotorjobs\/","article_published_time":"2024-05-17T12:56:03+00:00","article_modified_time":"2024-05-17T12:59:06+00:00","og_image":[{"width":1200,"height":800,"url":"https:\/\/news.canadamotorjobs.com\/wp-content\/uploads\/2024\/05\/2019-Nissan-LEAF-20-1200x800-1.jpg","type":"image\/jpeg"}],"author":"Benoit Charette","twitter_card":"summary_large_image","twitter_creator":"@canadamotorjobs","twitter_site":"@canadamotorjobs","twitter_misc":{"\u00c9crit par":"Benoit Charette","Estimation du temps de lecture":"2 minutes"},"schema":{"@context":"https:\/\/schema.org","@graph":[{"@type":"Article","@id":"https:\/\/news.canadamotorjobs.com\/fr\/les-vendeurs-font-plus-dargent-quils-le-pensaient-avec-les-vehicules-electriques-doccasion\/#article","isPartOf":{"@id":"https:\/\/news.canadamotorjobs.com\/fr\/les-vendeurs-font-plus-dargent-quils-le-pensaient-avec-les-vehicules-electriques-doccasion\/"},"author":{"name":"Benoit Charette","@id":"https:\/\/news.canadamotorjobs.com\/#\/schema\/person\/51793d1f87d44011d7bcc2ed99269a90"},"headline":"Les vendeurs font plus d\u2019argent qu\u2019ils le pensaient avec les v\u00e9hicules \u00e9lectriques d\u2019occasion","datePublished":"2024-05-17T12:56:03+00:00","dateModified":"2024-05-17T12:59:06+00:00","mainEntityOfPage":{"@id":"https:\/\/news.canadamotorjobs.com\/fr\/les-vendeurs-font-plus-dargent-quils-le-pensaient-avec-les-vehicules-electriques-doccasion\/"},"wordCount":426,"publisher":{"@id":"https:\/\/news.canadamotorjobs.com\/#organization"},"image":{"@id":"https:\/\/news.canadamotorjobs.com\/fr\/les-vendeurs-font-plus-dargent-quils-le-pensaient-avec-les-vehicules-electriques-doccasion\/#primaryimage"},"thumbnailUrl":"https:\/\/news.canadamotorjobs.com\/wp-content\/uploads\/2024\/05\/2019-Nissan-LEAF-20-1200x800-1.jpg","articleSection":["Annuel automobile"],"inLanguage":"fr-CA"},{"@type":"WebPage","@id":"https:\/\/news.canadamotorjobs.com\/fr\/les-vendeurs-font-plus-dargent-quils-le-pensaient-avec-les-vehicules-electriques-doccasion\/","url":"https:\/\/news.canadamotorjobs.com\/fr\/les-vendeurs-font-plus-dargent-quils-le-pensaient-avec-les-vehicules-electriques-doccasion\/","name":"Les vendeurs font plus d\u2019argent qu\u2019ils le pensaient avec les v\u00e9hicules \u00e9lectriques d\u2019occasion - CanadaMotorJobs.com","isPartOf":{"@id":"https:\/\/news.canadamotorjobs.com\/#website"},"primaryImageOfPage":{"@id":"https:\/\/news.canadamotorjobs.com\/fr\/les-vendeurs-font-plus-dargent-quils-le-pensaient-avec-les-vehicules-electriques-doccasion\/#primaryimage"},"image":{"@id":"https:\/\/news.canadamotorjobs.com\/fr\/les-vendeurs-font-plus-dargent-quils-le-pensaient-avec-les-vehicules-electriques-doccasion\/#primaryimage"},"thumbnailUrl":"https:\/\/news.canadamotorjobs.com\/wp-content\/uploads\/2024\/05\/2019-Nissan-LEAF-20-1200x800-1.jpg","datePublished":"2024-05-17T12:56:03+00:00","dateModified":"2024-05-17T12:59:06+00:00","description":"Les vendeurs font plus d\u2019argent qu\u2019ils le pensaient avec les v\u00e9hicules \u00e9lectriques d\u2019occasion - Benoit Charette - Annuel automobile - CanadaMotorJobs.com.","breadcrumb":{"@id":"https:\/\/news.canadamotorjobs.com\/fr\/les-vendeurs-font-plus-dargent-quils-le-pensaient-avec-les-vehicules-electriques-doccasion\/#breadcrumb"},"inLanguage":"fr-CA","potentialAction":[{"@type":"ReadAction","target":["https:\/\/news.canadamotorjobs.com\/fr\/les-vendeurs-font-plus-dargent-quils-le-pensaient-avec-les-vehicules-electriques-doccasion\/"]}]},{"@type":"ImageObject","inLanguage":"fr-CA","@id":"https:\/\/news.canadamotorjobs.com\/fr\/les-vendeurs-font-plus-dargent-quils-le-pensaient-avec-les-vehicules-electriques-doccasion\/#primaryimage","url":"https:\/\/news.canadamotorjobs.com\/wp-content\/uploads\/2024\/05\/2019-Nissan-LEAF-20-1200x800-1.jpg","contentUrl":"https:\/\/news.canadamotorjobs.com\/wp-content\/uploads\/2024\/05\/2019-Nissan-LEAF-20-1200x800-1.jpg","width":1200,"height":800},{"@type":"BreadcrumbList","@id":"https:\/\/news.canadamotorjobs.com\/fr\/les-vendeurs-font-plus-dargent-quils-le-pensaient-avec-les-vehicules-electriques-doccasion\/#breadcrumb","itemListElement":[{"@type":"ListItem","position":1,"name":"Home","item":"https:\/\/news.canadamotorjobs.com\/fr\/blog\/"},{"@type":"ListItem","position":2,"name":"Les vendeurs font plus d\u2019argent qu\u2019ils le pensaient avec les v\u00e9hicules \u00e9lectriques d\u2019occasion"}]},{"@type":"WebSite","@id":"https:\/\/news.canadamotorjobs.com\/#website","url":"https:\/\/news.canadamotorjobs.com\/","name":"CanadaMotorJobs.com","description":"Automotive Jobs","publisher":{"@id":"https:\/\/news.canadamotorjobs.com\/#organization"},"potentialAction":[{"@type":"SearchAction","target":{"@type":"EntryPoint","urlTemplate":"https:\/\/news.canadamotorjobs.com\/?s={search_term_string}"},"query-input":"required name=search_term_string"}],"inLanguage":"fr-CA"},{"@type":"Organization","@id":"https:\/\/news.canadamotorjobs.com\/#organization","name":"Canada Motor Jobs","url":"https:\/\/news.canadamotorjobs.com\/","logo":{"@type":"ImageObject","inLanguage":"fr-CA","@id":"https:\/\/news.canadamotorjobs.com\/#\/schema\/logo\/image\/","url":"https:\/\/news.canadamotorjobs.com\/wp-content\/uploads\/2022\/10\/logo-canada-motor-jobs-1.png","contentUrl":"https:\/\/news.canadamotorjobs.com\/wp-content\/uploads\/2022\/10\/logo-canada-motor-jobs-1.png","width":800,"height":400,"caption":"Canada Motor Jobs"},"image":{"@id":"https:\/\/news.canadamotorjobs.com\/#\/schema\/logo\/image\/"},"sameAs":["https:\/\/www.facebook.com\/canadamotorjobs\/","https:\/\/x.com\/canadamotorjobs","https:\/\/www.instagram.com\/canadamotorjobs\/","https:\/\/www.linkedin.com\/company\/canadamotorjobs"]},{"@type":"Person","@id":"https:\/\/news.canadamotorjobs.com\/#\/schema\/person\/51793d1f87d44011d7bcc2ed99269a90","name":"Benoit Charette","image":{"@type":"ImageObject","inLanguage":"fr-CA","@id":"https:\/\/news.canadamotorjobs.com\/#\/schema\/person\/image\/","url":"https:\/\/secure.gravatar.com\/avatar\/45f3d2eebcccd909668d7ce7ea7267b6?s=96&d=mm&r=g","contentUrl":"https:\/\/secure.gravatar.com\/avatar\/45f3d2eebcccd909668d7ce7ea7267b6?s=96&d=mm&r=g","caption":"Benoit Charette"},"description":"Benoit Charette \/ Propri\u00e9taire et r\u00e9dacteur en chef Benoit Charette pratique le journalisme automobile depuis bient\u00f4t 30 ans. Il a fait ses classes au c\u00f4t\u00e9 de Daniel H\u00e9raud et au Carnet de route de 1992 \u00e0 2001. Il est fondateur, copropri\u00e9taire et r\u00e9dacteur en chef de L\u2019Annuel de l\u2019automobile, qu\u2019il publie depuis 2001. Il a anim\u00e9 les \u00e9missions RPM et RPM+ sur V et les L\u00e9gendes de la route sur Historia. \u00c0 la radio depuis 1986, il reprend l\u2019antenne cette ann\u00e9e sur les ondes de Cogeco et participe pour la deuxi\u00e8me ann\u00e9e \u00e0 l\u2019\u00e9mission Passion Auto sur RDS en plus de mettre en ligne le site Web officiel de L\u2019Annuel de l\u2019automobile sur annuelauto.ca.","sameAs":["https:\/\/annuelauto.ca\/"],"url":"https:\/\/news.canadamotorjobs.com\/fr\/author\/benoit-charette\/"}]}},"_links":{"self":[{"href":"https:\/\/news.canadamotorjobs.com\/fr\/wp-json\/wp\/v2\/posts\/165056"}],"collection":[{"href":"https:\/\/news.canadamotorjobs.com\/fr\/wp-json\/wp\/v2\/posts"}],"about":[{"href":"https:\/\/news.canadamotorjobs.com\/fr\/wp-json\/wp\/v2\/types\/post"}],"author":[{"embeddable":true,"href":"https:\/\/news.canadamotorjobs.com\/fr\/wp-json\/wp\/v2\/users\/8"}],"replies":[{"embeddable":true,"href":"https:\/\/news.canadamotorjobs.com\/fr\/wp-json\/wp\/v2\/comments?post=165056"}],"version-history":[{"count":2,"href":"https:\/\/news.canadamotorjobs.com\/fr\/wp-json\/wp\/v2\/posts\/165056\/revisions"}],"predecessor-version":[{"id":165060,"href":"https:\/\/news.canadamotorjobs.com\/fr\/wp-json\/wp\/v2\/posts\/165056\/revisions\/165060"}],"wp:featuredmedia":[{"embeddable":true,"href":"https:\/\/news.canadamotorjobs.com\/fr\/wp-json\/wp\/v2\/media\/165058"}],"wp:attachment":[{"href":"https:\/\/news.canadamotorjobs.com\/fr\/wp-json\/wp\/v2\/media?parent=165056"}],"wp:term":[{"taxonomy":"category","embeddable":true,"href":"https:\/\/news.canadamotorjobs.com\/fr\/wp-json\/wp\/v2\/categories?post=165056"},{"taxonomy":"post_tag","embeddable":true,"href":"https:\/\/news.canadamotorjobs.com\/fr\/wp-json\/wp\/v2\/tags?post=165056"}],"curies":[{"name":"wp","href":"https:\/\/api.w.org\/{rel}","templated":true}]}}