{"id":164929,"date":"2024-05-16T07:40:51","date_gmt":"2024-05-16T11:40:51","guid":{"rendered":"https:\/\/news.canadamotorjobs.com\/?p=164929"},"modified":"2024-05-16T07:43:58","modified_gmt":"2024-05-16T11:43:58","slug":"honda-augmente-son-investissement-dans-lelectrification-a-88-milliards-de-dollars-dici-2030","status":"publish","type":"post","link":"https:\/\/news.canadamotorjobs.com\/fr\/honda-augmente-son-investissement-dans-lelectrification-a-88-milliards-de-dollars-dici-2030\/","title":{"rendered":"Honda augmente son investissement dans l\u2019\u00e9lectrification \u00e0 88 milliards de dollars d\u2019ici \u00a02030"},"content":{"rendered":"<\/p>\n<p>La compagnie Honda s&#8217;est engag\u00e9 \u00e0 doubler son investissement dans l&#8217;\u00e9lectrification et les logiciels pour atteindre environ 88 milliards de dollars jusqu&#8217;\u00e0 l&#8217;ann\u00e9e fiscale 2030, a annonc\u00e9 la soci\u00e9t\u00e9 jeudi. Le PDG de Honda, Toshihiro Mibe, a d\u00e9clar\u00e9 lors d&#8217;une conf\u00e9rence de presse que le constructeur automobile pr\u00e9voyait de d\u00e9penser un total de 10 000 milliards de yens (88 milliards de dollars) dans l&#8217;\u00e9lectrification et les logiciels au cours de cette p\u00e9riode, doublant ainsi le montant annonc\u00e9 en avril 2022.<\/p>\n<h3>Priorit\u00e9s et D\u00e9fis<\/h3>\n<p>\nLe constructeur automobile, qui arrive tard dans l\u2019ar\u00e8ne des v\u00e9hicules \u00e9lectriques, a d&#8217;abord d\u00fb s&#8217;assurer de pouvoir se procurer des batteries de mani\u00e8re fiable et r\u00e9aliser des r\u00e9ductions de co\u00fbts et des am\u00e9liorations de performances avant de se concentrer sur les v\u00e9hicules d\u00e9finis par logiciel, a expliqu\u00e9 Mibe. &#8220;En ce qui concerne le renforcement du d\u00e9veloppement des logiciels, nous avons r\u00e9alis\u00e9 que le montant que nous avions fix\u00e9 il y a deux ans n&#8217;\u00e9tait tout simplement pas suffisant, alors nous avons consid\u00e9rablement augment\u00e9 cette partie&#8221;, a d\u00e9clar\u00e9 Mibe apr\u00e8s une pr\u00e9sentation ax\u00e9e principalement sur les am\u00e9liorations mat\u00e9rielles.<\/p>\n<h3>Nouveaux Mod\u00e8les et Innovations Technologiques<\/h3>\n<p>\nLes mod\u00e8les d&#8217;une s\u00e9rie de v\u00e9hicules \u00e9lectriques \u00e0 batterie que Honda commencera \u00e0 d\u00e9ployer \u00e0 partir de 2026 auront une autonomie de 482 km ou plus, a d\u00e9clar\u00e9 Mibe, promettant d&#8217;\u00e9quiper les voitures d&#8217;une batterie ultra-mince et d&#8217;un nouvel essieu \u00e9lectronique compact. Le constructeur automobile a d\u00e9clar\u00e9 qu&#8217;il visait \u00e0 r\u00e9duire les co\u00fbts de fourniture de batteries en Am\u00e9rique du Nord de plus de 20 % d&#8217;ici 2030 et \u00e0 r\u00e9duire les d\u00e9penses de production d&#8217;environ 35 %, en partie en augmentant l&#8217;int\u00e9gration des pi\u00e8ces.<\/p>\n<h3>Concurrence et Strat\u00e9gie de March\u00e9<\/h3>\n<p>\nLe deuxi\u00e8me plus grand constructeur automobile du Japon apr\u00e8s Toyota Motor a d\u00e9voil\u00e9 la s\u00e9rie de v\u00e9hicules \u00e9lectriques &#8220;Honda 0 Series&#8221; en janvier, se pr\u00e9parant \u00e0 une pouss\u00e9e \u00e0 long terme pour rattraper ses rivaux mondiaux dans la transition vers les v\u00e9hicules \u00e9lectriques. Honda fait face \u00e0 une concurrence croissante de la part de marques mondiales \u00e9tablies qui ont lanc\u00e9 des v\u00e9hicules \u00e9lectriques \u00e0 un rythme plus rapide, ainsi que d&#8217;acteurs tels que Tesla et une multitude de constructeurs chinois, dont BYD.<\/p>\n<h3>R\u00e9duction de la Main-d&#8217;\u0152uvre en Chine<\/h3>\n<p>\nLe constructeur automobile r\u00e9duit son personnel de production \u00e0 plein temps en Chine en raison de la forte concurrence, environ 1 700 travailleurs ayant accept\u00e9 de partir cette semaine, alors que les ventes de voitures diminuent sur le plus grand march\u00e9 automobile mondial. Mibe a d\u00e9clar\u00e9 que Honda pr\u00e9voit de lancer sept mod\u00e8les dans sa s\u00e9rie de v\u00e9hicules \u00e9lectriques \u00e0 l&#8217;\u00e9chelle mondiale d&#8217;ici 2030, mais a soulign\u00e9 que la diffusion des v\u00e9hicules \u00e9lectriques en Am\u00e9rique du Nord et en Europe ralentissait apr\u00e8s avoir atteint un plateau.<\/p>\n<h3>Investissements en Am\u00e9rique du Nord<\/h3>\n<p>\nHonda a d\u00e9voil\u00e9 le mois dernier des plans pour investir 11 milliards de dollars dans de nouvelles usines de production de v\u00e9hicules \u00e9lectriques et de batteries aux c\u00f4t\u00e9s des installations existantes en Ontario, au Canada, alors qu&#8217;elle se pr\u00e9pare \u00e0 s&#8217;\u00e9tendre sur le march\u00e9 nord-am\u00e9ricain.<\/p>\n<p>Avec des renseignements de Reuters<\/p>\n<p>Le texte <a rel=\"nofollow\" href=\"https:\/\/annuelauto.ca\/honda-augmente-son-investissement-dans-lelectrification-a-88-milliards-de-dollars-dici-2030\/\">Honda augmente son investissement dans l\u2019\u00e9lectrification \u00e0 88 milliards de dollars d\u2019ici \u00a02030<\/a> provient de <a rel=\"nofollow\" href=\"https:\/\/annuelauto.ca\">L&#8217;annuel de l&#8217;automobile &#8211; Actualit\u00e9 automobile<\/a><\/p>\n<p><\/p>\n","protected":false},"excerpt":{"rendered":"<p>La compagnie Honda s&#8217;est engag\u00e9 \u00e0 doubler son investissement dans l&#8217;\u00e9lectrification et les logiciels pour atteindre environ 88 milliards de dollars jusqu&#8217;\u00e0 l&#8217;ann\u00e9e fiscale 2030, a annonc\u00e9 la soci\u00e9t\u00e9 jeudi. Le PDG de Honda, Toshihiro Mibe, a d\u00e9clar\u00e9 lors d&#8217;une conf\u00e9rence de presse que le constructeur automobile pr\u00e9voyait de d\u00e9penser un total de 10 000 [&hellip;]<\/p>\n","protected":false},"author":8,"featured_media":164931,"comment_status":"close","ping_status":"closed","sticky":false,"template":"","format":"standard","meta":{"_monsterinsights_skip_tracking":false,"_monsterinsights_sitenote_active":false,"_monsterinsights_sitenote_note":"","_monsterinsights_sitenote_category":0,"footnotes":""},"categories":[101],"tags":[],"yoast_head":"<!-- This site is optimized with the Yoast SEO plugin v23.2 - https:\/\/yoast.com\/wordpress\/plugins\/seo\/ -->\n<title>Honda augmente son investissement dans l\u2019\u00e9lectrification \u00e0 88 milliards de dollars d\u2019ici \u00a02030 - CanadaMotorJobs.com<\/title>\n<meta name=\"description\" content=\"Honda augmente son investissement dans l\u2019\u00e9lectrification \u00e0 88 milliards de dollars d\u2019ici \u00a02030 - Benoit Charette - Annuel automobile - CanadaMotorJobs.com.\" \/>\n<meta name=\"robots\" content=\"index, follow, max-snippet:-1, max-image-preview:large, max-video-preview:-1\" \/>\n<meta property=\"og:locale\" content=\"fr_CA\" \/>\n<meta property=\"og:type\" content=\"article\" \/>\n<meta property=\"og:title\" content=\"Honda augmente son investissement dans l\u2019\u00e9lectrification \u00e0 88 milliards de dollars d\u2019ici \u00a02030 - CanadaMotorJobs.com\" \/>\n<meta property=\"og:description\" content=\"Honda augmente son investissement dans l\u2019\u00e9lectrification \u00e0 88 milliards de dollars d\u2019ici \u00a02030 - Benoit Charette - Annuel automobile - CanadaMotorJobs.com.\" \/>\n<meta property=\"og:url\" content=\"https:\/\/news.canadamotorjobs.com\/fr\/honda-augmente-son-investissement-dans-lelectrification-a-88-milliards-de-dollars-dici-2030\/\" \/>\n<meta property=\"og:site_name\" content=\"CanadaMotorJobs.com\" \/>\n<meta property=\"article:publisher\" content=\"https:\/\/www.facebook.com\/canadamotorjobs\/\" \/>\n<meta property=\"article:published_time\" content=\"2024-05-16T11:40:51+00:00\" \/>\n<meta property=\"article:modified_time\" content=\"2024-05-16T11:43:58+00:00\" \/>\n<meta property=\"og:image\" content=\"https:\/\/news.canadamotorjobs.com\/wp-content\/uploads\/2024\/05\/preview-928x522-1.jpg\" \/>\n\t<meta property=\"og:image:width\" content=\"928\" \/>\n\t<meta property=\"og:image:height\" content=\"491\" \/>\n\t<meta property=\"og:image:type\" content=\"image\/jpeg\" \/>\n<meta name=\"author\" content=\"Benoit Charette\" \/>\n<meta name=\"twitter:card\" content=\"summary_large_image\" \/>\n<meta name=\"twitter:creator\" content=\"@canadamotorjobs\" \/>\n<meta name=\"twitter:site\" content=\"@canadamotorjobs\" \/>\n<meta name=\"twitter:label1\" content=\"\u00c9crit par\" \/>\n\t<meta name=\"twitter:data1\" content=\"Benoit Charette\" \/>\n\t<meta name=\"twitter:label2\" content=\"Estimation du temps de lecture\" \/>\n\t<meta name=\"twitter:data2\" content=\"3 minutes\" \/>\n<!-- \/ Yoast SEO plugin. -->","yoast_head_json":{"title":"Honda augmente son investissement dans l\u2019\u00e9lectrification \u00e0 88 milliards de dollars d\u2019ici \u00a02030 - CanadaMotorJobs.com","description":"Honda augmente son investissement dans l\u2019\u00e9lectrification \u00e0 88 milliards de dollars d\u2019ici \u00a02030 - Benoit Charette - Annuel automobile - CanadaMotorJobs.com.","robots":{"index":"index","follow":"follow","max-snippet":"max-snippet:-1","max-image-preview":"max-image-preview:large","max-video-preview":"max-video-preview:-1"},"og_locale":"fr_CA","og_type":"article","og_title":"Honda augmente son investissement dans l\u2019\u00e9lectrification \u00e0 88 milliards de dollars d\u2019ici \u00a02030 - CanadaMotorJobs.com","og_description":"Honda augmente son investissement dans l\u2019\u00e9lectrification \u00e0 88 milliards de dollars d\u2019ici \u00a02030 - Benoit Charette - Annuel automobile - CanadaMotorJobs.com.","og_url":"https:\/\/news.canadamotorjobs.com\/fr\/honda-augmente-son-investissement-dans-lelectrification-a-88-milliards-de-dollars-dici-2030\/","og_site_name":"CanadaMotorJobs.com","article_publisher":"https:\/\/www.facebook.com\/canadamotorjobs\/","article_published_time":"2024-05-16T11:40:51+00:00","article_modified_time":"2024-05-16T11:43:58+00:00","og_image":[{"width":928,"height":491,"url":"https:\/\/news.canadamotorjobs.com\/wp-content\/uploads\/2024\/05\/preview-928x522-1.jpg","type":"image\/jpeg"}],"author":"Benoit Charette","twitter_card":"summary_large_image","twitter_creator":"@canadamotorjobs","twitter_site":"@canadamotorjobs","twitter_misc":{"\u00c9crit par":"Benoit Charette","Estimation du temps de lecture":"3 minutes"},"schema":{"@context":"https:\/\/schema.org","@graph":[{"@type":"Article","@id":"https:\/\/news.canadamotorjobs.com\/fr\/honda-augmente-son-investissement-dans-lelectrification-a-88-milliards-de-dollars-dici-2030\/#article","isPartOf":{"@id":"https:\/\/news.canadamotorjobs.com\/fr\/honda-augmente-son-investissement-dans-lelectrification-a-88-milliards-de-dollars-dici-2030\/"},"author":{"name":"Benoit Charette","@id":"https:\/\/news.canadamotorjobs.com\/#\/schema\/person\/51793d1f87d44011d7bcc2ed99269a90"},"headline":"Honda augmente son investissement dans l\u2019\u00e9lectrification \u00e0 88 milliards de dollars d\u2019ici \u00a02030","datePublished":"2024-05-16T11:40:51+00:00","dateModified":"2024-05-16T11:43:58+00:00","mainEntityOfPage":{"@id":"https:\/\/news.canadamotorjobs.com\/fr\/honda-augmente-son-investissement-dans-lelectrification-a-88-milliards-de-dollars-dici-2030\/"},"wordCount":599,"publisher":{"@id":"https:\/\/news.canadamotorjobs.com\/#organization"},"image":{"@id":"https:\/\/news.canadamotorjobs.com\/fr\/honda-augmente-son-investissement-dans-lelectrification-a-88-milliards-de-dollars-dici-2030\/#primaryimage"},"thumbnailUrl":"https:\/\/news.canadamotorjobs.com\/wp-content\/uploads\/2024\/05\/preview-928x522-1.jpg","articleSection":["Annuel automobile"],"inLanguage":"fr-CA"},{"@type":"WebPage","@id":"https:\/\/news.canadamotorjobs.com\/fr\/honda-augmente-son-investissement-dans-lelectrification-a-88-milliards-de-dollars-dici-2030\/","url":"https:\/\/news.canadamotorjobs.com\/fr\/honda-augmente-son-investissement-dans-lelectrification-a-88-milliards-de-dollars-dici-2030\/","name":"Honda augmente son investissement dans l\u2019\u00e9lectrification \u00e0 88 milliards de dollars d\u2019ici \u00a02030 - CanadaMotorJobs.com","isPartOf":{"@id":"https:\/\/news.canadamotorjobs.com\/#website"},"primaryImageOfPage":{"@id":"https:\/\/news.canadamotorjobs.com\/fr\/honda-augmente-son-investissement-dans-lelectrification-a-88-milliards-de-dollars-dici-2030\/#primaryimage"},"image":{"@id":"https:\/\/news.canadamotorjobs.com\/fr\/honda-augmente-son-investissement-dans-lelectrification-a-88-milliards-de-dollars-dici-2030\/#primaryimage"},"thumbnailUrl":"https:\/\/news.canadamotorjobs.com\/wp-content\/uploads\/2024\/05\/preview-928x522-1.jpg","datePublished":"2024-05-16T11:40:51+00:00","dateModified":"2024-05-16T11:43:58+00:00","description":"Honda augmente son investissement dans l\u2019\u00e9lectrification \u00e0 88 milliards de dollars d\u2019ici \u00a02030 - Benoit Charette - Annuel automobile - CanadaMotorJobs.com.","breadcrumb":{"@id":"https:\/\/news.canadamotorjobs.com\/fr\/honda-augmente-son-investissement-dans-lelectrification-a-88-milliards-de-dollars-dici-2030\/#breadcrumb"},"inLanguage":"fr-CA","potentialAction":[{"@type":"ReadAction","target":["https:\/\/news.canadamotorjobs.com\/fr\/honda-augmente-son-investissement-dans-lelectrification-a-88-milliards-de-dollars-dici-2030\/"]}]},{"@type":"ImageObject","inLanguage":"fr-CA","@id":"https:\/\/news.canadamotorjobs.com\/fr\/honda-augmente-son-investissement-dans-lelectrification-a-88-milliards-de-dollars-dici-2030\/#primaryimage","url":"https:\/\/news.canadamotorjobs.com\/wp-content\/uploads\/2024\/05\/preview-928x522-1.jpg","contentUrl":"https:\/\/news.canadamotorjobs.com\/wp-content\/uploads\/2024\/05\/preview-928x522-1.jpg","width":928,"height":491},{"@type":"BreadcrumbList","@id":"https:\/\/news.canadamotorjobs.com\/fr\/honda-augmente-son-investissement-dans-lelectrification-a-88-milliards-de-dollars-dici-2030\/#breadcrumb","itemListElement":[{"@type":"ListItem","position":1,"name":"Home","item":"https:\/\/news.canadamotorjobs.com\/fr\/blog\/"},{"@type":"ListItem","position":2,"name":"Honda augmente son investissement dans l\u2019\u00e9lectrification \u00e0 88 milliards de dollars d\u2019ici \u00a02030"}]},{"@type":"WebSite","@id":"https:\/\/news.canadamotorjobs.com\/#website","url":"https:\/\/news.canadamotorjobs.com\/","name":"CanadaMotorJobs.com","description":"Automotive Jobs","publisher":{"@id":"https:\/\/news.canadamotorjobs.com\/#organization"},"potentialAction":[{"@type":"SearchAction","target":{"@type":"EntryPoint","urlTemplate":"https:\/\/news.canadamotorjobs.com\/?s={search_term_string}"},"query-input":"required name=search_term_string"}],"inLanguage":"fr-CA"},{"@type":"Organization","@id":"https:\/\/news.canadamotorjobs.com\/#organization","name":"Canada Motor Jobs","url":"https:\/\/news.canadamotorjobs.com\/","logo":{"@type":"ImageObject","inLanguage":"fr-CA","@id":"https:\/\/news.canadamotorjobs.com\/#\/schema\/logo\/image\/","url":"https:\/\/news.canadamotorjobs.com\/wp-content\/uploads\/2022\/10\/logo-canada-motor-jobs-1.png","contentUrl":"https:\/\/news.canadamotorjobs.com\/wp-content\/uploads\/2022\/10\/logo-canada-motor-jobs-1.png","width":800,"height":400,"caption":"Canada Motor Jobs"},"image":{"@id":"https:\/\/news.canadamotorjobs.com\/#\/schema\/logo\/image\/"},"sameAs":["https:\/\/www.facebook.com\/canadamotorjobs\/","https:\/\/x.com\/canadamotorjobs","https:\/\/www.instagram.com\/canadamotorjobs\/","https:\/\/www.linkedin.com\/company\/canadamotorjobs"]},{"@type":"Person","@id":"https:\/\/news.canadamotorjobs.com\/#\/schema\/person\/51793d1f87d44011d7bcc2ed99269a90","name":"Benoit Charette","image":{"@type":"ImageObject","inLanguage":"fr-CA","@id":"https:\/\/news.canadamotorjobs.com\/#\/schema\/person\/image\/","url":"https:\/\/secure.gravatar.com\/avatar\/45f3d2eebcccd909668d7ce7ea7267b6?s=96&d=mm&r=g","contentUrl":"https:\/\/secure.gravatar.com\/avatar\/45f3d2eebcccd909668d7ce7ea7267b6?s=96&d=mm&r=g","caption":"Benoit Charette"},"description":"Benoit Charette \/ Propri\u00e9taire et r\u00e9dacteur en chef Benoit Charette pratique le journalisme automobile depuis bient\u00f4t 30 ans. Il a fait ses classes au c\u00f4t\u00e9 de Daniel H\u00e9raud et au Carnet de route de 1992 \u00e0 2001. Il est fondateur, copropri\u00e9taire et r\u00e9dacteur en chef de L\u2019Annuel de l\u2019automobile, qu\u2019il publie depuis 2001. Il a anim\u00e9 les \u00e9missions RPM et RPM+ sur V et les L\u00e9gendes de la route sur Historia. \u00c0 la radio depuis 1986, il reprend l\u2019antenne cette ann\u00e9e sur les ondes de Cogeco et participe pour la deuxi\u00e8me ann\u00e9e \u00e0 l\u2019\u00e9mission Passion Auto sur RDS en plus de mettre en ligne le site Web officiel de L\u2019Annuel de l\u2019automobile sur annuelauto.ca.","sameAs":["https:\/\/annuelauto.ca\/"],"url":"https:\/\/news.canadamotorjobs.com\/fr\/author\/benoit-charette\/"}]}},"_links":{"self":[{"href":"https:\/\/news.canadamotorjobs.com\/fr\/wp-json\/wp\/v2\/posts\/164929"}],"collection":[{"href":"https:\/\/news.canadamotorjobs.com\/fr\/wp-json\/wp\/v2\/posts"}],"about":[{"href":"https:\/\/news.canadamotorjobs.com\/fr\/wp-json\/wp\/v2\/types\/post"}],"author":[{"embeddable":true,"href":"https:\/\/news.canadamotorjobs.com\/fr\/wp-json\/wp\/v2\/users\/8"}],"replies":[{"embeddable":true,"href":"https:\/\/news.canadamotorjobs.com\/fr\/wp-json\/wp\/v2\/comments?post=164929"}],"version-history":[{"count":2,"href":"https:\/\/news.canadamotorjobs.com\/fr\/wp-json\/wp\/v2\/posts\/164929\/revisions"}],"predecessor-version":[{"id":164933,"href":"https:\/\/news.canadamotorjobs.com\/fr\/wp-json\/wp\/v2\/posts\/164929\/revisions\/164933"}],"wp:featuredmedia":[{"embeddable":true,"href":"https:\/\/news.canadamotorjobs.com\/fr\/wp-json\/wp\/v2\/media\/164931"}],"wp:attachment":[{"href":"https:\/\/news.canadamotorjobs.com\/fr\/wp-json\/wp\/v2\/media?parent=164929"}],"wp:term":[{"taxonomy":"category","embeddable":true,"href":"https:\/\/news.canadamotorjobs.com\/fr\/wp-json\/wp\/v2\/categories?post=164929"},{"taxonomy":"post_tag","embeddable":true,"href":"https:\/\/news.canadamotorjobs.com\/fr\/wp-json\/wp\/v2\/tags?post=164929"}],"curies":[{"name":"wp","href":"https:\/\/api.w.org\/{rel}","templated":true}]}}