{"id":164851,"date":"2024-05-14T06:35:24","date_gmt":"2024-05-14T10:35:24","guid":{"rendered":"https:\/\/news.canadamotorjobs.com\/?p=164851"},"modified":"2024-05-14T06:48:25","modified_gmt":"2024-05-14T10:48:25","slug":"fortes-augmentation-des-tarifs-sur-les-importations-chinoise-aux-etats-unis","status":"publish","type":"post","link":"https:\/\/news.canadamotorjobs.com\/fr\/fortes-augmentation-des-tarifs-sur-les-importations-chinoise-aux-etats-unis\/","title":{"rendered":"Fortes augmentation des tarifs sur les importations chinoise aux \u00c9tats-Unis"},"content":{"rendered":"<\/p>\n<p>Le pr\u00e9sident am\u00e9ricain Joe Biden a d\u00e9voil\u00e9 mardi un ensemble de fortes augmentations tarifaires sur une gamme d&#8217;importations chinoises, y compris les v\u00e9hicules \u00e9lectriques, les puces informatiques et les produits m\u00e9dicaux, risquant une confrontation avec Beijing en cette ann\u00e9e \u00e9lectorale pour s\u00e9duire les \u00e9lecteurs qui donnent de mauvaises notes \u00e0 ses politiques \u00e9conomiques.<\/p>\n<h3>De 25 \u00e0 100 %<\/h3>\n<p>\nDans le cadre de la mise \u00e0 jour tarifaire tant attendue, Biden augmentera cette ann\u00e9e les tarifs en vertu de l&#8217;article 301 de la loi sur le commerce de 1974 de 25 % \u00e0 100 % sur les v\u00e9hicules \u00e9lectriques, de 7,5 % \u00e0 25 % sur les batteries lithium-ion pour v\u00e9hicules \u00e9lectriques et autres pi\u00e8ces de batterie, et de 25 % \u00e0 50 % sur les cellules photovolta\u00efques utilis\u00e9es pour fabriquer des panneaux solaires. Certains &#8220;min\u00e9raux critiques&#8221; verront leurs tarifs augmenter de rien \u00e0 25 %.<\/p>\n<h3>18 milliards de biens<\/h3>\n<p>\nLes nouvelles mesures affectent 18 milliards de dollars de biens import\u00e9s de Chine, notamment l&#8217;acier et l&#8217;aluminium, les semi-conducteurs, les batteries, les min\u00e9raux critiques, les cellules solaires et les grues, a d\u00e9clar\u00e9 la Maison Blanche. L&#8217;annonce confirme les informations pr\u00e9c\u00e9demment rapport\u00e9es par Reuters.<\/p>\n<h3>Fin du libre-\u00e9change<\/h3>\n<p>\nLes analystes ont averti qu&#8217;un diff\u00e9rend commercial pourrait augmenter les co\u00fbts des v\u00e9hicules \u00e9lectriques dans l&#8217;ensemble, nuisant aux objectifs climatiques de Biden et \u00e0 son objectif de cr\u00e9er des emplois manufacturiers. Biden a d\u00e9clar\u00e9 qu&#8217;il voulait remporter cette \u00e8re de concurrence avec la Chine, mais pas lancer une guerre commerciale qui pourrait nuire aux \u00e9conomies mutuellement d\u00e9pendantes. Il a travaill\u00e9 ces derniers mois pour apaiser les tensions lors d&#8217;entretiens en t\u00eate-\u00e0-t\u00eate avec le pr\u00e9sident chinois Xi Jinping. La Chine a d\u00e9clar\u00e9 que les tarifs sont contre-productifs et risquent d&#8217;enflammer les tensions. L&#8217;imposition plus large de tarifs par Trump pendant sa pr\u00e9sidence de 2017 \u00e0 2021 a d\u00e9clench\u00e9 une guerre tarifaire avec la Chine.<\/p>\n<h3>Et ce n\u2019est pas fini<\/h3>\n<p>\nD&#8217;autres tarifs suivront en 2025 et 2026 sur les semi-conducteurs, dont le taux de tarif doublera pour atteindre 50 %, ainsi que sur les batteries lithium-ion non utilis\u00e9es dans les v\u00e9hicules \u00e9lectifs, le graphite et les aimants permanents. Rien de tout cela au Canada pour l&#8217;instant<\/p>\n<p>\u00a0<\/p>\n<p>Le texte <a rel=\"nofollow\" href=\"https:\/\/annuelauto.ca\/fortes-augmentation-des-tarifs-sur-les-importations-chinoise-aux-etats-unis\/\">Fortes augmentation des tarifs sur les importations chinoise aux \u00c9tats-Unis<\/a> provient de <a rel=\"nofollow\" href=\"https:\/\/annuelauto.ca\">L&#8217;annuel de l&#8217;automobile &#8211; Actualit\u00e9 automobile<\/a><\/p>\n<p><\/p>\n","protected":false},"excerpt":{"rendered":"<p>Le pr\u00e9sident am\u00e9ricain Joe Biden a d\u00e9voil\u00e9 mardi un ensemble de fortes augmentations tarifaires sur une gamme d&#8217;importations chinoises, y compris les v\u00e9hicules \u00e9lectriques, les puces informatiques et les produits m\u00e9dicaux, risquant une confrontation avec Beijing en cette ann\u00e9e \u00e9lectorale pour s\u00e9duire les \u00e9lecteurs qui donnent de mauvaises notes \u00e0 ses politiques \u00e9conomiques. De 25 [&hellip;]<\/p>\n","protected":false},"author":8,"featured_media":164853,"comment_status":"close","ping_status":"closed","sticky":false,"template":"","format":"standard","meta":{"_monsterinsights_skip_tracking":false,"_monsterinsights_sitenote_active":false,"_monsterinsights_sitenote_note":"","_monsterinsights_sitenote_category":0,"footnotes":""},"categories":[101],"tags":[],"yoast_head":"<!-- This site is optimized with the Yoast SEO plugin v23.2 - https:\/\/yoast.com\/wordpress\/plugins\/seo\/ -->\n<title>Fortes augmentation des tarifs sur les importations chinoise aux \u00c9tats-Unis - CanadaMotorJobs.com<\/title>\n<meta name=\"description\" content=\"Fortes augmentation des tarifs sur les importations chinoise aux \u00c9tats-Unis - Benoit Charette - Annuel automobile - CanadaMotorJobs.com.\" \/>\n<meta name=\"robots\" content=\"index, follow, max-snippet:-1, max-image-preview:large, max-video-preview:-1\" \/>\n<meta property=\"og:locale\" content=\"fr_CA\" \/>\n<meta property=\"og:type\" content=\"article\" \/>\n<meta property=\"og:title\" content=\"Fortes augmentation des tarifs sur les importations chinoise aux \u00c9tats-Unis - CanadaMotorJobs.com\" \/>\n<meta property=\"og:description\" content=\"Fortes augmentation des tarifs sur les importations chinoise aux \u00c9tats-Unis - Benoit Charette - Annuel automobile - CanadaMotorJobs.com.\" \/>\n<meta property=\"og:url\" content=\"https:\/\/news.canadamotorjobs.com\/fr\/fortes-augmentation-des-tarifs-sur-les-importations-chinoise-aux-etats-unis\/\" \/>\n<meta property=\"og:site_name\" content=\"CanadaMotorJobs.com\" \/>\n<meta property=\"article:publisher\" content=\"https:\/\/www.facebook.com\/canadamotorjobs\/\" \/>\n<meta property=\"article:published_time\" content=\"2024-05-14T10:35:24+00:00\" \/>\n<meta property=\"article:modified_time\" content=\"2024-05-14T10:48:25+00:00\" \/>\n<meta property=\"og:image\" content=\"https:\/\/news.canadamotorjobs.com\/wp-content\/uploads\/2024\/05\/2024-chevrolet-equinox-ev-104-1662585429-scaled-1.jpg\" \/>\n\t<meta property=\"og:image:width\" content=\"2560\" \/>\n\t<meta property=\"og:image:height\" content=\"1707\" \/>\n\t<meta property=\"og:image:type\" content=\"image\/jpeg\" \/>\n<meta name=\"author\" content=\"Benoit Charette\" \/>\n<meta name=\"twitter:card\" content=\"summary_large_image\" \/>\n<meta name=\"twitter:creator\" content=\"@canadamotorjobs\" \/>\n<meta name=\"twitter:site\" content=\"@canadamotorjobs\" \/>\n<meta name=\"twitter:label1\" content=\"\u00c9crit par\" \/>\n\t<meta name=\"twitter:data1\" content=\"Benoit Charette\" \/>\n\t<meta name=\"twitter:label2\" content=\"Estimation du temps de lecture\" \/>\n\t<meta name=\"twitter:data2\" content=\"2 minutes\" \/>\n<!-- \/ Yoast SEO plugin. -->","yoast_head_json":{"title":"Fortes augmentation des tarifs sur les importations chinoise aux \u00c9tats-Unis - CanadaMotorJobs.com","description":"Fortes augmentation des tarifs sur les importations chinoise aux \u00c9tats-Unis - Benoit Charette - Annuel automobile - CanadaMotorJobs.com.","robots":{"index":"index","follow":"follow","max-snippet":"max-snippet:-1","max-image-preview":"max-image-preview:large","max-video-preview":"max-video-preview:-1"},"og_locale":"fr_CA","og_type":"article","og_title":"Fortes augmentation des tarifs sur les importations chinoise aux \u00c9tats-Unis - CanadaMotorJobs.com","og_description":"Fortes augmentation des tarifs sur les importations chinoise aux \u00c9tats-Unis - Benoit Charette - Annuel automobile - CanadaMotorJobs.com.","og_url":"https:\/\/news.canadamotorjobs.com\/fr\/fortes-augmentation-des-tarifs-sur-les-importations-chinoise-aux-etats-unis\/","og_site_name":"CanadaMotorJobs.com","article_publisher":"https:\/\/www.facebook.com\/canadamotorjobs\/","article_published_time":"2024-05-14T10:35:24+00:00","article_modified_time":"2024-05-14T10:48:25+00:00","og_image":[{"width":2560,"height":1707,"url":"https:\/\/news.canadamotorjobs.com\/wp-content\/uploads\/2024\/05\/2024-chevrolet-equinox-ev-104-1662585429-scaled-1.jpg","type":"image\/jpeg"}],"author":"Benoit Charette","twitter_card":"summary_large_image","twitter_creator":"@canadamotorjobs","twitter_site":"@canadamotorjobs","twitter_misc":{"\u00c9crit par":"Benoit Charette","Estimation du temps de lecture":"2 minutes"},"schema":{"@context":"https:\/\/schema.org","@graph":[{"@type":"Article","@id":"https:\/\/news.canadamotorjobs.com\/fr\/fortes-augmentation-des-tarifs-sur-les-importations-chinoise-aux-etats-unis\/#article","isPartOf":{"@id":"https:\/\/news.canadamotorjobs.com\/fr\/fortes-augmentation-des-tarifs-sur-les-importations-chinoise-aux-etats-unis\/"},"author":{"name":"Benoit Charette","@id":"https:\/\/news.canadamotorjobs.com\/#\/schema\/person\/51793d1f87d44011d7bcc2ed99269a90"},"headline":"Fortes augmentation des tarifs sur les importations chinoise aux \u00c9tats-Unis","datePublished":"2024-05-14T10:35:24+00:00","dateModified":"2024-05-14T10:48:25+00:00","mainEntityOfPage":{"@id":"https:\/\/news.canadamotorjobs.com\/fr\/fortes-augmentation-des-tarifs-sur-les-importations-chinoise-aux-etats-unis\/"},"wordCount":405,"publisher":{"@id":"https:\/\/news.canadamotorjobs.com\/#organization"},"image":{"@id":"https:\/\/news.canadamotorjobs.com\/fr\/fortes-augmentation-des-tarifs-sur-les-importations-chinoise-aux-etats-unis\/#primaryimage"},"thumbnailUrl":"https:\/\/news.canadamotorjobs.com\/wp-content\/uploads\/2024\/05\/2024-chevrolet-equinox-ev-104-1662585429-scaled-1.jpg","articleSection":["Annuel automobile"],"inLanguage":"fr-CA"},{"@type":"WebPage","@id":"https:\/\/news.canadamotorjobs.com\/fr\/fortes-augmentation-des-tarifs-sur-les-importations-chinoise-aux-etats-unis\/","url":"https:\/\/news.canadamotorjobs.com\/fr\/fortes-augmentation-des-tarifs-sur-les-importations-chinoise-aux-etats-unis\/","name":"Fortes augmentation des tarifs sur les importations chinoise aux \u00c9tats-Unis - CanadaMotorJobs.com","isPartOf":{"@id":"https:\/\/news.canadamotorjobs.com\/#website"},"primaryImageOfPage":{"@id":"https:\/\/news.canadamotorjobs.com\/fr\/fortes-augmentation-des-tarifs-sur-les-importations-chinoise-aux-etats-unis\/#primaryimage"},"image":{"@id":"https:\/\/news.canadamotorjobs.com\/fr\/fortes-augmentation-des-tarifs-sur-les-importations-chinoise-aux-etats-unis\/#primaryimage"},"thumbnailUrl":"https:\/\/news.canadamotorjobs.com\/wp-content\/uploads\/2024\/05\/2024-chevrolet-equinox-ev-104-1662585429-scaled-1.jpg","datePublished":"2024-05-14T10:35:24+00:00","dateModified":"2024-05-14T10:48:25+00:00","description":"Fortes augmentation des tarifs sur les importations chinoise aux \u00c9tats-Unis - Benoit Charette - Annuel automobile - CanadaMotorJobs.com.","breadcrumb":{"@id":"https:\/\/news.canadamotorjobs.com\/fr\/fortes-augmentation-des-tarifs-sur-les-importations-chinoise-aux-etats-unis\/#breadcrumb"},"inLanguage":"fr-CA","potentialAction":[{"@type":"ReadAction","target":["https:\/\/news.canadamotorjobs.com\/fr\/fortes-augmentation-des-tarifs-sur-les-importations-chinoise-aux-etats-unis\/"]}]},{"@type":"ImageObject","inLanguage":"fr-CA","@id":"https:\/\/news.canadamotorjobs.com\/fr\/fortes-augmentation-des-tarifs-sur-les-importations-chinoise-aux-etats-unis\/#primaryimage","url":"https:\/\/news.canadamotorjobs.com\/wp-content\/uploads\/2024\/05\/2024-chevrolet-equinox-ev-104-1662585429-scaled-1.jpg","contentUrl":"https:\/\/news.canadamotorjobs.com\/wp-content\/uploads\/2024\/05\/2024-chevrolet-equinox-ev-104-1662585429-scaled-1.jpg","width":2560,"height":1707},{"@type":"BreadcrumbList","@id":"https:\/\/news.canadamotorjobs.com\/fr\/fortes-augmentation-des-tarifs-sur-les-importations-chinoise-aux-etats-unis\/#breadcrumb","itemListElement":[{"@type":"ListItem","position":1,"name":"Home","item":"https:\/\/news.canadamotorjobs.com\/fr\/blog\/"},{"@type":"ListItem","position":2,"name":"Fortes augmentation des tarifs sur les importations chinoise aux \u00c9tats-Unis"}]},{"@type":"WebSite","@id":"https:\/\/news.canadamotorjobs.com\/#website","url":"https:\/\/news.canadamotorjobs.com\/","name":"CanadaMotorJobs.com","description":"Automotive Jobs","publisher":{"@id":"https:\/\/news.canadamotorjobs.com\/#organization"},"potentialAction":[{"@type":"SearchAction","target":{"@type":"EntryPoint","urlTemplate":"https:\/\/news.canadamotorjobs.com\/?s={search_term_string}"},"query-input":"required name=search_term_string"}],"inLanguage":"fr-CA"},{"@type":"Organization","@id":"https:\/\/news.canadamotorjobs.com\/#organization","name":"Canada Motor Jobs","url":"https:\/\/news.canadamotorjobs.com\/","logo":{"@type":"ImageObject","inLanguage":"fr-CA","@id":"https:\/\/news.canadamotorjobs.com\/#\/schema\/logo\/image\/","url":"https:\/\/news.canadamotorjobs.com\/wp-content\/uploads\/2022\/10\/logo-canada-motor-jobs-1.png","contentUrl":"https:\/\/news.canadamotorjobs.com\/wp-content\/uploads\/2022\/10\/logo-canada-motor-jobs-1.png","width":800,"height":400,"caption":"Canada Motor Jobs"},"image":{"@id":"https:\/\/news.canadamotorjobs.com\/#\/schema\/logo\/image\/"},"sameAs":["https:\/\/www.facebook.com\/canadamotorjobs\/","https:\/\/x.com\/canadamotorjobs","https:\/\/www.instagram.com\/canadamotorjobs\/","https:\/\/www.linkedin.com\/company\/canadamotorjobs"]},{"@type":"Person","@id":"https:\/\/news.canadamotorjobs.com\/#\/schema\/person\/51793d1f87d44011d7bcc2ed99269a90","name":"Benoit Charette","image":{"@type":"ImageObject","inLanguage":"fr-CA","@id":"https:\/\/news.canadamotorjobs.com\/#\/schema\/person\/image\/","url":"https:\/\/secure.gravatar.com\/avatar\/45f3d2eebcccd909668d7ce7ea7267b6?s=96&d=mm&r=g","contentUrl":"https:\/\/secure.gravatar.com\/avatar\/45f3d2eebcccd909668d7ce7ea7267b6?s=96&d=mm&r=g","caption":"Benoit Charette"},"description":"Benoit Charette \/ Propri\u00e9taire et r\u00e9dacteur en chef Benoit Charette pratique le journalisme automobile depuis bient\u00f4t 30 ans. Il a fait ses classes au c\u00f4t\u00e9 de Daniel H\u00e9raud et au Carnet de route de 1992 \u00e0 2001. Il est fondateur, copropri\u00e9taire et r\u00e9dacteur en chef de L\u2019Annuel de l\u2019automobile, qu\u2019il publie depuis 2001. Il a anim\u00e9 les \u00e9missions RPM et RPM+ sur V et les L\u00e9gendes de la route sur Historia. \u00c0 la radio depuis 1986, il reprend l\u2019antenne cette ann\u00e9e sur les ondes de Cogeco et participe pour la deuxi\u00e8me ann\u00e9e \u00e0 l\u2019\u00e9mission Passion Auto sur RDS en plus de mettre en ligne le site Web officiel de L\u2019Annuel de l\u2019automobile sur annuelauto.ca.","sameAs":["https:\/\/annuelauto.ca\/"],"url":"https:\/\/news.canadamotorjobs.com\/fr\/author\/benoit-charette\/"}]}},"_links":{"self":[{"href":"https:\/\/news.canadamotorjobs.com\/fr\/wp-json\/wp\/v2\/posts\/164851"}],"collection":[{"href":"https:\/\/news.canadamotorjobs.com\/fr\/wp-json\/wp\/v2\/posts"}],"about":[{"href":"https:\/\/news.canadamotorjobs.com\/fr\/wp-json\/wp\/v2\/types\/post"}],"author":[{"embeddable":true,"href":"https:\/\/news.canadamotorjobs.com\/fr\/wp-json\/wp\/v2\/users\/8"}],"replies":[{"embeddable":true,"href":"https:\/\/news.canadamotorjobs.com\/fr\/wp-json\/wp\/v2\/comments?post=164851"}],"version-history":[{"count":2,"href":"https:\/\/news.canadamotorjobs.com\/fr\/wp-json\/wp\/v2\/posts\/164851\/revisions"}],"predecessor-version":[{"id":164855,"href":"https:\/\/news.canadamotorjobs.com\/fr\/wp-json\/wp\/v2\/posts\/164851\/revisions\/164855"}],"wp:featuredmedia":[{"embeddable":true,"href":"https:\/\/news.canadamotorjobs.com\/fr\/wp-json\/wp\/v2\/media\/164853"}],"wp:attachment":[{"href":"https:\/\/news.canadamotorjobs.com\/fr\/wp-json\/wp\/v2\/media?parent=164851"}],"wp:term":[{"taxonomy":"category","embeddable":true,"href":"https:\/\/news.canadamotorjobs.com\/fr\/wp-json\/wp\/v2\/categories?post=164851"},{"taxonomy":"post_tag","embeddable":true,"href":"https:\/\/news.canadamotorjobs.com\/fr\/wp-json\/wp\/v2\/tags?post=164851"}],"curies":[{"name":"wp","href":"https:\/\/api.w.org\/{rel}","templated":true}]}}