{"id":164824,"date":"2024-05-13T12:02:22","date_gmt":"2024-05-13T16:02:22","guid":{"rendered":"https:\/\/news.canadamotorjobs.com\/?p=164824"},"modified":"2024-05-13T12:15:05","modified_gmt":"2024-05-13T16:15:05","slug":"chevrolet-annonce-les-prix-des-modeles-equinox-a-essence-2025","status":"publish","type":"post","link":"https:\/\/news.canadamotorjobs.com\/fr\/chevrolet-annonce-les-prix-des-modeles-equinox-a-essence-2025\/","title":{"rendered":"Chevrolet annonce les prix des mod\u00e8les Equinox \u00e0 essence 2025"},"content":{"rendered":"<\/p>\n<p>Le PDSF du Chevrolet Equinox \u00e0 essence 2025 commence \u00e0 32 599 $ (tout compris \u00e0 partir de 35 470 $) pour le mod\u00e8le LT \u00e0 traction. Vous avez aussi les mod\u00e8les ACTIV et RS. Vous avec un centre d&#8217;informations conducteur de 11 pouces et un \u00e9cran d&#8217;info-divertissement de 11,3 pouces de s\u00e9rie, ainsi qu&#8217;un nouveau s\u00e9lecteur \u00e9lectronique de gamme de transmission sur la colonne de direction.<\/p>\n<h3>Liste compl\u00e8te des prix 2025<\/h3>\n<p>\nLT FWD\u00a0: \u00a0\u00a0\u00a0\u00a0\u00a0\u00a0\u00a0 35 470 $<\/p>\n<p>LT AWD\u00a0: \u00a0\u00a0\u00a0\u00a0\u00a0\u00a0\u00a0 37 770 $<\/p>\n<p>ACTIV AWD\u00a0:\u00a0\u00a0 42 570 $<\/p>\n<p>RS AWD\u00a0: \u00a0\u00a0\u00a0\u00a0\u00a0\u00a0\u00a0 42 570 $<\/p>\n<h3>Caract\u00e9ristiques du mod\u00e8le Activ<\/h3>\n<p>\nLe mod\u00e8le ACTIV est dot\u00e9 d&#8217;un bouclier avant unique et d&#8217;\u00e9l\u00e9ments de style qui cr\u00e9ent et accentuent l&#8217;aspect hors route, de pneus tout-terrain et d&#8217;un toit blanc livrable en option pour une finition deux tons. L&#8217;\u00e9quipement suppl\u00e9mentaire de l&#8217;ACTIV comprend :<\/p>\n<p>ACTIV brod\u00e9 sur les appuis-t\u00eate des si\u00e8ges conducteur et passager<\/p>\n<p>Bouclier avant robuste avec inserts de calandre verticaux<\/p>\n<p>Inscriptions noires<\/p>\n<p>Jantes de 17 pouces en aluminium usin\u00e9<\/p>\n<p>Th\u00e8me int\u00e9rieur sucre d&#8217;\u00e9rable et noir, avec surfaces de si\u00e8ges Evotex\u2122 et microfibres suit\u00e9es de qualit\u00e9 sup\u00e9rieure.<\/p>\n<p>Volant chauffant et si\u00e8ges avant chauffants de s\u00e9rie, avec en option des si\u00e8ges avant ventil\u00e9s et des si\u00e8ges lat\u00e9raux arri\u00e8re chauffants, et personnalisation du si\u00e8ge conducteur \u00e0 m\u00e9moire pour ACTIV et RS.<\/p>\n<p>Au Canada, la transmission int\u00e9grale est de s\u00e9rie pour la ACTIV<\/p>\n<h3>Caract\u00e9ristiques du mod\u00e8le RS<\/h3>\n<p>\nLa RS offre un design sportif<\/p>\n<p>L&#8217;\u00e9quipement RS comprend :<\/p>\n<p>RS&#8221; en relief sur les appuis-t\u00eate de la rang\u00e9e avant<\/p>\n<p>Finition brillante de la calandre et du bouclier inf\u00e9rieur<\/p>\n<p>Volant chauffant \u00e0 fond plat<\/p>\n<p>Jantes de 19 pouces en aluminium usin\u00e9 Carbon Flash de s\u00e9rie<\/p>\n<p>Embl\u00e8mes et coques de r\u00e9troviseurs noirs avec toit bicolore noir en option<\/p>\n<p>Surpiq\u00fbres distinctives rouge torche et bleu santorini sur les si\u00e8ges Evotex\u2122.<\/p>\n<p>Au Canada, la transmission int\u00e9grale est de s\u00e9rie pour la RS<\/p>\n<p>\u00a0<\/p>\n<p>Chevrolet a commenc\u00e9 \u00e0 commander l&#8217;Equinox 2025 aupr\u00e8s des concessionnaires et commencera \u00e0 le livrer aux clients dans le courant de l&#8217;ann\u00e9e.<\/p>\n<p>\u00a0<\/p>\n<p>\u00a0<\/p>\n<p>\u00a0<\/p>\n<p>Le texte <a rel=\"nofollow\" href=\"https:\/\/annuelauto.ca\/chevroolet-annonce-les-prix-des-modeles-equinox-a-essence-2025\/\">Chevrolet annonce les prix des mod\u00e8les Equinox \u00e0 essence 2025<\/a> provient de <a rel=\"nofollow\" href=\"https:\/\/annuelauto.ca\">L&#8217;annuel de l&#8217;automobile &#8211; Actualit\u00e9 automobile<\/a><\/p>\n<p><\/p>\n","protected":false},"excerpt":{"rendered":"<p>Le PDSF du Chevrolet Equinox \u00e0 essence 2025 commence \u00e0 32 599 $ (tout compris \u00e0 partir de 35 470 $) pour le mod\u00e8le LT \u00e0 traction. Vous avez aussi les mod\u00e8les ACTIV et RS. Vous avec un centre d&#8217;informations conducteur de 11 pouces et un \u00e9cran d&#8217;info-divertissement de 11,3 pouces de s\u00e9rie, ainsi qu&#8217;un [&hellip;]<\/p>\n","protected":false},"author":8,"featured_media":164826,"comment_status":"close","ping_status":"closed","sticky":false,"template":"","format":"standard","meta":{"_monsterinsights_skip_tracking":false,"_monsterinsights_sitenote_active":false,"_monsterinsights_sitenote_note":"","_monsterinsights_sitenote_category":0,"footnotes":""},"categories":[101],"tags":[],"yoast_head":"<!-- This site is optimized with the Yoast SEO plugin v23.2 - https:\/\/yoast.com\/wordpress\/plugins\/seo\/ -->\n<title>Chevrolet annonce les prix des mod\u00e8les Equinox \u00e0 essence 2025 - CanadaMotorJobs.com<\/title>\n<meta name=\"description\" content=\"Chevrolet annonce les prix des mod\u00e8les Equinox \u00e0 essence 2025 - Benoit Charette - Annuel automobile - CanadaMotorJobs.com.\" \/>\n<meta name=\"robots\" content=\"index, follow, max-snippet:-1, max-image-preview:large, max-video-preview:-1\" \/>\n<meta property=\"og:locale\" content=\"fr_CA\" \/>\n<meta property=\"og:type\" content=\"article\" \/>\n<meta property=\"og:title\" content=\"Chevrolet annonce les prix des mod\u00e8les Equinox \u00e0 essence 2025 - CanadaMotorJobs.com\" \/>\n<meta property=\"og:description\" content=\"Chevrolet annonce les prix des mod\u00e8les Equinox \u00e0 essence 2025 - Benoit Charette - Annuel automobile - CanadaMotorJobs.com.\" \/>\n<meta property=\"og:url\" content=\"https:\/\/news.canadamotorjobs.com\/fr\/chevrolet-annonce-les-prix-des-modeles-equinox-a-essence-2025\/\" \/>\n<meta property=\"og:site_name\" content=\"CanadaMotorJobs.com\" \/>\n<meta property=\"article:publisher\" content=\"https:\/\/www.facebook.com\/canadamotorjobs\/\" \/>\n<meta property=\"article:published_time\" content=\"2024-05-13T16:02:22+00:00\" \/>\n<meta property=\"article:modified_time\" content=\"2024-05-13T16:15:05+00:00\" \/>\n<meta property=\"og:image\" content=\"https:\/\/news.canadamotorjobs.com\/wp-content\/uploads\/2024\/05\/2025-Chevrolet-Equinox-RS-Exterior-2_2.jpg\" \/>\n\t<meta property=\"og:image:width\" content=\"1540\" \/>\n\t<meta property=\"og:image:height\" content=\"800\" \/>\n\t<meta property=\"og:image:type\" content=\"image\/jpeg\" \/>\n<meta name=\"author\" content=\"Benoit Charette\" \/>\n<meta name=\"twitter:card\" content=\"summary_large_image\" \/>\n<meta name=\"twitter:creator\" content=\"@canadamotorjobs\" \/>\n<meta name=\"twitter:site\" content=\"@canadamotorjobs\" \/>\n<meta name=\"twitter:label1\" content=\"\u00c9crit par\" \/>\n\t<meta name=\"twitter:data1\" content=\"Benoit Charette\" \/>\n\t<meta name=\"twitter:label2\" content=\"Estimation du temps de lecture\" \/>\n\t<meta name=\"twitter:data2\" content=\"2 minutes\" \/>\n<!-- \/ Yoast SEO plugin. -->","yoast_head_json":{"title":"Chevrolet annonce les prix des mod\u00e8les Equinox \u00e0 essence 2025 - CanadaMotorJobs.com","description":"Chevrolet annonce les prix des mod\u00e8les Equinox \u00e0 essence 2025 - Benoit Charette - Annuel automobile - CanadaMotorJobs.com.","robots":{"index":"index","follow":"follow","max-snippet":"max-snippet:-1","max-image-preview":"max-image-preview:large","max-video-preview":"max-video-preview:-1"},"og_locale":"fr_CA","og_type":"article","og_title":"Chevrolet annonce les prix des mod\u00e8les Equinox \u00e0 essence 2025 - CanadaMotorJobs.com","og_description":"Chevrolet annonce les prix des mod\u00e8les Equinox \u00e0 essence 2025 - Benoit Charette - Annuel automobile - CanadaMotorJobs.com.","og_url":"https:\/\/news.canadamotorjobs.com\/fr\/chevrolet-annonce-les-prix-des-modeles-equinox-a-essence-2025\/","og_site_name":"CanadaMotorJobs.com","article_publisher":"https:\/\/www.facebook.com\/canadamotorjobs\/","article_published_time":"2024-05-13T16:02:22+00:00","article_modified_time":"2024-05-13T16:15:05+00:00","og_image":[{"width":1540,"height":800,"url":"https:\/\/news.canadamotorjobs.com\/wp-content\/uploads\/2024\/05\/2025-Chevrolet-Equinox-RS-Exterior-2_2.jpg","type":"image\/jpeg"}],"author":"Benoit Charette","twitter_card":"summary_large_image","twitter_creator":"@canadamotorjobs","twitter_site":"@canadamotorjobs","twitter_misc":{"\u00c9crit par":"Benoit Charette","Estimation du temps de lecture":"2 minutes"},"schema":{"@context":"https:\/\/schema.org","@graph":[{"@type":"Article","@id":"https:\/\/news.canadamotorjobs.com\/fr\/chevrolet-annonce-les-prix-des-modeles-equinox-a-essence-2025\/#article","isPartOf":{"@id":"https:\/\/news.canadamotorjobs.com\/fr\/chevrolet-annonce-les-prix-des-modeles-equinox-a-essence-2025\/"},"author":{"name":"Benoit Charette","@id":"https:\/\/news.canadamotorjobs.com\/#\/schema\/person\/51793d1f87d44011d7bcc2ed99269a90"},"headline":"Chevrolet annonce les prix des mod\u00e8les Equinox \u00e0 essence 2025","datePublished":"2024-05-13T16:02:22+00:00","dateModified":"2024-05-13T16:15:05+00:00","mainEntityOfPage":{"@id":"https:\/\/news.canadamotorjobs.com\/fr\/chevrolet-annonce-les-prix-des-modeles-equinox-a-essence-2025\/"},"wordCount":380,"publisher":{"@id":"https:\/\/news.canadamotorjobs.com\/#organization"},"image":{"@id":"https:\/\/news.canadamotorjobs.com\/fr\/chevrolet-annonce-les-prix-des-modeles-equinox-a-essence-2025\/#primaryimage"},"thumbnailUrl":"https:\/\/news.canadamotorjobs.com\/wp-content\/uploads\/2024\/05\/2025-Chevrolet-Equinox-RS-Exterior-2_2.jpg","articleSection":["Annuel automobile"],"inLanguage":"fr-CA"},{"@type":"WebPage","@id":"https:\/\/news.canadamotorjobs.com\/fr\/chevrolet-annonce-les-prix-des-modeles-equinox-a-essence-2025\/","url":"https:\/\/news.canadamotorjobs.com\/fr\/chevrolet-annonce-les-prix-des-modeles-equinox-a-essence-2025\/","name":"Chevrolet annonce les prix des mod\u00e8les Equinox \u00e0 essence 2025 - CanadaMotorJobs.com","isPartOf":{"@id":"https:\/\/news.canadamotorjobs.com\/#website"},"primaryImageOfPage":{"@id":"https:\/\/news.canadamotorjobs.com\/fr\/chevrolet-annonce-les-prix-des-modeles-equinox-a-essence-2025\/#primaryimage"},"image":{"@id":"https:\/\/news.canadamotorjobs.com\/fr\/chevrolet-annonce-les-prix-des-modeles-equinox-a-essence-2025\/#primaryimage"},"thumbnailUrl":"https:\/\/news.canadamotorjobs.com\/wp-content\/uploads\/2024\/05\/2025-Chevrolet-Equinox-RS-Exterior-2_2.jpg","datePublished":"2024-05-13T16:02:22+00:00","dateModified":"2024-05-13T16:15:05+00:00","description":"Chevrolet annonce les prix des mod\u00e8les Equinox \u00e0 essence 2025 - Benoit Charette - Annuel automobile - CanadaMotorJobs.com.","breadcrumb":{"@id":"https:\/\/news.canadamotorjobs.com\/fr\/chevrolet-annonce-les-prix-des-modeles-equinox-a-essence-2025\/#breadcrumb"},"inLanguage":"fr-CA","potentialAction":[{"@type":"ReadAction","target":["https:\/\/news.canadamotorjobs.com\/fr\/chevrolet-annonce-les-prix-des-modeles-equinox-a-essence-2025\/"]}]},{"@type":"ImageObject","inLanguage":"fr-CA","@id":"https:\/\/news.canadamotorjobs.com\/fr\/chevrolet-annonce-les-prix-des-modeles-equinox-a-essence-2025\/#primaryimage","url":"https:\/\/news.canadamotorjobs.com\/wp-content\/uploads\/2024\/05\/2025-Chevrolet-Equinox-RS-Exterior-2_2.jpg","contentUrl":"https:\/\/news.canadamotorjobs.com\/wp-content\/uploads\/2024\/05\/2025-Chevrolet-Equinox-RS-Exterior-2_2.jpg","width":1540,"height":800},{"@type":"BreadcrumbList","@id":"https:\/\/news.canadamotorjobs.com\/fr\/chevrolet-annonce-les-prix-des-modeles-equinox-a-essence-2025\/#breadcrumb","itemListElement":[{"@type":"ListItem","position":1,"name":"Home","item":"https:\/\/news.canadamotorjobs.com\/fr\/blog\/"},{"@type":"ListItem","position":2,"name":"Chevrolet annonce les prix des mod\u00e8les Equinox \u00e0 essence 2025"}]},{"@type":"WebSite","@id":"https:\/\/news.canadamotorjobs.com\/#website","url":"https:\/\/news.canadamotorjobs.com\/","name":"CanadaMotorJobs.com","description":"Automotive Jobs","publisher":{"@id":"https:\/\/news.canadamotorjobs.com\/#organization"},"potentialAction":[{"@type":"SearchAction","target":{"@type":"EntryPoint","urlTemplate":"https:\/\/news.canadamotorjobs.com\/?s={search_term_string}"},"query-input":"required name=search_term_string"}],"inLanguage":"fr-CA"},{"@type":"Organization","@id":"https:\/\/news.canadamotorjobs.com\/#organization","name":"Canada Motor Jobs","url":"https:\/\/news.canadamotorjobs.com\/","logo":{"@type":"ImageObject","inLanguage":"fr-CA","@id":"https:\/\/news.canadamotorjobs.com\/#\/schema\/logo\/image\/","url":"https:\/\/news.canadamotorjobs.com\/wp-content\/uploads\/2022\/10\/logo-canada-motor-jobs-1.png","contentUrl":"https:\/\/news.canadamotorjobs.com\/wp-content\/uploads\/2022\/10\/logo-canada-motor-jobs-1.png","width":800,"height":400,"caption":"Canada Motor Jobs"},"image":{"@id":"https:\/\/news.canadamotorjobs.com\/#\/schema\/logo\/image\/"},"sameAs":["https:\/\/www.facebook.com\/canadamotorjobs\/","https:\/\/x.com\/canadamotorjobs","https:\/\/www.instagram.com\/canadamotorjobs\/","https:\/\/www.linkedin.com\/company\/canadamotorjobs"]},{"@type":"Person","@id":"https:\/\/news.canadamotorjobs.com\/#\/schema\/person\/51793d1f87d44011d7bcc2ed99269a90","name":"Benoit Charette","image":{"@type":"ImageObject","inLanguage":"fr-CA","@id":"https:\/\/news.canadamotorjobs.com\/#\/schema\/person\/image\/","url":"https:\/\/secure.gravatar.com\/avatar\/45f3d2eebcccd909668d7ce7ea7267b6?s=96&d=mm&r=g","contentUrl":"https:\/\/secure.gravatar.com\/avatar\/45f3d2eebcccd909668d7ce7ea7267b6?s=96&d=mm&r=g","caption":"Benoit Charette"},"description":"Benoit Charette \/ Propri\u00e9taire et r\u00e9dacteur en chef Benoit Charette pratique le journalisme automobile depuis bient\u00f4t 30 ans. Il a fait ses classes au c\u00f4t\u00e9 de Daniel H\u00e9raud et au Carnet de route de 1992 \u00e0 2001. Il est fondateur, copropri\u00e9taire et r\u00e9dacteur en chef de L\u2019Annuel de l\u2019automobile, qu\u2019il publie depuis 2001. Il a anim\u00e9 les \u00e9missions RPM et RPM+ sur V et les L\u00e9gendes de la route sur Historia. \u00c0 la radio depuis 1986, il reprend l\u2019antenne cette ann\u00e9e sur les ondes de Cogeco et participe pour la deuxi\u00e8me ann\u00e9e \u00e0 l\u2019\u00e9mission Passion Auto sur RDS en plus de mettre en ligne le site Web officiel de L\u2019Annuel de l\u2019automobile sur annuelauto.ca.","sameAs":["https:\/\/annuelauto.ca\/"],"url":"https:\/\/news.canadamotorjobs.com\/fr\/author\/benoit-charette\/"}]}},"_links":{"self":[{"href":"https:\/\/news.canadamotorjobs.com\/fr\/wp-json\/wp\/v2\/posts\/164824"}],"collection":[{"href":"https:\/\/news.canadamotorjobs.com\/fr\/wp-json\/wp\/v2\/posts"}],"about":[{"href":"https:\/\/news.canadamotorjobs.com\/fr\/wp-json\/wp\/v2\/types\/post"}],"author":[{"embeddable":true,"href":"https:\/\/news.canadamotorjobs.com\/fr\/wp-json\/wp\/v2\/users\/8"}],"replies":[{"embeddable":true,"href":"https:\/\/news.canadamotorjobs.com\/fr\/wp-json\/wp\/v2\/comments?post=164824"}],"version-history":[{"count":2,"href":"https:\/\/news.canadamotorjobs.com\/fr\/wp-json\/wp\/v2\/posts\/164824\/revisions"}],"predecessor-version":[{"id":164828,"href":"https:\/\/news.canadamotorjobs.com\/fr\/wp-json\/wp\/v2\/posts\/164824\/revisions\/164828"}],"wp:featuredmedia":[{"embeddable":true,"href":"https:\/\/news.canadamotorjobs.com\/fr\/wp-json\/wp\/v2\/media\/164826"}],"wp:attachment":[{"href":"https:\/\/news.canadamotorjobs.com\/fr\/wp-json\/wp\/v2\/media?parent=164824"}],"wp:term":[{"taxonomy":"category","embeddable":true,"href":"https:\/\/news.canadamotorjobs.com\/fr\/wp-json\/wp\/v2\/categories?post=164824"},{"taxonomy":"post_tag","embeddable":true,"href":"https:\/\/news.canadamotorjobs.com\/fr\/wp-json\/wp\/v2\/tags?post=164824"}],"curies":[{"name":"wp","href":"https:\/\/api.w.org\/{rel}","templated":true}]}}