{"id":164763,"date":"2024-05-13T07:05:36","date_gmt":"2024-05-13T11:05:36","guid":{"rendered":"https:\/\/news.canadamotorjobs.com\/?p=164763"},"modified":"2024-05-13T07:13:51","modified_gmt":"2024-05-13T11:13:51","slug":"zaz-966-la-premiere-voiture-du-peuple-sovietique","status":"publish","type":"post","link":"https:\/\/news.canadamotorjobs.com\/fr\/zaz-966-la-premiere-voiture-du-peuple-sovietique\/","title":{"rendered":"ZAZ\u00a0966\u00a0: la premi\u00e8re voiture du peuple sovi\u00e9tique"},"content":{"rendered":"<\/p>\n<p>En avril dernier, alors que je passais quelques jours en Californie en marge d\u2019un \u00e9v\u00e9nement Toyota, j\u2019en ai profit\u00e9 pour aller \u00e0 la rencontre de quelques contacts afin de vous relater quelques histoires savoureuses impliquant des mod\u00e8les parfois rares, parfois uniques, mais aux histoires toujours captivantes. L\u2019une des rencontres pr\u00e9vues \u00e9tait avec Steven N\u00e1daskai, le jeune propri\u00e9taire de deux Trabant. Je vais bien s\u00fbr vous raconter son histoire bient\u00f4t, mais avant, je me devais de vous partager celle de son fr\u00e8re, Philip, et de sa voiture, un mod\u00e8le que je ne m\u2019attendais pas du tout \u00e0 trouver sur ma route lors de ma visite. En effet, ce n\u2019est pas tous les jours qu\u2019on d\u00e9couvre, un peu par hasard, une ZAZ\u00a0966. Oui, une ZAZ.<\/p>\n<h3><strong><em>Le pr\u00e9sent article est pr\u00e9sent\u00e9 en collaboration avec Fitzback Garage, sp\u00e9cialis\u00e9 dans la restauration d\u2019origine de voitures anciennes. Fitzback Garage est situ\u00e9 \u00e0 Sainte-Madeleine, en Mont\u00e9r\u00e9gie. <\/em><\/strong><\/h3>\n<p><\/p>\n<h3><strong>En direct d\u2019Ukraine<\/strong><\/h3>\n<p>\nZAZ est un constructeur ukrainien, qui bien s\u00fbr op\u00e9rait au sein de l\u2019empire sovi\u00e9tique \u00e0 l\u2019\u00e9poque du rideau de fer. Les lettres ZAZ renvoient \u00e0 l\u2019appellation <em>Zaporijsky\u00ef avtomobileboudivelny\u00ef zavod<\/em>. Ceux familiers avec les ZAZ les connaissent aussi sous le nom de Zaporozhets. La compagnie qui va devenir ZAZ trouve ses origines en 1863, alors qu\u2019elle se sp\u00e9cialisait dans la fabrication d\u2019\u00e9quipement agricole. Il faudra attendre 1956 avant de voir l\u2019entreprise (ce qu\u2019elle \u00e9tait devenue au fil du temps) se tourner vers l\u2019automobile. On imagine alors une sous-compacte destin\u00e9e \u00e0 venir remplacer la Moskvitch qui \u00e9tait produite depuis 1947. On va s\u2019inspirer de la Fiat 600 pour donner vie \u00e0 un mod\u00e8le aux lignes tr\u00e8s similaires. La production de la ZAZ 965 sera lanc\u00e9e \u00e0 la fin de 1960. \u00c0 ce moment, la compagnie Lada, le constructeur russe le plus connu \u00e0 travers la plan\u00e8te aujourd\u2019hui, n\u2019existe pas encore. Ce qu\u2019on souhaite avec cette ZAZ 965, c\u2019est de proposer une voiture accessible au peuple sovi\u00e9tique, au m\u00eame titre que l\u2019Allemagne le fait pour sa population avec la Volkswagen Beetle. D\u00e8s le d\u00e9but des ann\u00e9es\u00a060, on va penser \u00e0 une voiture plus spacieuse, qui va cette fois s\u2019inspirer de la NSU Prinz. La ZAZ va faire ses d\u00e9buts en 1965, pour l\u2019ann\u00e9e\u00a01966. Ce qui est malheureux pour elle, c\u2019est que la Lada est fond\u00e9e au m\u00eame moment et qu\u2019elle va commencer \u00e0 proposer des mod\u00e8les en 1970, des v\u00e9hicules qui vont conna\u00eetre un immense succ\u00e8s, notamment d\u00fb au fait qu\u2019ils offraient une commodit\u00e9 appr\u00e9ci\u00e9e des acheteurs, soit un coffre arri\u00e8re.<\/p>\n<p>La ZAZ 966 voyait un petit moteur V4 loger \u00e0 cet endroit. Oui, un V4, une chose rare \u00e0 travers l\u2019histoire de l\u2019automobile. Ce moteur de 0,9 litre, qui \u00e9tait refroidi \u00e0 l\u2019air (d\u2019o\u00f9 la pr\u00e9sence de prise d\u2019air sur les flancs derri\u00e8re les porti\u00e8res), proposait une puissance de 30 chevaux. Sa puissance sera par la suite port\u00e9e \u00e0 41 forces (1,2 litre). En 1970, la ZAZ 968 vient remplacer la 966, avec un style modernis\u00e9. La calandre de cette derni\u00e8re ressemble beaucoup \u00e0 celle des premi\u00e8res Chevrolet Corvair. Entre 1966 et 1994, ZAZ va produire 3,4\u00a0millions d\u2019exemplaires (et des versions \u00e9volutives) de cette voiture du peuple \u00e0 moteur arri\u00e8re. En 1987, la firme va commercialiser un mod\u00e8le \u00e0 moteur avant, ce qui va annoncer les d\u00e9buts de la fin pour son mod\u00e8le \u00e0 moteur arri\u00e8re, qui sera produit pendant encore sept ans.<\/p>\n<h3><strong>Notre ZAZ\u00a0966<\/strong><\/h3>\n<p>\nMaintenant, la grande question\u2009; qu\u2019est-ce que peut bien faire un jeune dans la vingtaine avec une voiture russe, alors qu\u2019il habite dans le sud de la Californie\u2009? C\u2019est ce qui me fascine le plus \u00e0 propos de l\u2019automobile ancienne. Lorsqu\u2019on pense qu\u2019on a tout vu, on d\u00e9couvre de nouvelles histoires incroyables. En fait, il faut comprendre que les fr\u00e8res N\u00e1daskai sont d\u2019origine hongroise. Il \u00e9tait important pour Steven de mettre la main sur une voiture que ses grands-parents ont connue, alors qu\u2019ils \u00e9taient toujours en Europe \u00e0 l\u2019\u00e9poque de la Guerre froide. D\u2019o\u00f9 son int\u00e9r\u00eat pour les Trabant. Son fr\u00e8re a d\u00e9cid\u00e9 de suivre sa trace, en mettant la main sur une voiture aussi inhabituelle qu\u2019extraordinaire, et connue de ses anc\u00eatres. Et o\u00f9 trouve-t-on un tel mod\u00e8le\u2009? Incroyable, la d\u00e9couverte s\u2019est faite aux \u00c9tats-Unis, plus pr\u00e9cis\u00e9ment dans l\u2019\u00e9tat de Washington, o\u00f9 il existe un mus\u00e9e consacr\u00e9 aux voitures sovi\u00e9tiques. L\u2019\u0153uvre d\u2019un passionn\u00e9 qui importe des pi\u00e8ces uniques. C\u2019est ainsi que la ZAZ\u00a0966 de Philip N\u00e1daskai est d\u2019origine et que son compteur n\u2019affiche que 15\u2009000\u00a0km d\u2019usure. C\u2019est irr\u00e9el, en fait.<\/p>\n<p>Les mauvaises langues diront qu\u2019en raison de sa fiabilit\u00e9, elle n\u2019a pas pu rouler souvent, mais il est \u00e9vident que d\u2019autres raisons font qu\u2019elle a travers\u00e9 le temps en conservant son cachet d\u2019antan. Nous aurions bien \u00e9t\u00e9 faire une petite balade, mais au moment de mon passage, la voiture n\u2019avait tout simplement pas de freins. Son propri\u00e9taire l\u2019a d\u00e9plac\u00e9 afin que je puisse r\u00e9aliser quelques clich\u00e9s sur le terrain de son domicile\u2009; ce n\u2019est que partie remise. Chose certaine, quelle belle initiative de ces deux jeunes hommes avec cette connexion au pass\u00e9 de leurs grands-parents, \u00e0 travers l&#8217;achat d\u2019automobiles ayant repr\u00e9sent\u00e9 quelque chose pour eux. Un hommage tout \u00e0 fait original.<\/p>\n<p>\u00a0<\/p>\n<p>\u00a0<\/p>\n<p>\u00a0<\/p>\n<p>\u00a0<\/p>\n<p>Le texte <a rel=\"nofollow\" href=\"https:\/\/annuelauto.ca\/zaz-966-la-premiere-voiture-du-peuple-sovietique\/\">ZAZ\u00a0966\u00a0: la premi\u00e8re voiture du peuple sovi\u00e9tique<\/a> provient de <a rel=\"nofollow\" href=\"https:\/\/annuelauto.ca\">L&#8217;annuel de l&#8217;automobile &#8211; Actualit\u00e9 automobile<\/a><\/p>\n<p><\/p>\n","protected":false},"excerpt":{"rendered":"<p>En avril dernier, alors que je passais quelques jours en Californie en marge d\u2019un \u00e9v\u00e9nement Toyota, j\u2019en ai profit\u00e9 pour aller \u00e0 la rencontre de quelques contacts afin de vous relater quelques histoires savoureuses impliquant des mod\u00e8les parfois rares, parfois uniques, mais aux histoires toujours captivantes. L\u2019une des rencontres pr\u00e9vues \u00e9tait avec Steven N\u00e1daskai, le [&hellip;]<\/p>\n","protected":false},"author":8,"featured_media":164765,"comment_status":"close","ping_status":"closed","sticky":false,"template":"","format":"standard","meta":{"_monsterinsights_skip_tracking":false,"_monsterinsights_sitenote_active":false,"_monsterinsights_sitenote_note":"","_monsterinsights_sitenote_category":0,"footnotes":""},"categories":[101],"tags":[],"yoast_head":"<!-- This site is optimized with the Yoast SEO plugin v23.2 - https:\/\/yoast.com\/wordpress\/plugins\/seo\/ -->\n<title>ZAZ\u00a0966\u00a0: la premi\u00e8re voiture du peuple sovi\u00e9tique - CanadaMotorJobs.com<\/title>\n<meta name=\"description\" content=\"ZAZ\u00a0966\u00a0: la premi\u00e8re voiture du peuple sovi\u00e9tique - Benoit Charette - Annuel automobile - CanadaMotorJobs.com.\" \/>\n<meta name=\"robots\" content=\"index, follow, max-snippet:-1, max-image-preview:large, max-video-preview:-1\" \/>\n<meta property=\"og:locale\" content=\"fr_CA\" \/>\n<meta property=\"og:type\" content=\"article\" \/>\n<meta property=\"og:title\" content=\"ZAZ\u00a0966\u00a0: la premi\u00e8re voiture du peuple sovi\u00e9tique - CanadaMotorJobs.com\" \/>\n<meta property=\"og:description\" content=\"ZAZ\u00a0966\u00a0: la premi\u00e8re voiture du peuple sovi\u00e9tique - Benoit Charette - Annuel automobile - CanadaMotorJobs.com.\" \/>\n<meta property=\"og:url\" content=\"https:\/\/news.canadamotorjobs.com\/fr\/zaz-966-la-premiere-voiture-du-peuple-sovietique\/\" \/>\n<meta property=\"og:site_name\" content=\"CanadaMotorJobs.com\" \/>\n<meta property=\"article:publisher\" content=\"https:\/\/www.facebook.com\/canadamotorjobs\/\" \/>\n<meta property=\"article:published_time\" content=\"2024-05-13T11:05:36+00:00\" \/>\n<meta property=\"article:modified_time\" content=\"2024-05-13T11:13:51+00:00\" \/>\n<meta property=\"og:image\" content=\"https:\/\/news.canadamotorjobs.com\/wp-content\/uploads\/2024\/05\/ZAZ-966-01.jpg\" \/>\n\t<meta property=\"og:image:width\" content=\"1200\" \/>\n\t<meta property=\"og:image:height\" content=\"800\" \/>\n\t<meta property=\"og:image:type\" content=\"image\/jpeg\" \/>\n<meta name=\"author\" content=\"Benoit Charette\" \/>\n<meta name=\"twitter:card\" content=\"summary_large_image\" \/>\n<meta name=\"twitter:creator\" content=\"@canadamotorjobs\" \/>\n<meta name=\"twitter:site\" content=\"@canadamotorjobs\" \/>\n<meta name=\"twitter:label1\" content=\"\u00c9crit par\" \/>\n\t<meta name=\"twitter:data1\" content=\"Benoit Charette\" \/>\n\t<meta name=\"twitter:label2\" content=\"Estimation du temps de lecture\" \/>\n\t<meta name=\"twitter:data2\" content=\"5 minutes\" \/>\n<!-- \/ Yoast SEO plugin. -->","yoast_head_json":{"title":"ZAZ\u00a0966\u00a0: la premi\u00e8re voiture du peuple sovi\u00e9tique - CanadaMotorJobs.com","description":"ZAZ\u00a0966\u00a0: la premi\u00e8re voiture du peuple sovi\u00e9tique - Benoit Charette - Annuel automobile - CanadaMotorJobs.com.","robots":{"index":"index","follow":"follow","max-snippet":"max-snippet:-1","max-image-preview":"max-image-preview:large","max-video-preview":"max-video-preview:-1"},"og_locale":"fr_CA","og_type":"article","og_title":"ZAZ\u00a0966\u00a0: la premi\u00e8re voiture du peuple sovi\u00e9tique - CanadaMotorJobs.com","og_description":"ZAZ\u00a0966\u00a0: la premi\u00e8re voiture du peuple sovi\u00e9tique - Benoit Charette - Annuel automobile - CanadaMotorJobs.com.","og_url":"https:\/\/news.canadamotorjobs.com\/fr\/zaz-966-la-premiere-voiture-du-peuple-sovietique\/","og_site_name":"CanadaMotorJobs.com","article_publisher":"https:\/\/www.facebook.com\/canadamotorjobs\/","article_published_time":"2024-05-13T11:05:36+00:00","article_modified_time":"2024-05-13T11:13:51+00:00","og_image":[{"width":1200,"height":800,"url":"https:\/\/news.canadamotorjobs.com\/wp-content\/uploads\/2024\/05\/ZAZ-966-01.jpg","type":"image\/jpeg"}],"author":"Benoit Charette","twitter_card":"summary_large_image","twitter_creator":"@canadamotorjobs","twitter_site":"@canadamotorjobs","twitter_misc":{"\u00c9crit par":"Benoit Charette","Estimation du temps de lecture":"5 minutes"},"schema":{"@context":"https:\/\/schema.org","@graph":[{"@type":"Article","@id":"https:\/\/news.canadamotorjobs.com\/fr\/zaz-966-la-premiere-voiture-du-peuple-sovietique\/#article","isPartOf":{"@id":"https:\/\/news.canadamotorjobs.com\/fr\/zaz-966-la-premiere-voiture-du-peuple-sovietique\/"},"author":{"name":"Benoit Charette","@id":"https:\/\/news.canadamotorjobs.com\/#\/schema\/person\/51793d1f87d44011d7bcc2ed99269a90"},"headline":"ZAZ\u00a0966\u00a0: la premi\u00e8re voiture du peuple sovi\u00e9tique","datePublished":"2024-05-13T11:05:36+00:00","dateModified":"2024-05-13T11:13:51+00:00","mainEntityOfPage":{"@id":"https:\/\/news.canadamotorjobs.com\/fr\/zaz-966-la-premiere-voiture-du-peuple-sovietique\/"},"wordCount":967,"publisher":{"@id":"https:\/\/news.canadamotorjobs.com\/#organization"},"image":{"@id":"https:\/\/news.canadamotorjobs.com\/fr\/zaz-966-la-premiere-voiture-du-peuple-sovietique\/#primaryimage"},"thumbnailUrl":"https:\/\/news.canadamotorjobs.com\/wp-content\/uploads\/2024\/05\/ZAZ-966-01.jpg","articleSection":["Annuel automobile"],"inLanguage":"fr-CA"},{"@type":"WebPage","@id":"https:\/\/news.canadamotorjobs.com\/fr\/zaz-966-la-premiere-voiture-du-peuple-sovietique\/","url":"https:\/\/news.canadamotorjobs.com\/fr\/zaz-966-la-premiere-voiture-du-peuple-sovietique\/","name":"ZAZ\u00a0966\u00a0: la premi\u00e8re voiture du peuple sovi\u00e9tique - CanadaMotorJobs.com","isPartOf":{"@id":"https:\/\/news.canadamotorjobs.com\/#website"},"primaryImageOfPage":{"@id":"https:\/\/news.canadamotorjobs.com\/fr\/zaz-966-la-premiere-voiture-du-peuple-sovietique\/#primaryimage"},"image":{"@id":"https:\/\/news.canadamotorjobs.com\/fr\/zaz-966-la-premiere-voiture-du-peuple-sovietique\/#primaryimage"},"thumbnailUrl":"https:\/\/news.canadamotorjobs.com\/wp-content\/uploads\/2024\/05\/ZAZ-966-01.jpg","datePublished":"2024-05-13T11:05:36+00:00","dateModified":"2024-05-13T11:13:51+00:00","description":"ZAZ\u00a0966\u00a0: la premi\u00e8re voiture du peuple sovi\u00e9tique - Benoit Charette - Annuel automobile - CanadaMotorJobs.com.","breadcrumb":{"@id":"https:\/\/news.canadamotorjobs.com\/fr\/zaz-966-la-premiere-voiture-du-peuple-sovietique\/#breadcrumb"},"inLanguage":"fr-CA","potentialAction":[{"@type":"ReadAction","target":["https:\/\/news.canadamotorjobs.com\/fr\/zaz-966-la-premiere-voiture-du-peuple-sovietique\/"]}]},{"@type":"ImageObject","inLanguage":"fr-CA","@id":"https:\/\/news.canadamotorjobs.com\/fr\/zaz-966-la-premiere-voiture-du-peuple-sovietique\/#primaryimage","url":"https:\/\/news.canadamotorjobs.com\/wp-content\/uploads\/2024\/05\/ZAZ-966-01.jpg","contentUrl":"https:\/\/news.canadamotorjobs.com\/wp-content\/uploads\/2024\/05\/ZAZ-966-01.jpg","width":1200,"height":800},{"@type":"BreadcrumbList","@id":"https:\/\/news.canadamotorjobs.com\/fr\/zaz-966-la-premiere-voiture-du-peuple-sovietique\/#breadcrumb","itemListElement":[{"@type":"ListItem","position":1,"name":"Home","item":"https:\/\/news.canadamotorjobs.com\/fr\/blog\/"},{"@type":"ListItem","position":2,"name":"ZAZ\u00a0966\u00a0: la premi\u00e8re voiture du peuple sovi\u00e9tique"}]},{"@type":"WebSite","@id":"https:\/\/news.canadamotorjobs.com\/#website","url":"https:\/\/news.canadamotorjobs.com\/","name":"CanadaMotorJobs.com","description":"Automotive Jobs","publisher":{"@id":"https:\/\/news.canadamotorjobs.com\/#organization"},"potentialAction":[{"@type":"SearchAction","target":{"@type":"EntryPoint","urlTemplate":"https:\/\/news.canadamotorjobs.com\/?s={search_term_string}"},"query-input":"required name=search_term_string"}],"inLanguage":"fr-CA"},{"@type":"Organization","@id":"https:\/\/news.canadamotorjobs.com\/#organization","name":"Canada Motor Jobs","url":"https:\/\/news.canadamotorjobs.com\/","logo":{"@type":"ImageObject","inLanguage":"fr-CA","@id":"https:\/\/news.canadamotorjobs.com\/#\/schema\/logo\/image\/","url":"https:\/\/news.canadamotorjobs.com\/wp-content\/uploads\/2022\/10\/logo-canada-motor-jobs-1.png","contentUrl":"https:\/\/news.canadamotorjobs.com\/wp-content\/uploads\/2022\/10\/logo-canada-motor-jobs-1.png","width":800,"height":400,"caption":"Canada Motor Jobs"},"image":{"@id":"https:\/\/news.canadamotorjobs.com\/#\/schema\/logo\/image\/"},"sameAs":["https:\/\/www.facebook.com\/canadamotorjobs\/","https:\/\/x.com\/canadamotorjobs","https:\/\/www.instagram.com\/canadamotorjobs\/","https:\/\/www.linkedin.com\/company\/canadamotorjobs"]},{"@type":"Person","@id":"https:\/\/news.canadamotorjobs.com\/#\/schema\/person\/51793d1f87d44011d7bcc2ed99269a90","name":"Benoit Charette","image":{"@type":"ImageObject","inLanguage":"fr-CA","@id":"https:\/\/news.canadamotorjobs.com\/#\/schema\/person\/image\/","url":"https:\/\/secure.gravatar.com\/avatar\/45f3d2eebcccd909668d7ce7ea7267b6?s=96&d=mm&r=g","contentUrl":"https:\/\/secure.gravatar.com\/avatar\/45f3d2eebcccd909668d7ce7ea7267b6?s=96&d=mm&r=g","caption":"Benoit Charette"},"description":"Benoit Charette \/ Propri\u00e9taire et r\u00e9dacteur en chef Benoit Charette pratique le journalisme automobile depuis bient\u00f4t 30 ans. Il a fait ses classes au c\u00f4t\u00e9 de Daniel H\u00e9raud et au Carnet de route de 1992 \u00e0 2001. Il est fondateur, copropri\u00e9taire et r\u00e9dacteur en chef de L\u2019Annuel de l\u2019automobile, qu\u2019il publie depuis 2001. Il a anim\u00e9 les \u00e9missions RPM et RPM+ sur V et les L\u00e9gendes de la route sur Historia. \u00c0 la radio depuis 1986, il reprend l\u2019antenne cette ann\u00e9e sur les ondes de Cogeco et participe pour la deuxi\u00e8me ann\u00e9e \u00e0 l\u2019\u00e9mission Passion Auto sur RDS en plus de mettre en ligne le site Web officiel de L\u2019Annuel de l\u2019automobile sur annuelauto.ca.","sameAs":["https:\/\/annuelauto.ca\/"],"url":"https:\/\/news.canadamotorjobs.com\/fr\/author\/benoit-charette\/"}]}},"_links":{"self":[{"href":"https:\/\/news.canadamotorjobs.com\/fr\/wp-json\/wp\/v2\/posts\/164763"}],"collection":[{"href":"https:\/\/news.canadamotorjobs.com\/fr\/wp-json\/wp\/v2\/posts"}],"about":[{"href":"https:\/\/news.canadamotorjobs.com\/fr\/wp-json\/wp\/v2\/types\/post"}],"author":[{"embeddable":true,"href":"https:\/\/news.canadamotorjobs.com\/fr\/wp-json\/wp\/v2\/users\/8"}],"replies":[{"embeddable":true,"href":"https:\/\/news.canadamotorjobs.com\/fr\/wp-json\/wp\/v2\/comments?post=164763"}],"version-history":[{"count":2,"href":"https:\/\/news.canadamotorjobs.com\/fr\/wp-json\/wp\/v2\/posts\/164763\/revisions"}],"predecessor-version":[{"id":164767,"href":"https:\/\/news.canadamotorjobs.com\/fr\/wp-json\/wp\/v2\/posts\/164763\/revisions\/164767"}],"wp:featuredmedia":[{"embeddable":true,"href":"https:\/\/news.canadamotorjobs.com\/fr\/wp-json\/wp\/v2\/media\/164765"}],"wp:attachment":[{"href":"https:\/\/news.canadamotorjobs.com\/fr\/wp-json\/wp\/v2\/media?parent=164763"}],"wp:term":[{"taxonomy":"category","embeddable":true,"href":"https:\/\/news.canadamotorjobs.com\/fr\/wp-json\/wp\/v2\/categories?post=164763"},{"taxonomy":"post_tag","embeddable":true,"href":"https:\/\/news.canadamotorjobs.com\/fr\/wp-json\/wp\/v2\/tags?post=164763"}],"curies":[{"name":"wp","href":"https:\/\/api.w.org\/{rel}","templated":true}]}}