{"id":164740,"date":"2024-05-12T09:23:52","date_gmt":"2024-05-12T13:23:52","guid":{"rendered":"https:\/\/news.canadamotorjobs.com\/?p=164740"},"modified":"2024-05-12T09:29:19","modified_gmt":"2024-05-12T13:29:19","slug":"honda-augmente-ses-depenses-en-rd-pour-renforcer-sa-position-dans-les-vehicules-ecologiques","status":"publish","type":"post","link":"https:\/\/news.canadamotorjobs.com\/fr\/honda-augmente-ses-depenses-en-rd-pour-renforcer-sa-position-dans-les-vehicules-ecologiques\/","title":{"rendered":"Honda augmente ses d\u00e9penses en R&amp;D pour renforcer sa position dans les v\u00e9hicules \u00e9cologiques"},"content":{"rendered":"<\/p>\n<p>Honda Motor Co. a r\u00e9cemment annonc\u00e9 une augmentation significative de ses d\u00e9penses en recherche et d\u00e9veloppement (R&amp;D) dans le but de renforcer sa position sur le march\u00e9 des v\u00e9hicules hybrides et \u00e9lectrifi\u00e9s. Cette d\u00e9cision strat\u00e9gique intervient alors que l&#8217;entreprise pr\u00e9voit une augmentation de 2,8% de son b\u00e9n\u00e9fice d&#8217;exploitation pour l&#8217;exercice financier 2024\/25.<\/p>\n<h3><strong>Honda Envisage un Avenir Hybride et \u00c9lectrique<\/strong><\/h3>\n<p>\nDans le cadre de cette initiative, le deuxi\u00e8me plus grand constructeur automobile japonais envisage d&#8217;accro\u00eetre ses investissements en R&amp;D de pr\u00e8s d&#8217;un quart. Cette augmentation vise \u00e0 consolider son avantage concurrentiel dans le domaine des v\u00e9hicules hybrides et \u00e9lectrifi\u00e9s, o\u00f9 la demande est en constante augmentation.<\/p>\n<h3><strong>R\u00e9ponse Positive du March\u00e9<\/strong><\/h3>\n<p>\nCette annonce a \u00e9t\u00e9 suivie d&#8217;un rachat massif d&#8217;actions d&#8217;une valeur pouvant atteindre 300 milliards de yens, suite \u00e0 des r\u00e9sultats trimestriels sup\u00e9rieurs aux attentes des analystes. La forte croissance des ventes aux \u00c9tats-Unis a compens\u00e9 le d\u00e9clin en Chine, contribuant ainsi \u00e0 la rentabilit\u00e9 de l&#8217;entreprise.<\/p>\n<h3><strong>Objectifs Ambitieux pour l&#8217;Avenir<\/strong><\/h3>\n<p>\nHonda a \u00e9galement r\u00e9v\u00e9l\u00e9 ses plans ambitieux pour l&#8217;avenir, notamment la cr\u00e9ation d&#8217;un environnement permettant de produire jusqu&#8217;\u00e0 2 millions de mod\u00e8les hybrides par an d&#8217;ici 2030. Le PDG, Toshihiro Mibe, a soulign\u00e9 l&#8217;importance d&#8217;une strat\u00e9gie commerciale bien pens\u00e9e, int\u00e9grant les investissements n\u00e9cessaires pour atteindre ces objectifs.<\/p>\n<h3><strong>Collaborations et Expansion<\/strong><\/h3>\n<p>\nDans le cadre de son expansion sur le march\u00e9 des v\u00e9hicules \u00e9lectriques, Honda est engag\u00e9e dans des discussions avec Nissan Motor en vue d&#8217;un partenariat potentiel pour la production de composants EV. De plus, la soci\u00e9t\u00e9 pr\u00e9voit de construire une base de production de v\u00e9hicules \u00e9lectriques en Ontario, au Canada, et d&#8217;introduire six mod\u00e8les de VE sous la marque &#8220;Ye&#8221; en Chine d&#8217;ici 2027.<\/p>\n<h3><strong>D\u00e9fis sur le March\u00e9 Chinois<\/strong><\/h3>\n<p>\nCependant, malgr\u00e9 ces initiatives ambitieuses, Honda fait face \u00e0 des d\u00e9fis sur le march\u00e9 chinois. Les ventes ont chut\u00e9 de plus de 6%, ce qui refl\u00e8te la concurrence intense des marques locales offrant des v\u00e9hicules \u00e9lectriques \u00e0 faible co\u00fbt et technologiquement avanc\u00e9s. En conclusion, Honda Motor Co. poursuit activement son engagement en faveur de l&#8217;innovation dans le domaine des v\u00e9hicules hybrides et \u00e9lectrifi\u00e9s, tout en cherchant \u00e0 surmonter les d\u00e9fis du march\u00e9 mondial de l&#8217;automobile.<\/p>\n<p>\u00a0<\/p>\n<p>Avec des renseignements d&#8217;autoblog<\/p>\n<p>Le texte <a rel=\"nofollow\" href=\"https:\/\/annuelauto.ca\/honda-augmente-ses-depenses-en-rd-pour-renforcer-sa-position-dans-les-vehicules-ecologiques\/\">Honda augmente ses d\u00e9penses en R&amp;D pour renforcer sa position dans les v\u00e9hicules \u00e9cologiques<\/a> provient de <a rel=\"nofollow\" href=\"https:\/\/annuelauto.ca\">L&#8217;annuel de l&#8217;automobile &#8211; Actualit\u00e9 automobile<\/a><\/p>\n<p><\/p>\n","protected":false},"excerpt":{"rendered":"<p>Honda Motor Co. a r\u00e9cemment annonc\u00e9 une augmentation significative de ses d\u00e9penses en recherche et d\u00e9veloppement (R&amp;D) dans le but de renforcer sa position sur le march\u00e9 des v\u00e9hicules hybrides et \u00e9lectrifi\u00e9s. Cette d\u00e9cision strat\u00e9gique intervient alors que l&#8217;entreprise pr\u00e9voit une augmentation de 2,8% de son b\u00e9n\u00e9fice d&#8217;exploitation pour l&#8217;exercice financier 2024\/25. Honda Envisage un [&hellip;]<\/p>\n","protected":false},"author":8,"featured_media":164742,"comment_status":"close","ping_status":"closed","sticky":false,"template":"","format":"standard","meta":{"_monsterinsights_skip_tracking":false,"_monsterinsights_sitenote_active":false,"_monsterinsights_sitenote_note":"","_monsterinsights_sitenote_category":0,"footnotes":""},"categories":[101],"tags":[],"yoast_head":"<!-- This site is optimized with the Yoast SEO plugin v23.2 - https:\/\/yoast.com\/wordpress\/plugins\/seo\/ -->\n<title>Honda augmente ses d\u00e9penses en R&amp;D pour renforcer sa position dans les v\u00e9hicules \u00e9cologiques - CanadaMotorJobs.com<\/title>\n<meta name=\"description\" content=\"Honda augmente ses d\u00e9penses en R&amp;D pour renforcer sa position dans les v\u00e9hicules \u00e9cologiques - Benoit Charette - Annuel automobile - CanadaMotorJobs.com.\" \/>\n<meta name=\"robots\" content=\"index, follow, max-snippet:-1, max-image-preview:large, max-video-preview:-1\" \/>\n<meta property=\"og:locale\" content=\"fr_CA\" \/>\n<meta property=\"og:type\" content=\"article\" \/>\n<meta property=\"og:title\" content=\"Honda augmente ses d\u00e9penses en R&amp;D pour renforcer sa position dans les v\u00e9hicules \u00e9cologiques - CanadaMotorJobs.com\" \/>\n<meta property=\"og:description\" content=\"Honda augmente ses d\u00e9penses en R&amp;D pour renforcer sa position dans les v\u00e9hicules \u00e9cologiques - Benoit Charette - Annuel automobile - CanadaMotorJobs.com.\" \/>\n<meta property=\"og:url\" content=\"https:\/\/news.canadamotorjobs.com\/fr\/honda-augmente-ses-depenses-en-rd-pour-renforcer-sa-position-dans-les-vehicules-ecologiques\/\" \/>\n<meta property=\"og:site_name\" content=\"CanadaMotorJobs.com\" \/>\n<meta property=\"article:publisher\" content=\"https:\/\/www.facebook.com\/canadamotorjobs\/\" \/>\n<meta property=\"article:published_time\" content=\"2024-05-12T13:23:52+00:00\" \/>\n<meta property=\"article:modified_time\" content=\"2024-05-12T13:29:19+00:00\" \/>\n<meta property=\"og:image\" content=\"https:\/\/news.canadamotorjobs.com\/wp-content\/uploads\/2024\/05\/471538_Honda_Presents_World_Premiere_of_the_Honda_0_Series_Represented_by_Two_New.jpg\" \/>\n\t<meta property=\"og:image:width\" content=\"1062\" \/>\n\t<meta property=\"og:image:height\" content=\"597\" \/>\n\t<meta property=\"og:image:type\" content=\"image\/jpeg\" \/>\n<meta name=\"author\" content=\"Benoit Charette\" \/>\n<meta name=\"twitter:card\" content=\"summary_large_image\" \/>\n<meta name=\"twitter:creator\" content=\"@canadamotorjobs\" \/>\n<meta name=\"twitter:site\" content=\"@canadamotorjobs\" \/>\n<meta name=\"twitter:label1\" content=\"\u00c9crit par\" \/>\n\t<meta name=\"twitter:data1\" content=\"Benoit Charette\" \/>\n\t<meta name=\"twitter:label2\" content=\"Estimation du temps de lecture\" \/>\n\t<meta name=\"twitter:data2\" content=\"2 minutes\" \/>\n<!-- \/ Yoast SEO plugin. -->","yoast_head_json":{"title":"Honda augmente ses d\u00e9penses en R&amp;D pour renforcer sa position dans les v\u00e9hicules \u00e9cologiques - CanadaMotorJobs.com","description":"Honda augmente ses d\u00e9penses en R&amp;D pour renforcer sa position dans les v\u00e9hicules \u00e9cologiques - Benoit Charette - Annuel automobile - CanadaMotorJobs.com.","robots":{"index":"index","follow":"follow","max-snippet":"max-snippet:-1","max-image-preview":"max-image-preview:large","max-video-preview":"max-video-preview:-1"},"og_locale":"fr_CA","og_type":"article","og_title":"Honda augmente ses d\u00e9penses en R&amp;D pour renforcer sa position dans les v\u00e9hicules \u00e9cologiques - CanadaMotorJobs.com","og_description":"Honda augmente ses d\u00e9penses en R&amp;D pour renforcer sa position dans les v\u00e9hicules \u00e9cologiques - Benoit Charette - Annuel automobile - CanadaMotorJobs.com.","og_url":"https:\/\/news.canadamotorjobs.com\/fr\/honda-augmente-ses-depenses-en-rd-pour-renforcer-sa-position-dans-les-vehicules-ecologiques\/","og_site_name":"CanadaMotorJobs.com","article_publisher":"https:\/\/www.facebook.com\/canadamotorjobs\/","article_published_time":"2024-05-12T13:23:52+00:00","article_modified_time":"2024-05-12T13:29:19+00:00","og_image":[{"width":1062,"height":597,"url":"https:\/\/news.canadamotorjobs.com\/wp-content\/uploads\/2024\/05\/471538_Honda_Presents_World_Premiere_of_the_Honda_0_Series_Represented_by_Two_New.jpg","type":"image\/jpeg"}],"author":"Benoit Charette","twitter_card":"summary_large_image","twitter_creator":"@canadamotorjobs","twitter_site":"@canadamotorjobs","twitter_misc":{"\u00c9crit par":"Benoit Charette","Estimation du temps de lecture":"2 minutes"},"schema":{"@context":"https:\/\/schema.org","@graph":[{"@type":"Article","@id":"https:\/\/news.canadamotorjobs.com\/fr\/honda-augmente-ses-depenses-en-rd-pour-renforcer-sa-position-dans-les-vehicules-ecologiques\/#article","isPartOf":{"@id":"https:\/\/news.canadamotorjobs.com\/fr\/honda-augmente-ses-depenses-en-rd-pour-renforcer-sa-position-dans-les-vehicules-ecologiques\/"},"author":{"name":"Benoit Charette","@id":"https:\/\/news.canadamotorjobs.com\/#\/schema\/person\/51793d1f87d44011d7bcc2ed99269a90"},"headline":"Honda augmente ses d\u00e9penses en R&amp;D pour renforcer sa position dans les v\u00e9hicules \u00e9cologiques","datePublished":"2024-05-12T13:23:52+00:00","dateModified":"2024-05-12T13:29:19+00:00","mainEntityOfPage":{"@id":"https:\/\/news.canadamotorjobs.com\/fr\/honda-augmente-ses-depenses-en-rd-pour-renforcer-sa-position-dans-les-vehicules-ecologiques\/"},"wordCount":459,"publisher":{"@id":"https:\/\/news.canadamotorjobs.com\/#organization"},"image":{"@id":"https:\/\/news.canadamotorjobs.com\/fr\/honda-augmente-ses-depenses-en-rd-pour-renforcer-sa-position-dans-les-vehicules-ecologiques\/#primaryimage"},"thumbnailUrl":"https:\/\/news.canadamotorjobs.com\/wp-content\/uploads\/2024\/05\/471538_Honda_Presents_World_Premiere_of_the_Honda_0_Series_Represented_by_Two_New.jpg","articleSection":["Annuel automobile"],"inLanguage":"fr-CA"},{"@type":"WebPage","@id":"https:\/\/news.canadamotorjobs.com\/fr\/honda-augmente-ses-depenses-en-rd-pour-renforcer-sa-position-dans-les-vehicules-ecologiques\/","url":"https:\/\/news.canadamotorjobs.com\/fr\/honda-augmente-ses-depenses-en-rd-pour-renforcer-sa-position-dans-les-vehicules-ecologiques\/","name":"Honda augmente ses d\u00e9penses en R&amp;D pour renforcer sa position dans les v\u00e9hicules \u00e9cologiques - CanadaMotorJobs.com","isPartOf":{"@id":"https:\/\/news.canadamotorjobs.com\/#website"},"primaryImageOfPage":{"@id":"https:\/\/news.canadamotorjobs.com\/fr\/honda-augmente-ses-depenses-en-rd-pour-renforcer-sa-position-dans-les-vehicules-ecologiques\/#primaryimage"},"image":{"@id":"https:\/\/news.canadamotorjobs.com\/fr\/honda-augmente-ses-depenses-en-rd-pour-renforcer-sa-position-dans-les-vehicules-ecologiques\/#primaryimage"},"thumbnailUrl":"https:\/\/news.canadamotorjobs.com\/wp-content\/uploads\/2024\/05\/471538_Honda_Presents_World_Premiere_of_the_Honda_0_Series_Represented_by_Two_New.jpg","datePublished":"2024-05-12T13:23:52+00:00","dateModified":"2024-05-12T13:29:19+00:00","description":"Honda augmente ses d\u00e9penses en R&amp;D pour renforcer sa position dans les v\u00e9hicules \u00e9cologiques - Benoit Charette - Annuel automobile - CanadaMotorJobs.com.","breadcrumb":{"@id":"https:\/\/news.canadamotorjobs.com\/fr\/honda-augmente-ses-depenses-en-rd-pour-renforcer-sa-position-dans-les-vehicules-ecologiques\/#breadcrumb"},"inLanguage":"fr-CA","potentialAction":[{"@type":"ReadAction","target":["https:\/\/news.canadamotorjobs.com\/fr\/honda-augmente-ses-depenses-en-rd-pour-renforcer-sa-position-dans-les-vehicules-ecologiques\/"]}]},{"@type":"ImageObject","inLanguage":"fr-CA","@id":"https:\/\/news.canadamotorjobs.com\/fr\/honda-augmente-ses-depenses-en-rd-pour-renforcer-sa-position-dans-les-vehicules-ecologiques\/#primaryimage","url":"https:\/\/news.canadamotorjobs.com\/wp-content\/uploads\/2024\/05\/471538_Honda_Presents_World_Premiere_of_the_Honda_0_Series_Represented_by_Two_New.jpg","contentUrl":"https:\/\/news.canadamotorjobs.com\/wp-content\/uploads\/2024\/05\/471538_Honda_Presents_World_Premiere_of_the_Honda_0_Series_Represented_by_Two_New.jpg","width":1062,"height":597},{"@type":"BreadcrumbList","@id":"https:\/\/news.canadamotorjobs.com\/fr\/honda-augmente-ses-depenses-en-rd-pour-renforcer-sa-position-dans-les-vehicules-ecologiques\/#breadcrumb","itemListElement":[{"@type":"ListItem","position":1,"name":"Home","item":"https:\/\/news.canadamotorjobs.com\/fr\/blog\/"},{"@type":"ListItem","position":2,"name":"Honda augmente ses d\u00e9penses en R&amp;D pour renforcer sa position dans les v\u00e9hicules \u00e9cologiques"}]},{"@type":"WebSite","@id":"https:\/\/news.canadamotorjobs.com\/#website","url":"https:\/\/news.canadamotorjobs.com\/","name":"CanadaMotorJobs.com","description":"Automotive Jobs","publisher":{"@id":"https:\/\/news.canadamotorjobs.com\/#organization"},"potentialAction":[{"@type":"SearchAction","target":{"@type":"EntryPoint","urlTemplate":"https:\/\/news.canadamotorjobs.com\/?s={search_term_string}"},"query-input":"required name=search_term_string"}],"inLanguage":"fr-CA"},{"@type":"Organization","@id":"https:\/\/news.canadamotorjobs.com\/#organization","name":"Canada Motor Jobs","url":"https:\/\/news.canadamotorjobs.com\/","logo":{"@type":"ImageObject","inLanguage":"fr-CA","@id":"https:\/\/news.canadamotorjobs.com\/#\/schema\/logo\/image\/","url":"https:\/\/news.canadamotorjobs.com\/wp-content\/uploads\/2022\/10\/logo-canada-motor-jobs-1.png","contentUrl":"https:\/\/news.canadamotorjobs.com\/wp-content\/uploads\/2022\/10\/logo-canada-motor-jobs-1.png","width":800,"height":400,"caption":"Canada Motor Jobs"},"image":{"@id":"https:\/\/news.canadamotorjobs.com\/#\/schema\/logo\/image\/"},"sameAs":["https:\/\/www.facebook.com\/canadamotorjobs\/","https:\/\/x.com\/canadamotorjobs","https:\/\/www.instagram.com\/canadamotorjobs\/","https:\/\/www.linkedin.com\/company\/canadamotorjobs"]},{"@type":"Person","@id":"https:\/\/news.canadamotorjobs.com\/#\/schema\/person\/51793d1f87d44011d7bcc2ed99269a90","name":"Benoit Charette","image":{"@type":"ImageObject","inLanguage":"fr-CA","@id":"https:\/\/news.canadamotorjobs.com\/#\/schema\/person\/image\/","url":"https:\/\/secure.gravatar.com\/avatar\/45f3d2eebcccd909668d7ce7ea7267b6?s=96&d=mm&r=g","contentUrl":"https:\/\/secure.gravatar.com\/avatar\/45f3d2eebcccd909668d7ce7ea7267b6?s=96&d=mm&r=g","caption":"Benoit Charette"},"description":"Benoit Charette \/ Propri\u00e9taire et r\u00e9dacteur en chef Benoit Charette pratique le journalisme automobile depuis bient\u00f4t 30 ans. Il a fait ses classes au c\u00f4t\u00e9 de Daniel H\u00e9raud et au Carnet de route de 1992 \u00e0 2001. Il est fondateur, copropri\u00e9taire et r\u00e9dacteur en chef de L\u2019Annuel de l\u2019automobile, qu\u2019il publie depuis 2001. Il a anim\u00e9 les \u00e9missions RPM et RPM+ sur V et les L\u00e9gendes de la route sur Historia. \u00c0 la radio depuis 1986, il reprend l\u2019antenne cette ann\u00e9e sur les ondes de Cogeco et participe pour la deuxi\u00e8me ann\u00e9e \u00e0 l\u2019\u00e9mission Passion Auto sur RDS en plus de mettre en ligne le site Web officiel de L\u2019Annuel de l\u2019automobile sur annuelauto.ca.","sameAs":["https:\/\/annuelauto.ca\/"],"url":"https:\/\/news.canadamotorjobs.com\/fr\/author\/benoit-charette\/"}]}},"_links":{"self":[{"href":"https:\/\/news.canadamotorjobs.com\/fr\/wp-json\/wp\/v2\/posts\/164740"}],"collection":[{"href":"https:\/\/news.canadamotorjobs.com\/fr\/wp-json\/wp\/v2\/posts"}],"about":[{"href":"https:\/\/news.canadamotorjobs.com\/fr\/wp-json\/wp\/v2\/types\/post"}],"author":[{"embeddable":true,"href":"https:\/\/news.canadamotorjobs.com\/fr\/wp-json\/wp\/v2\/users\/8"}],"replies":[{"embeddable":true,"href":"https:\/\/news.canadamotorjobs.com\/fr\/wp-json\/wp\/v2\/comments?post=164740"}],"version-history":[{"count":2,"href":"https:\/\/news.canadamotorjobs.com\/fr\/wp-json\/wp\/v2\/posts\/164740\/revisions"}],"predecessor-version":[{"id":164744,"href":"https:\/\/news.canadamotorjobs.com\/fr\/wp-json\/wp\/v2\/posts\/164740\/revisions\/164744"}],"wp:featuredmedia":[{"embeddable":true,"href":"https:\/\/news.canadamotorjobs.com\/fr\/wp-json\/wp\/v2\/media\/164742"}],"wp:attachment":[{"href":"https:\/\/news.canadamotorjobs.com\/fr\/wp-json\/wp\/v2\/media?parent=164740"}],"wp:term":[{"taxonomy":"category","embeddable":true,"href":"https:\/\/news.canadamotorjobs.com\/fr\/wp-json\/wp\/v2\/categories?post=164740"},{"taxonomy":"post_tag","embeddable":true,"href":"https:\/\/news.canadamotorjobs.com\/fr\/wp-json\/wp\/v2\/tags?post=164740"}],"curies":[{"name":"wp","href":"https:\/\/api.w.org\/{rel}","templated":true}]}}