{"id":164620,"date":"2024-05-10T10:30:49","date_gmt":"2024-05-10T14:30:49","guid":{"rendered":"https:\/\/news.canadamotorjobs.com\/?p=164620"},"modified":"2024-05-10T10:47:39","modified_gmt":"2024-05-10T14:47:39","slug":"byd-devoile-les-premieres-images-officielles-du-pickup-shark","status":"publish","type":"post","link":"https:\/\/news.canadamotorjobs.com\/fr\/byd-devoile-les-premieres-images-officielles-du-pickup-shark\/","title":{"rendered":"BYD d\u00e9voile les premi\u00e8res images officielles du pickup Shark"},"content":{"rendered":"<\/p>\n<p>BYD, le constructeur automobile chinois (Build Your Dreams), a d\u00e9voil\u00e9 les premi\u00e8res images officielles du Shark, un pickup \u00e9lectrifi\u00e9 qui sera vendu \u00e0 l&#8217;\u00e9chelle mondiale.<\/p>\n<h3>Inspiration am\u00e9ricaine<\/h3>\n<p>\n<em>Inspir\u00e9 par l&#8217;Occident<\/em>, les phares semblent tr\u00e8s similaires \u00e0 ceux que l&#8217;on trouve sur le Ford F-150 Lightning, tandis que l&#8217;arri\u00e8re pr\u00e9sente une ressemblance avec le l&#8217;ancien Chevrolet Avalanche . Une barre lumineuse, qui s&#8217;\u00e9tend sur la porte arri\u00e8re, relie les feux arri\u00e8re entre eux.<\/p>\n<h3><strong>Pr\u00e9vu pour faire ses d\u00e9buts le 14 mai<\/strong><\/h3>\n<p>\nPar ailleurs, nous pouvons voir que le Shark arbore des garnitures en plastique noir autour des passages de roue et des parties inf\u00e9rieures des portes. Des jantes en alliage finition diamant, envelopp\u00e9es de pneus toutes saisons, sont \u00e9galement visibles. Enfin, le Shark est \u00e9quip\u00e9 d&#8217;un arceau de sport, qui sera probablement propos\u00e9 en option.<\/p>\n<p>BYD n&#8217;a pas r\u00e9v\u00e9l\u00e9 beaucoup d&#8217;informations sur le Shark mais d\u00e9crit ses capacit\u00e9s tout-terrain comme &#8220;robustes&#8221; et note qu&#8217;il disposera de la technologie DMO. Cette technologie hybride super robuste \u00e0 double mode hors route permet une autonomie sup\u00e9rieure et des performances impressionnantes. Initialement appliqu\u00e9e au VUS Fangchengbao Bao 5, l&#8217;architecture utilise la technologie Cell to Chassis (CTC). Cela int\u00e8gre le pack batterie dans le ch\u00e2ssis, r\u00e9duisant le poids et am\u00e9liorant la s\u00e9curit\u00e9 du v\u00e9hicule.<\/p>\n<h3><strong>Adoption d&#8217;une configuration hybride rechargeable<\/strong><\/h3>\n<p>\nInitialement consid\u00e9r\u00e9 comme un pickup enti\u00e8rement \u00e9lectrique comme le Rivian R1T, le Shark adoptera une configuration hybride (probablement rechargeable) mieux adapt\u00e9e \u00e0 un v\u00e9hicule utilitaire. Bien que les camions \u00e9lectriques soient agr\u00e9ables \u00e0 conduire et efficaces, leur autonomie reste un obstacle, notamment lorsqu&#8217;il s&#8217;agit de s&#8217;aventurer dans des zones recul\u00e9es ou de remorquer une lourde charge.<\/p>\n<p>Des rapports sugg\u00e8rent que le Shark utilisera un moteur quatre cylindres de 1,5 litre associ\u00e9 \u00e0 un moteur \u00e9lectrique. Une autonomie combin\u00e9e dde plus de 1 000 km est pr\u00e9vue, bien que cela ait probablement \u00e9t\u00e9 calcul\u00e9 sur le cycle CLTC optimiste. BYD n&#8217;a pas l&#8217;intention d&#8217;entrer sur le march\u00e9 am\u00e9ricain, mais nous nous attendrions \u00e0 des estimations EPA plus basses s&#8217;il le faisait. \u00c0 son arriv\u00e9e, il rivalisera avec le Ford Ranger PHEV et le prochain Gladiator 4XE, que le PDG de Jeep, Antonio Filosa, a confirm\u00e9 pour 2025.<\/p>\n<p>\u00a0<\/p>\n<p>Avec des renseignements de Carbuzz<\/p>\n<p>\u00a0<\/p>\n<p>Le texte <a rel=\"nofollow\" href=\"https:\/\/annuelauto.ca\/byd-devoile-les-premieres-images-officielles-du-pickup-shark\/\">BYD d\u00e9voile les premi\u00e8res images officielles du pickup Shark<\/a> provient de <a rel=\"nofollow\" href=\"https:\/\/annuelauto.ca\">L&#8217;annuel de l&#8217;automobile &#8211; Actualit\u00e9 automobile<\/a><\/p>\n<p><\/p>\n","protected":false},"excerpt":{"rendered":"<p>BYD, le constructeur automobile chinois (Build Your Dreams), a d\u00e9voil\u00e9 les premi\u00e8res images officielles du Shark, un pickup \u00e9lectrifi\u00e9 qui sera vendu \u00e0 l&#8217;\u00e9chelle mondiale. Inspiration am\u00e9ricaine Inspir\u00e9 par l&#8217;Occident, les phares semblent tr\u00e8s similaires \u00e0 ceux que l&#8217;on trouve sur le Ford F-150 Lightning, tandis que l&#8217;arri\u00e8re pr\u00e9sente une ressemblance avec le l&#8217;ancien Chevrolet [&hellip;]<\/p>\n","protected":false},"author":8,"featured_media":164622,"comment_status":"close","ping_status":"closed","sticky":false,"template":"","format":"standard","meta":{"_monsterinsights_skip_tracking":false,"_monsterinsights_sitenote_active":false,"_monsterinsights_sitenote_note":"","_monsterinsights_sitenote_category":0,"footnotes":""},"categories":[101],"tags":[],"yoast_head":"<!-- This site is optimized with the Yoast SEO plugin v23.2 - https:\/\/yoast.com\/wordpress\/plugins\/seo\/ -->\n<title>BYD d\u00e9voile les premi\u00e8res images officielles du pickup Shark - CanadaMotorJobs.com<\/title>\n<meta name=\"description\" content=\"BYD d\u00e9voile les premi\u00e8res images officielles du pickup Shark - Benoit Charette - Annuel automobile - CanadaMotorJobs.com.\" \/>\n<meta name=\"robots\" content=\"index, follow, max-snippet:-1, max-image-preview:large, max-video-preview:-1\" \/>\n<meta property=\"og:locale\" content=\"fr_CA\" \/>\n<meta property=\"og:type\" content=\"article\" \/>\n<meta property=\"og:title\" content=\"BYD d\u00e9voile les premi\u00e8res images officielles du pickup Shark - CanadaMotorJobs.com\" \/>\n<meta property=\"og:description\" content=\"BYD d\u00e9voile les premi\u00e8res images officielles du pickup Shark - Benoit Charette - Annuel automobile - CanadaMotorJobs.com.\" \/>\n<meta property=\"og:url\" content=\"https:\/\/news.canadamotorjobs.com\/fr\/byd-devoile-les-premieres-images-officielles-du-pickup-shark\/\" \/>\n<meta property=\"og:site_name\" content=\"CanadaMotorJobs.com\" \/>\n<meta property=\"article:publisher\" content=\"https:\/\/www.facebook.com\/canadamotorjobs\/\" \/>\n<meta property=\"article:published_time\" content=\"2024-05-10T14:30:49+00:00\" \/>\n<meta property=\"article:modified_time\" content=\"2024-05-10T14:47:39+00:00\" \/>\n<meta property=\"og:image\" content=\"https:\/\/news.canadamotorjobs.com\/wp-content\/uploads\/2024\/05\/2025-byd-shark-ute-revealed-whichcar-02-scaled-1.jpeg\" \/>\n\t<meta property=\"og:image:width\" content=\"2560\" \/>\n\t<meta property=\"og:image:height\" content=\"1441\" \/>\n\t<meta property=\"og:image:type\" content=\"image\/jpeg\" \/>\n<meta name=\"author\" content=\"Benoit Charette\" \/>\n<meta name=\"twitter:card\" content=\"summary_large_image\" \/>\n<meta name=\"twitter:creator\" content=\"@canadamotorjobs\" \/>\n<meta name=\"twitter:site\" content=\"@canadamotorjobs\" \/>\n<meta name=\"twitter:label1\" content=\"\u00c9crit par\" \/>\n\t<meta name=\"twitter:data1\" content=\"Benoit Charette\" \/>\n\t<meta name=\"twitter:label2\" content=\"Estimation du temps de lecture\" \/>\n\t<meta name=\"twitter:data2\" content=\"2 minutes\" \/>\n<!-- \/ Yoast SEO plugin. -->","yoast_head_json":{"title":"BYD d\u00e9voile les premi\u00e8res images officielles du pickup Shark - CanadaMotorJobs.com","description":"BYD d\u00e9voile les premi\u00e8res images officielles du pickup Shark - Benoit Charette - Annuel automobile - CanadaMotorJobs.com.","robots":{"index":"index","follow":"follow","max-snippet":"max-snippet:-1","max-image-preview":"max-image-preview:large","max-video-preview":"max-video-preview:-1"},"og_locale":"fr_CA","og_type":"article","og_title":"BYD d\u00e9voile les premi\u00e8res images officielles du pickup Shark - CanadaMotorJobs.com","og_description":"BYD d\u00e9voile les premi\u00e8res images officielles du pickup Shark - Benoit Charette - Annuel automobile - CanadaMotorJobs.com.","og_url":"https:\/\/news.canadamotorjobs.com\/fr\/byd-devoile-les-premieres-images-officielles-du-pickup-shark\/","og_site_name":"CanadaMotorJobs.com","article_publisher":"https:\/\/www.facebook.com\/canadamotorjobs\/","article_published_time":"2024-05-10T14:30:49+00:00","article_modified_time":"2024-05-10T14:47:39+00:00","og_image":[{"width":2560,"height":1441,"url":"https:\/\/news.canadamotorjobs.com\/wp-content\/uploads\/2024\/05\/2025-byd-shark-ute-revealed-whichcar-02-scaled-1.jpeg","type":"image\/jpeg"}],"author":"Benoit Charette","twitter_card":"summary_large_image","twitter_creator":"@canadamotorjobs","twitter_site":"@canadamotorjobs","twitter_misc":{"\u00c9crit par":"Benoit Charette","Estimation du temps de lecture":"2 minutes"},"schema":{"@context":"https:\/\/schema.org","@graph":[{"@type":"Article","@id":"https:\/\/news.canadamotorjobs.com\/fr\/byd-devoile-les-premieres-images-officielles-du-pickup-shark\/#article","isPartOf":{"@id":"https:\/\/news.canadamotorjobs.com\/fr\/byd-devoile-les-premieres-images-officielles-du-pickup-shark\/"},"author":{"name":"Benoit Charette","@id":"https:\/\/news.canadamotorjobs.com\/#\/schema\/person\/51793d1f87d44011d7bcc2ed99269a90"},"headline":"BYD d\u00e9voile les premi\u00e8res images officielles du pickup Shark","datePublished":"2024-05-10T14:30:49+00:00","dateModified":"2024-05-10T14:47:39+00:00","mainEntityOfPage":{"@id":"https:\/\/news.canadamotorjobs.com\/fr\/byd-devoile-les-premieres-images-officielles-du-pickup-shark\/"},"wordCount":438,"publisher":{"@id":"https:\/\/news.canadamotorjobs.com\/#organization"},"image":{"@id":"https:\/\/news.canadamotorjobs.com\/fr\/byd-devoile-les-premieres-images-officielles-du-pickup-shark\/#primaryimage"},"thumbnailUrl":"https:\/\/news.canadamotorjobs.com\/wp-content\/uploads\/2024\/05\/2025-byd-shark-ute-revealed-whichcar-02-scaled-1.jpeg","articleSection":["Annuel automobile"],"inLanguage":"fr-CA"},{"@type":"WebPage","@id":"https:\/\/news.canadamotorjobs.com\/fr\/byd-devoile-les-premieres-images-officielles-du-pickup-shark\/","url":"https:\/\/news.canadamotorjobs.com\/fr\/byd-devoile-les-premieres-images-officielles-du-pickup-shark\/","name":"BYD d\u00e9voile les premi\u00e8res images officielles du pickup Shark - CanadaMotorJobs.com","isPartOf":{"@id":"https:\/\/news.canadamotorjobs.com\/#website"},"primaryImageOfPage":{"@id":"https:\/\/news.canadamotorjobs.com\/fr\/byd-devoile-les-premieres-images-officielles-du-pickup-shark\/#primaryimage"},"image":{"@id":"https:\/\/news.canadamotorjobs.com\/fr\/byd-devoile-les-premieres-images-officielles-du-pickup-shark\/#primaryimage"},"thumbnailUrl":"https:\/\/news.canadamotorjobs.com\/wp-content\/uploads\/2024\/05\/2025-byd-shark-ute-revealed-whichcar-02-scaled-1.jpeg","datePublished":"2024-05-10T14:30:49+00:00","dateModified":"2024-05-10T14:47:39+00:00","description":"BYD d\u00e9voile les premi\u00e8res images officielles du pickup Shark - Benoit Charette - Annuel automobile - CanadaMotorJobs.com.","breadcrumb":{"@id":"https:\/\/news.canadamotorjobs.com\/fr\/byd-devoile-les-premieres-images-officielles-du-pickup-shark\/#breadcrumb"},"inLanguage":"fr-CA","potentialAction":[{"@type":"ReadAction","target":["https:\/\/news.canadamotorjobs.com\/fr\/byd-devoile-les-premieres-images-officielles-du-pickup-shark\/"]}]},{"@type":"ImageObject","inLanguage":"fr-CA","@id":"https:\/\/news.canadamotorjobs.com\/fr\/byd-devoile-les-premieres-images-officielles-du-pickup-shark\/#primaryimage","url":"https:\/\/news.canadamotorjobs.com\/wp-content\/uploads\/2024\/05\/2025-byd-shark-ute-revealed-whichcar-02-scaled-1.jpeg","contentUrl":"https:\/\/news.canadamotorjobs.com\/wp-content\/uploads\/2024\/05\/2025-byd-shark-ute-revealed-whichcar-02-scaled-1.jpeg","width":2560,"height":1441},{"@type":"BreadcrumbList","@id":"https:\/\/news.canadamotorjobs.com\/fr\/byd-devoile-les-premieres-images-officielles-du-pickup-shark\/#breadcrumb","itemListElement":[{"@type":"ListItem","position":1,"name":"Home","item":"https:\/\/news.canadamotorjobs.com\/fr\/blog\/"},{"@type":"ListItem","position":2,"name":"BYD d\u00e9voile les premi\u00e8res images officielles du pickup Shark"}]},{"@type":"WebSite","@id":"https:\/\/news.canadamotorjobs.com\/#website","url":"https:\/\/news.canadamotorjobs.com\/","name":"CanadaMotorJobs.com","description":"Automotive Jobs","publisher":{"@id":"https:\/\/news.canadamotorjobs.com\/#organization"},"potentialAction":[{"@type":"SearchAction","target":{"@type":"EntryPoint","urlTemplate":"https:\/\/news.canadamotorjobs.com\/?s={search_term_string}"},"query-input":"required name=search_term_string"}],"inLanguage":"fr-CA"},{"@type":"Organization","@id":"https:\/\/news.canadamotorjobs.com\/#organization","name":"Canada Motor Jobs","url":"https:\/\/news.canadamotorjobs.com\/","logo":{"@type":"ImageObject","inLanguage":"fr-CA","@id":"https:\/\/news.canadamotorjobs.com\/#\/schema\/logo\/image\/","url":"https:\/\/news.canadamotorjobs.com\/wp-content\/uploads\/2022\/10\/logo-canada-motor-jobs-1.png","contentUrl":"https:\/\/news.canadamotorjobs.com\/wp-content\/uploads\/2022\/10\/logo-canada-motor-jobs-1.png","width":800,"height":400,"caption":"Canada Motor Jobs"},"image":{"@id":"https:\/\/news.canadamotorjobs.com\/#\/schema\/logo\/image\/"},"sameAs":["https:\/\/www.facebook.com\/canadamotorjobs\/","https:\/\/x.com\/canadamotorjobs","https:\/\/www.instagram.com\/canadamotorjobs\/","https:\/\/www.linkedin.com\/company\/canadamotorjobs"]},{"@type":"Person","@id":"https:\/\/news.canadamotorjobs.com\/#\/schema\/person\/51793d1f87d44011d7bcc2ed99269a90","name":"Benoit Charette","image":{"@type":"ImageObject","inLanguage":"fr-CA","@id":"https:\/\/news.canadamotorjobs.com\/#\/schema\/person\/image\/","url":"https:\/\/secure.gravatar.com\/avatar\/45f3d2eebcccd909668d7ce7ea7267b6?s=96&d=mm&r=g","contentUrl":"https:\/\/secure.gravatar.com\/avatar\/45f3d2eebcccd909668d7ce7ea7267b6?s=96&d=mm&r=g","caption":"Benoit Charette"},"description":"Benoit Charette \/ Propri\u00e9taire et r\u00e9dacteur en chef Benoit Charette pratique le journalisme automobile depuis bient\u00f4t 30 ans. Il a fait ses classes au c\u00f4t\u00e9 de Daniel H\u00e9raud et au Carnet de route de 1992 \u00e0 2001. Il est fondateur, copropri\u00e9taire et r\u00e9dacteur en chef de L\u2019Annuel de l\u2019automobile, qu\u2019il publie depuis 2001. Il a anim\u00e9 les \u00e9missions RPM et RPM+ sur V et les L\u00e9gendes de la route sur Historia. \u00c0 la radio depuis 1986, il reprend l\u2019antenne cette ann\u00e9e sur les ondes de Cogeco et participe pour la deuxi\u00e8me ann\u00e9e \u00e0 l\u2019\u00e9mission Passion Auto sur RDS en plus de mettre en ligne le site Web officiel de L\u2019Annuel de l\u2019automobile sur annuelauto.ca.","sameAs":["https:\/\/annuelauto.ca\/"],"url":"https:\/\/news.canadamotorjobs.com\/fr\/author\/benoit-charette\/"}]}},"_links":{"self":[{"href":"https:\/\/news.canadamotorjobs.com\/fr\/wp-json\/wp\/v2\/posts\/164620"}],"collection":[{"href":"https:\/\/news.canadamotorjobs.com\/fr\/wp-json\/wp\/v2\/posts"}],"about":[{"href":"https:\/\/news.canadamotorjobs.com\/fr\/wp-json\/wp\/v2\/types\/post"}],"author":[{"embeddable":true,"href":"https:\/\/news.canadamotorjobs.com\/fr\/wp-json\/wp\/v2\/users\/8"}],"replies":[{"embeddable":true,"href":"https:\/\/news.canadamotorjobs.com\/fr\/wp-json\/wp\/v2\/comments?post=164620"}],"version-history":[{"count":2,"href":"https:\/\/news.canadamotorjobs.com\/fr\/wp-json\/wp\/v2\/posts\/164620\/revisions"}],"predecessor-version":[{"id":164624,"href":"https:\/\/news.canadamotorjobs.com\/fr\/wp-json\/wp\/v2\/posts\/164620\/revisions\/164624"}],"wp:featuredmedia":[{"embeddable":true,"href":"https:\/\/news.canadamotorjobs.com\/fr\/wp-json\/wp\/v2\/media\/164622"}],"wp:attachment":[{"href":"https:\/\/news.canadamotorjobs.com\/fr\/wp-json\/wp\/v2\/media?parent=164620"}],"wp:term":[{"taxonomy":"category","embeddable":true,"href":"https:\/\/news.canadamotorjobs.com\/fr\/wp-json\/wp\/v2\/categories?post=164620"},{"taxonomy":"post_tag","embeddable":true,"href":"https:\/\/news.canadamotorjobs.com\/fr\/wp-json\/wp\/v2\/tags?post=164620"}],"curies":[{"name":"wp","href":"https:\/\/api.w.org\/{rel}","templated":true}]}}