{"id":164547,"date":"2024-05-09T21:53:20","date_gmt":"2024-05-10T01:53:20","guid":{"rendered":"https:\/\/news.canadamotorjobs.com\/?p=164547"},"modified":"2024-05-09T22:14:49","modified_gmt":"2024-05-10T02:14:49","slug":"la-marque-vanderhall-fait-son-entree-au-quebec-a-victoriaville","status":"publish","type":"post","link":"https:\/\/news.canadamotorjobs.com\/fr\/la-marque-vanderhall-fait-son-entree-au-quebec-a-victoriaville\/","title":{"rendered":"La marque Vanderhall fait son entr\u00e9e au Qu\u00e9bec \u00e0 Victoriaville"},"content":{"rendered":"<\/p>\n<p>Vous cherchez un v\u00e9hicule unique, offrant plus de luxe et de sophistication qu\u2019une moto ou un Spider de Can-Am; un v\u00e9hicule avec lequel vous pourrez faire corps et qui ne passera jamais inaper\u00e7u\u00a0? Alors, allez faire un petit tour \u00e0 Victoriaville. C\u2019est dans cette ville des Bois-Francs que vous trouverez la Vanderhall Carmel, une <a href=\"https:\/\/annuelauto.ca\/avvenire-spiritus-leggera-le-nouveau-3-roues-electrique-canadien\/\" target=\"_blank\" rel=\"noopener noreferrer\">3-roues<\/a> qui ne ressemble \u00e0 rien d\u2019autre. C\u2019est une nouveaut\u00e9 provenant des \u00c9tats-Unis que propose d\u00e9sormais le <a href=\"https:\/\/www.royauto.com\/\" target=\"_blank\" rel=\"noopener noreferrer\">Groupe\u00a0Roy\u00a0Auto<\/a>, une entreprise de cette localit\u00e9.<\/p>\n<p>Cette petite biplace \u00e0 l\u2019apparence sophistiqu\u00e9e est fabriqu\u00e9e par Vanderhall Motor Works, une entreprise de Provo, en Utah, qui a \u00e9t\u00e9 fond\u00e9e en 2010. C\u2019est aussi le premier mod\u00e8le de cette marque qui a re\u00e7u le sceau d\u2019approbation de Transports Canada pour \u00eatre vendu au pays.<\/p>\n<p>Longue de 3,02\u00a0m, sa carrosserie est un tantinet plus courte que celle d\u2019une T-Rex de Campagna (3,5\u00a0m) ou d\u2019une <a href=\"https:\/\/annuelauto.ca\/avec-le-slingshot-roush-2023-polaris-veut-redorer-sa-gamme-de-3-roues\/\" target=\"_blank\" rel=\"noopener noreferrer\">Polaris Slingshot<\/a> (3,8\u00a0m). Comme cette derni\u00e8re toutefois, la Carmel est anim\u00e9 par un moteur log\u00e9 \u00e0 l\u2019avant de l\u2019habitacle.<\/p>\n<p>Ce 4-cylindres Ecotec de 1,5\u00a0L \u00e0 turbocompresseur pr\u00e9par\u00e9 par Vanderhall transmet 194\u00a0ch \u00e0 la roue arri\u00e8re unique par le biais d\u2019une bo\u00eete de vitesses automatique \u00e0 6\u00a0rapports. Cette harde de chevaux s\u2019av\u00e8re substantielle compte tenu du poids de cette puce qui culmine \u00e0 712 ou 723\u00a0kg, selon la version. Voil\u00e0 pourquoi elle peut abattre les 100\u00a0km\/h en 4,5\u00a0s et des poussi\u00e8res\u00a0!<\/p>\n<h3><strong>Dotation sophistiqu\u00e9e<\/strong><\/h3>\n<p>\nCette acc\u00e9l\u00e9ration s\u2019effectue sans heurts, puisque Vanderhall ne se soucie pas d\u2019offrir une bo\u00eete manuelle pour ce mod\u00e8le. L\u2019acheteur typique d\u2019une Carmel priorise plut\u00f4t l\u2019agr\u00e9ment de conduite, le confort et une finition soign\u00e9e. Voil\u00e0 pourquoi certaines versions se parent d\u2019un volant \u00e0 boudin en bois, d\u2019une planche de bord en bois, ou encore d\u2019une sellerie de cuir. Et c\u2019est sans oublier que la carrosserie a des porti\u00e8res, qui s\u2019ouvrent de l\u2019avant vers l\u2019arri\u00e8re, pour faciliter l\u2019embarquement.<\/p>\n<p>La dotation de s\u00e9rie, qui se veut \u00e9toff\u00e9e, comprend aussi un r\u00e9gulateur de vitesse, une direction assist\u00e9e, un coffre \u00e0 gants verrouillable, une cha\u00eene audio compatible avec Bluetooth, une chaufferette et m\u00eame des si\u00e8ges chauffants.<\/p>\n<p>Un toit l\u00e9ger amovible baptis\u00e9 Cap\u00a0shade fait \u00e9galement partie de cette dotation, du moins pour trois des quatre versions : les Carmel, Carmel\u00a0GT et Carmel\u00a0GTS. Avec son esth\u00e9tique plus excentrique, la Carmel Blackjack se contente d\u2019un saut-vent, comme la T-Rex et la Polaris, et d\u2019une carrosserie d\u00e9couverte.<\/p>\n<h3><strong>Des prix allant de 64 950 $ \u00e0 79 950 $<\/strong><\/h3>\n<p>\nGroupe Roy Auto, une entreprise qui a des concessions <a href=\"https:\/\/annuelauto.ca\/hyundai-santa-fe-hybrid-nhl-edition-une-exclusivite-canadienne\/\" target=\"_blank\" rel=\"noopener noreferrer\">Hyundai<\/a>, Toyota, Mitsubishi et <a href=\"https:\/\/annuelauto.ca\/pendant-que-tout-le-monde-recule-kia-devance-ses-ev3-et-ev4\/\" target=\"_blank\" rel=\"noopener noreferrer\">Kia<\/a> \u00e0 Victoriaville, propose les Vanderhall Carmel \u00e0 des prix allant de 64\u00a0950\u00a0$ \u00e0 79\u00a0950\u00a0$, ce \u00e0 quoi s\u2019ajoutent des frais de transport et de pr\u00e9paration de 1 850 $. L\u2019acheteur peut aussi profiter d\u2019un plan de financement pour v\u00e9hicules r\u00e9cr\u00e9atifs qui \u00e9tale les paiements sur 15\u00a0ans.<\/p>\n<p>Ce qui va en ravir plus d\u2019un, c\u2019est de savoir qu\u2019au Qu\u00e9bec, la SAAQ consid\u00e8re la Carmel comme une automobile. Le concessionnaire nous confirme qu\u2019il n\u2019est pas n\u00e9cessaire d\u2019avoir un permis de conduire avec une classe pour moto, ni un casque pour conduire cette adorable biplace. Le bonheur, quoi\u00a0!<\/p>\n<p><em>Photos : Groupe Roy Auto et Vanderhall<\/em><\/p>\n<p>Le texte <a rel=\"nofollow\" href=\"https:\/\/annuelauto.ca\/la-marque-vanderhall-fait-son-entree-au-quebec-a-victoriaville\/\">La marque Vanderhall fait son entr\u00e9e au Qu\u00e9bec \u00e0 Victoriaville<\/a> provient de <a rel=\"nofollow\" href=\"https:\/\/annuelauto.ca\">L&#8217;annuel de l&#8217;automobile &#8211; Actualit\u00e9 automobile<\/a><\/p>\n<p><\/p>\n","protected":false},"excerpt":{"rendered":"<p>Vous cherchez un v\u00e9hicule unique, offrant plus de luxe et de sophistication qu\u2019une moto ou un Spider de Can-Am; un v\u00e9hicule avec lequel vous pourrez faire corps et qui ne passera jamais inaper\u00e7u\u00a0? Alors, allez faire un petit tour \u00e0 Victoriaville. C\u2019est dans cette ville des Bois-Francs que vous trouverez la Vanderhall Carmel, une 3-roues [&hellip;]<\/p>\n","protected":false},"author":8,"featured_media":164549,"comment_status":"close","ping_status":"closed","sticky":false,"template":"","format":"standard","meta":{"_monsterinsights_skip_tracking":false,"_monsterinsights_sitenote_active":false,"_monsterinsights_sitenote_note":"","_monsterinsights_sitenote_category":0,"footnotes":""},"categories":[101],"tags":[],"yoast_head":"<!-- This site is optimized with the Yoast SEO plugin v23.2 - https:\/\/yoast.com\/wordpress\/plugins\/seo\/ -->\n<title>La marque Vanderhall fait son entr\u00e9e au Qu\u00e9bec \u00e0 Victoriaville - CanadaMotorJobs.com<\/title>\n<meta name=\"description\" content=\"La marque Vanderhall fait son entr\u00e9e au Qu\u00e9bec \u00e0 Victoriaville - Benoit Charette - Annuel automobile - CanadaMotorJobs.com.\" \/>\n<meta name=\"robots\" content=\"index, follow, max-snippet:-1, max-image-preview:large, max-video-preview:-1\" \/>\n<meta property=\"og:locale\" content=\"fr_CA\" \/>\n<meta property=\"og:type\" content=\"article\" \/>\n<meta property=\"og:title\" content=\"La marque Vanderhall fait son entr\u00e9e au Qu\u00e9bec \u00e0 Victoriaville - CanadaMotorJobs.com\" \/>\n<meta property=\"og:description\" content=\"La marque Vanderhall fait son entr\u00e9e au Qu\u00e9bec \u00e0 Victoriaville - Benoit Charette - Annuel automobile - CanadaMotorJobs.com.\" \/>\n<meta property=\"og:url\" content=\"https:\/\/news.canadamotorjobs.com\/fr\/la-marque-vanderhall-fait-son-entree-au-quebec-a-victoriaville\/\" \/>\n<meta property=\"og:site_name\" content=\"CanadaMotorJobs.com\" \/>\n<meta property=\"article:publisher\" content=\"https:\/\/www.facebook.com\/canadamotorjobs\/\" \/>\n<meta property=\"article:published_time\" content=\"2024-05-10T01:53:20+00:00\" \/>\n<meta property=\"article:modified_time\" content=\"2024-05-10T02:14:49+00:00\" \/>\n<meta property=\"og:image\" content=\"https:\/\/news.canadamotorjobs.com\/wp-content\/uploads\/2024\/05\/Vanderhall-Carmel-2024_4.jpg\" \/>\n\t<meta property=\"og:image:width\" content=\"1024\" \/>\n\t<meta property=\"og:image:height\" content=\"683\" \/>\n\t<meta property=\"og:image:type\" content=\"image\/jpeg\" \/>\n<meta name=\"author\" content=\"Benoit Charette\" \/>\n<meta name=\"twitter:card\" content=\"summary_large_image\" \/>\n<meta name=\"twitter:creator\" content=\"@canadamotorjobs\" \/>\n<meta name=\"twitter:site\" content=\"@canadamotorjobs\" \/>\n<meta name=\"twitter:label1\" content=\"\u00c9crit par\" \/>\n\t<meta name=\"twitter:data1\" content=\"Benoit Charette\" \/>\n\t<meta name=\"twitter:label2\" content=\"Estimation du temps de lecture\" \/>\n\t<meta name=\"twitter:data2\" content=\"3 minutes\" \/>\n<!-- \/ Yoast SEO plugin. -->","yoast_head_json":{"title":"La marque Vanderhall fait son entr\u00e9e au Qu\u00e9bec \u00e0 Victoriaville - CanadaMotorJobs.com","description":"La marque Vanderhall fait son entr\u00e9e au Qu\u00e9bec \u00e0 Victoriaville - Benoit Charette - Annuel automobile - CanadaMotorJobs.com.","robots":{"index":"index","follow":"follow","max-snippet":"max-snippet:-1","max-image-preview":"max-image-preview:large","max-video-preview":"max-video-preview:-1"},"og_locale":"fr_CA","og_type":"article","og_title":"La marque Vanderhall fait son entr\u00e9e au Qu\u00e9bec \u00e0 Victoriaville - CanadaMotorJobs.com","og_description":"La marque Vanderhall fait son entr\u00e9e au Qu\u00e9bec \u00e0 Victoriaville - Benoit Charette - Annuel automobile - CanadaMotorJobs.com.","og_url":"https:\/\/news.canadamotorjobs.com\/fr\/la-marque-vanderhall-fait-son-entree-au-quebec-a-victoriaville\/","og_site_name":"CanadaMotorJobs.com","article_publisher":"https:\/\/www.facebook.com\/canadamotorjobs\/","article_published_time":"2024-05-10T01:53:20+00:00","article_modified_time":"2024-05-10T02:14:49+00:00","og_image":[{"width":1024,"height":683,"url":"https:\/\/news.canadamotorjobs.com\/wp-content\/uploads\/2024\/05\/Vanderhall-Carmel-2024_4.jpg","type":"image\/jpeg"}],"author":"Benoit Charette","twitter_card":"summary_large_image","twitter_creator":"@canadamotorjobs","twitter_site":"@canadamotorjobs","twitter_misc":{"\u00c9crit par":"Benoit Charette","Estimation du temps de lecture":"3 minutes"},"schema":{"@context":"https:\/\/schema.org","@graph":[{"@type":"Article","@id":"https:\/\/news.canadamotorjobs.com\/fr\/la-marque-vanderhall-fait-son-entree-au-quebec-a-victoriaville\/#article","isPartOf":{"@id":"https:\/\/news.canadamotorjobs.com\/fr\/la-marque-vanderhall-fait-son-entree-au-quebec-a-victoriaville\/"},"author":{"name":"Benoit Charette","@id":"https:\/\/news.canadamotorjobs.com\/#\/schema\/person\/51793d1f87d44011d7bcc2ed99269a90"},"headline":"La marque Vanderhall fait son entr\u00e9e au Qu\u00e9bec \u00e0 Victoriaville","datePublished":"2024-05-10T01:53:20+00:00","dateModified":"2024-05-10T02:14:49+00:00","mainEntityOfPage":{"@id":"https:\/\/news.canadamotorjobs.com\/fr\/la-marque-vanderhall-fait-son-entree-au-quebec-a-victoriaville\/"},"wordCount":598,"publisher":{"@id":"https:\/\/news.canadamotorjobs.com\/#organization"},"image":{"@id":"https:\/\/news.canadamotorjobs.com\/fr\/la-marque-vanderhall-fait-son-entree-au-quebec-a-victoriaville\/#primaryimage"},"thumbnailUrl":"https:\/\/news.canadamotorjobs.com\/wp-content\/uploads\/2024\/05\/Vanderhall-Carmel-2024_4.jpg","articleSection":["Annuel automobile"],"inLanguage":"fr-CA"},{"@type":"WebPage","@id":"https:\/\/news.canadamotorjobs.com\/fr\/la-marque-vanderhall-fait-son-entree-au-quebec-a-victoriaville\/","url":"https:\/\/news.canadamotorjobs.com\/fr\/la-marque-vanderhall-fait-son-entree-au-quebec-a-victoriaville\/","name":"La marque Vanderhall fait son entr\u00e9e au Qu\u00e9bec \u00e0 Victoriaville - CanadaMotorJobs.com","isPartOf":{"@id":"https:\/\/news.canadamotorjobs.com\/#website"},"primaryImageOfPage":{"@id":"https:\/\/news.canadamotorjobs.com\/fr\/la-marque-vanderhall-fait-son-entree-au-quebec-a-victoriaville\/#primaryimage"},"image":{"@id":"https:\/\/news.canadamotorjobs.com\/fr\/la-marque-vanderhall-fait-son-entree-au-quebec-a-victoriaville\/#primaryimage"},"thumbnailUrl":"https:\/\/news.canadamotorjobs.com\/wp-content\/uploads\/2024\/05\/Vanderhall-Carmel-2024_4.jpg","datePublished":"2024-05-10T01:53:20+00:00","dateModified":"2024-05-10T02:14:49+00:00","description":"La marque Vanderhall fait son entr\u00e9e au Qu\u00e9bec \u00e0 Victoriaville - Benoit Charette - Annuel automobile - CanadaMotorJobs.com.","breadcrumb":{"@id":"https:\/\/news.canadamotorjobs.com\/fr\/la-marque-vanderhall-fait-son-entree-au-quebec-a-victoriaville\/#breadcrumb"},"inLanguage":"fr-CA","potentialAction":[{"@type":"ReadAction","target":["https:\/\/news.canadamotorjobs.com\/fr\/la-marque-vanderhall-fait-son-entree-au-quebec-a-victoriaville\/"]}]},{"@type":"ImageObject","inLanguage":"fr-CA","@id":"https:\/\/news.canadamotorjobs.com\/fr\/la-marque-vanderhall-fait-son-entree-au-quebec-a-victoriaville\/#primaryimage","url":"https:\/\/news.canadamotorjobs.com\/wp-content\/uploads\/2024\/05\/Vanderhall-Carmel-2024_4.jpg","contentUrl":"https:\/\/news.canadamotorjobs.com\/wp-content\/uploads\/2024\/05\/Vanderhall-Carmel-2024_4.jpg","width":1024,"height":683},{"@type":"BreadcrumbList","@id":"https:\/\/news.canadamotorjobs.com\/fr\/la-marque-vanderhall-fait-son-entree-au-quebec-a-victoriaville\/#breadcrumb","itemListElement":[{"@type":"ListItem","position":1,"name":"Home","item":"https:\/\/news.canadamotorjobs.com\/fr\/blog\/"},{"@type":"ListItem","position":2,"name":"La marque Vanderhall fait son entr\u00e9e au Qu\u00e9bec \u00e0 Victoriaville"}]},{"@type":"WebSite","@id":"https:\/\/news.canadamotorjobs.com\/#website","url":"https:\/\/news.canadamotorjobs.com\/","name":"CanadaMotorJobs.com","description":"Automotive Jobs","publisher":{"@id":"https:\/\/news.canadamotorjobs.com\/#organization"},"potentialAction":[{"@type":"SearchAction","target":{"@type":"EntryPoint","urlTemplate":"https:\/\/news.canadamotorjobs.com\/?s={search_term_string}"},"query-input":"required name=search_term_string"}],"inLanguage":"fr-CA"},{"@type":"Organization","@id":"https:\/\/news.canadamotorjobs.com\/#organization","name":"Canada Motor Jobs","url":"https:\/\/news.canadamotorjobs.com\/","logo":{"@type":"ImageObject","inLanguage":"fr-CA","@id":"https:\/\/news.canadamotorjobs.com\/#\/schema\/logo\/image\/","url":"https:\/\/news.canadamotorjobs.com\/wp-content\/uploads\/2022\/10\/logo-canada-motor-jobs-1.png","contentUrl":"https:\/\/news.canadamotorjobs.com\/wp-content\/uploads\/2022\/10\/logo-canada-motor-jobs-1.png","width":800,"height":400,"caption":"Canada Motor Jobs"},"image":{"@id":"https:\/\/news.canadamotorjobs.com\/#\/schema\/logo\/image\/"},"sameAs":["https:\/\/www.facebook.com\/canadamotorjobs\/","https:\/\/x.com\/canadamotorjobs","https:\/\/www.instagram.com\/canadamotorjobs\/","https:\/\/www.linkedin.com\/company\/canadamotorjobs"]},{"@type":"Person","@id":"https:\/\/news.canadamotorjobs.com\/#\/schema\/person\/51793d1f87d44011d7bcc2ed99269a90","name":"Benoit Charette","image":{"@type":"ImageObject","inLanguage":"fr-CA","@id":"https:\/\/news.canadamotorjobs.com\/#\/schema\/person\/image\/","url":"https:\/\/secure.gravatar.com\/avatar\/45f3d2eebcccd909668d7ce7ea7267b6?s=96&d=mm&r=g","contentUrl":"https:\/\/secure.gravatar.com\/avatar\/45f3d2eebcccd909668d7ce7ea7267b6?s=96&d=mm&r=g","caption":"Benoit Charette"},"description":"Benoit Charette \/ Propri\u00e9taire et r\u00e9dacteur en chef Benoit Charette pratique le journalisme automobile depuis bient\u00f4t 30 ans. Il a fait ses classes au c\u00f4t\u00e9 de Daniel H\u00e9raud et au Carnet de route de 1992 \u00e0 2001. Il est fondateur, copropri\u00e9taire et r\u00e9dacteur en chef de L\u2019Annuel de l\u2019automobile, qu\u2019il publie depuis 2001. Il a anim\u00e9 les \u00e9missions RPM et RPM+ sur V et les L\u00e9gendes de la route sur Historia. \u00c0 la radio depuis 1986, il reprend l\u2019antenne cette ann\u00e9e sur les ondes de Cogeco et participe pour la deuxi\u00e8me ann\u00e9e \u00e0 l\u2019\u00e9mission Passion Auto sur RDS en plus de mettre en ligne le site Web officiel de L\u2019Annuel de l\u2019automobile sur annuelauto.ca.","sameAs":["https:\/\/annuelauto.ca\/"],"url":"https:\/\/news.canadamotorjobs.com\/fr\/author\/benoit-charette\/"}]}},"_links":{"self":[{"href":"https:\/\/news.canadamotorjobs.com\/fr\/wp-json\/wp\/v2\/posts\/164547"}],"collection":[{"href":"https:\/\/news.canadamotorjobs.com\/fr\/wp-json\/wp\/v2\/posts"}],"about":[{"href":"https:\/\/news.canadamotorjobs.com\/fr\/wp-json\/wp\/v2\/types\/post"}],"author":[{"embeddable":true,"href":"https:\/\/news.canadamotorjobs.com\/fr\/wp-json\/wp\/v2\/users\/8"}],"replies":[{"embeddable":true,"href":"https:\/\/news.canadamotorjobs.com\/fr\/wp-json\/wp\/v2\/comments?post=164547"}],"version-history":[{"count":2,"href":"https:\/\/news.canadamotorjobs.com\/fr\/wp-json\/wp\/v2\/posts\/164547\/revisions"}],"predecessor-version":[{"id":164551,"href":"https:\/\/news.canadamotorjobs.com\/fr\/wp-json\/wp\/v2\/posts\/164547\/revisions\/164551"}],"wp:featuredmedia":[{"embeddable":true,"href":"https:\/\/news.canadamotorjobs.com\/fr\/wp-json\/wp\/v2\/media\/164549"}],"wp:attachment":[{"href":"https:\/\/news.canadamotorjobs.com\/fr\/wp-json\/wp\/v2\/media?parent=164547"}],"wp:term":[{"taxonomy":"category","embeddable":true,"href":"https:\/\/news.canadamotorjobs.com\/fr\/wp-json\/wp\/v2\/categories?post=164547"},{"taxonomy":"post_tag","embeddable":true,"href":"https:\/\/news.canadamotorjobs.com\/fr\/wp-json\/wp\/v2\/tags?post=164547"}],"curies":[{"name":"wp","href":"https:\/\/api.w.org\/{rel}","templated":true}]}}