{"id":164470,"date":"2024-05-08T16:21:45","date_gmt":"2024-05-08T20:21:45","guid":{"rendered":"https:\/\/news.canadamotorjobs.com\/?p=164470"},"modified":"2024-05-08T16:29:16","modified_gmt":"2024-05-08T20:29:16","slug":"gm-met-fin-a-la-production-de-la-chevrolet-malibu-pour-se-concentrer-sur-la-nouvelle-chevrolet-bolt-electrique","status":"publish","type":"post","link":"https:\/\/news.canadamotorjobs.com\/fr\/gm-met-fin-a-la-production-de-la-chevrolet-malibu-pour-se-concentrer-sur-la-nouvelle-chevrolet-bolt-electrique\/","title":{"rendered":"GM met fin \u00e0 la production de la Chevrolet Malibu pour se concentrer sur la nouvelle Chevrolet Bolt \u00e9lectrique"},"content":{"rendered":"<\/p>\n<h3>GM annonce des changements majeurs dans son usine de Fairfax<\/h3>\n<p>\nGeneral Motors Co. a confirm\u00e9 mercredi qu&#8217;il mettrait fin \u00e0 la production de la berline Chevrolet Malibu cet automne dans son usine de Fairfax Assembly, dans le Kansas. Cette d\u00e9cision fait partie d&#8217;une strat\u00e9gie visant \u00e0 se concentrer sur la fabrication du nouveau v\u00e9hicule \u00e9lectrique Chevrolet Bolt.<\/p>\n<h3>Investissement de GM dans la production de la Bolt \u00e9lectrique<\/h3>\n<p>\nGM pr\u00e9voit d&#8217;investir environ 390 millions de dollars \u00e0 Fairfax pour pr\u00e9parer la production de la Bolt bas\u00e9e sur l&#8217;Ultium, la prochaine g\u00e9n\u00e9ration de ce v\u00e9hicule \u00e9lectrique.<\/p>\n<h3>R\u00e9organisation de la production pour r\u00e9pondre \u00e0 la demande croissante<\/h3>\n<p>\nLa production du petit SUV Cadillac XT4 se poursuivra jusqu&#8217;\u00e0 ce que l&#8217;usine soit ferm\u00e9e l&#8217;ann\u00e9e prochaine pour \u00eatre r\u00e9\u00e9quip\u00e9e en vue de la production de la Bolt. Cette r\u00e9organisation permettra \u00e0 GM de r\u00e9pondre aux changements de la demande des clients et de maintenir sa flexibilit\u00e9 sur le march\u00e9.<\/p>\n<h3>Cons\u00e9quences pour les employ\u00e9s et engagement envers le syndicat UAW-GM<\/h3>\n<p>\nKevin Kelly, porte-parole de GM, a soulign\u00e9 que l&#8217;arr\u00eat de la production entra\u00eenerait un licenciement temporaire des employ\u00e9s concern\u00e9s. Cependant, ils seront soutenus conform\u00e9ment aux dispositions de l&#8217;accord entre GM et le syndicat UAW. Lorsque la production reprendra fin 2025, Fairfax produira \u00e0 la fois la Bolt EV et la XT4 sur la m\u00eame ligne d&#8217;assemblage.<\/p>\n<p>Avec des renseignements du Detroit News<\/p>\n<p>\u00a0<\/p>\n<p>Le texte <a rel=\"nofollow\" href=\"https:\/\/annuelauto.ca\/gm-met-fin-a-la-production-de-la-chevrolet-malibu-pour-se-concentrer-sur-la-nouvelle-chevrolet-bolt-electrique\/\">GM met fin \u00e0 la production de la Chevrolet Malibu pour se concentrer sur la nouvelle Chevrolet Bolt \u00e9lectrique<\/a> provient de <a rel=\"nofollow\" href=\"https:\/\/annuelauto.ca\">L&#8217;annuel de l&#8217;automobile &#8211; Actualit\u00e9 automobile<\/a><\/p>\n<p><\/p>\n","protected":false},"excerpt":{"rendered":"<p>GM annonce des changements majeurs dans son usine de Fairfax General Motors Co. a confirm\u00e9 mercredi qu&#8217;il mettrait fin \u00e0 la production de la berline Chevrolet Malibu cet automne dans son usine de Fairfax Assembly, dans le Kansas. Cette d\u00e9cision fait partie d&#8217;une strat\u00e9gie visant \u00e0 se concentrer sur la fabrication du nouveau v\u00e9hicule \u00e9lectrique [&hellip;]<\/p>\n","protected":false},"author":8,"featured_media":164472,"comment_status":"close","ping_status":"closed","sticky":false,"template":"","format":"standard","meta":{"_monsterinsights_skip_tracking":false,"_monsterinsights_sitenote_active":false,"_monsterinsights_sitenote_note":"","_monsterinsights_sitenote_category":0,"footnotes":""},"categories":[101],"tags":[],"yoast_head":"<!-- This site is optimized with the Yoast SEO plugin v23.2 - https:\/\/yoast.com\/wordpress\/plugins\/seo\/ -->\n<title>GM met fin \u00e0 la production de la Chevrolet Malibu pour se concentrer sur la nouvelle Chevrolet Bolt \u00e9lectrique - CanadaMotorJobs.com<\/title>\n<meta name=\"description\" content=\"GM met fin \u00e0 la production de la Chevrolet Malibu pour se concentrer sur la nouvelle Chevrolet Bolt \u00e9lectrique - Benoit Charette - Annuel automobile - CanadaMotorJobs.com.\" \/>\n<meta name=\"robots\" content=\"index, follow, max-snippet:-1, max-image-preview:large, max-video-preview:-1\" \/>\n<meta property=\"og:locale\" content=\"fr_CA\" \/>\n<meta property=\"og:type\" content=\"article\" \/>\n<meta property=\"og:title\" content=\"GM met fin \u00e0 la production de la Chevrolet Malibu pour se concentrer sur la nouvelle Chevrolet Bolt \u00e9lectrique - CanadaMotorJobs.com\" \/>\n<meta property=\"og:description\" content=\"GM met fin \u00e0 la production de la Chevrolet Malibu pour se concentrer sur la nouvelle Chevrolet Bolt \u00e9lectrique - Benoit Charette - Annuel automobile - CanadaMotorJobs.com.\" \/>\n<meta property=\"og:url\" content=\"https:\/\/news.canadamotorjobs.com\/fr\/gm-met-fin-a-la-production-de-la-chevrolet-malibu-pour-se-concentrer-sur-la-nouvelle-chevrolet-bolt-electrique\/\" \/>\n<meta property=\"og:site_name\" content=\"CanadaMotorJobs.com\" \/>\n<meta property=\"article:publisher\" content=\"https:\/\/www.facebook.com\/canadamotorjobs\/\" \/>\n<meta property=\"article:published_time\" content=\"2024-05-08T20:21:45+00:00\" \/>\n<meta property=\"article:modified_time\" content=\"2024-05-08T20:29:16+00:00\" \/>\n<meta property=\"og:image\" content=\"https:\/\/news.canadamotorjobs.com\/wp-content\/uploads\/2024\/05\/fairfax-19.jpg\" \/>\n\t<meta property=\"og:image:width\" content=\"1600\" \/>\n\t<meta property=\"og:image:height\" content=\"1067\" \/>\n\t<meta property=\"og:image:type\" content=\"image\/jpeg\" \/>\n<meta name=\"author\" content=\"Benoit Charette\" \/>\n<meta name=\"twitter:card\" content=\"summary_large_image\" \/>\n<meta name=\"twitter:creator\" content=\"@canadamotorjobs\" \/>\n<meta name=\"twitter:site\" content=\"@canadamotorjobs\" \/>\n<meta name=\"twitter:label1\" content=\"\u00c9crit par\" \/>\n\t<meta name=\"twitter:data1\" content=\"Benoit Charette\" \/>\n\t<meta name=\"twitter:label2\" content=\"Estimation du temps de lecture\" \/>\n\t<meta name=\"twitter:data2\" content=\"1 minute\" \/>\n<!-- \/ Yoast SEO plugin. -->","yoast_head_json":{"title":"GM met fin \u00e0 la production de la Chevrolet Malibu pour se concentrer sur la nouvelle Chevrolet Bolt \u00e9lectrique - CanadaMotorJobs.com","description":"GM met fin \u00e0 la production de la Chevrolet Malibu pour se concentrer sur la nouvelle Chevrolet Bolt \u00e9lectrique - Benoit Charette - Annuel automobile - CanadaMotorJobs.com.","robots":{"index":"index","follow":"follow","max-snippet":"max-snippet:-1","max-image-preview":"max-image-preview:large","max-video-preview":"max-video-preview:-1"},"og_locale":"fr_CA","og_type":"article","og_title":"GM met fin \u00e0 la production de la Chevrolet Malibu pour se concentrer sur la nouvelle Chevrolet Bolt \u00e9lectrique - CanadaMotorJobs.com","og_description":"GM met fin \u00e0 la production de la Chevrolet Malibu pour se concentrer sur la nouvelle Chevrolet Bolt \u00e9lectrique - Benoit Charette - Annuel automobile - CanadaMotorJobs.com.","og_url":"https:\/\/news.canadamotorjobs.com\/fr\/gm-met-fin-a-la-production-de-la-chevrolet-malibu-pour-se-concentrer-sur-la-nouvelle-chevrolet-bolt-electrique\/","og_site_name":"CanadaMotorJobs.com","article_publisher":"https:\/\/www.facebook.com\/canadamotorjobs\/","article_published_time":"2024-05-08T20:21:45+00:00","article_modified_time":"2024-05-08T20:29:16+00:00","og_image":[{"width":1600,"height":1067,"url":"https:\/\/news.canadamotorjobs.com\/wp-content\/uploads\/2024\/05\/fairfax-19.jpg","type":"image\/jpeg"}],"author":"Benoit Charette","twitter_card":"summary_large_image","twitter_creator":"@canadamotorjobs","twitter_site":"@canadamotorjobs","twitter_misc":{"\u00c9crit par":"Benoit Charette","Estimation du temps de lecture":"1 minute"},"schema":{"@context":"https:\/\/schema.org","@graph":[{"@type":"Article","@id":"https:\/\/news.canadamotorjobs.com\/fr\/gm-met-fin-a-la-production-de-la-chevrolet-malibu-pour-se-concentrer-sur-la-nouvelle-chevrolet-bolt-electrique\/#article","isPartOf":{"@id":"https:\/\/news.canadamotorjobs.com\/fr\/gm-met-fin-a-la-production-de-la-chevrolet-malibu-pour-se-concentrer-sur-la-nouvelle-chevrolet-bolt-electrique\/"},"author":{"name":"Benoit Charette","@id":"https:\/\/news.canadamotorjobs.com\/#\/schema\/person\/51793d1f87d44011d7bcc2ed99269a90"},"headline":"GM met fin \u00e0 la production de la Chevrolet Malibu pour se concentrer sur la nouvelle Chevrolet Bolt \u00e9lectrique","datePublished":"2024-05-08T20:21:45+00:00","dateModified":"2024-05-08T20:29:16+00:00","mainEntityOfPage":{"@id":"https:\/\/news.canadamotorjobs.com\/fr\/gm-met-fin-a-la-production-de-la-chevrolet-malibu-pour-se-concentrer-sur-la-nouvelle-chevrolet-bolt-electrique\/"},"wordCount":300,"publisher":{"@id":"https:\/\/news.canadamotorjobs.com\/#organization"},"image":{"@id":"https:\/\/news.canadamotorjobs.com\/fr\/gm-met-fin-a-la-production-de-la-chevrolet-malibu-pour-se-concentrer-sur-la-nouvelle-chevrolet-bolt-electrique\/#primaryimage"},"thumbnailUrl":"https:\/\/news.canadamotorjobs.com\/wp-content\/uploads\/2024\/05\/fairfax-19.jpg","articleSection":["Annuel automobile"],"inLanguage":"fr-CA"},{"@type":"WebPage","@id":"https:\/\/news.canadamotorjobs.com\/fr\/gm-met-fin-a-la-production-de-la-chevrolet-malibu-pour-se-concentrer-sur-la-nouvelle-chevrolet-bolt-electrique\/","url":"https:\/\/news.canadamotorjobs.com\/fr\/gm-met-fin-a-la-production-de-la-chevrolet-malibu-pour-se-concentrer-sur-la-nouvelle-chevrolet-bolt-electrique\/","name":"GM met fin \u00e0 la production de la Chevrolet Malibu pour se concentrer sur la nouvelle Chevrolet Bolt \u00e9lectrique - CanadaMotorJobs.com","isPartOf":{"@id":"https:\/\/news.canadamotorjobs.com\/#website"},"primaryImageOfPage":{"@id":"https:\/\/news.canadamotorjobs.com\/fr\/gm-met-fin-a-la-production-de-la-chevrolet-malibu-pour-se-concentrer-sur-la-nouvelle-chevrolet-bolt-electrique\/#primaryimage"},"image":{"@id":"https:\/\/news.canadamotorjobs.com\/fr\/gm-met-fin-a-la-production-de-la-chevrolet-malibu-pour-se-concentrer-sur-la-nouvelle-chevrolet-bolt-electrique\/#primaryimage"},"thumbnailUrl":"https:\/\/news.canadamotorjobs.com\/wp-content\/uploads\/2024\/05\/fairfax-19.jpg","datePublished":"2024-05-08T20:21:45+00:00","dateModified":"2024-05-08T20:29:16+00:00","description":"GM met fin \u00e0 la production de la Chevrolet Malibu pour se concentrer sur la nouvelle Chevrolet Bolt \u00e9lectrique - Benoit Charette - Annuel automobile - CanadaMotorJobs.com.","breadcrumb":{"@id":"https:\/\/news.canadamotorjobs.com\/fr\/gm-met-fin-a-la-production-de-la-chevrolet-malibu-pour-se-concentrer-sur-la-nouvelle-chevrolet-bolt-electrique\/#breadcrumb"},"inLanguage":"fr-CA","potentialAction":[{"@type":"ReadAction","target":["https:\/\/news.canadamotorjobs.com\/fr\/gm-met-fin-a-la-production-de-la-chevrolet-malibu-pour-se-concentrer-sur-la-nouvelle-chevrolet-bolt-electrique\/"]}]},{"@type":"ImageObject","inLanguage":"fr-CA","@id":"https:\/\/news.canadamotorjobs.com\/fr\/gm-met-fin-a-la-production-de-la-chevrolet-malibu-pour-se-concentrer-sur-la-nouvelle-chevrolet-bolt-electrique\/#primaryimage","url":"https:\/\/news.canadamotorjobs.com\/wp-content\/uploads\/2024\/05\/fairfax-19.jpg","contentUrl":"https:\/\/news.canadamotorjobs.com\/wp-content\/uploads\/2024\/05\/fairfax-19.jpg","width":1600,"height":1067},{"@type":"BreadcrumbList","@id":"https:\/\/news.canadamotorjobs.com\/fr\/gm-met-fin-a-la-production-de-la-chevrolet-malibu-pour-se-concentrer-sur-la-nouvelle-chevrolet-bolt-electrique\/#breadcrumb","itemListElement":[{"@type":"ListItem","position":1,"name":"Home","item":"https:\/\/news.canadamotorjobs.com\/fr\/blog\/"},{"@type":"ListItem","position":2,"name":"GM met fin \u00e0 la production de la Chevrolet Malibu pour se concentrer sur la nouvelle Chevrolet Bolt \u00e9lectrique"}]},{"@type":"WebSite","@id":"https:\/\/news.canadamotorjobs.com\/#website","url":"https:\/\/news.canadamotorjobs.com\/","name":"CanadaMotorJobs.com","description":"Automotive Jobs","publisher":{"@id":"https:\/\/news.canadamotorjobs.com\/#organization"},"potentialAction":[{"@type":"SearchAction","target":{"@type":"EntryPoint","urlTemplate":"https:\/\/news.canadamotorjobs.com\/?s={search_term_string}"},"query-input":"required name=search_term_string"}],"inLanguage":"fr-CA"},{"@type":"Organization","@id":"https:\/\/news.canadamotorjobs.com\/#organization","name":"Canada Motor Jobs","url":"https:\/\/news.canadamotorjobs.com\/","logo":{"@type":"ImageObject","inLanguage":"fr-CA","@id":"https:\/\/news.canadamotorjobs.com\/#\/schema\/logo\/image\/","url":"https:\/\/news.canadamotorjobs.com\/wp-content\/uploads\/2022\/10\/logo-canada-motor-jobs-1.png","contentUrl":"https:\/\/news.canadamotorjobs.com\/wp-content\/uploads\/2022\/10\/logo-canada-motor-jobs-1.png","width":800,"height":400,"caption":"Canada Motor Jobs"},"image":{"@id":"https:\/\/news.canadamotorjobs.com\/#\/schema\/logo\/image\/"},"sameAs":["https:\/\/www.facebook.com\/canadamotorjobs\/","https:\/\/x.com\/canadamotorjobs","https:\/\/www.instagram.com\/canadamotorjobs\/","https:\/\/www.linkedin.com\/company\/canadamotorjobs"]},{"@type":"Person","@id":"https:\/\/news.canadamotorjobs.com\/#\/schema\/person\/51793d1f87d44011d7bcc2ed99269a90","name":"Benoit Charette","image":{"@type":"ImageObject","inLanguage":"fr-CA","@id":"https:\/\/news.canadamotorjobs.com\/#\/schema\/person\/image\/","url":"https:\/\/secure.gravatar.com\/avatar\/45f3d2eebcccd909668d7ce7ea7267b6?s=96&d=mm&r=g","contentUrl":"https:\/\/secure.gravatar.com\/avatar\/45f3d2eebcccd909668d7ce7ea7267b6?s=96&d=mm&r=g","caption":"Benoit Charette"},"description":"Benoit Charette \/ Propri\u00e9taire et r\u00e9dacteur en chef Benoit Charette pratique le journalisme automobile depuis bient\u00f4t 30 ans. Il a fait ses classes au c\u00f4t\u00e9 de Daniel H\u00e9raud et au Carnet de route de 1992 \u00e0 2001. Il est fondateur, copropri\u00e9taire et r\u00e9dacteur en chef de L\u2019Annuel de l\u2019automobile, qu\u2019il publie depuis 2001. Il a anim\u00e9 les \u00e9missions RPM et RPM+ sur V et les L\u00e9gendes de la route sur Historia. \u00c0 la radio depuis 1986, il reprend l\u2019antenne cette ann\u00e9e sur les ondes de Cogeco et participe pour la deuxi\u00e8me ann\u00e9e \u00e0 l\u2019\u00e9mission Passion Auto sur RDS en plus de mettre en ligne le site Web officiel de L\u2019Annuel de l\u2019automobile sur annuelauto.ca.","sameAs":["https:\/\/annuelauto.ca\/"],"url":"https:\/\/news.canadamotorjobs.com\/fr\/author\/benoit-charette\/"}]}},"_links":{"self":[{"href":"https:\/\/news.canadamotorjobs.com\/fr\/wp-json\/wp\/v2\/posts\/164470"}],"collection":[{"href":"https:\/\/news.canadamotorjobs.com\/fr\/wp-json\/wp\/v2\/posts"}],"about":[{"href":"https:\/\/news.canadamotorjobs.com\/fr\/wp-json\/wp\/v2\/types\/post"}],"author":[{"embeddable":true,"href":"https:\/\/news.canadamotorjobs.com\/fr\/wp-json\/wp\/v2\/users\/8"}],"replies":[{"embeddable":true,"href":"https:\/\/news.canadamotorjobs.com\/fr\/wp-json\/wp\/v2\/comments?post=164470"}],"version-history":[{"count":2,"href":"https:\/\/news.canadamotorjobs.com\/fr\/wp-json\/wp\/v2\/posts\/164470\/revisions"}],"predecessor-version":[{"id":164474,"href":"https:\/\/news.canadamotorjobs.com\/fr\/wp-json\/wp\/v2\/posts\/164470\/revisions\/164474"}],"wp:featuredmedia":[{"embeddable":true,"href":"https:\/\/news.canadamotorjobs.com\/fr\/wp-json\/wp\/v2\/media\/164472"}],"wp:attachment":[{"href":"https:\/\/news.canadamotorjobs.com\/fr\/wp-json\/wp\/v2\/media?parent=164470"}],"wp:term":[{"taxonomy":"category","embeddable":true,"href":"https:\/\/news.canadamotorjobs.com\/fr\/wp-json\/wp\/v2\/categories?post=164470"},{"taxonomy":"post_tag","embeddable":true,"href":"https:\/\/news.canadamotorjobs.com\/fr\/wp-json\/wp\/v2\/tags?post=164470"}],"curies":[{"name":"wp","href":"https:\/\/api.w.org\/{rel}","templated":true}]}}