{"id":164447,"date":"2024-05-08T15:29:12","date_gmt":"2024-05-08T19:29:12","guid":{"rendered":"https:\/\/news.canadamotorjobs.com\/?p=164447"},"modified":"2024-05-08T15:44:13","modified_gmt":"2024-05-08T19:44:13","slug":"nio-et-byd-sunissent-pour-creer-une-marque-de-ve-abordables-onvo","status":"publish","type":"post","link":"https:\/\/news.canadamotorjobs.com\/fr\/nio-et-byd-sunissent-pour-creer-une-marque-de-ve-abordables-onvo\/","title":{"rendered":"Nio et BYD s\u2019unissent pour cr\u00e9er une marque de VE abordables : Onvo"},"content":{"rendered":"<\/p>\n<p>Deux grandes entreprises chinoise de l\u2019automobile, Nio et BYD, s\u2019unissent pour lancer une nouvelle marque de VE moins chers, r\u00e9pondant au nom d&#8217;Onvo. Cette initiative vise \u00e0 rivaliser avec Tesla sur le march\u00e9 chinois en offrant des alternatives plus abordables, en particulier face aux mod\u00e8les Model 3 et Model Y.<\/p>\n<h3><strong>Strat\u00e9gie de lancement et cible de march\u00e9<\/strong><\/h3>\n<p>\nLe premier mod\u00e8le de la marque, le L60, cible directement le segment des multisegments, visant \u00e0 s\u00e9duire les consommateurs soucieux de leur budget sans sacrifier la qualit\u00e9 ou les performances.<\/p>\n<h3><strong>Avantages des partenariats et \u00e9conomies d&#8217;\u00e9chelle<\/strong><\/h3>\n<p>\nCette collaboration strat\u00e9gique permet \u00e0 BYD d&#8217;explorer de nouvelles sources de revenus dans un paysage concurrentiel en \u00e9volution. Elle met \u00e9galement en lumi\u00e8re l&#8217;importance cruciale des batteries abordables dans la r\u00e9duction des co\u00fbts des VE.<\/p>\n<h3><strong>D\u00e9tails du partenariat et sp\u00e9cifications des batteries<\/strong><\/h3>\n<p>\nBien que les d\u00e9tails exacts du partenariat restent confidentiels, des sources r\u00e9v\u00e8lent que CATL et CALB pourraient fournir des batteries de diff\u00e9rentes tailles pour les VE d&#8217;Onvo. Cette diversit\u00e9 de batteries pourrait offrir des options de capacit\u00e9 adapt\u00e9es \u00e0 diff\u00e9rents besoins et budgets.<\/p>\n<h3><strong>Tendances mondiales et complexit\u00e9s du march\u00e9 des VE<\/strong><\/h3>\n<p>\nAlors que les ventes de VE fl\u00e9chissent dans des march\u00e9s cl\u00e9s comme les \u00c9tats-Unis, les entreprises cherchent d\u00e9sesp\u00e9r\u00e9ment des solutions pour rendre ces v\u00e9hicules plus accessibles. Les entreprises chinoises, avec leur acc\u00e8s privil\u00e9gi\u00e9 aux mati\u00e8res premi\u00e8res et leurs r\u00e9seaux \u00e9conomiques solides, se trouvent en position de force sur le march\u00e9 mondial et sont en mesure de venir ici avec des produits plus abordables.<\/p>\n<h3><strong>Strat\u00e9gies d&#8217;expansion et priorit\u00e9s<\/strong><\/h3>\n<p>\nBien que la concurrence s&#8217;intensifie, les entreprises chinoises comme BYD et Nio concentrent leurs efforts sur leur march\u00e9 national avant de consid\u00e9rer une expansion internationale. Pour l&#8217;instant, l&#8217;accent est mis sur la conqu\u00eate du march\u00e9 chinois et la concurrence directe avec Tesla sur leur propre terrain.<\/p>\n<p>Avec des renseignements de Carbuzz<\/p>\n<p>Le texte <a rel=\"nofollow\" href=\"https:\/\/annuelauto.ca\/nio-et-byd-sunissent-pour-creer-une-marque-de-ve-abordables-onvo\/\">Nio et BYD s\u2019unissent pour cr\u00e9er une marque de VE abordables : Onvo<\/a> provient de <a rel=\"nofollow\" href=\"https:\/\/annuelauto.ca\">L&#8217;annuel de l&#8217;automobile &#8211; Actualit\u00e9 automobile<\/a><\/p>\n<p><\/p>\n","protected":false},"excerpt":{"rendered":"<p>Deux grandes entreprises chinoise de l\u2019automobile, Nio et BYD, s\u2019unissent pour lancer une nouvelle marque de VE moins chers, r\u00e9pondant au nom d&#8217;Onvo. Cette initiative vise \u00e0 rivaliser avec Tesla sur le march\u00e9 chinois en offrant des alternatives plus abordables, en particulier face aux mod\u00e8les Model 3 et Model Y. Strat\u00e9gie de lancement et cible [&hellip;]<\/p>\n","protected":false},"author":8,"featured_media":164449,"comment_status":"close","ping_status":"closed","sticky":false,"template":"","format":"standard","meta":{"_monsterinsights_skip_tracking":false,"_monsterinsights_sitenote_active":false,"_monsterinsights_sitenote_note":"","_monsterinsights_sitenote_category":0,"footnotes":""},"categories":[101],"tags":[],"yoast_head":"<!-- This site is optimized with the Yoast SEO plugin v23.2 - https:\/\/yoast.com\/wordpress\/plugins\/seo\/ -->\n<title>Nio et BYD s\u2019unissent pour cr\u00e9er une marque de VE abordables : Onvo - CanadaMotorJobs.com<\/title>\n<meta name=\"description\" content=\"Nio et BYD s\u2019unissent pour cr\u00e9er une marque de VE abordables : Onvo - Benoit Charette - Annuel automobile - CanadaMotorJobs.com.\" \/>\n<meta name=\"robots\" content=\"index, follow, max-snippet:-1, max-image-preview:large, max-video-preview:-1\" \/>\n<meta property=\"og:locale\" content=\"fr_CA\" \/>\n<meta property=\"og:type\" content=\"article\" \/>\n<meta property=\"og:title\" content=\"Nio et BYD s\u2019unissent pour cr\u00e9er une marque de VE abordables : Onvo - CanadaMotorJobs.com\" \/>\n<meta property=\"og:description\" content=\"Nio et BYD s\u2019unissent pour cr\u00e9er une marque de VE abordables : Onvo - Benoit Charette - Annuel automobile - CanadaMotorJobs.com.\" \/>\n<meta property=\"og:url\" content=\"https:\/\/news.canadamotorjobs.com\/fr\/nio-et-byd-sunissent-pour-creer-une-marque-de-ve-abordables-onvo\/\" \/>\n<meta property=\"og:site_name\" content=\"CanadaMotorJobs.com\" \/>\n<meta property=\"article:publisher\" content=\"https:\/\/www.facebook.com\/canadamotorjobs\/\" \/>\n<meta property=\"article:published_time\" content=\"2024-05-08T19:29:12+00:00\" \/>\n<meta property=\"article:modified_time\" content=\"2024-05-08T19:44:13+00:00\" \/>\n<meta property=\"og:image\" content=\"https:\/\/news.canadamotorjobs.com\/wp-content\/uploads\/2024\/05\/2024050706550692.jpg\" \/>\n\t<meta property=\"og:image:width\" content=\"1280\" \/>\n\t<meta property=\"og:image:height\" content=\"1108\" \/>\n\t<meta property=\"og:image:type\" content=\"image\/jpeg\" \/>\n<meta name=\"author\" content=\"Benoit Charette\" \/>\n<meta name=\"twitter:card\" content=\"summary_large_image\" \/>\n<meta name=\"twitter:creator\" content=\"@canadamotorjobs\" \/>\n<meta name=\"twitter:site\" content=\"@canadamotorjobs\" \/>\n<meta name=\"twitter:label1\" content=\"\u00c9crit par\" \/>\n\t<meta name=\"twitter:data1\" content=\"Benoit Charette\" \/>\n\t<meta name=\"twitter:label2\" content=\"Estimation du temps de lecture\" \/>\n\t<meta name=\"twitter:data2\" content=\"2 minutes\" \/>\n<!-- \/ Yoast SEO plugin. -->","yoast_head_json":{"title":"Nio et BYD s\u2019unissent pour cr\u00e9er une marque de VE abordables : Onvo - CanadaMotorJobs.com","description":"Nio et BYD s\u2019unissent pour cr\u00e9er une marque de VE abordables : Onvo - Benoit Charette - Annuel automobile - CanadaMotorJobs.com.","robots":{"index":"index","follow":"follow","max-snippet":"max-snippet:-1","max-image-preview":"max-image-preview:large","max-video-preview":"max-video-preview:-1"},"og_locale":"fr_CA","og_type":"article","og_title":"Nio et BYD s\u2019unissent pour cr\u00e9er une marque de VE abordables : Onvo - CanadaMotorJobs.com","og_description":"Nio et BYD s\u2019unissent pour cr\u00e9er une marque de VE abordables : Onvo - Benoit Charette - Annuel automobile - CanadaMotorJobs.com.","og_url":"https:\/\/news.canadamotorjobs.com\/fr\/nio-et-byd-sunissent-pour-creer-une-marque-de-ve-abordables-onvo\/","og_site_name":"CanadaMotorJobs.com","article_publisher":"https:\/\/www.facebook.com\/canadamotorjobs\/","article_published_time":"2024-05-08T19:29:12+00:00","article_modified_time":"2024-05-08T19:44:13+00:00","og_image":[{"width":1280,"height":1108,"url":"https:\/\/news.canadamotorjobs.com\/wp-content\/uploads\/2024\/05\/2024050706550692.jpg","type":"image\/jpeg"}],"author":"Benoit Charette","twitter_card":"summary_large_image","twitter_creator":"@canadamotorjobs","twitter_site":"@canadamotorjobs","twitter_misc":{"\u00c9crit par":"Benoit Charette","Estimation du temps de lecture":"2 minutes"},"schema":{"@context":"https:\/\/schema.org","@graph":[{"@type":"Article","@id":"https:\/\/news.canadamotorjobs.com\/fr\/nio-et-byd-sunissent-pour-creer-une-marque-de-ve-abordables-onvo\/#article","isPartOf":{"@id":"https:\/\/news.canadamotorjobs.com\/fr\/nio-et-byd-sunissent-pour-creer-une-marque-de-ve-abordables-onvo\/"},"author":{"name":"Benoit Charette","@id":"https:\/\/news.canadamotorjobs.com\/#\/schema\/person\/51793d1f87d44011d7bcc2ed99269a90"},"headline":"Nio et BYD s\u2019unissent pour cr\u00e9er une marque de VE abordables : Onvo","datePublished":"2024-05-08T19:29:12+00:00","dateModified":"2024-05-08T19:44:13+00:00","mainEntityOfPage":{"@id":"https:\/\/news.canadamotorjobs.com\/fr\/nio-et-byd-sunissent-pour-creer-une-marque-de-ve-abordables-onvo\/"},"wordCount":383,"publisher":{"@id":"https:\/\/news.canadamotorjobs.com\/#organization"},"image":{"@id":"https:\/\/news.canadamotorjobs.com\/fr\/nio-et-byd-sunissent-pour-creer-une-marque-de-ve-abordables-onvo\/#primaryimage"},"thumbnailUrl":"https:\/\/news.canadamotorjobs.com\/wp-content\/uploads\/2024\/05\/2024050706550692.jpg","articleSection":["Annuel automobile"],"inLanguage":"fr-CA"},{"@type":"WebPage","@id":"https:\/\/news.canadamotorjobs.com\/fr\/nio-et-byd-sunissent-pour-creer-une-marque-de-ve-abordables-onvo\/","url":"https:\/\/news.canadamotorjobs.com\/fr\/nio-et-byd-sunissent-pour-creer-une-marque-de-ve-abordables-onvo\/","name":"Nio et BYD s\u2019unissent pour cr\u00e9er une marque de VE abordables : Onvo - CanadaMotorJobs.com","isPartOf":{"@id":"https:\/\/news.canadamotorjobs.com\/#website"},"primaryImageOfPage":{"@id":"https:\/\/news.canadamotorjobs.com\/fr\/nio-et-byd-sunissent-pour-creer-une-marque-de-ve-abordables-onvo\/#primaryimage"},"image":{"@id":"https:\/\/news.canadamotorjobs.com\/fr\/nio-et-byd-sunissent-pour-creer-une-marque-de-ve-abordables-onvo\/#primaryimage"},"thumbnailUrl":"https:\/\/news.canadamotorjobs.com\/wp-content\/uploads\/2024\/05\/2024050706550692.jpg","datePublished":"2024-05-08T19:29:12+00:00","dateModified":"2024-05-08T19:44:13+00:00","description":"Nio et BYD s\u2019unissent pour cr\u00e9er une marque de VE abordables : Onvo - Benoit Charette - Annuel automobile - CanadaMotorJobs.com.","breadcrumb":{"@id":"https:\/\/news.canadamotorjobs.com\/fr\/nio-et-byd-sunissent-pour-creer-une-marque-de-ve-abordables-onvo\/#breadcrumb"},"inLanguage":"fr-CA","potentialAction":[{"@type":"ReadAction","target":["https:\/\/news.canadamotorjobs.com\/fr\/nio-et-byd-sunissent-pour-creer-une-marque-de-ve-abordables-onvo\/"]}]},{"@type":"ImageObject","inLanguage":"fr-CA","@id":"https:\/\/news.canadamotorjobs.com\/fr\/nio-et-byd-sunissent-pour-creer-une-marque-de-ve-abordables-onvo\/#primaryimage","url":"https:\/\/news.canadamotorjobs.com\/wp-content\/uploads\/2024\/05\/2024050706550692.jpg","contentUrl":"https:\/\/news.canadamotorjobs.com\/wp-content\/uploads\/2024\/05\/2024050706550692.jpg","width":1280,"height":1108},{"@type":"BreadcrumbList","@id":"https:\/\/news.canadamotorjobs.com\/fr\/nio-et-byd-sunissent-pour-creer-une-marque-de-ve-abordables-onvo\/#breadcrumb","itemListElement":[{"@type":"ListItem","position":1,"name":"Home","item":"https:\/\/news.canadamotorjobs.com\/fr\/blog\/"},{"@type":"ListItem","position":2,"name":"Nio et BYD s\u2019unissent pour cr\u00e9er une marque de VE abordables : Onvo"}]},{"@type":"WebSite","@id":"https:\/\/news.canadamotorjobs.com\/#website","url":"https:\/\/news.canadamotorjobs.com\/","name":"CanadaMotorJobs.com","description":"Automotive Jobs","publisher":{"@id":"https:\/\/news.canadamotorjobs.com\/#organization"},"potentialAction":[{"@type":"SearchAction","target":{"@type":"EntryPoint","urlTemplate":"https:\/\/news.canadamotorjobs.com\/?s={search_term_string}"},"query-input":"required name=search_term_string"}],"inLanguage":"fr-CA"},{"@type":"Organization","@id":"https:\/\/news.canadamotorjobs.com\/#organization","name":"Canada Motor Jobs","url":"https:\/\/news.canadamotorjobs.com\/","logo":{"@type":"ImageObject","inLanguage":"fr-CA","@id":"https:\/\/news.canadamotorjobs.com\/#\/schema\/logo\/image\/","url":"https:\/\/news.canadamotorjobs.com\/wp-content\/uploads\/2022\/10\/logo-canada-motor-jobs-1.png","contentUrl":"https:\/\/news.canadamotorjobs.com\/wp-content\/uploads\/2022\/10\/logo-canada-motor-jobs-1.png","width":800,"height":400,"caption":"Canada Motor Jobs"},"image":{"@id":"https:\/\/news.canadamotorjobs.com\/#\/schema\/logo\/image\/"},"sameAs":["https:\/\/www.facebook.com\/canadamotorjobs\/","https:\/\/x.com\/canadamotorjobs","https:\/\/www.instagram.com\/canadamotorjobs\/","https:\/\/www.linkedin.com\/company\/canadamotorjobs"]},{"@type":"Person","@id":"https:\/\/news.canadamotorjobs.com\/#\/schema\/person\/51793d1f87d44011d7bcc2ed99269a90","name":"Benoit Charette","image":{"@type":"ImageObject","inLanguage":"fr-CA","@id":"https:\/\/news.canadamotorjobs.com\/#\/schema\/person\/image\/","url":"https:\/\/secure.gravatar.com\/avatar\/45f3d2eebcccd909668d7ce7ea7267b6?s=96&d=mm&r=g","contentUrl":"https:\/\/secure.gravatar.com\/avatar\/45f3d2eebcccd909668d7ce7ea7267b6?s=96&d=mm&r=g","caption":"Benoit Charette"},"description":"Benoit Charette \/ Propri\u00e9taire et r\u00e9dacteur en chef Benoit Charette pratique le journalisme automobile depuis bient\u00f4t 30 ans. Il a fait ses classes au c\u00f4t\u00e9 de Daniel H\u00e9raud et au Carnet de route de 1992 \u00e0 2001. Il est fondateur, copropri\u00e9taire et r\u00e9dacteur en chef de L\u2019Annuel de l\u2019automobile, qu\u2019il publie depuis 2001. Il a anim\u00e9 les \u00e9missions RPM et RPM+ sur V et les L\u00e9gendes de la route sur Historia. \u00c0 la radio depuis 1986, il reprend l\u2019antenne cette ann\u00e9e sur les ondes de Cogeco et participe pour la deuxi\u00e8me ann\u00e9e \u00e0 l\u2019\u00e9mission Passion Auto sur RDS en plus de mettre en ligne le site Web officiel de L\u2019Annuel de l\u2019automobile sur annuelauto.ca.","sameAs":["https:\/\/annuelauto.ca\/"],"url":"https:\/\/news.canadamotorjobs.com\/fr\/author\/benoit-charette\/"}]}},"_links":{"self":[{"href":"https:\/\/news.canadamotorjobs.com\/fr\/wp-json\/wp\/v2\/posts\/164447"}],"collection":[{"href":"https:\/\/news.canadamotorjobs.com\/fr\/wp-json\/wp\/v2\/posts"}],"about":[{"href":"https:\/\/news.canadamotorjobs.com\/fr\/wp-json\/wp\/v2\/types\/post"}],"author":[{"embeddable":true,"href":"https:\/\/news.canadamotorjobs.com\/fr\/wp-json\/wp\/v2\/users\/8"}],"replies":[{"embeddable":true,"href":"https:\/\/news.canadamotorjobs.com\/fr\/wp-json\/wp\/v2\/comments?post=164447"}],"version-history":[{"count":2,"href":"https:\/\/news.canadamotorjobs.com\/fr\/wp-json\/wp\/v2\/posts\/164447\/revisions"}],"predecessor-version":[{"id":164451,"href":"https:\/\/news.canadamotorjobs.com\/fr\/wp-json\/wp\/v2\/posts\/164447\/revisions\/164451"}],"wp:featuredmedia":[{"embeddable":true,"href":"https:\/\/news.canadamotorjobs.com\/fr\/wp-json\/wp\/v2\/media\/164449"}],"wp:attachment":[{"href":"https:\/\/news.canadamotorjobs.com\/fr\/wp-json\/wp\/v2\/media?parent=164447"}],"wp:term":[{"taxonomy":"category","embeddable":true,"href":"https:\/\/news.canadamotorjobs.com\/fr\/wp-json\/wp\/v2\/categories?post=164447"},{"taxonomy":"post_tag","embeddable":true,"href":"https:\/\/news.canadamotorjobs.com\/fr\/wp-json\/wp\/v2\/tags?post=164447"}],"curies":[{"name":"wp","href":"https:\/\/api.w.org\/{rel}","templated":true}]}}