{"id":164366,"date":"2024-05-07T08:46:02","date_gmt":"2024-05-07T12:46:02","guid":{"rendered":"https:\/\/news.canadamotorjobs.com\/?p=164366"},"modified":"2024-05-07T08:47:34","modified_gmt":"2024-05-07T12:47:34","slug":"hyundai-songe-a-la-location-de-certaines-fonctions-comme-les-sieges-chauffants","status":"publish","type":"post","link":"https:\/\/news.canadamotorjobs.com\/fr\/hyundai-songe-a-la-location-de-certaines-fonctions-comme-les-sieges-chauffants\/","title":{"rendered":"Hyundai songe \u00e0 la location de certaines fonctions comme les si\u00e8ges chauffants"},"content":{"rendered":"<\/p>\n<p>Tout comme BMW avant elle, Hyundai annonce une petite r\u00e9volution dans le monde des voitures connect\u00e9es. La soci\u00e9t\u00e9 envisage d&#8217;introduire des fonctionnalit\u00e9s payantes dans ses v\u00e9hicules, allant de l&#8217;activation des si\u00e8ges chauffants \u00e0 d&#8217;autres options, dans le but de personnaliser l&#8217;exp\u00e9rience automobile de ses clients.<\/p>\n<h3><strong>Vers une personnalisation accrue des v\u00e9hicules<\/strong><\/h3>\n<p>\nMarcus Welz, responsable de Hyundai Connected Mobility, d\u00e9clare : &#8220;Nous envisageons de proposer des fonctions \u00e0 la demande afin de personnaliser davantage la voiture.&#8221; Cette initiative s&#8217;inscrit dans une d\u00e9marche visant \u00e0 rester en contact avec les clients m\u00eame apr\u00e8s la vente, une approche qui n\u2019a pas souri \u00e0 BMW.<\/p>\n<h3><strong>Une nouvelle division et des essais en Europe<\/strong><\/h3>\n<p>\nLa cr\u00e9ation d&#8217;une nouvelle division en Europe, regroupant les activit\u00e9s d&#8217;abonnement automobile (Mocean) et de services connect\u00e9s (Bluelink), souligne l&#8217;engagement de Hyundai envers l&#8217;\u00e9volution de la mobilit\u00e9. Andreas-Christoph Hofmann, vice-pr\u00e9sident du marketing de Hyundai, souligne que cette division explore des mod\u00e8les de de voitures allant au-del\u00e0 de la simple acquisition.<\/p>\n<h3><strong>Une restructuration de Bluelink pour une exp\u00e9rience utilisateur optimis\u00e9e<\/strong><\/h3>\n<p>\nHyundai r\u00e9organise Bluelink pour offrir une exp\u00e9rience utilisateur am\u00e9lior\u00e9e. Le syst\u00e8me sera d\u00e9sormais propos\u00e9 en trois cat\u00e9gories : Lite, Plus et Pro, offrant diff\u00e9rents niveaux d&#8217;acc\u00e8s aux services connect\u00e9s, avec des prix variant de gratuit \u00e0 abonnement mensuel.<\/p>\n<h3><strong>Des fonctionnalit\u00e9s \u00e0 la demande pour les voitures plus anciennes<\/strong><\/h3>\n<p>\nHyundai envisage d&#8217;apporter de nouvelles fonctionnalit\u00e9s m\u00eame aux voitures plus anciennes en mettant \u00e0 jour les logiciels entourant les composants existants tels que la batterie, les moteurs, les cam\u00e9ras de stationnement, etc. Cette \u00e9volution permettra d&#8217;am\u00e9liorer les performances moyennant un co\u00fbt.<\/p>\n<h3><strong>Une vision au-del\u00e0 de l&#8217;industrie<\/strong><\/h3>\n<p>\nWelz affirme que l&#8217;objectif de Hyundai va au-del\u00e0 des pratiques actuelles de l&#8217;industrie, visant \u00e0 apporter de nouvelles fonctionnalit\u00e9s \u00e0 des voitures plus anciennes gr\u00e2ce \u00e0 des mises \u00e0 jour logicielles.<\/p>\n<h3><strong>Un pari risqu\u00e9<\/strong><\/h3>\n<p>\nTous les constructeurs automobiles cherchent d\u2019autres mani\u00e8re de gagner des revenus suppl\u00e9mentaires. Toutefois, exiger plus d\u2019argent ou des locations \u00e9ternelle sur des fonctions que l\u2019on peut payer \u00e0 l\u2019achat d\u2019un v\u00e9hicule comporte des risques. Les gens n\u2019ont pas envie d\u2019embarqu\u00e9s dans d\u2019autres et cette approche a \u00e9t\u00e9 tr\u00e8s mal re\u00e7us lorsque des constructeurs comme BMW l\u2019ont propos\u00e9 en Am\u00e9rique du Nord.<\/p>\n<p>\u00a0<\/p>\n<p>Avec des renseignements d\u2019Autocar<\/p>\n<p>\u00a0<\/p>\n<p>Le texte <a rel=\"nofollow\" href=\"https:\/\/annuelauto.ca\/hyundai-songe-a-la-location-de-certaines-fonctions-comme-les-sieges-chauffants\/\">Hyundai songe \u00e0 la location de certaines fonctions comme les si\u00e8ges chauffants<\/a> provient de <a rel=\"nofollow\" href=\"https:\/\/annuelauto.ca\">L&#8217;annuel de l&#8217;automobile &#8211; Actualit\u00e9 automobile<\/a><\/p>\n<p><\/p>\n","protected":false},"excerpt":{"rendered":"<p>Tout comme BMW avant elle, Hyundai annonce une petite r\u00e9volution dans le monde des voitures connect\u00e9es. La soci\u00e9t\u00e9 envisage d&#8217;introduire des fonctionnalit\u00e9s payantes dans ses v\u00e9hicules, allant de l&#8217;activation des si\u00e8ges chauffants \u00e0 d&#8217;autres options, dans le but de personnaliser l&#8217;exp\u00e9rience automobile de ses clients. Vers une personnalisation accrue des v\u00e9hicules Marcus Welz, responsable de [&hellip;]<\/p>\n","protected":false},"author":8,"featured_media":164368,"comment_status":"close","ping_status":"closed","sticky":false,"template":"","format":"standard","meta":{"_monsterinsights_skip_tracking":false,"_monsterinsights_sitenote_active":false,"_monsterinsights_sitenote_note":"","_monsterinsights_sitenote_category":0,"footnotes":""},"categories":[101],"tags":[],"yoast_head":"<!-- This site is optimized with the Yoast SEO plugin v23.2 - https:\/\/yoast.com\/wordpress\/plugins\/seo\/ -->\n<title>Hyundai songe \u00e0 la location de certaines fonctions comme les si\u00e8ges chauffants - CanadaMotorJobs.com<\/title>\n<meta name=\"description\" content=\"Hyundai songe \u00e0 la location de certaines fonctions comme les si\u00e8ges chauffants - Benoit Charette - Annuel automobile - CanadaMotorJobs.com.\" \/>\n<meta name=\"robots\" content=\"index, follow, max-snippet:-1, max-image-preview:large, max-video-preview:-1\" \/>\n<meta property=\"og:locale\" content=\"fr_CA\" \/>\n<meta property=\"og:type\" content=\"article\" \/>\n<meta property=\"og:title\" content=\"Hyundai songe \u00e0 la location de certaines fonctions comme les si\u00e8ges chauffants - CanadaMotorJobs.com\" \/>\n<meta property=\"og:description\" content=\"Hyundai songe \u00e0 la location de certaines fonctions comme les si\u00e8ges chauffants - Benoit Charette - Annuel automobile - CanadaMotorJobs.com.\" \/>\n<meta property=\"og:url\" content=\"https:\/\/news.canadamotorjobs.com\/fr\/hyundai-songe-a-la-location-de-certaines-fonctions-comme-les-sieges-chauffants\/\" \/>\n<meta property=\"og:site_name\" content=\"CanadaMotorJobs.com\" \/>\n<meta property=\"article:publisher\" content=\"https:\/\/www.facebook.com\/canadamotorjobs\/\" \/>\n<meta property=\"article:published_time\" content=\"2024-05-07T12:46:02+00:00\" \/>\n<meta property=\"article:modified_time\" content=\"2024-05-07T12:47:34+00:00\" \/>\n<meta property=\"og:image\" content=\"https:\/\/news.canadamotorjobs.com\/wp-content\/uploads\/2024\/05\/01_1-scaled-1.jpg\" \/>\n\t<meta property=\"og:image:width\" content=\"2560\" \/>\n\t<meta property=\"og:image:height\" content=\"1440\" \/>\n\t<meta property=\"og:image:type\" content=\"image\/jpeg\" \/>\n<meta name=\"author\" content=\"Benoit Charette\" \/>\n<meta name=\"twitter:card\" content=\"summary_large_image\" \/>\n<meta name=\"twitter:creator\" content=\"@canadamotorjobs\" \/>\n<meta name=\"twitter:site\" content=\"@canadamotorjobs\" \/>\n<meta name=\"twitter:label1\" content=\"\u00c9crit par\" \/>\n\t<meta name=\"twitter:data1\" content=\"Benoit Charette\" \/>\n\t<meta name=\"twitter:label2\" content=\"Estimation du temps de lecture\" \/>\n\t<meta name=\"twitter:data2\" content=\"2 minutes\" \/>\n<!-- \/ Yoast SEO plugin. -->","yoast_head_json":{"title":"Hyundai songe \u00e0 la location de certaines fonctions comme les si\u00e8ges chauffants - CanadaMotorJobs.com","description":"Hyundai songe \u00e0 la location de certaines fonctions comme les si\u00e8ges chauffants - Benoit Charette - Annuel automobile - CanadaMotorJobs.com.","robots":{"index":"index","follow":"follow","max-snippet":"max-snippet:-1","max-image-preview":"max-image-preview:large","max-video-preview":"max-video-preview:-1"},"og_locale":"fr_CA","og_type":"article","og_title":"Hyundai songe \u00e0 la location de certaines fonctions comme les si\u00e8ges chauffants - CanadaMotorJobs.com","og_description":"Hyundai songe \u00e0 la location de certaines fonctions comme les si\u00e8ges chauffants - Benoit Charette - Annuel automobile - CanadaMotorJobs.com.","og_url":"https:\/\/news.canadamotorjobs.com\/fr\/hyundai-songe-a-la-location-de-certaines-fonctions-comme-les-sieges-chauffants\/","og_site_name":"CanadaMotorJobs.com","article_publisher":"https:\/\/www.facebook.com\/canadamotorjobs\/","article_published_time":"2024-05-07T12:46:02+00:00","article_modified_time":"2024-05-07T12:47:34+00:00","og_image":[{"width":2560,"height":1440,"url":"https:\/\/news.canadamotorjobs.com\/wp-content\/uploads\/2024\/05\/01_1-scaled-1.jpg","type":"image\/jpeg"}],"author":"Benoit Charette","twitter_card":"summary_large_image","twitter_creator":"@canadamotorjobs","twitter_site":"@canadamotorjobs","twitter_misc":{"\u00c9crit par":"Benoit Charette","Estimation du temps de lecture":"2 minutes"},"schema":{"@context":"https:\/\/schema.org","@graph":[{"@type":"Article","@id":"https:\/\/news.canadamotorjobs.com\/fr\/hyundai-songe-a-la-location-de-certaines-fonctions-comme-les-sieges-chauffants\/#article","isPartOf":{"@id":"https:\/\/news.canadamotorjobs.com\/fr\/hyundai-songe-a-la-location-de-certaines-fonctions-comme-les-sieges-chauffants\/"},"author":{"name":"Benoit Charette","@id":"https:\/\/news.canadamotorjobs.com\/#\/schema\/person\/51793d1f87d44011d7bcc2ed99269a90"},"headline":"Hyundai songe \u00e0 la location de certaines fonctions comme les si\u00e8ges chauffants","datePublished":"2024-05-07T12:46:02+00:00","dateModified":"2024-05-07T12:47:34+00:00","mainEntityOfPage":{"@id":"https:\/\/news.canadamotorjobs.com\/fr\/hyundai-songe-a-la-location-de-certaines-fonctions-comme-les-sieges-chauffants\/"},"wordCount":453,"publisher":{"@id":"https:\/\/news.canadamotorjobs.com\/#organization"},"image":{"@id":"https:\/\/news.canadamotorjobs.com\/fr\/hyundai-songe-a-la-location-de-certaines-fonctions-comme-les-sieges-chauffants\/#primaryimage"},"thumbnailUrl":"https:\/\/news.canadamotorjobs.com\/wp-content\/uploads\/2024\/05\/01_1-scaled-1.jpg","articleSection":["Annuel automobile"],"inLanguage":"fr-CA"},{"@type":"WebPage","@id":"https:\/\/news.canadamotorjobs.com\/fr\/hyundai-songe-a-la-location-de-certaines-fonctions-comme-les-sieges-chauffants\/","url":"https:\/\/news.canadamotorjobs.com\/fr\/hyundai-songe-a-la-location-de-certaines-fonctions-comme-les-sieges-chauffants\/","name":"Hyundai songe \u00e0 la location de certaines fonctions comme les si\u00e8ges chauffants - CanadaMotorJobs.com","isPartOf":{"@id":"https:\/\/news.canadamotorjobs.com\/#website"},"primaryImageOfPage":{"@id":"https:\/\/news.canadamotorjobs.com\/fr\/hyundai-songe-a-la-location-de-certaines-fonctions-comme-les-sieges-chauffants\/#primaryimage"},"image":{"@id":"https:\/\/news.canadamotorjobs.com\/fr\/hyundai-songe-a-la-location-de-certaines-fonctions-comme-les-sieges-chauffants\/#primaryimage"},"thumbnailUrl":"https:\/\/news.canadamotorjobs.com\/wp-content\/uploads\/2024\/05\/01_1-scaled-1.jpg","datePublished":"2024-05-07T12:46:02+00:00","dateModified":"2024-05-07T12:47:34+00:00","description":"Hyundai songe \u00e0 la location de certaines fonctions comme les si\u00e8ges chauffants - Benoit Charette - Annuel automobile - CanadaMotorJobs.com.","breadcrumb":{"@id":"https:\/\/news.canadamotorjobs.com\/fr\/hyundai-songe-a-la-location-de-certaines-fonctions-comme-les-sieges-chauffants\/#breadcrumb"},"inLanguage":"fr-CA","potentialAction":[{"@type":"ReadAction","target":["https:\/\/news.canadamotorjobs.com\/fr\/hyundai-songe-a-la-location-de-certaines-fonctions-comme-les-sieges-chauffants\/"]}]},{"@type":"ImageObject","inLanguage":"fr-CA","@id":"https:\/\/news.canadamotorjobs.com\/fr\/hyundai-songe-a-la-location-de-certaines-fonctions-comme-les-sieges-chauffants\/#primaryimage","url":"https:\/\/news.canadamotorjobs.com\/wp-content\/uploads\/2024\/05\/01_1-scaled-1.jpg","contentUrl":"https:\/\/news.canadamotorjobs.com\/wp-content\/uploads\/2024\/05\/01_1-scaled-1.jpg","width":2560,"height":1440},{"@type":"BreadcrumbList","@id":"https:\/\/news.canadamotorjobs.com\/fr\/hyundai-songe-a-la-location-de-certaines-fonctions-comme-les-sieges-chauffants\/#breadcrumb","itemListElement":[{"@type":"ListItem","position":1,"name":"Home","item":"https:\/\/news.canadamotorjobs.com\/fr\/blog\/"},{"@type":"ListItem","position":2,"name":"Hyundai songe \u00e0 la location de certaines fonctions comme les si\u00e8ges chauffants"}]},{"@type":"WebSite","@id":"https:\/\/news.canadamotorjobs.com\/#website","url":"https:\/\/news.canadamotorjobs.com\/","name":"CanadaMotorJobs.com","description":"Automotive Jobs","publisher":{"@id":"https:\/\/news.canadamotorjobs.com\/#organization"},"potentialAction":[{"@type":"SearchAction","target":{"@type":"EntryPoint","urlTemplate":"https:\/\/news.canadamotorjobs.com\/?s={search_term_string}"},"query-input":"required name=search_term_string"}],"inLanguage":"fr-CA"},{"@type":"Organization","@id":"https:\/\/news.canadamotorjobs.com\/#organization","name":"Canada Motor Jobs","url":"https:\/\/news.canadamotorjobs.com\/","logo":{"@type":"ImageObject","inLanguage":"fr-CA","@id":"https:\/\/news.canadamotorjobs.com\/#\/schema\/logo\/image\/","url":"https:\/\/news.canadamotorjobs.com\/wp-content\/uploads\/2022\/10\/logo-canada-motor-jobs-1.png","contentUrl":"https:\/\/news.canadamotorjobs.com\/wp-content\/uploads\/2022\/10\/logo-canada-motor-jobs-1.png","width":800,"height":400,"caption":"Canada Motor Jobs"},"image":{"@id":"https:\/\/news.canadamotorjobs.com\/#\/schema\/logo\/image\/"},"sameAs":["https:\/\/www.facebook.com\/canadamotorjobs\/","https:\/\/x.com\/canadamotorjobs","https:\/\/www.instagram.com\/canadamotorjobs\/","https:\/\/www.linkedin.com\/company\/canadamotorjobs"]},{"@type":"Person","@id":"https:\/\/news.canadamotorjobs.com\/#\/schema\/person\/51793d1f87d44011d7bcc2ed99269a90","name":"Benoit Charette","image":{"@type":"ImageObject","inLanguage":"fr-CA","@id":"https:\/\/news.canadamotorjobs.com\/#\/schema\/person\/image\/","url":"https:\/\/secure.gravatar.com\/avatar\/45f3d2eebcccd909668d7ce7ea7267b6?s=96&d=mm&r=g","contentUrl":"https:\/\/secure.gravatar.com\/avatar\/45f3d2eebcccd909668d7ce7ea7267b6?s=96&d=mm&r=g","caption":"Benoit Charette"},"description":"Benoit Charette \/ Propri\u00e9taire et r\u00e9dacteur en chef Benoit Charette pratique le journalisme automobile depuis bient\u00f4t 30 ans. Il a fait ses classes au c\u00f4t\u00e9 de Daniel H\u00e9raud et au Carnet de route de 1992 \u00e0 2001. Il est fondateur, copropri\u00e9taire et r\u00e9dacteur en chef de L\u2019Annuel de l\u2019automobile, qu\u2019il publie depuis 2001. Il a anim\u00e9 les \u00e9missions RPM et RPM+ sur V et les L\u00e9gendes de la route sur Historia. \u00c0 la radio depuis 1986, il reprend l\u2019antenne cette ann\u00e9e sur les ondes de Cogeco et participe pour la deuxi\u00e8me ann\u00e9e \u00e0 l\u2019\u00e9mission Passion Auto sur RDS en plus de mettre en ligne le site Web officiel de L\u2019Annuel de l\u2019automobile sur annuelauto.ca.","sameAs":["https:\/\/annuelauto.ca\/"],"url":"https:\/\/news.canadamotorjobs.com\/fr\/author\/benoit-charette\/"}]}},"_links":{"self":[{"href":"https:\/\/news.canadamotorjobs.com\/fr\/wp-json\/wp\/v2\/posts\/164366"}],"collection":[{"href":"https:\/\/news.canadamotorjobs.com\/fr\/wp-json\/wp\/v2\/posts"}],"about":[{"href":"https:\/\/news.canadamotorjobs.com\/fr\/wp-json\/wp\/v2\/types\/post"}],"author":[{"embeddable":true,"href":"https:\/\/news.canadamotorjobs.com\/fr\/wp-json\/wp\/v2\/users\/8"}],"replies":[{"embeddable":true,"href":"https:\/\/news.canadamotorjobs.com\/fr\/wp-json\/wp\/v2\/comments?post=164366"}],"version-history":[{"count":2,"href":"https:\/\/news.canadamotorjobs.com\/fr\/wp-json\/wp\/v2\/posts\/164366\/revisions"}],"predecessor-version":[{"id":164370,"href":"https:\/\/news.canadamotorjobs.com\/fr\/wp-json\/wp\/v2\/posts\/164366\/revisions\/164370"}],"wp:featuredmedia":[{"embeddable":true,"href":"https:\/\/news.canadamotorjobs.com\/fr\/wp-json\/wp\/v2\/media\/164368"}],"wp:attachment":[{"href":"https:\/\/news.canadamotorjobs.com\/fr\/wp-json\/wp\/v2\/media?parent=164366"}],"wp:term":[{"taxonomy":"category","embeddable":true,"href":"https:\/\/news.canadamotorjobs.com\/fr\/wp-json\/wp\/v2\/categories?post=164366"},{"taxonomy":"post_tag","embeddable":true,"href":"https:\/\/news.canadamotorjobs.com\/fr\/wp-json\/wp\/v2\/tags?post=164366"}],"curies":[{"name":"wp","href":"https:\/\/api.w.org\/{rel}","templated":true}]}}