{"id":164343,"date":"2024-05-07T08:22:40","date_gmt":"2024-05-07T12:22:40","guid":{"rendered":"https:\/\/news.canadamotorjobs.com\/?p=164343"},"modified":"2024-05-07T08:29:23","modified_gmt":"2024-05-07T12:29:23","slug":"des-problemes-financiers-qui-entravent-le-projet-de-ford-a-becancour","status":"publish","type":"post","link":"https:\/\/news.canadamotorjobs.com\/fr\/des-problemes-financiers-qui-entravent-le-projet-de-ford-a-becancour\/","title":{"rendered":"Des probl\u00e8mes financiers qui entravent le projet de Ford \u00e0 B\u00e9cancour"},"content":{"rendered":"<\/p>\n<div class=\"flex flex-grow flex-col max-w-full\"><\/p>\n<div class=\"min-h-[20px] text-message flex flex-col items-start whitespace-pre-wrap break-words [.text-message+&amp;]:mt-5 overflow-x-auto gap-3\" dir=\"auto\" data-message-author-role=\"assistant\" data-message-id=\"aaf5eb4e-4362-465b-9583-b78b4ee0fc24\"><\/p>\n<div class=\"markdown prose w-full break-words dark:prose-invert light\"><\/p>\n<h3><em>Un projet majeur au point mort<\/em><\/h3>\n<p>\nLe projet de construction d&#8217;une usine de batteries \u00e0 B\u00e9cancour, pilot\u00e9 par Ford et ses partenaires, fait face \u00e0 d&#8217;importants obstacles financiers. Malgr\u00e9 la progression des travaux, le chantier milliardaire est actuellement au point mort, laissant plusieurs questions en suspens.<\/p>\n<h3><strong>D\u00e9fis financiers pour Ford et ses partenaires<\/strong><\/h3>\n<p>\nFord, EcoPro BM et SK On rencontrent tous des difficult\u00e9s financi\u00e8res li\u00e9es \u00e0 leur virage vers l&#8217;\u00e9lectrification. Ford a enregistr\u00e9 une perte trimestrielle de 1,3 milliard de dollars dans son segment \u00e9lectrique, tandis qu&#8217;EcoPro BM voit ses b\u00e9n\u00e9fices chuter de mani\u00e8re vertigineuse.<\/p>\n<h3><em>Incertitudes entourant le projet de B\u00e9cancour<\/em><\/h3>\n<p>\nLe 30 avril dernier, Ford et ses partenaires ont ralenti la construction de leur usine qu\u00e9b\u00e9coise de cathodes, sans fournir de d\u00e9tails sur les raisons de ce frein soudain. Des questions subsistent \u00e9galement sur le choix du nouveau ma\u00eetre d&#8217;\u0153uvre et sur les sommes d\u00e9j\u00e0 investies dans le projet.<\/p>\n<h3><strong>Difficult\u00e9s persistantes pour SK On et EcoPro BM<\/strong><\/h3>\n<p>\nSK On, sp\u00e9cialis\u00e9 dans les batteries, demeure d\u00e9ficitaire malgr\u00e9 ses projets internationaux, tandis qu&#8217;EcoPro BM voit ses b\u00e9n\u00e9fices d\u00e9cliner et anticipe une reprise plus lente que pr\u00e9vu de la demande.<\/p>\n<h3><em>Manque de clart\u00e9 sur la strat\u00e9gie<\/em><\/h3>\n<p>\nYan Cimon, professeur \u00e0 l&#8217;Universit\u00e9 Laval, souligne le flou entourant la strat\u00e9gie de Ford et de ses partenaires. Malgr\u00e9 les obstacles, l&#8217;\u00e9lectrification reste un mouvement in\u00e9vitable dans l&#8217;industrie automobile.<\/p>\n<h3><strong>Retards dans la mise en \u0153uvre du projet<\/strong><\/h3>\n<p>\nHuit mois apr\u00e8s l&#8217;annonce du projet \u00e0 B\u00e9cancour, les promoteurs n&#8217;ont toujours pas finalis\u00e9 la coentreprise pr\u00e9vue. Ford et SK On tardent \u00e0 devenir commanditaires de l&#8217;entit\u00e9, sans explication claire sur ces retards.<\/p>\n<h3><em>Contraste avec d&#8217;autres projets similaires<\/em><\/h3>\n<p>\nEn comparaison, un autre projet d&#8217;usine de cathodes \u00e0 B\u00e9cancour, dirig\u00e9 par General Motors et POSCO, avance sans encombre, avec une structure claire et des actionnaires d\u00e9j\u00e0 engag\u00e9s dans l&#8217;entreprise cr\u00e9\u00e9e pour l&#8217;exploiter.<\/p>\n<\/div>\n<p>\nAvec des renseignements de La Presse<\/p>\n<\/div>\n<p>\n<\/div>\n<p>Le texte <a rel=\"nofollow\" href=\"https:\/\/annuelauto.ca\/des-problemes-financiers-qui-entravent-le-projet-de-ford-a-becancour\/\">Des probl\u00e8mes financiers qui entravent le projet de Ford \u00e0 B\u00e9cancour<\/a> provient de <a rel=\"nofollow\" href=\"https:\/\/annuelauto.ca\">L&#8217;annuel de l&#8217;automobile &#8211; Actualit\u00e9 automobile<\/a><\/p>\n<p><\/p>\n","protected":false},"excerpt":{"rendered":"<p>Un projet majeur au point mort Le projet de construction d&#8217;une usine de batteries \u00e0 B\u00e9cancour, pilot\u00e9 par Ford et ses partenaires, fait face \u00e0 d&#8217;importants obstacles financiers. Malgr\u00e9 la progression des travaux, le chantier milliardaire est actuellement au point mort, laissant plusieurs questions en suspens. D\u00e9fis financiers pour Ford et ses partenaires Ford, EcoPro [&hellip;]<\/p>\n","protected":false},"author":8,"featured_media":164345,"comment_status":"close","ping_status":"closed","sticky":false,"template":"","format":"standard","meta":{"_monsterinsights_skip_tracking":false,"_monsterinsights_sitenote_active":false,"_monsterinsights_sitenote_note":"","_monsterinsights_sitenote_category":0,"footnotes":""},"categories":[101],"tags":[],"yoast_head":"<!-- This site is optimized with the Yoast SEO plugin v23.2 - https:\/\/yoast.com\/wordpress\/plugins\/seo\/ -->\n<title>Des probl\u00e8mes financiers qui entravent le projet de Ford \u00e0 B\u00e9cancour - CanadaMotorJobs.com<\/title>\n<meta name=\"description\" content=\"Des probl\u00e8mes financiers qui entravent le projet de Ford \u00e0 B\u00e9cancour - Benoit Charette - Annuel automobile - CanadaMotorJobs.com.\" \/>\n<meta name=\"robots\" content=\"index, follow, max-snippet:-1, max-image-preview:large, max-video-preview:-1\" \/>\n<meta property=\"og:locale\" content=\"fr_CA\" \/>\n<meta property=\"og:type\" content=\"article\" \/>\n<meta property=\"og:title\" content=\"Des probl\u00e8mes financiers qui entravent le projet de Ford \u00e0 B\u00e9cancour - CanadaMotorJobs.com\" \/>\n<meta property=\"og:description\" content=\"Des probl\u00e8mes financiers qui entravent le projet de Ford \u00e0 B\u00e9cancour - Benoit Charette - Annuel automobile - CanadaMotorJobs.com.\" \/>\n<meta property=\"og:url\" content=\"https:\/\/news.canadamotorjobs.com\/fr\/des-problemes-financiers-qui-entravent-le-projet-de-ford-a-becancour\/\" \/>\n<meta property=\"og:site_name\" content=\"CanadaMotorJobs.com\" \/>\n<meta property=\"article:publisher\" content=\"https:\/\/www.facebook.com\/canadamotorjobs\/\" \/>\n<meta property=\"article:published_time\" content=\"2024-05-07T12:22:40+00:00\" \/>\n<meta property=\"article:modified_time\" content=\"2024-05-07T12:29:23+00:00\" \/>\n<meta property=\"og:image\" content=\"https:\/\/news.canadamotorjobs.com\/wp-content\/uploads\/2024\/05\/ford-becancour_actu.jpg\" \/>\n\t<meta property=\"og:image:width\" content=\"1200\" \/>\n\t<meta property=\"og:image:height\" content=\"800\" \/>\n\t<meta property=\"og:image:type\" content=\"image\/jpeg\" \/>\n<meta name=\"author\" content=\"Benoit Charette\" \/>\n<meta name=\"twitter:card\" content=\"summary_large_image\" \/>\n<meta name=\"twitter:creator\" content=\"@canadamotorjobs\" \/>\n<meta name=\"twitter:site\" content=\"@canadamotorjobs\" \/>\n<meta name=\"twitter:label1\" content=\"\u00c9crit par\" \/>\n\t<meta name=\"twitter:data1\" content=\"Benoit Charette\" \/>\n\t<meta name=\"twitter:label2\" content=\"Estimation du temps de lecture\" \/>\n\t<meta name=\"twitter:data2\" content=\"2 minutes\" \/>\n<!-- \/ Yoast SEO plugin. -->","yoast_head_json":{"title":"Des probl\u00e8mes financiers qui entravent le projet de Ford \u00e0 B\u00e9cancour - CanadaMotorJobs.com","description":"Des probl\u00e8mes financiers qui entravent le projet de Ford \u00e0 B\u00e9cancour - Benoit Charette - Annuel automobile - CanadaMotorJobs.com.","robots":{"index":"index","follow":"follow","max-snippet":"max-snippet:-1","max-image-preview":"max-image-preview:large","max-video-preview":"max-video-preview:-1"},"og_locale":"fr_CA","og_type":"article","og_title":"Des probl\u00e8mes financiers qui entravent le projet de Ford \u00e0 B\u00e9cancour - CanadaMotorJobs.com","og_description":"Des probl\u00e8mes financiers qui entravent le projet de Ford \u00e0 B\u00e9cancour - Benoit Charette - Annuel automobile - CanadaMotorJobs.com.","og_url":"https:\/\/news.canadamotorjobs.com\/fr\/des-problemes-financiers-qui-entravent-le-projet-de-ford-a-becancour\/","og_site_name":"CanadaMotorJobs.com","article_publisher":"https:\/\/www.facebook.com\/canadamotorjobs\/","article_published_time":"2024-05-07T12:22:40+00:00","article_modified_time":"2024-05-07T12:29:23+00:00","og_image":[{"width":1200,"height":800,"url":"https:\/\/news.canadamotorjobs.com\/wp-content\/uploads\/2024\/05\/ford-becancour_actu.jpg","type":"image\/jpeg"}],"author":"Benoit Charette","twitter_card":"summary_large_image","twitter_creator":"@canadamotorjobs","twitter_site":"@canadamotorjobs","twitter_misc":{"\u00c9crit par":"Benoit Charette","Estimation du temps de lecture":"2 minutes"},"schema":{"@context":"https:\/\/schema.org","@graph":[{"@type":"Article","@id":"https:\/\/news.canadamotorjobs.com\/fr\/des-problemes-financiers-qui-entravent-le-projet-de-ford-a-becancour\/#article","isPartOf":{"@id":"https:\/\/news.canadamotorjobs.com\/fr\/des-problemes-financiers-qui-entravent-le-projet-de-ford-a-becancour\/"},"author":{"name":"Benoit Charette","@id":"https:\/\/news.canadamotorjobs.com\/#\/schema\/person\/51793d1f87d44011d7bcc2ed99269a90"},"headline":"Des probl\u00e8mes financiers qui entravent le projet de Ford \u00e0 B\u00e9cancour","datePublished":"2024-05-07T12:22:40+00:00","dateModified":"2024-05-07T12:29:23+00:00","mainEntityOfPage":{"@id":"https:\/\/news.canadamotorjobs.com\/fr\/des-problemes-financiers-qui-entravent-le-projet-de-ford-a-becancour\/"},"wordCount":382,"publisher":{"@id":"https:\/\/news.canadamotorjobs.com\/#organization"},"image":{"@id":"https:\/\/news.canadamotorjobs.com\/fr\/des-problemes-financiers-qui-entravent-le-projet-de-ford-a-becancour\/#primaryimage"},"thumbnailUrl":"https:\/\/news.canadamotorjobs.com\/wp-content\/uploads\/2024\/05\/ford-becancour_actu.jpg","articleSection":["Annuel automobile"],"inLanguage":"fr-CA"},{"@type":"WebPage","@id":"https:\/\/news.canadamotorjobs.com\/fr\/des-problemes-financiers-qui-entravent-le-projet-de-ford-a-becancour\/","url":"https:\/\/news.canadamotorjobs.com\/fr\/des-problemes-financiers-qui-entravent-le-projet-de-ford-a-becancour\/","name":"Des probl\u00e8mes financiers qui entravent le projet de Ford \u00e0 B\u00e9cancour - CanadaMotorJobs.com","isPartOf":{"@id":"https:\/\/news.canadamotorjobs.com\/#website"},"primaryImageOfPage":{"@id":"https:\/\/news.canadamotorjobs.com\/fr\/des-problemes-financiers-qui-entravent-le-projet-de-ford-a-becancour\/#primaryimage"},"image":{"@id":"https:\/\/news.canadamotorjobs.com\/fr\/des-problemes-financiers-qui-entravent-le-projet-de-ford-a-becancour\/#primaryimage"},"thumbnailUrl":"https:\/\/news.canadamotorjobs.com\/wp-content\/uploads\/2024\/05\/ford-becancour_actu.jpg","datePublished":"2024-05-07T12:22:40+00:00","dateModified":"2024-05-07T12:29:23+00:00","description":"Des probl\u00e8mes financiers qui entravent le projet de Ford \u00e0 B\u00e9cancour - Benoit Charette - Annuel automobile - CanadaMotorJobs.com.","breadcrumb":{"@id":"https:\/\/news.canadamotorjobs.com\/fr\/des-problemes-financiers-qui-entravent-le-projet-de-ford-a-becancour\/#breadcrumb"},"inLanguage":"fr-CA","potentialAction":[{"@type":"ReadAction","target":["https:\/\/news.canadamotorjobs.com\/fr\/des-problemes-financiers-qui-entravent-le-projet-de-ford-a-becancour\/"]}]},{"@type":"ImageObject","inLanguage":"fr-CA","@id":"https:\/\/news.canadamotorjobs.com\/fr\/des-problemes-financiers-qui-entravent-le-projet-de-ford-a-becancour\/#primaryimage","url":"https:\/\/news.canadamotorjobs.com\/wp-content\/uploads\/2024\/05\/ford-becancour_actu.jpg","contentUrl":"https:\/\/news.canadamotorjobs.com\/wp-content\/uploads\/2024\/05\/ford-becancour_actu.jpg","width":1200,"height":800},{"@type":"BreadcrumbList","@id":"https:\/\/news.canadamotorjobs.com\/fr\/des-problemes-financiers-qui-entravent-le-projet-de-ford-a-becancour\/#breadcrumb","itemListElement":[{"@type":"ListItem","position":1,"name":"Home","item":"https:\/\/news.canadamotorjobs.com\/fr\/blog\/"},{"@type":"ListItem","position":2,"name":"Des probl\u00e8mes financiers qui entravent le projet de Ford \u00e0 B\u00e9cancour"}]},{"@type":"WebSite","@id":"https:\/\/news.canadamotorjobs.com\/#website","url":"https:\/\/news.canadamotorjobs.com\/","name":"CanadaMotorJobs.com","description":"Automotive Jobs","publisher":{"@id":"https:\/\/news.canadamotorjobs.com\/#organization"},"potentialAction":[{"@type":"SearchAction","target":{"@type":"EntryPoint","urlTemplate":"https:\/\/news.canadamotorjobs.com\/?s={search_term_string}"},"query-input":"required name=search_term_string"}],"inLanguage":"fr-CA"},{"@type":"Organization","@id":"https:\/\/news.canadamotorjobs.com\/#organization","name":"Canada Motor Jobs","url":"https:\/\/news.canadamotorjobs.com\/","logo":{"@type":"ImageObject","inLanguage":"fr-CA","@id":"https:\/\/news.canadamotorjobs.com\/#\/schema\/logo\/image\/","url":"https:\/\/news.canadamotorjobs.com\/wp-content\/uploads\/2022\/10\/logo-canada-motor-jobs-1.png","contentUrl":"https:\/\/news.canadamotorjobs.com\/wp-content\/uploads\/2022\/10\/logo-canada-motor-jobs-1.png","width":800,"height":400,"caption":"Canada Motor Jobs"},"image":{"@id":"https:\/\/news.canadamotorjobs.com\/#\/schema\/logo\/image\/"},"sameAs":["https:\/\/www.facebook.com\/canadamotorjobs\/","https:\/\/x.com\/canadamotorjobs","https:\/\/www.instagram.com\/canadamotorjobs\/","https:\/\/www.linkedin.com\/company\/canadamotorjobs"]},{"@type":"Person","@id":"https:\/\/news.canadamotorjobs.com\/#\/schema\/person\/51793d1f87d44011d7bcc2ed99269a90","name":"Benoit Charette","image":{"@type":"ImageObject","inLanguage":"fr-CA","@id":"https:\/\/news.canadamotorjobs.com\/#\/schema\/person\/image\/","url":"https:\/\/secure.gravatar.com\/avatar\/45f3d2eebcccd909668d7ce7ea7267b6?s=96&d=mm&r=g","contentUrl":"https:\/\/secure.gravatar.com\/avatar\/45f3d2eebcccd909668d7ce7ea7267b6?s=96&d=mm&r=g","caption":"Benoit Charette"},"description":"Benoit Charette \/ Propri\u00e9taire et r\u00e9dacteur en chef Benoit Charette pratique le journalisme automobile depuis bient\u00f4t 30 ans. Il a fait ses classes au c\u00f4t\u00e9 de Daniel H\u00e9raud et au Carnet de route de 1992 \u00e0 2001. Il est fondateur, copropri\u00e9taire et r\u00e9dacteur en chef de L\u2019Annuel de l\u2019automobile, qu\u2019il publie depuis 2001. Il a anim\u00e9 les \u00e9missions RPM et RPM+ sur V et les L\u00e9gendes de la route sur Historia. \u00c0 la radio depuis 1986, il reprend l\u2019antenne cette ann\u00e9e sur les ondes de Cogeco et participe pour la deuxi\u00e8me ann\u00e9e \u00e0 l\u2019\u00e9mission Passion Auto sur RDS en plus de mettre en ligne le site Web officiel de L\u2019Annuel de l\u2019automobile sur annuelauto.ca.","sameAs":["https:\/\/annuelauto.ca\/"],"url":"https:\/\/news.canadamotorjobs.com\/fr\/author\/benoit-charette\/"}]}},"_links":{"self":[{"href":"https:\/\/news.canadamotorjobs.com\/fr\/wp-json\/wp\/v2\/posts\/164343"}],"collection":[{"href":"https:\/\/news.canadamotorjobs.com\/fr\/wp-json\/wp\/v2\/posts"}],"about":[{"href":"https:\/\/news.canadamotorjobs.com\/fr\/wp-json\/wp\/v2\/types\/post"}],"author":[{"embeddable":true,"href":"https:\/\/news.canadamotorjobs.com\/fr\/wp-json\/wp\/v2\/users\/8"}],"replies":[{"embeddable":true,"href":"https:\/\/news.canadamotorjobs.com\/fr\/wp-json\/wp\/v2\/comments?post=164343"}],"version-history":[{"count":2,"href":"https:\/\/news.canadamotorjobs.com\/fr\/wp-json\/wp\/v2\/posts\/164343\/revisions"}],"predecessor-version":[{"id":164347,"href":"https:\/\/news.canadamotorjobs.com\/fr\/wp-json\/wp\/v2\/posts\/164343\/revisions\/164347"}],"wp:featuredmedia":[{"embeddable":true,"href":"https:\/\/news.canadamotorjobs.com\/fr\/wp-json\/wp\/v2\/media\/164345"}],"wp:attachment":[{"href":"https:\/\/news.canadamotorjobs.com\/fr\/wp-json\/wp\/v2\/media?parent=164343"}],"wp:term":[{"taxonomy":"category","embeddable":true,"href":"https:\/\/news.canadamotorjobs.com\/fr\/wp-json\/wp\/v2\/categories?post=164343"},{"taxonomy":"post_tag","embeddable":true,"href":"https:\/\/news.canadamotorjobs.com\/fr\/wp-json\/wp\/v2\/tags?post=164343"}],"curies":[{"name":"wp","href":"https:\/\/api.w.org\/{rel}","templated":true}]}}