{"id":164270,"date":"2024-05-06T15:46:33","date_gmt":"2024-05-06T19:46:33","guid":{"rendered":"https:\/\/news.canadamotorjobs.com\/?p=164270"},"modified":"2024-05-06T15:46:53","modified_gmt":"2024-05-06T19:46:53","slug":"magna-cesse-la-fabrication-de-vehicules-fisker","status":"publish","type":"post","link":"https:\/\/news.canadamotorjobs.com\/fr\/magna-cesse-la-fabrication-de-vehicules-fisker\/","title":{"rendered":"Magna cesse la fabrication de v\u00e9hicules Fisker"},"content":{"rendered":"<\/p>\n<p>Magna International, un acteur majeur dans l&#8217;automobile , se trouve confront\u00e9 \u00e0 des d\u00e9fis majeurs suite \u00e0 l&#8217;arr\u00eat de production des v\u00e9hicules \u00e9lectriques Fisker. Cette situation inattendue a contraint Magna \u00e0 revoir ses perspectives et \u00e0 prendre des mesures strat\u00e9giques pour prot\u00e9ger ses activit\u00e9s.<\/p>\n<h3><strong>Impact financier majeur<\/strong><\/h3>\n<p>\nEn tant que producteur du VUS \u00e9lectrique Ocean de Fisker, Magna subit des pertes importantes. Swamy Kotagiri, PDG de Magna, a r\u00e9v\u00e9l\u00e9 une pr\u00e9vision de perte de revenus substantielle de 400 millions de dollars pour l&#8217;ann\u00e9e en cours, avec une chute du b\u00e9n\u00e9fice net du premier trimestre, passant de 209 millions de dollars \u00e0 9 millions de dollars comparativement \u00e0 l&#8217;ann\u00e9e pr\u00e9c\u00e9dente.<\/p>\n<h3><strong>Tendances n\u00e9gatives pour Fisker<\/strong><\/h3>\n<p>\nFisker fait r\u00e9guli\u00e8rement les gros titres, mais pour de mauvaises raisons. Des probl\u00e8mes techniques avec le SUV \u00e9lectrique tr\u00e8s attendu, des difficult\u00e9s financi\u00e8res importantes, et m\u00eame le PDG Henrik Fisker mettant en vente sa r\u00e9sidence de Los Angeles pour 35 millions de dollars, laissent pr\u00e9sager un avenir sombre pour l&#8217;entreprise.<\/p>\n<h3><strong>D\u00e9fis multiples pour Magna<\/strong><\/h3>\n<p>\nOutre les pertes directes li\u00e9es \u00e0 l&#8217;arr\u00eat de production, Magna doit faire face \u00e0 des retards de programme et \u00e0 une combinaison d\u00e9favorable de plateformes, selon Automotive News. Ces d\u00e9fis s&#8217;ajoutent \u00e0 des tendances industrielles plus larges, telles que des volumes en baisse en Europe et une incertitude quant \u00e0 l&#8217;avenir des v\u00e9hicules \u00e9lectriques en Am\u00e9rique du Nord.<\/p>\n<h3><strong>Engagement et adaptation<\/strong><\/h3>\n<p>\nMalgr\u00e9 ces d\u00e9fis, Magna reste d\u00e9termin\u00e9e \u00e0 surmonter cette p\u00e9riode difficile. La soci\u00e9t\u00e9 a ajust\u00e9 ses projections de ventes annuelles et recherche activement des moyens d&#8217;att\u00e9nuer l&#8217;impact de la situation de Fisker sur ses op\u00e9rations. Kotagiri souligne l&#8217;importance d&#8217;examiner attentivement les d\u00e9tails des contrats et des garanties, surtout lorsqu&#8217;il s&#8217;agit de nouveaux acteurs sur le march\u00e9, afin de r\u00e9duire efficacement les risques futurs.<\/p>\n<h3><strong>Vision \u00e0 long terme<\/strong><\/h3>\n<p>\nLe revers subi avec Fisker n&#8217;a pas entam\u00e9 la volont\u00e9 de Magna de s&#8217;engager dans la transition vers les v\u00e9hicules \u00e9lectriques, comme l&#8217;exprime Pat McCann, directeur financier de l&#8217;entreprise.<\/p>\n<p>\u00a0<\/p>\n<p>Avec des renseignements de Motor Illustrated<\/p>\n<p>\u00a0<\/p>\n<p>Le texte <a rel=\"nofollow\" href=\"https:\/\/annuelauto.ca\/magna-cesse-la-fabrication-de-vehicules-fisker\/\">Magna cesse la fabrication de v\u00e9hicules Fisker<\/a> provient de <a rel=\"nofollow\" href=\"https:\/\/annuelauto.ca\">L&#8217;annuel de l&#8217;automobile &#8211; Actualit\u00e9 automobile<\/a><\/p>\n<p><\/p>\n","protected":false},"excerpt":{"rendered":"<p>Magna International, un acteur majeur dans l&#8217;automobile , se trouve confront\u00e9 \u00e0 des d\u00e9fis majeurs suite \u00e0 l&#8217;arr\u00eat de production des v\u00e9hicules \u00e9lectriques Fisker. Cette situation inattendue a contraint Magna \u00e0 revoir ses perspectives et \u00e0 prendre des mesures strat\u00e9giques pour prot\u00e9ger ses activit\u00e9s. Impact financier majeur En tant que producteur du VUS \u00e9lectrique Ocean [&hellip;]<\/p>\n","protected":false},"author":8,"featured_media":164272,"comment_status":"close","ping_status":"closed","sticky":false,"template":"","format":"standard","meta":{"_monsterinsights_skip_tracking":false,"_monsterinsights_sitenote_active":false,"_monsterinsights_sitenote_note":"","_monsterinsights_sitenote_category":0,"footnotes":""},"categories":[101],"tags":[],"yoast_head":"<!-- This site is optimized with the Yoast SEO plugin v23.2 - https:\/\/yoast.com\/wordpress\/plugins\/seo\/ -->\n<title>Magna cesse la fabrication de v\u00e9hicules Fisker - CanadaMotorJobs.com<\/title>\n<meta name=\"description\" content=\"Magna cesse la fabrication de v\u00e9hicules Fisker - Benoit Charette - Annuel automobile - CanadaMotorJobs.com.\" \/>\n<meta name=\"robots\" content=\"index, follow, max-snippet:-1, max-image-preview:large, max-video-preview:-1\" \/>\n<meta property=\"og:locale\" content=\"fr_CA\" \/>\n<meta property=\"og:type\" content=\"article\" \/>\n<meta property=\"og:title\" content=\"Magna cesse la fabrication de v\u00e9hicules Fisker - CanadaMotorJobs.com\" \/>\n<meta property=\"og:description\" content=\"Magna cesse la fabrication de v\u00e9hicules Fisker - Benoit Charette - Annuel automobile - CanadaMotorJobs.com.\" \/>\n<meta property=\"og:url\" content=\"https:\/\/news.canadamotorjobs.com\/fr\/magna-cesse-la-fabrication-de-vehicules-fisker\/\" \/>\n<meta property=\"og:site_name\" content=\"CanadaMotorJobs.com\" \/>\n<meta property=\"article:publisher\" content=\"https:\/\/www.facebook.com\/canadamotorjobs\/\" \/>\n<meta property=\"article:published_time\" content=\"2024-05-06T19:46:33+00:00\" \/>\n<meta property=\"article:modified_time\" content=\"2024-05-06T19:46:53+00:00\" \/>\n<meta property=\"og:image\" content=\"https:\/\/news.canadamotorjobs.com\/wp-content\/uploads\/2024\/05\/Extreme_ConfigureModule_1200x800_xdzdzk.jpg\" \/>\n\t<meta property=\"og:image:width\" content=\"1200\" \/>\n\t<meta property=\"og:image:height\" content=\"800\" \/>\n\t<meta property=\"og:image:type\" content=\"image\/jpeg\" \/>\n<meta name=\"author\" content=\"Benoit Charette\" \/>\n<meta name=\"twitter:card\" content=\"summary_large_image\" \/>\n<meta name=\"twitter:creator\" content=\"@canadamotorjobs\" \/>\n<meta name=\"twitter:site\" content=\"@canadamotorjobs\" \/>\n<meta name=\"twitter:label1\" content=\"\u00c9crit par\" \/>\n\t<meta name=\"twitter:data1\" content=\"Benoit Charette\" \/>\n\t<meta name=\"twitter:label2\" content=\"Estimation du temps de lecture\" \/>\n\t<meta name=\"twitter:data2\" content=\"2 minutes\" \/>\n<!-- \/ Yoast SEO plugin. -->","yoast_head_json":{"title":"Magna cesse la fabrication de v\u00e9hicules Fisker - CanadaMotorJobs.com","description":"Magna cesse la fabrication de v\u00e9hicules Fisker - Benoit Charette - Annuel automobile - CanadaMotorJobs.com.","robots":{"index":"index","follow":"follow","max-snippet":"max-snippet:-1","max-image-preview":"max-image-preview:large","max-video-preview":"max-video-preview:-1"},"og_locale":"fr_CA","og_type":"article","og_title":"Magna cesse la fabrication de v\u00e9hicules Fisker - CanadaMotorJobs.com","og_description":"Magna cesse la fabrication de v\u00e9hicules Fisker - Benoit Charette - Annuel automobile - CanadaMotorJobs.com.","og_url":"https:\/\/news.canadamotorjobs.com\/fr\/magna-cesse-la-fabrication-de-vehicules-fisker\/","og_site_name":"CanadaMotorJobs.com","article_publisher":"https:\/\/www.facebook.com\/canadamotorjobs\/","article_published_time":"2024-05-06T19:46:33+00:00","article_modified_time":"2024-05-06T19:46:53+00:00","og_image":[{"width":1200,"height":800,"url":"https:\/\/news.canadamotorjobs.com\/wp-content\/uploads\/2024\/05\/Extreme_ConfigureModule_1200x800_xdzdzk.jpg","type":"image\/jpeg"}],"author":"Benoit Charette","twitter_card":"summary_large_image","twitter_creator":"@canadamotorjobs","twitter_site":"@canadamotorjobs","twitter_misc":{"\u00c9crit par":"Benoit Charette","Estimation du temps de lecture":"2 minutes"},"schema":{"@context":"https:\/\/schema.org","@graph":[{"@type":"Article","@id":"https:\/\/news.canadamotorjobs.com\/fr\/magna-cesse-la-fabrication-de-vehicules-fisker\/#article","isPartOf":{"@id":"https:\/\/news.canadamotorjobs.com\/fr\/magna-cesse-la-fabrication-de-vehicules-fisker\/"},"author":{"name":"Benoit Charette","@id":"https:\/\/news.canadamotorjobs.com\/#\/schema\/person\/51793d1f87d44011d7bcc2ed99269a90"},"headline":"Magna cesse la fabrication de v\u00e9hicules Fisker","datePublished":"2024-05-06T19:46:33+00:00","dateModified":"2024-05-06T19:46:53+00:00","mainEntityOfPage":{"@id":"https:\/\/news.canadamotorjobs.com\/fr\/magna-cesse-la-fabrication-de-vehicules-fisker\/"},"wordCount":400,"publisher":{"@id":"https:\/\/news.canadamotorjobs.com\/#organization"},"image":{"@id":"https:\/\/news.canadamotorjobs.com\/fr\/magna-cesse-la-fabrication-de-vehicules-fisker\/#primaryimage"},"thumbnailUrl":"https:\/\/news.canadamotorjobs.com\/wp-content\/uploads\/2024\/05\/Extreme_ConfigureModule_1200x800_xdzdzk.jpg","articleSection":["Annuel automobile"],"inLanguage":"fr-CA"},{"@type":"WebPage","@id":"https:\/\/news.canadamotorjobs.com\/fr\/magna-cesse-la-fabrication-de-vehicules-fisker\/","url":"https:\/\/news.canadamotorjobs.com\/fr\/magna-cesse-la-fabrication-de-vehicules-fisker\/","name":"Magna cesse la fabrication de v\u00e9hicules Fisker - CanadaMotorJobs.com","isPartOf":{"@id":"https:\/\/news.canadamotorjobs.com\/#website"},"primaryImageOfPage":{"@id":"https:\/\/news.canadamotorjobs.com\/fr\/magna-cesse-la-fabrication-de-vehicules-fisker\/#primaryimage"},"image":{"@id":"https:\/\/news.canadamotorjobs.com\/fr\/magna-cesse-la-fabrication-de-vehicules-fisker\/#primaryimage"},"thumbnailUrl":"https:\/\/news.canadamotorjobs.com\/wp-content\/uploads\/2024\/05\/Extreme_ConfigureModule_1200x800_xdzdzk.jpg","datePublished":"2024-05-06T19:46:33+00:00","dateModified":"2024-05-06T19:46:53+00:00","description":"Magna cesse la fabrication de v\u00e9hicules Fisker - Benoit Charette - Annuel automobile - CanadaMotorJobs.com.","breadcrumb":{"@id":"https:\/\/news.canadamotorjobs.com\/fr\/magna-cesse-la-fabrication-de-vehicules-fisker\/#breadcrumb"},"inLanguage":"fr-CA","potentialAction":[{"@type":"ReadAction","target":["https:\/\/news.canadamotorjobs.com\/fr\/magna-cesse-la-fabrication-de-vehicules-fisker\/"]}]},{"@type":"ImageObject","inLanguage":"fr-CA","@id":"https:\/\/news.canadamotorjobs.com\/fr\/magna-cesse-la-fabrication-de-vehicules-fisker\/#primaryimage","url":"https:\/\/news.canadamotorjobs.com\/wp-content\/uploads\/2024\/05\/Extreme_ConfigureModule_1200x800_xdzdzk.jpg","contentUrl":"https:\/\/news.canadamotorjobs.com\/wp-content\/uploads\/2024\/05\/Extreme_ConfigureModule_1200x800_xdzdzk.jpg","width":1200,"height":800},{"@type":"BreadcrumbList","@id":"https:\/\/news.canadamotorjobs.com\/fr\/magna-cesse-la-fabrication-de-vehicules-fisker\/#breadcrumb","itemListElement":[{"@type":"ListItem","position":1,"name":"Home","item":"https:\/\/news.canadamotorjobs.com\/fr\/blog\/"},{"@type":"ListItem","position":2,"name":"Magna cesse la fabrication de v\u00e9hicules Fisker"}]},{"@type":"WebSite","@id":"https:\/\/news.canadamotorjobs.com\/#website","url":"https:\/\/news.canadamotorjobs.com\/","name":"CanadaMotorJobs.com","description":"Automotive Jobs","publisher":{"@id":"https:\/\/news.canadamotorjobs.com\/#organization"},"potentialAction":[{"@type":"SearchAction","target":{"@type":"EntryPoint","urlTemplate":"https:\/\/news.canadamotorjobs.com\/?s={search_term_string}"},"query-input":"required name=search_term_string"}],"inLanguage":"fr-CA"},{"@type":"Organization","@id":"https:\/\/news.canadamotorjobs.com\/#organization","name":"Canada Motor Jobs","url":"https:\/\/news.canadamotorjobs.com\/","logo":{"@type":"ImageObject","inLanguage":"fr-CA","@id":"https:\/\/news.canadamotorjobs.com\/#\/schema\/logo\/image\/","url":"https:\/\/news.canadamotorjobs.com\/wp-content\/uploads\/2022\/10\/logo-canada-motor-jobs-1.png","contentUrl":"https:\/\/news.canadamotorjobs.com\/wp-content\/uploads\/2022\/10\/logo-canada-motor-jobs-1.png","width":800,"height":400,"caption":"Canada Motor Jobs"},"image":{"@id":"https:\/\/news.canadamotorjobs.com\/#\/schema\/logo\/image\/"},"sameAs":["https:\/\/www.facebook.com\/canadamotorjobs\/","https:\/\/x.com\/canadamotorjobs","https:\/\/www.instagram.com\/canadamotorjobs\/","https:\/\/www.linkedin.com\/company\/canadamotorjobs"]},{"@type":"Person","@id":"https:\/\/news.canadamotorjobs.com\/#\/schema\/person\/51793d1f87d44011d7bcc2ed99269a90","name":"Benoit Charette","image":{"@type":"ImageObject","inLanguage":"fr-CA","@id":"https:\/\/news.canadamotorjobs.com\/#\/schema\/person\/image\/","url":"https:\/\/secure.gravatar.com\/avatar\/45f3d2eebcccd909668d7ce7ea7267b6?s=96&d=mm&r=g","contentUrl":"https:\/\/secure.gravatar.com\/avatar\/45f3d2eebcccd909668d7ce7ea7267b6?s=96&d=mm&r=g","caption":"Benoit Charette"},"description":"Benoit Charette \/ Propri\u00e9taire et r\u00e9dacteur en chef Benoit Charette pratique le journalisme automobile depuis bient\u00f4t 30 ans. Il a fait ses classes au c\u00f4t\u00e9 de Daniel H\u00e9raud et au Carnet de route de 1992 \u00e0 2001. Il est fondateur, copropri\u00e9taire et r\u00e9dacteur en chef de L\u2019Annuel de l\u2019automobile, qu\u2019il publie depuis 2001. Il a anim\u00e9 les \u00e9missions RPM et RPM+ sur V et les L\u00e9gendes de la route sur Historia. \u00c0 la radio depuis 1986, il reprend l\u2019antenne cette ann\u00e9e sur les ondes de Cogeco et participe pour la deuxi\u00e8me ann\u00e9e \u00e0 l\u2019\u00e9mission Passion Auto sur RDS en plus de mettre en ligne le site Web officiel de L\u2019Annuel de l\u2019automobile sur annuelauto.ca.","sameAs":["https:\/\/annuelauto.ca\/"],"url":"https:\/\/news.canadamotorjobs.com\/fr\/author\/benoit-charette\/"}]}},"_links":{"self":[{"href":"https:\/\/news.canadamotorjobs.com\/fr\/wp-json\/wp\/v2\/posts\/164270"}],"collection":[{"href":"https:\/\/news.canadamotorjobs.com\/fr\/wp-json\/wp\/v2\/posts"}],"about":[{"href":"https:\/\/news.canadamotorjobs.com\/fr\/wp-json\/wp\/v2\/types\/post"}],"author":[{"embeddable":true,"href":"https:\/\/news.canadamotorjobs.com\/fr\/wp-json\/wp\/v2\/users\/8"}],"replies":[{"embeddable":true,"href":"https:\/\/news.canadamotorjobs.com\/fr\/wp-json\/wp\/v2\/comments?post=164270"}],"version-history":[{"count":2,"href":"https:\/\/news.canadamotorjobs.com\/fr\/wp-json\/wp\/v2\/posts\/164270\/revisions"}],"predecessor-version":[{"id":164274,"href":"https:\/\/news.canadamotorjobs.com\/fr\/wp-json\/wp\/v2\/posts\/164270\/revisions\/164274"}],"wp:featuredmedia":[{"embeddable":true,"href":"https:\/\/news.canadamotorjobs.com\/fr\/wp-json\/wp\/v2\/media\/164272"}],"wp:attachment":[{"href":"https:\/\/news.canadamotorjobs.com\/fr\/wp-json\/wp\/v2\/media?parent=164270"}],"wp:term":[{"taxonomy":"category","embeddable":true,"href":"https:\/\/news.canadamotorjobs.com\/fr\/wp-json\/wp\/v2\/categories?post=164270"},{"taxonomy":"post_tag","embeddable":true,"href":"https:\/\/news.canadamotorjobs.com\/fr\/wp-json\/wp\/v2\/tags?post=164270"}],"curies":[{"name":"wp","href":"https:\/\/api.w.org\/{rel}","templated":true}]}}