{"id":164247,"date":"2024-05-06T08:43:10","date_gmt":"2024-05-06T12:43:10","guid":{"rendered":"https:\/\/news.canadamotorjobs.com\/?p=164247"},"modified":"2024-05-06T08:44:59","modified_gmt":"2024-05-06T12:44:59","slug":"une-nouvelle-essence-performance-chez-schell-a-compter-daujourdhui","status":"publish","type":"post","link":"https:\/\/news.canadamotorjobs.com\/fr\/une-nouvelle-essence-performance-chez-schell-a-compter-daujourdhui\/","title":{"rendered":"Une nouvelle essence performance chez Schell \u00e0 compter d\u2019aujourd\u2019hui"},"content":{"rendered":"<\/p>\n<p>Maranello, Italie- C\u2019est lors d\u2019un r\u00e9cent voyage en Iatlie en collabotation avec Schell et Ferrari que nous avons discut\u00e9 avec la docteure Selda Gunsel qui dirige un groupe mondial de scientifiques et d&#8217;ing\u00e9nieurs pour favoriser l&#8217;innovation et le leadership technologique dans le domaine des technologies et des produits \u00e9nerg\u00e9tiques. Elle est aussi responsable de la formulation de la nouvelle essence <strong>Shell V-Power\u00ae NiTRO+. Auto. Autour de la table , il y avait aussi la vice-pr\u00e9sident de Schell Am\u00e9rique du Nord, Barbara Stoyko. <\/strong>Elle est responsable des aspects financiers, strat\u00e9giques et organisationnels des activit\u00e9s de d\u00e9tail de Shell au Canada, aux \u00c9tats-Unis et au Mexique.<\/p>\n<h3>L\u2019essence a encore belles ann\u00e9es devant elle<\/h3>\n<p>\nSchell que l\u2019essence n\u2019a pas dit son dernier mot, mais la compagnie croit qu\u2019il faut aussi se tourner vers l\u2019avenir. Schell veut ainsi devenir un fournisseur d\u2019\u00e9nergie au sens plus large du terme. Schell a r\u00e9cemment fait l\u2019acquisition de Volta aux \u00c9tats-Unis, une compagnie qui fabrique des recharges \u00e9lectriques. Schell vise ainsi \u00e0 fournir des chargeurs dans la majorit\u00e9 de son r\u00e9seau. Schell a \u00e9galement \u00e9t\u00e9 parmi les premiers \u00e0 construire des stations \u00e0 hydrog\u00e8ne.<\/p>\n<h3><strong>Essence Premium Shell V-Power\u00ae NiTRO+ en vente d\u00e8s le 6 mai<\/strong><\/h3>\n<p>\nL&#8217;essence premium Shell V-Power\u00ae NiTRO+ \u00e9limine jusqu&#8217;\u00e0 100 % des d\u00e9p\u00f4ts qui r\u00e9duisent les performances de votre moteur. Notre toute derni\u00e8re formule brevet\u00e9e d&#8217;essence premium Shell V-Power\u00ae NiTRO+ est nouvelle et am\u00e9lior\u00e9e, et disponible uniquement chez Shell. L&#8217;utilisation continue de l&#8217;essence premium Shell V-Power\u00ae NiTRO+ aide les automobilistes \u00e0 b\u00e9n\u00e9ficier des avantages de performance et de protection maximum que Shell V-Power\u00ae NiTRO+ est con\u00e7u pour offrir. Cette formulation sew retrouve dans les essences \u00e0 indice d\u2019octane 91 et 93.<\/p>\n<h3><strong>H\u00e9ritage des carburants Shell Premium<\/strong><\/h3>\n<p>\nCe carburant a \u00e9t\u00e9 introduit pour la premi\u00e8re fois \u00e0 Hong Kong en 1998 pour r\u00e9pondre \u00e0 la demande croissante des clients pour un carburant de performance. L&#8217;essence premium Shell V-Power\u00ae NiTRO+ repr\u00e9sente notre derni\u00e8re g\u00e9n\u00e9ration de carburant de performance premium et est le r\u00e9sultat de plus d&#8217;un si\u00e8cle d&#8217;exp\u00e9rience en innovation de carburants. Selon les propos de la docteure Gunsel, il s\u2019agit d\u2019une essence pour les voitures modernes car elle fonctionne avec les syst\u00e8mes d\u2019injection moderne et l\u2019\u00e9lectronique sophistiqu\u00e9e des v\u00e9hicules. L\u2019essence est capable de s\u2019adapter et de nettoyer dans les bonnes phases du moteurs. Son injection plus fine permet aussi une meilleure performance et utilisation moins de carburant.<\/p>\n<h3><strong>Un partenariat d&#8217;innovation avec Ferrari<\/strong><\/h3>\n<p>\nL&#8217;association de Shell avec Scuderia Ferrari est l&#8217;une des plus anciennes de l&#8217;histoire de la Formule 1. La force de notre innovation en mati\u00e8re de carburant se refl\u00e8te dans notre partenariat avec Scuderia Ferrari. Nous appliquons ce que nous apprenons avec cette \u00e9quipe tr\u00e8s r\u00e9ussie dans des conditions extr\u00eames sur la piste aux carburants disponibles pour nos clients sur la route. Le carburant de course Shell V-Power\u00ae utilis\u00e9 dans les voitures Ferrari lorsqu&#8217;elles participent au championnat de Formule 1 contient 99 % des m\u00eames types de compos\u00e9s que l&#8217;essence routi\u00e8re Shell V-Power\u00ae NiTRO+ disponible pour les clients.<\/p>\n<h3><strong>Comment fonctionne l&#8217;essence premium Shell V-Power\u00ae NiTRO+<\/strong><\/h3>\n<p>\nL&#8217;accumulation de d\u00e9p\u00f4ts dans les injecteurs de carburant peut avoir un effet perturbateur sur le jet de carburant dans la chambre de combustion, ce qui signifie que votre moteur ne fonctionne plus dans des conditions optimales. \u00c9liminer les d\u00e9p\u00f4ts qui se sont form\u00e9s dans les injecteurs aide un moteur \u00e0 fonctionner \u00e0 son plein potentiel.<\/p>\n<h3><strong>Comment soutiendrons-nous le lancement au Canada?<\/strong><\/h3>\n<p>\n\u00c0 partir du 6 mai 2024, nous soutiendrons le lancement avec une campagne marketing int\u00e9gr\u00e9e nationale sur les canaux de communication traditionnels et num\u00e9riques. Pour donner vie au lancement, les Canadiens auront la possibilit\u00e9 de profiter de nombreuses offres excitantes via Shell Go+ et nos partenaires : AIR MILES\u00ae, CAA**, et BMO. De plus, Shell s&#8217;est associ\u00e9 \u00e0 l&#8217;\u00e9quipe de baseball du Canada, les Blue Jays de Toronto\u2122, pour ravir encore plus les clients avec une offre les jours de match sur l&#8217;essence premium Shell V-Power NiTRO+. \u00c0 partir du 9 mai 2024, Shell prendra la route avec le Shell V-Power NiTRO+ Performance Tour, une remorque d&#8217;activation de 80 pieds qui voyagera de la Colombie-Britannique au Qu\u00e9bec en s&#8217;arr\u00eatant dans des stations Shell s\u00e9lectionn\u00e9es. Les Canadiens auront l&#8217;opportunit\u00e9 d&#8217;en apprendre davantage sur la technologie des carburants de Shell et sur la mani\u00e8re dont la nouvelle formulation Shell V-Power NiTRO+ peut soutenir les performances des v\u00e9hicules. Sur place, les clients pourront participer \u00e0 des jeux interactifs et gagner des prix tout en d\u00e9couvrant l&#8217;innovation de Shell dans le sport automobile. Visitez : shell.ca\/vpowertour pour plus d&#8217;informations.<\/p>\n<h3><strong>L&#8217;essence premium Shell V-Power\u00ae NiTRO+ a-t-elle la m\u00eame formulation en Am\u00e9rique du Nord?<\/strong><\/h3>\n<p>\nOui. L&#8217;essence premium Shell V-Power\u00ae NiTRO+ a la m\u00eame formulation au Canada et aux \u00c9tats-Unis.<\/p>\n<p>\u00a0<\/p>\n<p>Le texte <a rel=\"nofollow\" href=\"https:\/\/annuelauto.ca\/695656\/\">Une nouvelle essence performance chez Schell \u00e0 compter d\u2019aujourd\u2019hui<\/a> provient de <a rel=\"nofollow\" href=\"https:\/\/annuelauto.ca\">L&#8217;annuel de l&#8217;automobile &#8211; Actualit\u00e9 automobile<\/a><\/p>\n<p><\/p>\n","protected":false},"excerpt":{"rendered":"<p>Maranello, Italie- C\u2019est lors d\u2019un r\u00e9cent voyage en Iatlie en collabotation avec Schell et Ferrari que nous avons discut\u00e9 avec la docteure Selda Gunsel qui dirige un groupe mondial de scientifiques et d&#8217;ing\u00e9nieurs pour favoriser l&#8217;innovation et le leadership technologique dans le domaine des technologies et des produits \u00e9nerg\u00e9tiques. Elle est aussi responsable de la [&hellip;]<\/p>\n","protected":false},"author":8,"featured_media":164249,"comment_status":"close","ping_status":"closed","sticky":false,"template":"","format":"standard","meta":{"_monsterinsights_skip_tracking":false,"_monsterinsights_sitenote_active":false,"_monsterinsights_sitenote_note":"","_monsterinsights_sitenote_category":0,"footnotes":""},"categories":[101],"tags":[],"yoast_head":"<!-- This site is optimized with the Yoast SEO plugin v23.2 - https:\/\/yoast.com\/wordpress\/plugins\/seo\/ -->\n<title>Une nouvelle essence performance chez Schell \u00e0 compter d\u2019aujourd\u2019hui - CanadaMotorJobs.com<\/title>\n<meta name=\"description\" content=\"Une nouvelle essence performance chez Schell \u00e0 compter d\u2019aujourd\u2019hui - Benoit Charette - Annuel automobile - CanadaMotorJobs.com.\" \/>\n<meta name=\"robots\" content=\"index, follow, max-snippet:-1, max-image-preview:large, max-video-preview:-1\" \/>\n<meta property=\"og:locale\" content=\"fr_CA\" \/>\n<meta property=\"og:type\" content=\"article\" \/>\n<meta property=\"og:title\" content=\"Une nouvelle essence performance chez Schell \u00e0 compter d\u2019aujourd\u2019hui - CanadaMotorJobs.com\" \/>\n<meta property=\"og:description\" content=\"Une nouvelle essence performance chez Schell \u00e0 compter d\u2019aujourd\u2019hui - Benoit Charette - Annuel automobile - CanadaMotorJobs.com.\" \/>\n<meta property=\"og:url\" content=\"https:\/\/news.canadamotorjobs.com\/fr\/une-nouvelle-essence-performance-chez-schell-a-compter-daujourdhui\/\" \/>\n<meta property=\"og:site_name\" content=\"CanadaMotorJobs.com\" \/>\n<meta property=\"article:publisher\" content=\"https:\/\/www.facebook.com\/canadamotorjobs\/\" \/>\n<meta property=\"article:published_time\" content=\"2024-05-06T12:43:10+00:00\" \/>\n<meta property=\"article:modified_time\" content=\"2024-05-06T12:44:59+00:00\" \/>\n<meta property=\"og:image\" content=\"https:\/\/news.canadamotorjobs.com\/wp-content\/uploads\/2024\/05\/MC18525.jpg\" \/>\n\t<meta property=\"og:image:width\" content=\"1200\" \/>\n\t<meta property=\"og:image:height\" content=\"800\" \/>\n\t<meta property=\"og:image:type\" content=\"image\/jpeg\" \/>\n<meta name=\"author\" content=\"Benoit Charette\" \/>\n<meta name=\"twitter:card\" content=\"summary_large_image\" \/>\n<meta name=\"twitter:creator\" content=\"@canadamotorjobs\" \/>\n<meta name=\"twitter:site\" content=\"@canadamotorjobs\" \/>\n<meta name=\"twitter:label1\" content=\"\u00c9crit par\" \/>\n\t<meta name=\"twitter:data1\" content=\"Benoit Charette\" \/>\n\t<meta name=\"twitter:label2\" content=\"Estimation du temps de lecture\" \/>\n\t<meta name=\"twitter:data2\" content=\"4 minutes\" \/>\n<!-- \/ Yoast SEO plugin. -->","yoast_head_json":{"title":"Une nouvelle essence performance chez Schell \u00e0 compter d\u2019aujourd\u2019hui - CanadaMotorJobs.com","description":"Une nouvelle essence performance chez Schell \u00e0 compter d\u2019aujourd\u2019hui - Benoit Charette - Annuel automobile - CanadaMotorJobs.com.","robots":{"index":"index","follow":"follow","max-snippet":"max-snippet:-1","max-image-preview":"max-image-preview:large","max-video-preview":"max-video-preview:-1"},"og_locale":"fr_CA","og_type":"article","og_title":"Une nouvelle essence performance chez Schell \u00e0 compter d\u2019aujourd\u2019hui - CanadaMotorJobs.com","og_description":"Une nouvelle essence performance chez Schell \u00e0 compter d\u2019aujourd\u2019hui - Benoit Charette - Annuel automobile - CanadaMotorJobs.com.","og_url":"https:\/\/news.canadamotorjobs.com\/fr\/une-nouvelle-essence-performance-chez-schell-a-compter-daujourdhui\/","og_site_name":"CanadaMotorJobs.com","article_publisher":"https:\/\/www.facebook.com\/canadamotorjobs\/","article_published_time":"2024-05-06T12:43:10+00:00","article_modified_time":"2024-05-06T12:44:59+00:00","og_image":[{"width":1200,"height":800,"url":"https:\/\/news.canadamotorjobs.com\/wp-content\/uploads\/2024\/05\/MC18525.jpg","type":"image\/jpeg"}],"author":"Benoit Charette","twitter_card":"summary_large_image","twitter_creator":"@canadamotorjobs","twitter_site":"@canadamotorjobs","twitter_misc":{"\u00c9crit par":"Benoit Charette","Estimation du temps de lecture":"4 minutes"},"schema":{"@context":"https:\/\/schema.org","@graph":[{"@type":"Article","@id":"https:\/\/news.canadamotorjobs.com\/fr\/une-nouvelle-essence-performance-chez-schell-a-compter-daujourdhui\/#article","isPartOf":{"@id":"https:\/\/news.canadamotorjobs.com\/fr\/une-nouvelle-essence-performance-chez-schell-a-compter-daujourdhui\/"},"author":{"name":"Benoit Charette","@id":"https:\/\/news.canadamotorjobs.com\/#\/schema\/person\/51793d1f87d44011d7bcc2ed99269a90"},"headline":"Une nouvelle essence performance chez Schell \u00e0 compter d\u2019aujourd\u2019hui","datePublished":"2024-05-06T12:43:10+00:00","dateModified":"2024-05-06T12:44:59+00:00","mainEntityOfPage":{"@id":"https:\/\/news.canadamotorjobs.com\/fr\/une-nouvelle-essence-performance-chez-schell-a-compter-daujourdhui\/"},"wordCount":883,"publisher":{"@id":"https:\/\/news.canadamotorjobs.com\/#organization"},"image":{"@id":"https:\/\/news.canadamotorjobs.com\/fr\/une-nouvelle-essence-performance-chez-schell-a-compter-daujourdhui\/#primaryimage"},"thumbnailUrl":"https:\/\/news.canadamotorjobs.com\/wp-content\/uploads\/2024\/05\/MC18525.jpg","articleSection":["Annuel automobile"],"inLanguage":"fr-CA"},{"@type":"WebPage","@id":"https:\/\/news.canadamotorjobs.com\/fr\/une-nouvelle-essence-performance-chez-schell-a-compter-daujourdhui\/","url":"https:\/\/news.canadamotorjobs.com\/fr\/une-nouvelle-essence-performance-chez-schell-a-compter-daujourdhui\/","name":"Une nouvelle essence performance chez Schell \u00e0 compter d\u2019aujourd\u2019hui - CanadaMotorJobs.com","isPartOf":{"@id":"https:\/\/news.canadamotorjobs.com\/#website"},"primaryImageOfPage":{"@id":"https:\/\/news.canadamotorjobs.com\/fr\/une-nouvelle-essence-performance-chez-schell-a-compter-daujourdhui\/#primaryimage"},"image":{"@id":"https:\/\/news.canadamotorjobs.com\/fr\/une-nouvelle-essence-performance-chez-schell-a-compter-daujourdhui\/#primaryimage"},"thumbnailUrl":"https:\/\/news.canadamotorjobs.com\/wp-content\/uploads\/2024\/05\/MC18525.jpg","datePublished":"2024-05-06T12:43:10+00:00","dateModified":"2024-05-06T12:44:59+00:00","description":"Une nouvelle essence performance chez Schell \u00e0 compter d\u2019aujourd\u2019hui - Benoit Charette - Annuel automobile - CanadaMotorJobs.com.","breadcrumb":{"@id":"https:\/\/news.canadamotorjobs.com\/fr\/une-nouvelle-essence-performance-chez-schell-a-compter-daujourdhui\/#breadcrumb"},"inLanguage":"fr-CA","potentialAction":[{"@type":"ReadAction","target":["https:\/\/news.canadamotorjobs.com\/fr\/une-nouvelle-essence-performance-chez-schell-a-compter-daujourdhui\/"]}]},{"@type":"ImageObject","inLanguage":"fr-CA","@id":"https:\/\/news.canadamotorjobs.com\/fr\/une-nouvelle-essence-performance-chez-schell-a-compter-daujourdhui\/#primaryimage","url":"https:\/\/news.canadamotorjobs.com\/wp-content\/uploads\/2024\/05\/MC18525.jpg","contentUrl":"https:\/\/news.canadamotorjobs.com\/wp-content\/uploads\/2024\/05\/MC18525.jpg","width":1200,"height":800},{"@type":"BreadcrumbList","@id":"https:\/\/news.canadamotorjobs.com\/fr\/une-nouvelle-essence-performance-chez-schell-a-compter-daujourdhui\/#breadcrumb","itemListElement":[{"@type":"ListItem","position":1,"name":"Home","item":"https:\/\/news.canadamotorjobs.com\/fr\/blog\/"},{"@type":"ListItem","position":2,"name":"Une nouvelle essence performance chez Schell \u00e0 compter d\u2019aujourd\u2019hui"}]},{"@type":"WebSite","@id":"https:\/\/news.canadamotorjobs.com\/#website","url":"https:\/\/news.canadamotorjobs.com\/","name":"CanadaMotorJobs.com","description":"Automotive Jobs","publisher":{"@id":"https:\/\/news.canadamotorjobs.com\/#organization"},"potentialAction":[{"@type":"SearchAction","target":{"@type":"EntryPoint","urlTemplate":"https:\/\/news.canadamotorjobs.com\/?s={search_term_string}"},"query-input":"required name=search_term_string"}],"inLanguage":"fr-CA"},{"@type":"Organization","@id":"https:\/\/news.canadamotorjobs.com\/#organization","name":"Canada Motor Jobs","url":"https:\/\/news.canadamotorjobs.com\/","logo":{"@type":"ImageObject","inLanguage":"fr-CA","@id":"https:\/\/news.canadamotorjobs.com\/#\/schema\/logo\/image\/","url":"https:\/\/news.canadamotorjobs.com\/wp-content\/uploads\/2022\/10\/logo-canada-motor-jobs-1.png","contentUrl":"https:\/\/news.canadamotorjobs.com\/wp-content\/uploads\/2022\/10\/logo-canada-motor-jobs-1.png","width":800,"height":400,"caption":"Canada Motor Jobs"},"image":{"@id":"https:\/\/news.canadamotorjobs.com\/#\/schema\/logo\/image\/"},"sameAs":["https:\/\/www.facebook.com\/canadamotorjobs\/","https:\/\/x.com\/canadamotorjobs","https:\/\/www.instagram.com\/canadamotorjobs\/","https:\/\/www.linkedin.com\/company\/canadamotorjobs"]},{"@type":"Person","@id":"https:\/\/news.canadamotorjobs.com\/#\/schema\/person\/51793d1f87d44011d7bcc2ed99269a90","name":"Benoit Charette","image":{"@type":"ImageObject","inLanguage":"fr-CA","@id":"https:\/\/news.canadamotorjobs.com\/#\/schema\/person\/image\/","url":"https:\/\/secure.gravatar.com\/avatar\/45f3d2eebcccd909668d7ce7ea7267b6?s=96&d=mm&r=g","contentUrl":"https:\/\/secure.gravatar.com\/avatar\/45f3d2eebcccd909668d7ce7ea7267b6?s=96&d=mm&r=g","caption":"Benoit Charette"},"description":"Benoit Charette \/ Propri\u00e9taire et r\u00e9dacteur en chef Benoit Charette pratique le journalisme automobile depuis bient\u00f4t 30 ans. Il a fait ses classes au c\u00f4t\u00e9 de Daniel H\u00e9raud et au Carnet de route de 1992 \u00e0 2001. Il est fondateur, copropri\u00e9taire et r\u00e9dacteur en chef de L\u2019Annuel de l\u2019automobile, qu\u2019il publie depuis 2001. Il a anim\u00e9 les \u00e9missions RPM et RPM+ sur V et les L\u00e9gendes de la route sur Historia. \u00c0 la radio depuis 1986, il reprend l\u2019antenne cette ann\u00e9e sur les ondes de Cogeco et participe pour la deuxi\u00e8me ann\u00e9e \u00e0 l\u2019\u00e9mission Passion Auto sur RDS en plus de mettre en ligne le site Web officiel de L\u2019Annuel de l\u2019automobile sur annuelauto.ca.","sameAs":["https:\/\/annuelauto.ca\/"],"url":"https:\/\/news.canadamotorjobs.com\/fr\/author\/benoit-charette\/"}]}},"_links":{"self":[{"href":"https:\/\/news.canadamotorjobs.com\/fr\/wp-json\/wp\/v2\/posts\/164247"}],"collection":[{"href":"https:\/\/news.canadamotorjobs.com\/fr\/wp-json\/wp\/v2\/posts"}],"about":[{"href":"https:\/\/news.canadamotorjobs.com\/fr\/wp-json\/wp\/v2\/types\/post"}],"author":[{"embeddable":true,"href":"https:\/\/news.canadamotorjobs.com\/fr\/wp-json\/wp\/v2\/users\/8"}],"replies":[{"embeddable":true,"href":"https:\/\/news.canadamotorjobs.com\/fr\/wp-json\/wp\/v2\/comments?post=164247"}],"version-history":[{"count":2,"href":"https:\/\/news.canadamotorjobs.com\/fr\/wp-json\/wp\/v2\/posts\/164247\/revisions"}],"predecessor-version":[{"id":164251,"href":"https:\/\/news.canadamotorjobs.com\/fr\/wp-json\/wp\/v2\/posts\/164247\/revisions\/164251"}],"wp:featuredmedia":[{"embeddable":true,"href":"https:\/\/news.canadamotorjobs.com\/fr\/wp-json\/wp\/v2\/media\/164249"}],"wp:attachment":[{"href":"https:\/\/news.canadamotorjobs.com\/fr\/wp-json\/wp\/v2\/media?parent=164247"}],"wp:term":[{"taxonomy":"category","embeddable":true,"href":"https:\/\/news.canadamotorjobs.com\/fr\/wp-json\/wp\/v2\/categories?post=164247"},{"taxonomy":"post_tag","embeddable":true,"href":"https:\/\/news.canadamotorjobs.com\/fr\/wp-json\/wp\/v2\/tags?post=164247"}],"curies":[{"name":"wp","href":"https:\/\/api.w.org\/{rel}","templated":true}]}}