{"id":164216,"date":"2024-05-06T07:37:18","date_gmt":"2024-05-06T11:37:18","guid":{"rendered":"https:\/\/news.canadamotorjobs.com\/?p=164216"},"modified":"2024-05-06T07:47:29","modified_gmt":"2024-05-06T11:47:29","slug":"record-du-monde-du-plus-grand-rassemblement-de-mustang-a-trois-rivieres","status":"publish","type":"post","link":"https:\/\/news.canadamotorjobs.com\/fr\/record-du-monde-du-plus-grand-rassemblement-de-mustang-a-trois-rivieres\/","title":{"rendered":"Record du monde du plus grand rassemblement de Mustang \u00e0 Trois-Rivi\u00e8res"},"content":{"rendered":"<\/p>\n<p>Des milliers d&#8217;amateurs du c\u00e9l\u00e8bre \u00ab Pony Car \u00bb de Ford se sont r\u00e9unis dimanche matin au parc de l&#8217;Exposition de Trois-Rivi\u00e8res pour battre un record in\u00e9dit. Pr\u00e8s de 2000 voitures ont envahi l&#8217;avenue Gilles-Villeneuve, surpassant ainsi le pr\u00e9c\u00e9dent record \u00e9tabli en Belgique en 2019 avec 1326 v\u00e9hicules.<\/p>\n<h3>Debout t\u00f4t le matin<\/h3>\n<p>\nVers 7 heures du matin, le cort\u00e8ge inaugural a pris la direction de Qu\u00e9bec, convergent vers le stationnement du Centre Vid\u00e9otron. Ce convoi impressionnant s&#8217;\u00e9tendait sur 40 kilom\u00e8tres, roulant \u00e0 une vitesse moyenne d&#8217;environ 85 km\/h.<\/p>\n<h3>Beaucoup de logistique<\/h3>\n<p>\nAlain Cayuela, coorganisateur de cet \u00e9v\u00e9nement d&#8217;envergure, souligne l&#8217;importance d&#8217;une logistique bien orchestr\u00e9e impliquant le minist\u00e8re des Transports, la police municipale, la S\u00fbret\u00e9 du Qu\u00e9bec, ainsi que les villes de Qu\u00e9bec et de Trois-Rivi\u00e8res. Le d\u00e9part matinal \u00e9tait soigneusement planifi\u00e9 pour \u00e9viter toute perturbation de la circulation, n\u00e9cessitant une ann\u00e9e enti\u00e8re de pr\u00e9paration minutieuse.<\/p>\n<h3>Des amateurs venus de partout<\/h3>\n<p>\nMalgr\u00e9 la distance, les passionn\u00e9s de Mustang ont afflu\u00e9 de toutes parts, de l&#8217;Outaouais \u00e0 la Gasp\u00e9sie, du Nouveau-Brunswick \u00e0 l&#8217;Ontario, voire des \u00c9tats-Unis, pour prendre part \u00e0 ce rassemblement historique.M\u00eame le pr\u00e9sident du Mustang Club de France \u00e9tait pr\u00e9sent pour cette occasion sp\u00e9ciale. &#8220;Nous avons particip\u00e9 au record \u00e9tabli par les Belges il y a quelques ann\u00e9es. Mais cette fois-ci, c&#8217;est la premi\u00e8re fois que je vois un rassemblement d&#8217;une telle ampleur. Nous organisons des \u00e9v\u00e9nements en France, mais jamais rien de cette envergure. C&#8217;est v\u00e9ritablement monumental !&#8221; a d\u00e9clar\u00e9 Xavier Vrigny.<\/p>\n<p>Avec des renseignements de Radio-Canada<\/p>\n<p>\u00a0<\/p>\n<p>Le texte <a rel=\"nofollow\" href=\"https:\/\/annuelauto.ca\/record-du-monde-du-plus-grand-rassemblement-de-mustang-a-trois-rivieres\/\">Record du monde du plus grand rassemblement de Mustang \u00e0 Trois-Rivi\u00e8res<\/a> provient de <a rel=\"nofollow\" href=\"https:\/\/annuelauto.ca\">L&#8217;annuel de l&#8217;automobile &#8211; Actualit\u00e9 automobile<\/a><\/p>\n<p><\/p>\n","protected":false},"excerpt":{"rendered":"<p>Des milliers d&#8217;amateurs du c\u00e9l\u00e8bre \u00ab Pony Car \u00bb de Ford se sont r\u00e9unis dimanche matin au parc de l&#8217;Exposition de Trois-Rivi\u00e8res pour battre un record in\u00e9dit. Pr\u00e8s de 2000 voitures ont envahi l&#8217;avenue Gilles-Villeneuve, surpassant ainsi le pr\u00e9c\u00e9dent record \u00e9tabli en Belgique en 2019 avec 1326 v\u00e9hicules. Debout t\u00f4t le matin Vers 7 heures [&hellip;]<\/p>\n","protected":false},"author":8,"featured_media":164218,"comment_status":"close","ping_status":"closed","sticky":false,"template":"","format":"standard","meta":{"_monsterinsights_skip_tracking":false,"_monsterinsights_sitenote_active":false,"_monsterinsights_sitenote_note":"","_monsterinsights_sitenote_category":0,"footnotes":""},"categories":[101],"tags":[],"yoast_head":"<!-- This site is optimized with the Yoast SEO plugin v23.2 - https:\/\/yoast.com\/wordpress\/plugins\/seo\/ -->\n<title>Record du monde du plus grand rassemblement de Mustang \u00e0 Trois-Rivi\u00e8res - CanadaMotorJobs.com<\/title>\n<meta name=\"description\" content=\"Record du monde du plus grand rassemblement de Mustang \u00e0 Trois-Rivi\u00e8res - Benoit Charette - Annuel automobile - CanadaMotorJobs.com.\" \/>\n<meta name=\"robots\" content=\"index, follow, max-snippet:-1, max-image-preview:large, max-video-preview:-1\" \/>\n<meta property=\"og:locale\" content=\"fr_CA\" \/>\n<meta property=\"og:type\" content=\"article\" \/>\n<meta property=\"og:title\" content=\"Record du monde du plus grand rassemblement de Mustang \u00e0 Trois-Rivi\u00e8res - CanadaMotorJobs.com\" \/>\n<meta property=\"og:description\" content=\"Record du monde du plus grand rassemblement de Mustang \u00e0 Trois-Rivi\u00e8res - Benoit Charette - Annuel automobile - CanadaMotorJobs.com.\" \/>\n<meta property=\"og:url\" content=\"https:\/\/news.canadamotorjobs.com\/fr\/record-du-monde-du-plus-grand-rassemblement-de-mustang-a-trois-rivieres\/\" \/>\n<meta property=\"og:site_name\" content=\"CanadaMotorJobs.com\" \/>\n<meta property=\"article:publisher\" content=\"https:\/\/www.facebook.com\/canadamotorjobs\/\" \/>\n<meta property=\"article:published_time\" content=\"2024-05-06T11:37:18+00:00\" \/>\n<meta property=\"article:modified_time\" content=\"2024-05-06T11:47:29+00:00\" \/>\n<meta property=\"og:image\" content=\"https:\/\/news.canadamotorjobs.com\/wp-content\/uploads\/2024\/05\/DUNDMSUFRJFORJPIDOU5PKN6QU-scaled-1.jpg\" \/>\n\t<meta property=\"og:image:width\" content=\"2560\" \/>\n\t<meta property=\"og:image:height\" content=\"1653\" \/>\n\t<meta property=\"og:image:type\" content=\"image\/jpeg\" \/>\n<meta name=\"author\" content=\"Benoit Charette\" \/>\n<meta name=\"twitter:card\" content=\"summary_large_image\" \/>\n<meta name=\"twitter:creator\" content=\"@canadamotorjobs\" \/>\n<meta name=\"twitter:site\" content=\"@canadamotorjobs\" \/>\n<meta name=\"twitter:label1\" content=\"\u00c9crit par\" \/>\n\t<meta name=\"twitter:data1\" content=\"Benoit Charette\" \/>\n\t<meta name=\"twitter:label2\" content=\"Estimation du temps de lecture\" \/>\n\t<meta name=\"twitter:data2\" content=\"1 minute\" \/>\n<!-- \/ Yoast SEO plugin. -->","yoast_head_json":{"title":"Record du monde du plus grand rassemblement de Mustang \u00e0 Trois-Rivi\u00e8res - CanadaMotorJobs.com","description":"Record du monde du plus grand rassemblement de Mustang \u00e0 Trois-Rivi\u00e8res - Benoit Charette - Annuel automobile - CanadaMotorJobs.com.","robots":{"index":"index","follow":"follow","max-snippet":"max-snippet:-1","max-image-preview":"max-image-preview:large","max-video-preview":"max-video-preview:-1"},"og_locale":"fr_CA","og_type":"article","og_title":"Record du monde du plus grand rassemblement de Mustang \u00e0 Trois-Rivi\u00e8res - CanadaMotorJobs.com","og_description":"Record du monde du plus grand rassemblement de Mustang \u00e0 Trois-Rivi\u00e8res - Benoit Charette - Annuel automobile - CanadaMotorJobs.com.","og_url":"https:\/\/news.canadamotorjobs.com\/fr\/record-du-monde-du-plus-grand-rassemblement-de-mustang-a-trois-rivieres\/","og_site_name":"CanadaMotorJobs.com","article_publisher":"https:\/\/www.facebook.com\/canadamotorjobs\/","article_published_time":"2024-05-06T11:37:18+00:00","article_modified_time":"2024-05-06T11:47:29+00:00","og_image":[{"width":2560,"height":1653,"url":"https:\/\/news.canadamotorjobs.com\/wp-content\/uploads\/2024\/05\/DUNDMSUFRJFORJPIDOU5PKN6QU-scaled-1.jpg","type":"image\/jpeg"}],"author":"Benoit Charette","twitter_card":"summary_large_image","twitter_creator":"@canadamotorjobs","twitter_site":"@canadamotorjobs","twitter_misc":{"\u00c9crit par":"Benoit Charette","Estimation du temps de lecture":"1 minute"},"schema":{"@context":"https:\/\/schema.org","@graph":[{"@type":"Article","@id":"https:\/\/news.canadamotorjobs.com\/fr\/record-du-monde-du-plus-grand-rassemblement-de-mustang-a-trois-rivieres\/#article","isPartOf":{"@id":"https:\/\/news.canadamotorjobs.com\/fr\/record-du-monde-du-plus-grand-rassemblement-de-mustang-a-trois-rivieres\/"},"author":{"name":"Benoit Charette","@id":"https:\/\/news.canadamotorjobs.com\/#\/schema\/person\/51793d1f87d44011d7bcc2ed99269a90"},"headline":"Record du monde du plus grand rassemblement de Mustang \u00e0 Trois-Rivi\u00e8res","datePublished":"2024-05-06T11:37:18+00:00","dateModified":"2024-05-06T11:47:29+00:00","mainEntityOfPage":{"@id":"https:\/\/news.canadamotorjobs.com\/fr\/record-du-monde-du-plus-grand-rassemblement-de-mustang-a-trois-rivieres\/"},"wordCount":321,"publisher":{"@id":"https:\/\/news.canadamotorjobs.com\/#organization"},"image":{"@id":"https:\/\/news.canadamotorjobs.com\/fr\/record-du-monde-du-plus-grand-rassemblement-de-mustang-a-trois-rivieres\/#primaryimage"},"thumbnailUrl":"https:\/\/news.canadamotorjobs.com\/wp-content\/uploads\/2024\/05\/DUNDMSUFRJFORJPIDOU5PKN6QU-scaled-1.jpg","articleSection":["Annuel automobile"],"inLanguage":"fr-CA"},{"@type":"WebPage","@id":"https:\/\/news.canadamotorjobs.com\/fr\/record-du-monde-du-plus-grand-rassemblement-de-mustang-a-trois-rivieres\/","url":"https:\/\/news.canadamotorjobs.com\/fr\/record-du-monde-du-plus-grand-rassemblement-de-mustang-a-trois-rivieres\/","name":"Record du monde du plus grand rassemblement de Mustang \u00e0 Trois-Rivi\u00e8res - CanadaMotorJobs.com","isPartOf":{"@id":"https:\/\/news.canadamotorjobs.com\/#website"},"primaryImageOfPage":{"@id":"https:\/\/news.canadamotorjobs.com\/fr\/record-du-monde-du-plus-grand-rassemblement-de-mustang-a-trois-rivieres\/#primaryimage"},"image":{"@id":"https:\/\/news.canadamotorjobs.com\/fr\/record-du-monde-du-plus-grand-rassemblement-de-mustang-a-trois-rivieres\/#primaryimage"},"thumbnailUrl":"https:\/\/news.canadamotorjobs.com\/wp-content\/uploads\/2024\/05\/DUNDMSUFRJFORJPIDOU5PKN6QU-scaled-1.jpg","datePublished":"2024-05-06T11:37:18+00:00","dateModified":"2024-05-06T11:47:29+00:00","description":"Record du monde du plus grand rassemblement de Mustang \u00e0 Trois-Rivi\u00e8res - Benoit Charette - Annuel automobile - CanadaMotorJobs.com.","breadcrumb":{"@id":"https:\/\/news.canadamotorjobs.com\/fr\/record-du-monde-du-plus-grand-rassemblement-de-mustang-a-trois-rivieres\/#breadcrumb"},"inLanguage":"fr-CA","potentialAction":[{"@type":"ReadAction","target":["https:\/\/news.canadamotorjobs.com\/fr\/record-du-monde-du-plus-grand-rassemblement-de-mustang-a-trois-rivieres\/"]}]},{"@type":"ImageObject","inLanguage":"fr-CA","@id":"https:\/\/news.canadamotorjobs.com\/fr\/record-du-monde-du-plus-grand-rassemblement-de-mustang-a-trois-rivieres\/#primaryimage","url":"https:\/\/news.canadamotorjobs.com\/wp-content\/uploads\/2024\/05\/DUNDMSUFRJFORJPIDOU5PKN6QU-scaled-1.jpg","contentUrl":"https:\/\/news.canadamotorjobs.com\/wp-content\/uploads\/2024\/05\/DUNDMSUFRJFORJPIDOU5PKN6QU-scaled-1.jpg","width":2560,"height":1653},{"@type":"BreadcrumbList","@id":"https:\/\/news.canadamotorjobs.com\/fr\/record-du-monde-du-plus-grand-rassemblement-de-mustang-a-trois-rivieres\/#breadcrumb","itemListElement":[{"@type":"ListItem","position":1,"name":"Home","item":"https:\/\/news.canadamotorjobs.com\/fr\/blog\/"},{"@type":"ListItem","position":2,"name":"Record du monde du plus grand rassemblement de Mustang \u00e0 Trois-Rivi\u00e8res"}]},{"@type":"WebSite","@id":"https:\/\/news.canadamotorjobs.com\/#website","url":"https:\/\/news.canadamotorjobs.com\/","name":"CanadaMotorJobs.com","description":"Automotive Jobs","publisher":{"@id":"https:\/\/news.canadamotorjobs.com\/#organization"},"potentialAction":[{"@type":"SearchAction","target":{"@type":"EntryPoint","urlTemplate":"https:\/\/news.canadamotorjobs.com\/?s={search_term_string}"},"query-input":"required name=search_term_string"}],"inLanguage":"fr-CA"},{"@type":"Organization","@id":"https:\/\/news.canadamotorjobs.com\/#organization","name":"Canada Motor Jobs","url":"https:\/\/news.canadamotorjobs.com\/","logo":{"@type":"ImageObject","inLanguage":"fr-CA","@id":"https:\/\/news.canadamotorjobs.com\/#\/schema\/logo\/image\/","url":"https:\/\/news.canadamotorjobs.com\/wp-content\/uploads\/2022\/10\/logo-canada-motor-jobs-1.png","contentUrl":"https:\/\/news.canadamotorjobs.com\/wp-content\/uploads\/2022\/10\/logo-canada-motor-jobs-1.png","width":800,"height":400,"caption":"Canada Motor Jobs"},"image":{"@id":"https:\/\/news.canadamotorjobs.com\/#\/schema\/logo\/image\/"},"sameAs":["https:\/\/www.facebook.com\/canadamotorjobs\/","https:\/\/x.com\/canadamotorjobs","https:\/\/www.instagram.com\/canadamotorjobs\/","https:\/\/www.linkedin.com\/company\/canadamotorjobs"]},{"@type":"Person","@id":"https:\/\/news.canadamotorjobs.com\/#\/schema\/person\/51793d1f87d44011d7bcc2ed99269a90","name":"Benoit Charette","image":{"@type":"ImageObject","inLanguage":"fr-CA","@id":"https:\/\/news.canadamotorjobs.com\/#\/schema\/person\/image\/","url":"https:\/\/secure.gravatar.com\/avatar\/45f3d2eebcccd909668d7ce7ea7267b6?s=96&d=mm&r=g","contentUrl":"https:\/\/secure.gravatar.com\/avatar\/45f3d2eebcccd909668d7ce7ea7267b6?s=96&d=mm&r=g","caption":"Benoit Charette"},"description":"Benoit Charette \/ Propri\u00e9taire et r\u00e9dacteur en chef Benoit Charette pratique le journalisme automobile depuis bient\u00f4t 30 ans. Il a fait ses classes au c\u00f4t\u00e9 de Daniel H\u00e9raud et au Carnet de route de 1992 \u00e0 2001. Il est fondateur, copropri\u00e9taire et r\u00e9dacteur en chef de L\u2019Annuel de l\u2019automobile, qu\u2019il publie depuis 2001. Il a anim\u00e9 les \u00e9missions RPM et RPM+ sur V et les L\u00e9gendes de la route sur Historia. \u00c0 la radio depuis 1986, il reprend l\u2019antenne cette ann\u00e9e sur les ondes de Cogeco et participe pour la deuxi\u00e8me ann\u00e9e \u00e0 l\u2019\u00e9mission Passion Auto sur RDS en plus de mettre en ligne le site Web officiel de L\u2019Annuel de l\u2019automobile sur annuelauto.ca.","sameAs":["https:\/\/annuelauto.ca\/"],"url":"https:\/\/news.canadamotorjobs.com\/fr\/author\/benoit-charette\/"}]}},"_links":{"self":[{"href":"https:\/\/news.canadamotorjobs.com\/fr\/wp-json\/wp\/v2\/posts\/164216"}],"collection":[{"href":"https:\/\/news.canadamotorjobs.com\/fr\/wp-json\/wp\/v2\/posts"}],"about":[{"href":"https:\/\/news.canadamotorjobs.com\/fr\/wp-json\/wp\/v2\/types\/post"}],"author":[{"embeddable":true,"href":"https:\/\/news.canadamotorjobs.com\/fr\/wp-json\/wp\/v2\/users\/8"}],"replies":[{"embeddable":true,"href":"https:\/\/news.canadamotorjobs.com\/fr\/wp-json\/wp\/v2\/comments?post=164216"}],"version-history":[{"count":2,"href":"https:\/\/news.canadamotorjobs.com\/fr\/wp-json\/wp\/v2\/posts\/164216\/revisions"}],"predecessor-version":[{"id":164220,"href":"https:\/\/news.canadamotorjobs.com\/fr\/wp-json\/wp\/v2\/posts\/164216\/revisions\/164220"}],"wp:featuredmedia":[{"embeddable":true,"href":"https:\/\/news.canadamotorjobs.com\/fr\/wp-json\/wp\/v2\/media\/164218"}],"wp:attachment":[{"href":"https:\/\/news.canadamotorjobs.com\/fr\/wp-json\/wp\/v2\/media?parent=164216"}],"wp:term":[{"taxonomy":"category","embeddable":true,"href":"https:\/\/news.canadamotorjobs.com\/fr\/wp-json\/wp\/v2\/categories?post=164216"},{"taxonomy":"post_tag","embeddable":true,"href":"https:\/\/news.canadamotorjobs.com\/fr\/wp-json\/wp\/v2\/tags?post=164216"}],"curies":[{"name":"wp","href":"https:\/\/api.w.org\/{rel}","templated":true}]}}