{"id":164170,"date":"2024-05-06T07:12:05","date_gmt":"2024-05-06T11:12:05","guid":{"rendered":"https:\/\/news.canadamotorjobs.com\/?p=164170"},"modified":"2024-05-06T07:15:45","modified_gmt":"2024-05-06T11:15:45","slug":"pendant-que-tout-le-monde-recule-kia-devance-ses-ev3-et-ev4","status":"publish","type":"post","link":"https:\/\/news.canadamotorjobs.com\/fr\/pendant-que-tout-le-monde-recule-kia-devance-ses-ev3-et-ev4\/","title":{"rendered":"Pendant que tout le monde recule, Kia devance ses EV3 et EV4"},"content":{"rendered":"<\/p>\n<p>Si vous voulez un exemple de strat\u00e9gie d\u2019entreprise ing\u00e9nieuse, ces jours-ci dans l\u2019automobile, il y a un exemple simple\u00a0: Kia. Le groupe cor\u00e9en est en train de compl\u00e8tement transformer son image, et est en train de passer d\u2019une marque bon march\u00e9 \u00e0 une marque innovante, gr\u00e2ce \u00e0 son virage \u00e9lectrique. Un virage qui s\u2019acc\u00e9l\u00e8re, avec l\u2019arriv\u00e9e plus t\u00f4t que pr\u00e9vu des EV3 et EV4, un petit VUS d\u2019entr\u00e9e de gamme et une berline familiale compacte tous deux \u00e9lectriques.<\/p>\n<p>Des deux, l\u2019EV3 devrait arriver en premier. Le petit VUS a \u00e9t\u00e9 vu sous forme de concept dans des expositions automobiles ces derniers mois. Il devrait entrer en production d\u2019ici l\u2019automne et \u00eatre mis en vente, y compris au Canada, avant la fin de l\u2019ann\u00e9e.<\/p>\n<p>La principale qualit\u00e9 de ce v\u00e9hicule pourrait \u00eatre son prix\u00a0: Kia viserait les 30\u00a0000 $US, soit environ 41\u00a0000 $CA. Une fa\u00e7on de prouver que l\u2019aide gouvernementale \u00e0 l\u2019achat n\u2019est pas n\u00e9cessaire pour vendre des v\u00e9hicules \u00e9lectriques \u00e0 un prix raisonnable. Pour y arriver, Kia opterait pour une architecture \u00e9lectrique de 400 volts, plut\u00f4t que les 800V des EV6 et EV9. Il faut dire, de toute fa\u00e7on, que l\u2019infrastructure de recharge n\u2019est pas vraiment pr\u00e9par\u00e9e pour le 800V, alors ce ne sera pas une grande perte pour les acheteurs d\u2019un EV3.<\/p>\n<p>Cela dit, \u00e0 ce prix, \u00e9videmment, ce serait une version de base, avec un seul moteur, donc \u00e0 deux roues motrices, avec une pile de plus petite capacit\u00e9. Un EV3 \u00e0 deux moteurs, \u00e0 rouage int\u00e9gral, muni d\u2019une plus grosse batterie, serait aussi de la partie. La rumeur parle d\u2019une autonomie qui se situerait entre 400 et 480 km par charge, selon la version.<\/p>\n<p>Bref, Kia est en train de prouver \u00e0 tous ceux qui pensent que les v\u00e9hicules \u00e9lectriques sont pr\u00e9sentement dans un cul-de-sac que ce n\u2019est pas r\u00e9ellement le cas. En fait, on voit un ralentissement de la croissance des ventes, et la principale cause avanc\u00e9e est que les v\u00e9hicules offerts actuellement co\u00fbtent trop cher. C\u2019est pour \u00e7a que Ford, GM et les autres reculent\u00a0: ils n\u2019ont rien \u00e0 offrir qui est abordable.<\/p>\n<p>Kia, et le groupe Hyundai, redoublent d\u2019efforts pour occuper l\u2019espace que les autres constructeurs abandonnent. C\u2019est une strat\u00e9gie qui pourrait \u00eatre tr\u00e8s payante \u00e0 court et \u00e0 long terme.<\/p>\n<p>Le texte <a rel=\"nofollow\" href=\"https:\/\/annuelauto.ca\/pendant-que-tout-le-monde-recule-kia-devance-ses-ev3-et-ev4\/\">Pendant que tout le monde recule, Kia devance ses EV3 et EV4<\/a> provient de <a rel=\"nofollow\" href=\"https:\/\/annuelauto.ca\">L&#8217;annuel de l&#8217;automobile &#8211; Actualit\u00e9 automobile<\/a><\/p>\n<p><\/p>\n","protected":false},"excerpt":{"rendered":"<p>Si vous voulez un exemple de strat\u00e9gie d\u2019entreprise ing\u00e9nieuse, ces jours-ci dans l\u2019automobile, il y a un exemple simple\u00a0: Kia. Le groupe cor\u00e9en est en train de compl\u00e8tement transformer son image, et est en train de passer d\u2019une marque bon march\u00e9 \u00e0 une marque innovante, gr\u00e2ce \u00e0 son virage \u00e9lectrique. Un virage qui s\u2019acc\u00e9l\u00e8re, avec [&hellip;]<\/p>\n","protected":false},"author":8,"featured_media":164172,"comment_status":"close","ping_status":"closed","sticky":false,"template":"","format":"standard","meta":{"_monsterinsights_skip_tracking":false,"_monsterinsights_sitenote_active":false,"_monsterinsights_sitenote_note":"","_monsterinsights_sitenote_category":0,"footnotes":""},"categories":[101],"tags":[],"yoast_head":"<!-- This site is optimized with the Yoast SEO plugin v23.2 - https:\/\/yoast.com\/wordpress\/plugins\/seo\/ -->\n<title>Pendant que tout le monde recule, Kia devance ses EV3 et EV4 - CanadaMotorJobs.com<\/title>\n<meta name=\"description\" content=\"Pendant que tout le monde recule, Kia devance ses EV3 et EV4 - Benoit Charette - Annuel automobile - CanadaMotorJobs.com.\" \/>\n<meta name=\"robots\" content=\"index, follow, max-snippet:-1, max-image-preview:large, max-video-preview:-1\" \/>\n<meta property=\"og:locale\" content=\"fr_CA\" \/>\n<meta property=\"og:type\" content=\"article\" \/>\n<meta property=\"og:title\" content=\"Pendant que tout le monde recule, Kia devance ses EV3 et EV4 - CanadaMotorJobs.com\" \/>\n<meta property=\"og:description\" content=\"Pendant que tout le monde recule, Kia devance ses EV3 et EV4 - Benoit Charette - Annuel automobile - CanadaMotorJobs.com.\" \/>\n<meta property=\"og:url\" content=\"https:\/\/news.canadamotorjobs.com\/fr\/pendant-que-tout-le-monde-recule-kia-devance-ses-ev3-et-ev4\/\" \/>\n<meta property=\"og:site_name\" content=\"CanadaMotorJobs.com\" \/>\n<meta property=\"article:publisher\" content=\"https:\/\/www.facebook.com\/canadamotorjobs\/\" \/>\n<meta property=\"article:published_time\" content=\"2024-05-06T11:12:05+00:00\" \/>\n<meta property=\"article:modified_time\" content=\"2024-05-06T11:15:45+00:00\" \/>\n<meta property=\"og:image\" content=\"https:\/\/news.canadamotorjobs.com\/wp-content\/uploads\/2024\/05\/EV3_EV4.jpg\" \/>\n\t<meta property=\"og:image:width\" content=\"1200\" \/>\n\t<meta property=\"og:image:height\" content=\"800\" \/>\n\t<meta property=\"og:image:type\" content=\"image\/jpeg\" \/>\n<meta name=\"author\" content=\"Benoit Charette\" \/>\n<meta name=\"twitter:card\" content=\"summary_large_image\" \/>\n<meta name=\"twitter:creator\" content=\"@canadamotorjobs\" \/>\n<meta name=\"twitter:site\" content=\"@canadamotorjobs\" \/>\n<meta name=\"twitter:label1\" content=\"\u00c9crit par\" \/>\n\t<meta name=\"twitter:data1\" content=\"Benoit Charette\" \/>\n\t<meta name=\"twitter:label2\" content=\"Estimation du temps de lecture\" \/>\n\t<meta name=\"twitter:data2\" content=\"2 minutes\" \/>\n<!-- \/ Yoast SEO plugin. -->","yoast_head_json":{"title":"Pendant que tout le monde recule, Kia devance ses EV3 et EV4 - CanadaMotorJobs.com","description":"Pendant que tout le monde recule, Kia devance ses EV3 et EV4 - Benoit Charette - Annuel automobile - CanadaMotorJobs.com.","robots":{"index":"index","follow":"follow","max-snippet":"max-snippet:-1","max-image-preview":"max-image-preview:large","max-video-preview":"max-video-preview:-1"},"og_locale":"fr_CA","og_type":"article","og_title":"Pendant que tout le monde recule, Kia devance ses EV3 et EV4 - CanadaMotorJobs.com","og_description":"Pendant que tout le monde recule, Kia devance ses EV3 et EV4 - Benoit Charette - Annuel automobile - CanadaMotorJobs.com.","og_url":"https:\/\/news.canadamotorjobs.com\/fr\/pendant-que-tout-le-monde-recule-kia-devance-ses-ev3-et-ev4\/","og_site_name":"CanadaMotorJobs.com","article_publisher":"https:\/\/www.facebook.com\/canadamotorjobs\/","article_published_time":"2024-05-06T11:12:05+00:00","article_modified_time":"2024-05-06T11:15:45+00:00","og_image":[{"width":1200,"height":800,"url":"https:\/\/news.canadamotorjobs.com\/wp-content\/uploads\/2024\/05\/EV3_EV4.jpg","type":"image\/jpeg"}],"author":"Benoit Charette","twitter_card":"summary_large_image","twitter_creator":"@canadamotorjobs","twitter_site":"@canadamotorjobs","twitter_misc":{"\u00c9crit par":"Benoit Charette","Estimation du temps de lecture":"2 minutes"},"schema":{"@context":"https:\/\/schema.org","@graph":[{"@type":"Article","@id":"https:\/\/news.canadamotorjobs.com\/fr\/pendant-que-tout-le-monde-recule-kia-devance-ses-ev3-et-ev4\/#article","isPartOf":{"@id":"https:\/\/news.canadamotorjobs.com\/fr\/pendant-que-tout-le-monde-recule-kia-devance-ses-ev3-et-ev4\/"},"author":{"name":"Benoit Charette","@id":"https:\/\/news.canadamotorjobs.com\/#\/schema\/person\/51793d1f87d44011d7bcc2ed99269a90"},"headline":"Pendant que tout le monde recule, Kia devance ses EV3 et EV4","datePublished":"2024-05-06T11:12:05+00:00","dateModified":"2024-05-06T11:15:45+00:00","mainEntityOfPage":{"@id":"https:\/\/news.canadamotorjobs.com\/fr\/pendant-que-tout-le-monde-recule-kia-devance-ses-ev3-et-ev4\/"},"wordCount":449,"publisher":{"@id":"https:\/\/news.canadamotorjobs.com\/#organization"},"image":{"@id":"https:\/\/news.canadamotorjobs.com\/fr\/pendant-que-tout-le-monde-recule-kia-devance-ses-ev3-et-ev4\/#primaryimage"},"thumbnailUrl":"https:\/\/news.canadamotorjobs.com\/wp-content\/uploads\/2024\/05\/EV3_EV4.jpg","articleSection":["Annuel automobile"],"inLanguage":"fr-CA"},{"@type":"WebPage","@id":"https:\/\/news.canadamotorjobs.com\/fr\/pendant-que-tout-le-monde-recule-kia-devance-ses-ev3-et-ev4\/","url":"https:\/\/news.canadamotorjobs.com\/fr\/pendant-que-tout-le-monde-recule-kia-devance-ses-ev3-et-ev4\/","name":"Pendant que tout le monde recule, Kia devance ses EV3 et EV4 - CanadaMotorJobs.com","isPartOf":{"@id":"https:\/\/news.canadamotorjobs.com\/#website"},"primaryImageOfPage":{"@id":"https:\/\/news.canadamotorjobs.com\/fr\/pendant-que-tout-le-monde-recule-kia-devance-ses-ev3-et-ev4\/#primaryimage"},"image":{"@id":"https:\/\/news.canadamotorjobs.com\/fr\/pendant-que-tout-le-monde-recule-kia-devance-ses-ev3-et-ev4\/#primaryimage"},"thumbnailUrl":"https:\/\/news.canadamotorjobs.com\/wp-content\/uploads\/2024\/05\/EV3_EV4.jpg","datePublished":"2024-05-06T11:12:05+00:00","dateModified":"2024-05-06T11:15:45+00:00","description":"Pendant que tout le monde recule, Kia devance ses EV3 et EV4 - Benoit Charette - Annuel automobile - CanadaMotorJobs.com.","breadcrumb":{"@id":"https:\/\/news.canadamotorjobs.com\/fr\/pendant-que-tout-le-monde-recule-kia-devance-ses-ev3-et-ev4\/#breadcrumb"},"inLanguage":"fr-CA","potentialAction":[{"@type":"ReadAction","target":["https:\/\/news.canadamotorjobs.com\/fr\/pendant-que-tout-le-monde-recule-kia-devance-ses-ev3-et-ev4\/"]}]},{"@type":"ImageObject","inLanguage":"fr-CA","@id":"https:\/\/news.canadamotorjobs.com\/fr\/pendant-que-tout-le-monde-recule-kia-devance-ses-ev3-et-ev4\/#primaryimage","url":"https:\/\/news.canadamotorjobs.com\/wp-content\/uploads\/2024\/05\/EV3_EV4.jpg","contentUrl":"https:\/\/news.canadamotorjobs.com\/wp-content\/uploads\/2024\/05\/EV3_EV4.jpg","width":1200,"height":800},{"@type":"BreadcrumbList","@id":"https:\/\/news.canadamotorjobs.com\/fr\/pendant-que-tout-le-monde-recule-kia-devance-ses-ev3-et-ev4\/#breadcrumb","itemListElement":[{"@type":"ListItem","position":1,"name":"Home","item":"https:\/\/news.canadamotorjobs.com\/fr\/blog\/"},{"@type":"ListItem","position":2,"name":"Pendant que tout le monde recule, Kia devance ses EV3 et EV4"}]},{"@type":"WebSite","@id":"https:\/\/news.canadamotorjobs.com\/#website","url":"https:\/\/news.canadamotorjobs.com\/","name":"CanadaMotorJobs.com","description":"Automotive Jobs","publisher":{"@id":"https:\/\/news.canadamotorjobs.com\/#organization"},"potentialAction":[{"@type":"SearchAction","target":{"@type":"EntryPoint","urlTemplate":"https:\/\/news.canadamotorjobs.com\/?s={search_term_string}"},"query-input":"required name=search_term_string"}],"inLanguage":"fr-CA"},{"@type":"Organization","@id":"https:\/\/news.canadamotorjobs.com\/#organization","name":"Canada Motor Jobs","url":"https:\/\/news.canadamotorjobs.com\/","logo":{"@type":"ImageObject","inLanguage":"fr-CA","@id":"https:\/\/news.canadamotorjobs.com\/#\/schema\/logo\/image\/","url":"https:\/\/news.canadamotorjobs.com\/wp-content\/uploads\/2022\/10\/logo-canada-motor-jobs-1.png","contentUrl":"https:\/\/news.canadamotorjobs.com\/wp-content\/uploads\/2022\/10\/logo-canada-motor-jobs-1.png","width":800,"height":400,"caption":"Canada Motor Jobs"},"image":{"@id":"https:\/\/news.canadamotorjobs.com\/#\/schema\/logo\/image\/"},"sameAs":["https:\/\/www.facebook.com\/canadamotorjobs\/","https:\/\/x.com\/canadamotorjobs","https:\/\/www.instagram.com\/canadamotorjobs\/","https:\/\/www.linkedin.com\/company\/canadamotorjobs"]},{"@type":"Person","@id":"https:\/\/news.canadamotorjobs.com\/#\/schema\/person\/51793d1f87d44011d7bcc2ed99269a90","name":"Benoit Charette","image":{"@type":"ImageObject","inLanguage":"fr-CA","@id":"https:\/\/news.canadamotorjobs.com\/#\/schema\/person\/image\/","url":"https:\/\/secure.gravatar.com\/avatar\/45f3d2eebcccd909668d7ce7ea7267b6?s=96&d=mm&r=g","contentUrl":"https:\/\/secure.gravatar.com\/avatar\/45f3d2eebcccd909668d7ce7ea7267b6?s=96&d=mm&r=g","caption":"Benoit Charette"},"description":"Benoit Charette \/ Propri\u00e9taire et r\u00e9dacteur en chef Benoit Charette pratique le journalisme automobile depuis bient\u00f4t 30 ans. Il a fait ses classes au c\u00f4t\u00e9 de Daniel H\u00e9raud et au Carnet de route de 1992 \u00e0 2001. Il est fondateur, copropri\u00e9taire et r\u00e9dacteur en chef de L\u2019Annuel de l\u2019automobile, qu\u2019il publie depuis 2001. Il a anim\u00e9 les \u00e9missions RPM et RPM+ sur V et les L\u00e9gendes de la route sur Historia. \u00c0 la radio depuis 1986, il reprend l\u2019antenne cette ann\u00e9e sur les ondes de Cogeco et participe pour la deuxi\u00e8me ann\u00e9e \u00e0 l\u2019\u00e9mission Passion Auto sur RDS en plus de mettre en ligne le site Web officiel de L\u2019Annuel de l\u2019automobile sur annuelauto.ca.","sameAs":["https:\/\/annuelauto.ca\/"],"url":"https:\/\/news.canadamotorjobs.com\/fr\/author\/benoit-charette\/"}]}},"_links":{"self":[{"href":"https:\/\/news.canadamotorjobs.com\/fr\/wp-json\/wp\/v2\/posts\/164170"}],"collection":[{"href":"https:\/\/news.canadamotorjobs.com\/fr\/wp-json\/wp\/v2\/posts"}],"about":[{"href":"https:\/\/news.canadamotorjobs.com\/fr\/wp-json\/wp\/v2\/types\/post"}],"author":[{"embeddable":true,"href":"https:\/\/news.canadamotorjobs.com\/fr\/wp-json\/wp\/v2\/users\/8"}],"replies":[{"embeddable":true,"href":"https:\/\/news.canadamotorjobs.com\/fr\/wp-json\/wp\/v2\/comments?post=164170"}],"version-history":[{"count":2,"href":"https:\/\/news.canadamotorjobs.com\/fr\/wp-json\/wp\/v2\/posts\/164170\/revisions"}],"predecessor-version":[{"id":164174,"href":"https:\/\/news.canadamotorjobs.com\/fr\/wp-json\/wp\/v2\/posts\/164170\/revisions\/164174"}],"wp:featuredmedia":[{"embeddable":true,"href":"https:\/\/news.canadamotorjobs.com\/fr\/wp-json\/wp\/v2\/media\/164172"}],"wp:attachment":[{"href":"https:\/\/news.canadamotorjobs.com\/fr\/wp-json\/wp\/v2\/media?parent=164170"}],"wp:term":[{"taxonomy":"category","embeddable":true,"href":"https:\/\/news.canadamotorjobs.com\/fr\/wp-json\/wp\/v2\/categories?post=164170"},{"taxonomy":"post_tag","embeddable":true,"href":"https:\/\/news.canadamotorjobs.com\/fr\/wp-json\/wp\/v2\/tags?post=164170"}],"curies":[{"name":"wp","href":"https:\/\/api.w.org\/{rel}","templated":true}]}}