{"id":164116,"date":"2024-05-04T09:24:09","date_gmt":"2024-05-04T13:24:09","guid":{"rendered":"https:\/\/news.canadamotorjobs.com\/?p=164116"},"modified":"2024-05-04T09:30:35","modified_gmt":"2024-05-04T13:30:35","slug":"tesla-relance-lidee-dun-modele-a-25-000","status":"publish","type":"post","link":"https:\/\/news.canadamotorjobs.com\/fr\/tesla-relance-lidee-dun-modele-a-25-000\/","title":{"rendered":"Tesla relance l\u2019id\u00e9e d\u2019un mod\u00e8le \u00e0 25\u00a0000$"},"content":{"rendered":"<\/p>\n<p>Il faut toujours prendre les annonces de Tesla avec un grain de sel. \u00a0Tesla annonce depuis aux moins 5 ans ce fameux mod\u00e8le \u00e0 25\u00a0000$ US. Lors de l&#8217;appel aux r\u00e9sultats du premier trimestre, Musk a \u00e9lud\u00e9 les questions sur le mod\u00e8le de VE abordable de Tesla et le futur robotaxi pr\u00e9vu pour le 8 ao\u00fbt. Cependant, des indications dans le document destin\u00e9 aux actionnaires ont sugg\u00e9r\u00e9 un lancement imminent d&#8217;un mod\u00e8le abordable, possiblement une variante du Model 3.<\/p>\n<h3><strong>Changement de plan : de Mexico \u00e0 Giga Texas<\/strong><\/h3>\n<p>\nInitialement pr\u00e9vu pour le Mexique, le mod\u00e8le abordable devait utiliser une technologie r\u00e9volutionnaire de fabrication. Cependant, des changements ont \u00e9t\u00e9 apport\u00e9s, avec la production d\u00e9sormais pr\u00e9vue \u00e0 l\u2019usine d\u2019Austin au Texas. Cette transition a sem\u00e9 la confusion quant \u00e0 la r\u00e9alisation du mod\u00e8le abordable.<\/p>\n<h3><strong>Annonce et controverse autour de l&#8217;annulation<\/strong><\/h3>\n<p>\nDes rumeurs de Reuters ont sugg\u00e9r\u00e9 que le projet de VE abordable avait \u00e9t\u00e9 annul\u00e9, suscitant la controverse. Musk a qualifi\u00e9 ces rapports de mensongers mais n&#8217;a pas fourni de clarification. L&#8217;annonce ult\u00e9rieure d&#8217;un robotaxi pour le 8 ao\u00fbt a ajout\u00e9 \u00e0 la sp\u00e9culation. Mais avec Elon Musk, il est parfois difficile de faire la diff\u00e9rence et le vrai et le faux.<\/p>\n<h3><strong>R\u00e9vision des plans pour les nouveaux mod\u00e8les<\/strong><\/h3>\n<p>\nLe document destin\u00e9 aux actionnaires a r\u00e9v\u00e9l\u00e9 une acc\u00e9l\u00e9ration des plans de lancement de nouveaux mod\u00e8les, mais sans utiliser le processus de fabrication r\u00e9volutionnaire initialement pr\u00e9vu. Cela a confirm\u00e9 l&#8217;abandon du mod\u00e8le abordable \u00e0 25 000 $.<\/p>\n<h3><strong>Impact sur les march\u00e9s et perspectives futures<\/strong><\/h3>\n<p>\nCette d\u00e9cision de Tesla laisse le segment du march\u00e9 abordable aux entreprises chinoises, tandis que le robotaxi reste le seul projet envisageant la fabrication r\u00e9volutionnaire. Les futurs mod\u00e8les de Tesla se concentreront sur l&#8217;optimisation des co\u00fbts plut\u00f4t que sur l&#8217;innovation de fabrication.<\/p>\n<h3><strong>Strat\u00e9gies futures et innovations pr\u00e9vues<\/strong><\/h3>\n<p>\nTesla pr\u00e9voit d&#8217;utiliser des \u00e9l\u00e9ments de l&#8217;architecture de nouvelle g\u00e9n\u00e9ration, comme le syst\u00e8me \u00e9lectrique 48 volts et la direction \u00e0 commande \u00e9lectrique, pour r\u00e9duire les co\u00fbts et am\u00e9liorer l&#8217;efficacit\u00e9. Cependant, le prix cibl\u00e9 pour ces nouveaux mod\u00e8les reste sup\u00e9rieur \u00e0 celui du mod\u00e8le abordable initialement pr\u00e9vu.<\/p>\n<h3><strong>\u00c9volution de la strat\u00e9gie de Tesla<\/strong><\/h3>\n<p>\nMalgr\u00e9 les changements de plans, Tesla s&#8217;efforce de maintenir sa position de leader sur le march\u00e9 des VE en adaptant ses strat\u00e9gies de production et de d\u00e9veloppement de nouveaux mod\u00e8les. La transition vers des technologies plus rentables pourrait repr\u00e9senter un compromis entre l&#8217;innovation et la rentabilit\u00e9 pour l&#8217;entreprise.<\/p>\n<p>\u00a0<\/p>\n<p>Avec des renseignements d\u2019Auto evolution<\/p>\n<p>\u00a0<\/p>\n<p>Le texte <a rel=\"nofollow\" href=\"https:\/\/annuelauto.ca\/tesla-relance-lidee-dun-modele-a-25-000\/\">Tesla relance l\u2019id\u00e9e d\u2019un mod\u00e8le \u00e0 25\u00a0000$<\/a> provient de <a rel=\"nofollow\" href=\"https:\/\/annuelauto.ca\">L&#8217;annuel de l&#8217;automobile &#8211; Actualit\u00e9 automobile<\/a><\/p>\n<p><\/p>\n","protected":false},"excerpt":{"rendered":"<p>Il faut toujours prendre les annonces de Tesla avec un grain de sel. \u00a0Tesla annonce depuis aux moins 5 ans ce fameux mod\u00e8le \u00e0 25\u00a0000$ US. Lors de l&#8217;appel aux r\u00e9sultats du premier trimestre, Musk a \u00e9lud\u00e9 les questions sur le mod\u00e8le de VE abordable de Tesla et le futur robotaxi pr\u00e9vu pour le 8 [&hellip;]<\/p>\n","protected":false},"author":8,"featured_media":164118,"comment_status":"close","ping_status":"closed","sticky":false,"template":"","format":"standard","meta":{"_monsterinsights_skip_tracking":false,"_monsterinsights_sitenote_active":false,"_monsterinsights_sitenote_note":"","_monsterinsights_sitenote_category":0,"footnotes":""},"categories":[101],"tags":[],"yoast_head":"<!-- This site is optimized with the Yoast SEO plugin v23.2 - https:\/\/yoast.com\/wordpress\/plugins\/seo\/ -->\n<title>Tesla relance l\u2019id\u00e9e d\u2019un mod\u00e8le \u00e0 25\u00a0000$ - CanadaMotorJobs.com<\/title>\n<meta name=\"description\" content=\"Tesla relance l\u2019id\u00e9e d\u2019un mod\u00e8le \u00e0 25\u00a0000$ - Benoit Charette - Annuel automobile - CanadaMotorJobs.com.\" \/>\n<meta name=\"robots\" content=\"index, follow, max-snippet:-1, max-image-preview:large, max-video-preview:-1\" \/>\n<meta property=\"og:locale\" content=\"fr_CA\" \/>\n<meta property=\"og:type\" content=\"article\" \/>\n<meta property=\"og:title\" content=\"Tesla relance l\u2019id\u00e9e d\u2019un mod\u00e8le \u00e0 25\u00a0000$ - CanadaMotorJobs.com\" \/>\n<meta property=\"og:description\" content=\"Tesla relance l\u2019id\u00e9e d\u2019un mod\u00e8le \u00e0 25\u00a0000$ - Benoit Charette - Annuel automobile - CanadaMotorJobs.com.\" \/>\n<meta property=\"og:url\" content=\"https:\/\/news.canadamotorjobs.com\/fr\/tesla-relance-lidee-dun-modele-a-25-000\/\" \/>\n<meta property=\"og:site_name\" content=\"CanadaMotorJobs.com\" \/>\n<meta property=\"article:publisher\" content=\"https:\/\/www.facebook.com\/canadamotorjobs\/\" \/>\n<meta property=\"article:published_time\" content=\"2024-05-04T13:24:09+00:00\" \/>\n<meta property=\"article:modified_time\" content=\"2024-05-04T13:30:35+00:00\" \/>\n<meta property=\"og:image\" content=\"https:\/\/news.canadamotorjobs.com\/wp-content\/uploads\/2024\/05\/2024-tesla-model-3-facelift-1-64f14d335ea04-scaled-1.jpeg\" \/>\n\t<meta property=\"og:image:width\" content=\"2560\" \/>\n\t<meta property=\"og:image:height\" content=\"1440\" \/>\n\t<meta property=\"og:image:type\" content=\"image\/jpeg\" \/>\n<meta name=\"author\" content=\"Benoit Charette\" \/>\n<meta name=\"twitter:card\" content=\"summary_large_image\" \/>\n<meta name=\"twitter:creator\" content=\"@canadamotorjobs\" \/>\n<meta name=\"twitter:site\" content=\"@canadamotorjobs\" \/>\n<meta name=\"twitter:label1\" content=\"\u00c9crit par\" \/>\n\t<meta name=\"twitter:data1\" content=\"Benoit Charette\" \/>\n\t<meta name=\"twitter:label2\" content=\"Estimation du temps de lecture\" \/>\n\t<meta name=\"twitter:data2\" content=\"2 minutes\" \/>\n<!-- \/ Yoast SEO plugin. -->","yoast_head_json":{"title":"Tesla relance l\u2019id\u00e9e d\u2019un mod\u00e8le \u00e0 25\u00a0000$ - CanadaMotorJobs.com","description":"Tesla relance l\u2019id\u00e9e d\u2019un mod\u00e8le \u00e0 25\u00a0000$ - Benoit Charette - Annuel automobile - CanadaMotorJobs.com.","robots":{"index":"index","follow":"follow","max-snippet":"max-snippet:-1","max-image-preview":"max-image-preview:large","max-video-preview":"max-video-preview:-1"},"og_locale":"fr_CA","og_type":"article","og_title":"Tesla relance l\u2019id\u00e9e d\u2019un mod\u00e8le \u00e0 25\u00a0000$ - CanadaMotorJobs.com","og_description":"Tesla relance l\u2019id\u00e9e d\u2019un mod\u00e8le \u00e0 25\u00a0000$ - Benoit Charette - Annuel automobile - CanadaMotorJobs.com.","og_url":"https:\/\/news.canadamotorjobs.com\/fr\/tesla-relance-lidee-dun-modele-a-25-000\/","og_site_name":"CanadaMotorJobs.com","article_publisher":"https:\/\/www.facebook.com\/canadamotorjobs\/","article_published_time":"2024-05-04T13:24:09+00:00","article_modified_time":"2024-05-04T13:30:35+00:00","og_image":[{"width":2560,"height":1440,"url":"https:\/\/news.canadamotorjobs.com\/wp-content\/uploads\/2024\/05\/2024-tesla-model-3-facelift-1-64f14d335ea04-scaled-1.jpeg","type":"image\/jpeg"}],"author":"Benoit Charette","twitter_card":"summary_large_image","twitter_creator":"@canadamotorjobs","twitter_site":"@canadamotorjobs","twitter_misc":{"\u00c9crit par":"Benoit Charette","Estimation du temps de lecture":"2 minutes"},"schema":{"@context":"https:\/\/schema.org","@graph":[{"@type":"Article","@id":"https:\/\/news.canadamotorjobs.com\/fr\/tesla-relance-lidee-dun-modele-a-25-000\/#article","isPartOf":{"@id":"https:\/\/news.canadamotorjobs.com\/fr\/tesla-relance-lidee-dun-modele-a-25-000\/"},"author":{"name":"Benoit Charette","@id":"https:\/\/news.canadamotorjobs.com\/#\/schema\/person\/51793d1f87d44011d7bcc2ed99269a90"},"headline":"Tesla relance l\u2019id\u00e9e d\u2019un mod\u00e8le \u00e0 25\u00a0000$","datePublished":"2024-05-04T13:24:09+00:00","dateModified":"2024-05-04T13:30:35+00:00","mainEntityOfPage":{"@id":"https:\/\/news.canadamotorjobs.com\/fr\/tesla-relance-lidee-dun-modele-a-25-000\/"},"wordCount":488,"publisher":{"@id":"https:\/\/news.canadamotorjobs.com\/#organization"},"image":{"@id":"https:\/\/news.canadamotorjobs.com\/fr\/tesla-relance-lidee-dun-modele-a-25-000\/#primaryimage"},"thumbnailUrl":"https:\/\/news.canadamotorjobs.com\/wp-content\/uploads\/2024\/05\/2024-tesla-model-3-facelift-1-64f14d335ea04-scaled-1.jpeg","articleSection":["Annuel automobile"],"inLanguage":"fr-CA"},{"@type":"WebPage","@id":"https:\/\/news.canadamotorjobs.com\/fr\/tesla-relance-lidee-dun-modele-a-25-000\/","url":"https:\/\/news.canadamotorjobs.com\/fr\/tesla-relance-lidee-dun-modele-a-25-000\/","name":"Tesla relance l\u2019id\u00e9e d\u2019un mod\u00e8le \u00e0 25\u00a0000$ - CanadaMotorJobs.com","isPartOf":{"@id":"https:\/\/news.canadamotorjobs.com\/#website"},"primaryImageOfPage":{"@id":"https:\/\/news.canadamotorjobs.com\/fr\/tesla-relance-lidee-dun-modele-a-25-000\/#primaryimage"},"image":{"@id":"https:\/\/news.canadamotorjobs.com\/fr\/tesla-relance-lidee-dun-modele-a-25-000\/#primaryimage"},"thumbnailUrl":"https:\/\/news.canadamotorjobs.com\/wp-content\/uploads\/2024\/05\/2024-tesla-model-3-facelift-1-64f14d335ea04-scaled-1.jpeg","datePublished":"2024-05-04T13:24:09+00:00","dateModified":"2024-05-04T13:30:35+00:00","description":"Tesla relance l\u2019id\u00e9e d\u2019un mod\u00e8le \u00e0 25\u00a0000$ - Benoit Charette - Annuel automobile - CanadaMotorJobs.com.","breadcrumb":{"@id":"https:\/\/news.canadamotorjobs.com\/fr\/tesla-relance-lidee-dun-modele-a-25-000\/#breadcrumb"},"inLanguage":"fr-CA","potentialAction":[{"@type":"ReadAction","target":["https:\/\/news.canadamotorjobs.com\/fr\/tesla-relance-lidee-dun-modele-a-25-000\/"]}]},{"@type":"ImageObject","inLanguage":"fr-CA","@id":"https:\/\/news.canadamotorjobs.com\/fr\/tesla-relance-lidee-dun-modele-a-25-000\/#primaryimage","url":"https:\/\/news.canadamotorjobs.com\/wp-content\/uploads\/2024\/05\/2024-tesla-model-3-facelift-1-64f14d335ea04-scaled-1.jpeg","contentUrl":"https:\/\/news.canadamotorjobs.com\/wp-content\/uploads\/2024\/05\/2024-tesla-model-3-facelift-1-64f14d335ea04-scaled-1.jpeg","width":2560,"height":1440},{"@type":"BreadcrumbList","@id":"https:\/\/news.canadamotorjobs.com\/fr\/tesla-relance-lidee-dun-modele-a-25-000\/#breadcrumb","itemListElement":[{"@type":"ListItem","position":1,"name":"Home","item":"https:\/\/news.canadamotorjobs.com\/fr\/blog\/"},{"@type":"ListItem","position":2,"name":"Tesla relance l\u2019id\u00e9e d\u2019un mod\u00e8le \u00e0 25\u00a0000$"}]},{"@type":"WebSite","@id":"https:\/\/news.canadamotorjobs.com\/#website","url":"https:\/\/news.canadamotorjobs.com\/","name":"CanadaMotorJobs.com","description":"Automotive Jobs","publisher":{"@id":"https:\/\/news.canadamotorjobs.com\/#organization"},"potentialAction":[{"@type":"SearchAction","target":{"@type":"EntryPoint","urlTemplate":"https:\/\/news.canadamotorjobs.com\/?s={search_term_string}"},"query-input":"required name=search_term_string"}],"inLanguage":"fr-CA"},{"@type":"Organization","@id":"https:\/\/news.canadamotorjobs.com\/#organization","name":"Canada Motor Jobs","url":"https:\/\/news.canadamotorjobs.com\/","logo":{"@type":"ImageObject","inLanguage":"fr-CA","@id":"https:\/\/news.canadamotorjobs.com\/#\/schema\/logo\/image\/","url":"https:\/\/news.canadamotorjobs.com\/wp-content\/uploads\/2022\/10\/logo-canada-motor-jobs-1.png","contentUrl":"https:\/\/news.canadamotorjobs.com\/wp-content\/uploads\/2022\/10\/logo-canada-motor-jobs-1.png","width":800,"height":400,"caption":"Canada Motor Jobs"},"image":{"@id":"https:\/\/news.canadamotorjobs.com\/#\/schema\/logo\/image\/"},"sameAs":["https:\/\/www.facebook.com\/canadamotorjobs\/","https:\/\/x.com\/canadamotorjobs","https:\/\/www.instagram.com\/canadamotorjobs\/","https:\/\/www.linkedin.com\/company\/canadamotorjobs"]},{"@type":"Person","@id":"https:\/\/news.canadamotorjobs.com\/#\/schema\/person\/51793d1f87d44011d7bcc2ed99269a90","name":"Benoit Charette","image":{"@type":"ImageObject","inLanguage":"fr-CA","@id":"https:\/\/news.canadamotorjobs.com\/#\/schema\/person\/image\/","url":"https:\/\/secure.gravatar.com\/avatar\/45f3d2eebcccd909668d7ce7ea7267b6?s=96&d=mm&r=g","contentUrl":"https:\/\/secure.gravatar.com\/avatar\/45f3d2eebcccd909668d7ce7ea7267b6?s=96&d=mm&r=g","caption":"Benoit Charette"},"description":"Benoit Charette \/ Propri\u00e9taire et r\u00e9dacteur en chef Benoit Charette pratique le journalisme automobile depuis bient\u00f4t 30 ans. Il a fait ses classes au c\u00f4t\u00e9 de Daniel H\u00e9raud et au Carnet de route de 1992 \u00e0 2001. Il est fondateur, copropri\u00e9taire et r\u00e9dacteur en chef de L\u2019Annuel de l\u2019automobile, qu\u2019il publie depuis 2001. Il a anim\u00e9 les \u00e9missions RPM et RPM+ sur V et les L\u00e9gendes de la route sur Historia. \u00c0 la radio depuis 1986, il reprend l\u2019antenne cette ann\u00e9e sur les ondes de Cogeco et participe pour la deuxi\u00e8me ann\u00e9e \u00e0 l\u2019\u00e9mission Passion Auto sur RDS en plus de mettre en ligne le site Web officiel de L\u2019Annuel de l\u2019automobile sur annuelauto.ca.","sameAs":["https:\/\/annuelauto.ca\/"],"url":"https:\/\/news.canadamotorjobs.com\/fr\/author\/benoit-charette\/"}]}},"_links":{"self":[{"href":"https:\/\/news.canadamotorjobs.com\/fr\/wp-json\/wp\/v2\/posts\/164116"}],"collection":[{"href":"https:\/\/news.canadamotorjobs.com\/fr\/wp-json\/wp\/v2\/posts"}],"about":[{"href":"https:\/\/news.canadamotorjobs.com\/fr\/wp-json\/wp\/v2\/types\/post"}],"author":[{"embeddable":true,"href":"https:\/\/news.canadamotorjobs.com\/fr\/wp-json\/wp\/v2\/users\/8"}],"replies":[{"embeddable":true,"href":"https:\/\/news.canadamotorjobs.com\/fr\/wp-json\/wp\/v2\/comments?post=164116"}],"version-history":[{"count":2,"href":"https:\/\/news.canadamotorjobs.com\/fr\/wp-json\/wp\/v2\/posts\/164116\/revisions"}],"predecessor-version":[{"id":164120,"href":"https:\/\/news.canadamotorjobs.com\/fr\/wp-json\/wp\/v2\/posts\/164116\/revisions\/164120"}],"wp:featuredmedia":[{"embeddable":true,"href":"https:\/\/news.canadamotorjobs.com\/fr\/wp-json\/wp\/v2\/media\/164118"}],"wp:attachment":[{"href":"https:\/\/news.canadamotorjobs.com\/fr\/wp-json\/wp\/v2\/media?parent=164116"}],"wp:term":[{"taxonomy":"category","embeddable":true,"href":"https:\/\/news.canadamotorjobs.com\/fr\/wp-json\/wp\/v2\/categories?post=164116"},{"taxonomy":"post_tag","embeddable":true,"href":"https:\/\/news.canadamotorjobs.com\/fr\/wp-json\/wp\/v2\/tags?post=164116"}],"curies":[{"name":"wp","href":"https:\/\/api.w.org\/{rel}","templated":true}]}}