{"id":164070,"date":"2024-05-04T08:58:13","date_gmt":"2024-05-04T12:58:13","guid":{"rendered":"https:\/\/news.canadamotorjobs.com\/?p=164070"},"modified":"2024-05-04T08:59:07","modified_gmt":"2024-05-04T12:59:07","slug":"les-clignotants","status":"publish","type":"post","link":"https:\/\/news.canadamotorjobs.com\/fr\/les-clignotants\/","title":{"rendered":"Les clignotants"},"content":{"rendered":"<\/p>\n<p>On en a besoin, et quand \u00e7a marche bien, ils fonctionnent seulement la moiti\u00e9 du temps!<\/p>\n<p>Vous vous souvenez de la vieille blague de l\u2019\u00e9cole primaire\u2026?? Au fait, vous ne le savez peut-\u00eatre pas, j\u2019ai lu sur internet qu\u2019on a trouv\u00e9 des traces de cette vieille blague dans les hi\u00e9roglyphes chinois sur les murs des pyramides d\u2019\u00c9gypte, construites durant un week-end Pascal au coin de Jarry et Papineau!<\/p>\n<p>Plus s\u00e9rieusement, comment \u00e7a marche et surtout comment les feux de freins arri\u00e8re se transforment en clignotants lorsqu\u2019on a le pied sur la p\u00e9dale de frein. Ceci me parait plus int\u00e9ressant.<\/p>\n<h3>Entre l&#8217;Europe et l&#8217;Am\u00e9rique<\/h3>\n<p>\nLa majorit\u00e9 des voitures anciennes am\u00e9ricaines ont des feux arri\u00e8re qui ont les 2 fonctions, soit fonction de freinage et fonction de clignotant. Ces deux fonctions utilisent la m\u00eame ampoule. Les europ\u00e9ens eux, avaient une autre vision et aimaient mieux 2 ampoules s\u00e9par\u00e9es, et de plus, utilisaient le jaune pour signaler le clignotant. Pour les Am\u00e9ricaines, c\u2019est plus compliqu\u00e9 car la m\u00eame ampoule sert aux 2 fonctions, et pourtant le circuit du clignotant et de frein sont les m\u00eames qui parcours la voiture jusqu\u2019en arri\u00e8re. On va voir tout \u00e7a\u2026.<\/p>\n<p>Vous avez bien s\u00fbr le module de clignotant dans tous les circuits \u00e9lectriques de clignotants, dans chaque voiture. Ce module, ou relai, ouvre et ferme le circuit du clignotant de fa\u00e7on m\u00e9thodique et r\u00e9gulier, une fois activ\u00e9. Il est soit m\u00e9canique ou \u00e9lectronique. On en reparlera dans une autre chronique.<\/p>\n<p>Pour mettre en marche le module de clignotant, il faut bien entendu, d\u00e9placer le petit levier du clignotant, sur la colonne de direction.<\/p>\n<p>En ligne droite, lorsque vous ne tournez pas, le petit levier est au centre de ses 3 positions, car vous n\u2019avez pas besoin des clignotants. Si vous freinez, les feux de freinage s\u2019allume en arri\u00e8re, d\u2019accord? Alors en freinage, voici comment le circuit \u00e9lectrique de freinage fonctionne: Le courant part de la batterie, est dirig\u00e9 vers l\u2019interrupteur de freinage, ensuite NON, il ne va pas aux ampoules arri\u00e8re directement, il va \u00e0 l\u2019interrupteur du levier de clignotant AVANT. Quand le petit levier du clignotant est au centre, son interrupteur dirige le courant aux 2 ampoules arri\u00e8re pour les allumer au freinage, ensemble mais sur 2 circuits ind\u00e9pendant.<\/p>\n<p>On tourne !!! Quand vous voulez clignoter votre prochain virage, et que vous avez le pied sur la p\u00e9dale de frein, au moment de d\u00e9placer le petit levier du clignotant, son interrupteur coupe le circuit de freinage du c\u00f4t\u00e9 d\u00e9sir\u00e9, et met en marche le circuit du module ou relai de clignotant sur cette m\u00eame ampoule.\u00a0 Ce qui la fait clignoter. L\u2019ampoule de l\u2019autre c\u00f4t\u00e9, reste allum\u00e9e.<\/p>\n<p>Donc, les feux arri\u00e8re s\u2019allument ensemble en freinage avec chacun leur circuit ind\u00e9pendant, et selon le besoin, devient clignotant. Cet interrupteur est complexe, mais tr\u00e8s r\u00e9sistant \u00e0 l\u2019usure. Il vaut la peine de d\u00e9monter le volant pour aller lubrifier son m\u00e9canisme, car la majorit\u00e9 du temps, nous en r\u00e9parons qui sont us\u00e9s par manque d\u2019entretien.<\/p>\n<p>Vous aurez donc compris que parfois, si une lampe arri\u00e8re de freinage ne s\u2019allume pas, et que durant votre diagnostique, vous vous rendez compte que l\u2019ampoule est parfaitement en bon \u00e9tat de fonctionnement, alors vous savez que le probl\u00e8me peut venir de la colonne de direction, soit l\u2019interrupteur du levier du clignotant lui-m\u00eame ou du faisceau qui compose son circuit. Mais avant de tout d\u00e9monter, v\u00e9rifier les branchements qui sont au bas de la colonne, la r\u00e9ponse est souvent l\u00e0.<\/p>\n<p>\u00a0<\/p>\n<p>\u00a0<\/p>\n<p>\u00a0<\/p>\n<p>Le texte <a rel=\"nofollow\" href=\"https:\/\/annuelauto.ca\/les-clignotants\/\">Les clignotants<\/a> provient de <a rel=\"nofollow\" href=\"https:\/\/annuelauto.ca\">L&#8217;annuel de l&#8217;automobile &#8211; Actualit\u00e9 automobile<\/a><\/p>\n<p><\/p>\n","protected":false},"excerpt":{"rendered":"<p>On en a besoin, et quand \u00e7a marche bien, ils fonctionnent seulement la moiti\u00e9 du temps! Vous vous souvenez de la vieille blague de l\u2019\u00e9cole primaire\u2026?? Au fait, vous ne le savez peut-\u00eatre pas, j\u2019ai lu sur internet qu\u2019on a trouv\u00e9 des traces de cette vieille blague dans les hi\u00e9roglyphes chinois sur les murs des [&hellip;]<\/p>\n","protected":false},"author":8,"featured_media":164072,"comment_status":"close","ping_status":"closed","sticky":false,"template":"","format":"standard","meta":{"_monsterinsights_skip_tracking":false,"_monsterinsights_sitenote_active":false,"_monsterinsights_sitenote_note":"","_monsterinsights_sitenote_category":0,"footnotes":""},"categories":[101],"tags":[],"yoast_head":"<!-- This site is optimized with the Yoast SEO plugin v23.2 - https:\/\/yoast.com\/wordpress\/plugins\/seo\/ -->\n<title>Les clignotants - CanadaMotorJobs.com<\/title>\n<meta name=\"description\" content=\"Les clignotants - Benoit Charette - Annuel automobile - CanadaMotorJobs.com.\" \/>\n<meta name=\"robots\" content=\"index, follow, max-snippet:-1, max-image-preview:large, max-video-preview:-1\" \/>\n<meta property=\"og:locale\" content=\"fr_CA\" \/>\n<meta property=\"og:type\" content=\"article\" \/>\n<meta property=\"og:title\" content=\"Les clignotants - CanadaMotorJobs.com\" \/>\n<meta property=\"og:description\" content=\"Les clignotants - Benoit Charette - Annuel automobile - CanadaMotorJobs.com.\" \/>\n<meta property=\"og:url\" content=\"https:\/\/news.canadamotorjobs.com\/fr\/les-clignotants\/\" \/>\n<meta property=\"og:site_name\" content=\"CanadaMotorJobs.com\" \/>\n<meta property=\"article:publisher\" content=\"https:\/\/www.facebook.com\/canadamotorjobs\/\" \/>\n<meta property=\"article:published_time\" content=\"2024-05-04T12:58:13+00:00\" \/>\n<meta property=\"article:modified_time\" content=\"2024-05-04T12:59:07+00:00\" \/>\n<meta property=\"og:image\" content=\"https:\/\/news.canadamotorjobs.com\/wp-content\/uploads\/2024\/05\/R-1.jpg\" \/>\n\t<meta property=\"og:image:width\" content=\"1000\" \/>\n\t<meta property=\"og:image:height\" content=\"1000\" \/>\n\t<meta property=\"og:image:type\" content=\"image\/jpeg\" \/>\n<meta name=\"author\" content=\"Benoit Charette\" \/>\n<meta name=\"twitter:card\" content=\"summary_large_image\" \/>\n<meta name=\"twitter:creator\" content=\"@canadamotorjobs\" \/>\n<meta name=\"twitter:site\" content=\"@canadamotorjobs\" \/>\n<meta name=\"twitter:label1\" content=\"\u00c9crit par\" \/>\n\t<meta name=\"twitter:data1\" content=\"Benoit Charette\" \/>\n\t<meta name=\"twitter:label2\" content=\"Estimation du temps de lecture\" \/>\n\t<meta name=\"twitter:data2\" content=\"3 minutes\" \/>\n<!-- \/ Yoast SEO plugin. -->","yoast_head_json":{"title":"Les clignotants - CanadaMotorJobs.com","description":"Les clignotants - Benoit Charette - Annuel automobile - CanadaMotorJobs.com.","robots":{"index":"index","follow":"follow","max-snippet":"max-snippet:-1","max-image-preview":"max-image-preview:large","max-video-preview":"max-video-preview:-1"},"og_locale":"fr_CA","og_type":"article","og_title":"Les clignotants - CanadaMotorJobs.com","og_description":"Les clignotants - Benoit Charette - Annuel automobile - CanadaMotorJobs.com.","og_url":"https:\/\/news.canadamotorjobs.com\/fr\/les-clignotants\/","og_site_name":"CanadaMotorJobs.com","article_publisher":"https:\/\/www.facebook.com\/canadamotorjobs\/","article_published_time":"2024-05-04T12:58:13+00:00","article_modified_time":"2024-05-04T12:59:07+00:00","og_image":[{"width":1000,"height":1000,"url":"https:\/\/news.canadamotorjobs.com\/wp-content\/uploads\/2024\/05\/R-1.jpg","type":"image\/jpeg"}],"author":"Benoit Charette","twitter_card":"summary_large_image","twitter_creator":"@canadamotorjobs","twitter_site":"@canadamotorjobs","twitter_misc":{"\u00c9crit par":"Benoit Charette","Estimation du temps de lecture":"3 minutes"},"schema":{"@context":"https:\/\/schema.org","@graph":[{"@type":"Article","@id":"https:\/\/news.canadamotorjobs.com\/fr\/les-clignotants\/#article","isPartOf":{"@id":"https:\/\/news.canadamotorjobs.com\/fr\/les-clignotants\/"},"author":{"name":"Benoit Charette","@id":"https:\/\/news.canadamotorjobs.com\/#\/schema\/person\/51793d1f87d44011d7bcc2ed99269a90"},"headline":"Les clignotants","datePublished":"2024-05-04T12:58:13+00:00","dateModified":"2024-05-04T12:59:07+00:00","mainEntityOfPage":{"@id":"https:\/\/news.canadamotorjobs.com\/fr\/les-clignotants\/"},"wordCount":652,"publisher":{"@id":"https:\/\/news.canadamotorjobs.com\/#organization"},"image":{"@id":"https:\/\/news.canadamotorjobs.com\/fr\/les-clignotants\/#primaryimage"},"thumbnailUrl":"https:\/\/news.canadamotorjobs.com\/wp-content\/uploads\/2024\/05\/R-1.jpg","articleSection":["Annuel automobile"],"inLanguage":"fr-CA"},{"@type":"WebPage","@id":"https:\/\/news.canadamotorjobs.com\/fr\/les-clignotants\/","url":"https:\/\/news.canadamotorjobs.com\/fr\/les-clignotants\/","name":"Les clignotants - CanadaMotorJobs.com","isPartOf":{"@id":"https:\/\/news.canadamotorjobs.com\/#website"},"primaryImageOfPage":{"@id":"https:\/\/news.canadamotorjobs.com\/fr\/les-clignotants\/#primaryimage"},"image":{"@id":"https:\/\/news.canadamotorjobs.com\/fr\/les-clignotants\/#primaryimage"},"thumbnailUrl":"https:\/\/news.canadamotorjobs.com\/wp-content\/uploads\/2024\/05\/R-1.jpg","datePublished":"2024-05-04T12:58:13+00:00","dateModified":"2024-05-04T12:59:07+00:00","description":"Les clignotants - Benoit Charette - Annuel automobile - CanadaMotorJobs.com.","breadcrumb":{"@id":"https:\/\/news.canadamotorjobs.com\/fr\/les-clignotants\/#breadcrumb"},"inLanguage":"fr-CA","potentialAction":[{"@type":"ReadAction","target":["https:\/\/news.canadamotorjobs.com\/fr\/les-clignotants\/"]}]},{"@type":"ImageObject","inLanguage":"fr-CA","@id":"https:\/\/news.canadamotorjobs.com\/fr\/les-clignotants\/#primaryimage","url":"https:\/\/news.canadamotorjobs.com\/wp-content\/uploads\/2024\/05\/R-1.jpg","contentUrl":"https:\/\/news.canadamotorjobs.com\/wp-content\/uploads\/2024\/05\/R-1.jpg","width":1000,"height":1000},{"@type":"BreadcrumbList","@id":"https:\/\/news.canadamotorjobs.com\/fr\/les-clignotants\/#breadcrumb","itemListElement":[{"@type":"ListItem","position":1,"name":"Home","item":"https:\/\/news.canadamotorjobs.com\/fr\/blog\/"},{"@type":"ListItem","position":2,"name":"Les clignotants"}]},{"@type":"WebSite","@id":"https:\/\/news.canadamotorjobs.com\/#website","url":"https:\/\/news.canadamotorjobs.com\/","name":"CanadaMotorJobs.com","description":"Automotive Jobs","publisher":{"@id":"https:\/\/news.canadamotorjobs.com\/#organization"},"potentialAction":[{"@type":"SearchAction","target":{"@type":"EntryPoint","urlTemplate":"https:\/\/news.canadamotorjobs.com\/?s={search_term_string}"},"query-input":"required name=search_term_string"}],"inLanguage":"fr-CA"},{"@type":"Organization","@id":"https:\/\/news.canadamotorjobs.com\/#organization","name":"Canada Motor Jobs","url":"https:\/\/news.canadamotorjobs.com\/","logo":{"@type":"ImageObject","inLanguage":"fr-CA","@id":"https:\/\/news.canadamotorjobs.com\/#\/schema\/logo\/image\/","url":"https:\/\/news.canadamotorjobs.com\/wp-content\/uploads\/2022\/10\/logo-canada-motor-jobs-1.png","contentUrl":"https:\/\/news.canadamotorjobs.com\/wp-content\/uploads\/2022\/10\/logo-canada-motor-jobs-1.png","width":800,"height":400,"caption":"Canada Motor Jobs"},"image":{"@id":"https:\/\/news.canadamotorjobs.com\/#\/schema\/logo\/image\/"},"sameAs":["https:\/\/www.facebook.com\/canadamotorjobs\/","https:\/\/x.com\/canadamotorjobs","https:\/\/www.instagram.com\/canadamotorjobs\/","https:\/\/www.linkedin.com\/company\/canadamotorjobs"]},{"@type":"Person","@id":"https:\/\/news.canadamotorjobs.com\/#\/schema\/person\/51793d1f87d44011d7bcc2ed99269a90","name":"Benoit Charette","image":{"@type":"ImageObject","inLanguage":"fr-CA","@id":"https:\/\/news.canadamotorjobs.com\/#\/schema\/person\/image\/","url":"https:\/\/secure.gravatar.com\/avatar\/45f3d2eebcccd909668d7ce7ea7267b6?s=96&d=mm&r=g","contentUrl":"https:\/\/secure.gravatar.com\/avatar\/45f3d2eebcccd909668d7ce7ea7267b6?s=96&d=mm&r=g","caption":"Benoit Charette"},"description":"Benoit Charette \/ Propri\u00e9taire et r\u00e9dacteur en chef Benoit Charette pratique le journalisme automobile depuis bient\u00f4t 30 ans. Il a fait ses classes au c\u00f4t\u00e9 de Daniel H\u00e9raud et au Carnet de route de 1992 \u00e0 2001. Il est fondateur, copropri\u00e9taire et r\u00e9dacteur en chef de L\u2019Annuel de l\u2019automobile, qu\u2019il publie depuis 2001. Il a anim\u00e9 les \u00e9missions RPM et RPM+ sur V et les L\u00e9gendes de la route sur Historia. \u00c0 la radio depuis 1986, il reprend l\u2019antenne cette ann\u00e9e sur les ondes de Cogeco et participe pour la deuxi\u00e8me ann\u00e9e \u00e0 l\u2019\u00e9mission Passion Auto sur RDS en plus de mettre en ligne le site Web officiel de L\u2019Annuel de l\u2019automobile sur annuelauto.ca.","sameAs":["https:\/\/annuelauto.ca\/"],"url":"https:\/\/news.canadamotorjobs.com\/fr\/author\/benoit-charette\/"}]}},"_links":{"self":[{"href":"https:\/\/news.canadamotorjobs.com\/fr\/wp-json\/wp\/v2\/posts\/164070"}],"collection":[{"href":"https:\/\/news.canadamotorjobs.com\/fr\/wp-json\/wp\/v2\/posts"}],"about":[{"href":"https:\/\/news.canadamotorjobs.com\/fr\/wp-json\/wp\/v2\/types\/post"}],"author":[{"embeddable":true,"href":"https:\/\/news.canadamotorjobs.com\/fr\/wp-json\/wp\/v2\/users\/8"}],"replies":[{"embeddable":true,"href":"https:\/\/news.canadamotorjobs.com\/fr\/wp-json\/wp\/v2\/comments?post=164070"}],"version-history":[{"count":2,"href":"https:\/\/news.canadamotorjobs.com\/fr\/wp-json\/wp\/v2\/posts\/164070\/revisions"}],"predecessor-version":[{"id":164074,"href":"https:\/\/news.canadamotorjobs.com\/fr\/wp-json\/wp\/v2\/posts\/164070\/revisions\/164074"}],"wp:featuredmedia":[{"embeddable":true,"href":"https:\/\/news.canadamotorjobs.com\/fr\/wp-json\/wp\/v2\/media\/164072"}],"wp:attachment":[{"href":"https:\/\/news.canadamotorjobs.com\/fr\/wp-json\/wp\/v2\/media?parent=164070"}],"wp:term":[{"taxonomy":"category","embeddable":true,"href":"https:\/\/news.canadamotorjobs.com\/fr\/wp-json\/wp\/v2\/categories?post=164070"},{"taxonomy":"post_tag","embeddable":true,"href":"https:\/\/news.canadamotorjobs.com\/fr\/wp-json\/wp\/v2\/tags?post=164070"}],"curies":[{"name":"wp","href":"https:\/\/api.w.org\/{rel}","templated":true}]}}