{"id":164047,"date":"2024-05-03T14:04:17","date_gmt":"2024-05-03T18:04:17","guid":{"rendered":"https:\/\/news.canadamotorjobs.com\/?p=164047"},"modified":"2024-05-03T14:20:28","modified_gmt":"2024-05-03T18:20:28","slug":"elon-musk-dissout-lequipe-de-recharge-tesla","status":"publish","type":"post","link":"https:\/\/news.canadamotorjobs.com\/fr\/elon-musk-dissout-lequipe-de-recharge-tesla\/","title":{"rendered":"Elon Musk dissout l\u2019\u00e9quipe de recharge Tesla \u00a0"},"content":{"rendered":"<\/p>\n<p>Voici une nouvelle qui inqui\u00e8te beaucoup l&#8217;industrie automobile. Elon Musk a pris une d\u00e9cision radicale en licenciant l&#8217;\u00e9quipe en charge de la recharge des v\u00e9hicules \u00e9lectriques chez Tesla. Cette action a laiss\u00e9 les clients dans l&#8217;incertitude et a surpris l&#8217;industrie automobile.<\/p>\n<h3><strong>Tesla ouvre la voie<\/strong><\/h3>\n<p>\nLa d\u00e9cision de Tesla d&#8217;ouvrir son r\u00e9seau de Superchargeurs aux constructeurs concurrents a \u00e9t\u00e9 salu\u00e9e par le pr\u00e9sident am\u00e9ricain Joe Biden et pourrait permettre \u00e0 Tesla d&#8217;obtenir des subventions f\u00e9d\u00e9rales pour \u00e9tendre son syst\u00e8me de recharge. Cette ronde de mise \u00e0 pied massive laisse toutefois beaucoup de nouveaux partenaires dans l&#8217;incertitude.<\/p>\n<h3><strong>R\u00e9actions des constructeurs<\/strong><\/h3>\n<p>\nMalgr\u00e9 le licenciement de l&#8217;\u00e9quipe de recharge chez Tesla, des constructeurs comme General Motors et Ford maintiennent leurs plans pour \u00e9quiper leurs v\u00e9hicules \u00e9lectriques de connecteurs compatibles avec les stations Tesla. Toutefois, ces derniers n&#8217;ont pour le moment aucune ressource et personne chez Tesla qui peut leur venir en aide en cas de probl\u00e8mes.<\/p>\n<h3><strong>Incertitude et r\u00e9actions du march\u00e9<\/strong><\/h3>\n<p>\nL&#8217;annonce a suscit\u00e9 des interrogations quant \u00e0 la vision strat\u00e9gique de Musk. Alors que Tesla cherche \u00e0 se recentrer sur l&#8217;intelligence artificielle et la robotique, les investisseurs et l&#8217;industrie s&#8217;interrogent sur l&#8217;avenir du r\u00e9seau de Superchargeurs.<\/p>\n<h3><strong>Analyse des experts<\/strong><\/h3>\n<p>\nCertains analystes estiment que Musk pourrait chercher \u00e0 r\u00e9duire les d\u00e9penses li\u00e9es au r\u00e9seau de Superchargeurs pour se concentrer sur d&#8217;autres projets \u00e0 plus fort potentiel de croissance.<\/p>\n<h3><strong>Conclusion<\/strong><\/h3>\n<p>\nAlors que Tesla traverse une p\u00e9riode de transition, l&#8217;avenir du r\u00e9seau de Superchargeurs reste incertain. Cette d\u00e9cision pourrait avoir des r\u00e9percussions sur l&#8217;industrie automobile et l&#8217;adoption des v\u00e9hicules \u00e9lectriques \u00e0 l&#8217;\u00e9chelle mondiale. Restez inform\u00e9 pour suivre l&#8217;\u00e9volution de la situation.<\/p>\n<p>\u00a0<\/p>\n<p>Avec des renseignements de Business week<\/p>\n<p>\u00a0<\/p>\n<p>Le texte <a rel=\"nofollow\" href=\"https:\/\/annuelauto.ca\/elon-musk-dissout-lequipe-de-recharge-tesla\/\">Elon Musk dissout l\u2019\u00e9quipe de recharge Tesla \u00a0<\/a> provient de <a rel=\"nofollow\" href=\"https:\/\/annuelauto.ca\">L&#8217;annuel de l&#8217;automobile &#8211; Actualit\u00e9 automobile<\/a><\/p>\n<p><\/p>\n","protected":false},"excerpt":{"rendered":"<p>Voici une nouvelle qui inqui\u00e8te beaucoup l&#8217;industrie automobile. Elon Musk a pris une d\u00e9cision radicale en licenciant l&#8217;\u00e9quipe en charge de la recharge des v\u00e9hicules \u00e9lectriques chez Tesla. Cette action a laiss\u00e9 les clients dans l&#8217;incertitude et a surpris l&#8217;industrie automobile. Tesla ouvre la voie La d\u00e9cision de Tesla d&#8217;ouvrir son r\u00e9seau de Superchargeurs aux [&hellip;]<\/p>\n","protected":false},"author":8,"featured_media":164049,"comment_status":"close","ping_status":"closed","sticky":false,"template":"","format":"standard","meta":{"_monsterinsights_skip_tracking":false,"_monsterinsights_sitenote_active":false,"_monsterinsights_sitenote_note":"","_monsterinsights_sitenote_category":0,"footnotes":""},"categories":[101],"tags":[],"yoast_head":"<!-- This site is optimized with the Yoast SEO plugin v23.2 - https:\/\/yoast.com\/wordpress\/plugins\/seo\/ -->\n<title>Elon Musk dissout l\u2019\u00e9quipe de recharge Tesla \u00a0 - CanadaMotorJobs.com<\/title>\n<meta name=\"description\" content=\"Elon Musk dissout l\u2019\u00e9quipe de recharge Tesla \u00a0 - Benoit Charette - Annuel automobile - CanadaMotorJobs.com.\" \/>\n<meta name=\"robots\" content=\"index, follow, max-snippet:-1, max-image-preview:large, max-video-preview:-1\" \/>\n<meta property=\"og:locale\" content=\"fr_CA\" \/>\n<meta property=\"og:type\" content=\"article\" \/>\n<meta property=\"og:title\" content=\"Elon Musk dissout l\u2019\u00e9quipe de recharge Tesla \u00a0 - CanadaMotorJobs.com\" \/>\n<meta property=\"og:description\" content=\"Elon Musk dissout l\u2019\u00e9quipe de recharge Tesla \u00a0 - Benoit Charette - Annuel automobile - CanadaMotorJobs.com.\" \/>\n<meta property=\"og:url\" content=\"https:\/\/news.canadamotorjobs.com\/fr\/elon-musk-dissout-lequipe-de-recharge-tesla\/\" \/>\n<meta property=\"og:site_name\" content=\"CanadaMotorJobs.com\" \/>\n<meta property=\"article:publisher\" content=\"https:\/\/www.facebook.com\/canadamotorjobs\/\" \/>\n<meta property=\"article:published_time\" content=\"2024-05-03T18:04:17+00:00\" \/>\n<meta property=\"article:modified_time\" content=\"2024-05-03T18:20:28+00:00\" \/>\n<meta property=\"og:image\" content=\"https:\/\/news.canadamotorjobs.com\/wp-content\/uploads\/2024\/05\/1200px-Wittenburg_-_Supercharger_-_2021.jpg\" \/>\n\t<meta property=\"og:image:width\" content=\"1200\" \/>\n\t<meta property=\"og:image:height\" content=\"800\" \/>\n\t<meta property=\"og:image:type\" content=\"image\/jpeg\" \/>\n<meta name=\"author\" content=\"Benoit Charette\" \/>\n<meta name=\"twitter:card\" content=\"summary_large_image\" \/>\n<meta name=\"twitter:creator\" content=\"@canadamotorjobs\" \/>\n<meta name=\"twitter:site\" content=\"@canadamotorjobs\" \/>\n<meta name=\"twitter:label1\" content=\"\u00c9crit par\" \/>\n\t<meta name=\"twitter:data1\" content=\"Benoit Charette\" \/>\n\t<meta name=\"twitter:label2\" content=\"Estimation du temps de lecture\" \/>\n\t<meta name=\"twitter:data2\" content=\"2 minutes\" \/>\n<!-- \/ Yoast SEO plugin. -->","yoast_head_json":{"title":"Elon Musk dissout l\u2019\u00e9quipe de recharge Tesla \u00a0 - CanadaMotorJobs.com","description":"Elon Musk dissout l\u2019\u00e9quipe de recharge Tesla \u00a0 - Benoit Charette - Annuel automobile - CanadaMotorJobs.com.","robots":{"index":"index","follow":"follow","max-snippet":"max-snippet:-1","max-image-preview":"max-image-preview:large","max-video-preview":"max-video-preview:-1"},"og_locale":"fr_CA","og_type":"article","og_title":"Elon Musk dissout l\u2019\u00e9quipe de recharge Tesla \u00a0 - CanadaMotorJobs.com","og_description":"Elon Musk dissout l\u2019\u00e9quipe de recharge Tesla \u00a0 - Benoit Charette - Annuel automobile - CanadaMotorJobs.com.","og_url":"https:\/\/news.canadamotorjobs.com\/fr\/elon-musk-dissout-lequipe-de-recharge-tesla\/","og_site_name":"CanadaMotorJobs.com","article_publisher":"https:\/\/www.facebook.com\/canadamotorjobs\/","article_published_time":"2024-05-03T18:04:17+00:00","article_modified_time":"2024-05-03T18:20:28+00:00","og_image":[{"width":1200,"height":800,"url":"https:\/\/news.canadamotorjobs.com\/wp-content\/uploads\/2024\/05\/1200px-Wittenburg_-_Supercharger_-_2021.jpg","type":"image\/jpeg"}],"author":"Benoit Charette","twitter_card":"summary_large_image","twitter_creator":"@canadamotorjobs","twitter_site":"@canadamotorjobs","twitter_misc":{"\u00c9crit par":"Benoit Charette","Estimation du temps de lecture":"2 minutes"},"schema":{"@context":"https:\/\/schema.org","@graph":[{"@type":"Article","@id":"https:\/\/news.canadamotorjobs.com\/fr\/elon-musk-dissout-lequipe-de-recharge-tesla\/#article","isPartOf":{"@id":"https:\/\/news.canadamotorjobs.com\/fr\/elon-musk-dissout-lequipe-de-recharge-tesla\/"},"author":{"name":"Benoit Charette","@id":"https:\/\/news.canadamotorjobs.com\/#\/schema\/person\/51793d1f87d44011d7bcc2ed99269a90"},"headline":"Elon Musk dissout l\u2019\u00e9quipe de recharge Tesla \u00a0","datePublished":"2024-05-03T18:04:17+00:00","dateModified":"2024-05-03T18:20:28+00:00","mainEntityOfPage":{"@id":"https:\/\/news.canadamotorjobs.com\/fr\/elon-musk-dissout-lequipe-de-recharge-tesla\/"},"wordCount":339,"publisher":{"@id":"https:\/\/news.canadamotorjobs.com\/#organization"},"image":{"@id":"https:\/\/news.canadamotorjobs.com\/fr\/elon-musk-dissout-lequipe-de-recharge-tesla\/#primaryimage"},"thumbnailUrl":"https:\/\/news.canadamotorjobs.com\/wp-content\/uploads\/2024\/05\/1200px-Wittenburg_-_Supercharger_-_2021.jpg","articleSection":["Annuel automobile"],"inLanguage":"fr-CA"},{"@type":"WebPage","@id":"https:\/\/news.canadamotorjobs.com\/fr\/elon-musk-dissout-lequipe-de-recharge-tesla\/","url":"https:\/\/news.canadamotorjobs.com\/fr\/elon-musk-dissout-lequipe-de-recharge-tesla\/","name":"Elon Musk dissout l\u2019\u00e9quipe de recharge Tesla \u00a0 - CanadaMotorJobs.com","isPartOf":{"@id":"https:\/\/news.canadamotorjobs.com\/#website"},"primaryImageOfPage":{"@id":"https:\/\/news.canadamotorjobs.com\/fr\/elon-musk-dissout-lequipe-de-recharge-tesla\/#primaryimage"},"image":{"@id":"https:\/\/news.canadamotorjobs.com\/fr\/elon-musk-dissout-lequipe-de-recharge-tesla\/#primaryimage"},"thumbnailUrl":"https:\/\/news.canadamotorjobs.com\/wp-content\/uploads\/2024\/05\/1200px-Wittenburg_-_Supercharger_-_2021.jpg","datePublished":"2024-05-03T18:04:17+00:00","dateModified":"2024-05-03T18:20:28+00:00","description":"Elon Musk dissout l\u2019\u00e9quipe de recharge Tesla \u00a0 - Benoit Charette - Annuel automobile - CanadaMotorJobs.com.","breadcrumb":{"@id":"https:\/\/news.canadamotorjobs.com\/fr\/elon-musk-dissout-lequipe-de-recharge-tesla\/#breadcrumb"},"inLanguage":"fr-CA","potentialAction":[{"@type":"ReadAction","target":["https:\/\/news.canadamotorjobs.com\/fr\/elon-musk-dissout-lequipe-de-recharge-tesla\/"]}]},{"@type":"ImageObject","inLanguage":"fr-CA","@id":"https:\/\/news.canadamotorjobs.com\/fr\/elon-musk-dissout-lequipe-de-recharge-tesla\/#primaryimage","url":"https:\/\/news.canadamotorjobs.com\/wp-content\/uploads\/2024\/05\/1200px-Wittenburg_-_Supercharger_-_2021.jpg","contentUrl":"https:\/\/news.canadamotorjobs.com\/wp-content\/uploads\/2024\/05\/1200px-Wittenburg_-_Supercharger_-_2021.jpg","width":1200,"height":800},{"@type":"BreadcrumbList","@id":"https:\/\/news.canadamotorjobs.com\/fr\/elon-musk-dissout-lequipe-de-recharge-tesla\/#breadcrumb","itemListElement":[{"@type":"ListItem","position":1,"name":"Home","item":"https:\/\/news.canadamotorjobs.com\/fr\/blog\/"},{"@type":"ListItem","position":2,"name":"Elon Musk dissout l\u2019\u00e9quipe de recharge Tesla \u00a0"}]},{"@type":"WebSite","@id":"https:\/\/news.canadamotorjobs.com\/#website","url":"https:\/\/news.canadamotorjobs.com\/","name":"CanadaMotorJobs.com","description":"Automotive Jobs","publisher":{"@id":"https:\/\/news.canadamotorjobs.com\/#organization"},"potentialAction":[{"@type":"SearchAction","target":{"@type":"EntryPoint","urlTemplate":"https:\/\/news.canadamotorjobs.com\/?s={search_term_string}"},"query-input":"required name=search_term_string"}],"inLanguage":"fr-CA"},{"@type":"Organization","@id":"https:\/\/news.canadamotorjobs.com\/#organization","name":"Canada Motor Jobs","url":"https:\/\/news.canadamotorjobs.com\/","logo":{"@type":"ImageObject","inLanguage":"fr-CA","@id":"https:\/\/news.canadamotorjobs.com\/#\/schema\/logo\/image\/","url":"https:\/\/news.canadamotorjobs.com\/wp-content\/uploads\/2022\/10\/logo-canada-motor-jobs-1.png","contentUrl":"https:\/\/news.canadamotorjobs.com\/wp-content\/uploads\/2022\/10\/logo-canada-motor-jobs-1.png","width":800,"height":400,"caption":"Canada Motor Jobs"},"image":{"@id":"https:\/\/news.canadamotorjobs.com\/#\/schema\/logo\/image\/"},"sameAs":["https:\/\/www.facebook.com\/canadamotorjobs\/","https:\/\/x.com\/canadamotorjobs","https:\/\/www.instagram.com\/canadamotorjobs\/","https:\/\/www.linkedin.com\/company\/canadamotorjobs"]},{"@type":"Person","@id":"https:\/\/news.canadamotorjobs.com\/#\/schema\/person\/51793d1f87d44011d7bcc2ed99269a90","name":"Benoit Charette","image":{"@type":"ImageObject","inLanguage":"fr-CA","@id":"https:\/\/news.canadamotorjobs.com\/#\/schema\/person\/image\/","url":"https:\/\/secure.gravatar.com\/avatar\/45f3d2eebcccd909668d7ce7ea7267b6?s=96&d=mm&r=g","contentUrl":"https:\/\/secure.gravatar.com\/avatar\/45f3d2eebcccd909668d7ce7ea7267b6?s=96&d=mm&r=g","caption":"Benoit Charette"},"description":"Benoit Charette \/ Propri\u00e9taire et r\u00e9dacteur en chef Benoit Charette pratique le journalisme automobile depuis bient\u00f4t 30 ans. Il a fait ses classes au c\u00f4t\u00e9 de Daniel H\u00e9raud et au Carnet de route de 1992 \u00e0 2001. Il est fondateur, copropri\u00e9taire et r\u00e9dacteur en chef de L\u2019Annuel de l\u2019automobile, qu\u2019il publie depuis 2001. Il a anim\u00e9 les \u00e9missions RPM et RPM+ sur V et les L\u00e9gendes de la route sur Historia. \u00c0 la radio depuis 1986, il reprend l\u2019antenne cette ann\u00e9e sur les ondes de Cogeco et participe pour la deuxi\u00e8me ann\u00e9e \u00e0 l\u2019\u00e9mission Passion Auto sur RDS en plus de mettre en ligne le site Web officiel de L\u2019Annuel de l\u2019automobile sur annuelauto.ca.","sameAs":["https:\/\/annuelauto.ca\/"],"url":"https:\/\/news.canadamotorjobs.com\/fr\/author\/benoit-charette\/"}]}},"_links":{"self":[{"href":"https:\/\/news.canadamotorjobs.com\/fr\/wp-json\/wp\/v2\/posts\/164047"}],"collection":[{"href":"https:\/\/news.canadamotorjobs.com\/fr\/wp-json\/wp\/v2\/posts"}],"about":[{"href":"https:\/\/news.canadamotorjobs.com\/fr\/wp-json\/wp\/v2\/types\/post"}],"author":[{"embeddable":true,"href":"https:\/\/news.canadamotorjobs.com\/fr\/wp-json\/wp\/v2\/users\/8"}],"replies":[{"embeddable":true,"href":"https:\/\/news.canadamotorjobs.com\/fr\/wp-json\/wp\/v2\/comments?post=164047"}],"version-history":[{"count":2,"href":"https:\/\/news.canadamotorjobs.com\/fr\/wp-json\/wp\/v2\/posts\/164047\/revisions"}],"predecessor-version":[{"id":164051,"href":"https:\/\/news.canadamotorjobs.com\/fr\/wp-json\/wp\/v2\/posts\/164047\/revisions\/164051"}],"wp:featuredmedia":[{"embeddable":true,"href":"https:\/\/news.canadamotorjobs.com\/fr\/wp-json\/wp\/v2\/media\/164049"}],"wp:attachment":[{"href":"https:\/\/news.canadamotorjobs.com\/fr\/wp-json\/wp\/v2\/media?parent=164047"}],"wp:term":[{"taxonomy":"category","embeddable":true,"href":"https:\/\/news.canadamotorjobs.com\/fr\/wp-json\/wp\/v2\/categories?post=164047"},{"taxonomy":"post_tag","embeddable":true,"href":"https:\/\/news.canadamotorjobs.com\/fr\/wp-json\/wp\/v2\/tags?post=164047"}],"curies":[{"name":"wp","href":"https:\/\/api.w.org\/{rel}","templated":true}]}}