{"id":164023,"date":"2024-05-03T11:26:55","date_gmt":"2024-05-03T15:26:55","guid":{"rendered":"https:\/\/news.canadamotorjobs.com\/?p=164023"},"modified":"2024-05-03T12:01:23","modified_gmt":"2024-05-03T16:01:23","slug":"60-ans-de-la-ford-mustang-des-passionnes-vont-etablir-un-nouveau-record-du-monde-au-quebec-cette-fin-de-semaine","status":"publish","type":"post","link":"https:\/\/news.canadamotorjobs.com\/fr\/60-ans-de-la-ford-mustang-des-passionnes-vont-etablir-un-nouveau-record-du-monde-au-quebec-cette-fin-de-semaine\/","title":{"rendered":"60\u00a0ans de la Ford Mustang\u00a0: des passionn\u00e9s vont \u00e9tablir un nouveau record du monde au Qu\u00e9bec, cette fin de semaine"},"content":{"rendered":"<\/p>\n<p>Alors que <a href=\"https:\/\/annuelauto.ca\/on-celebre-les-60-ans-de-la-ford-mustang-un-peu-partout-sur-la-planete\/\" target=\"_blank\" rel=\"noopener noreferrer\">Ford c\u00e9l\u00e9brait les 60\u00a0ans de la Mustang le 17\u00a0avril dernier<\/a>, Sylvie Provencher, Alain Cayuela et quelques autres passionn\u00e9s du c\u00e9l\u00e8bre <em>pony car<\/em> s\u2019affairaient \u00e0 pr\u00e9parer un \u00e9v\u00e9nement magistral qui aura lieu dans deux jours. En effet, pour souligner cet anniversaire important, ils veulent \u00e9tablir un nouveau record du monde ici m\u00eame au Qu\u00e9bec.<\/p>\n<p>Au terme d\u2019un long processus qui a d\u00e9but\u00e9 il y a environ un an, plus de 2\u00a0300\u00a0propri\u00e9taires de coup\u00e9s et de cabriolets <a href=\"https:\/\/annuelauto.ca\/une-mustang-de-800-chevaux-inspiree-de-la-course-bientot-en-concession\/\" target=\"_blank\" rel=\"noopener noreferrer\">Mustang<\/a>, qui se sont inscrits, vont constituer ce qui sera le plus long convoi de Mustang de l\u2019histoire.<\/p>\n<p>L\u2019\u00e9v\u00e9nement aura lieu ce dimanche 5\u00a0mai et les participants sont attendus d\u00e8s\u00a002:00 du matin au stationnement du circuit Trois-Rivi\u00e8res, au parc de l\u2019Exposition. \u00ab\u00a0Placer toutes ces voitures va exiger beaucoup de temps et de logistique\u00a0\u00bb, nous a dit Mme Provencher, lors d\u2019un entretien t\u00e9l\u00e9phonique r\u00e9alis\u00e9 ce matin. \u00ab Il y aura tellement de v\u00e9hicules, qu\u2019\u00e0 la demande de la S\u00fbret\u00e9 du Qu\u00e9bec, on a d\u00fb devancer le d\u00e9part de 06:30 \u00e0 06:00\u00a0!\u00a0\u00bb<\/p>\n<h3><strong>Convoi de 24 kilom\u00e8tres de long<\/strong><\/h3>\n<p>\nOn s\u2019attend aussi \u00e0 ce qu\u2019il y ait aussi beaucoup de curieux tant au d\u00e9part qu\u2019\u00e0 l\u2019arriv\u00e9e, et un peu partout le long de l\u2019autoroute\u00a040 que ces automobiles vont emprunter en formant un convoi long de 24\u00a0kilom\u00e8tres, nous apprend l\u2019initiatrice de cet exploit.<\/p>\n<p>Ces propri\u00e9taires de <a href=\"https:\/\/annuelauto.ca\/une-7e-generation-pour-les-60-ans-de-la-mustang\/\" target=\"_blank\" rel=\"noopener noreferrer\">Mustang<\/a> rouleront en direction de Qu\u00e9bec o\u00f9 ils sont attendus au Centre Vid\u00e9otron. Mme\u00a0Provencher estime que les premi\u00e8res voitures arriveront vers 08:30 et les derni\u00e8res entre 09:30 et 10:00. Apr\u00e8s quoi, le record qui aura \u00e9t\u00e9 \u00e9tabli sera soulign\u00e9 de multiples fa\u00e7ons, entre autres avec la plus grande b\u00e9n\u00e9diction de Mustang jamais vue, mais aussi par une remise de certificats \u00e0 chacun des participants.<\/p>\n<p>Notre coll\u00e8gue Antoine Joubert sera sur place pour commenter l\u2019\u00e9v\u00e9nement en direct \u00e0 l\u2019\u00e9mission <a href=\"https:\/\/www.salutbonjour.ca\/\" target=\"_blank\" rel=\"noopener noreferrer\"><em>Salut bonjour<\/em><\/a> de TVA, de m\u00eame que le sympathique commentateur Bertrand\u00a0Godin, qui fera sans doute une intervention au micro de l\u2019animation.<\/p>\n<h3><strong>Une grande \u00e9quipe pour un grand projet<\/strong><\/h3>\n<p>\nCet exploit aura \u00e9t\u00e9 rendu possible, entre autres, par les efforts d\u00e9ploy\u00e9s par Sylvie Provencher, pr\u00e9sidente du club Mustang\u00a0Rive-Nord, et Alain Cayuela, membre honoraire du club Mustang\u00a0Montr\u00e9al\u00a01994. Ensemble, ils ont r\u00e9ussi \u00e0 f\u00e9d\u00e9rer une douzaine de clubs de propri\u00e9taires et d\u2019amateurs de Mustang.<\/p>\n<p>\u00ab\u00a0Cet \u00e9v\u00e9nement n\u2019aurait pu prendre forme sans la participation de tous ces membres de diff\u00e9rents clubs\u00a0\u00bb, reconna\u00eet l\u2019organisatrice. \u00ab\u00a0Mais il ne faut pas oublier l\u2019importante \u00e9quipe de b\u00e9n\u00e9voles qui sera d\u00e9ploy\u00e9e pour l\u2019occasion, de m\u00eame que les gens de Joliette\u00a0Ford qui nous apportent un soutien pr\u00e9cieux sans lequel ce grand projet serait rest\u00e9 un simple r\u00eave.\u00a0\u00bb<\/p>\n<div id=\"attachment_695576\" style=\"width: 617px\" class=\"wp-caption alignright\"><img loading=\"lazy\" decoding=\"async\" aria-describedby=\"caption-attachment-695576\" class=\" wp-image-695576\" src=\"https:\/\/news.canadamotorjobs.com\/wp-content\/uploads\/2024\/05\/60e-Ford-Mustang-Quebec_1-500x333-2.jpg\" alt=\"\" width=\"607\" height=\"404\" \/><p id=\"caption-attachment-695576\" class=\"wp-caption-text\"><em>Le 7\u00a0septembre\u00a02019, 1\u00a0326 propri\u00e9taires de\u00a0Mustang ont form\u00e9 la plus longue caravane de voitures du genre au circuit d\u2019essai de Ford \u00e0 Lommel, en Belgique. Du coup, ils ont \u00e9tabli un record du monde. Dimanche, plus de 2\u00a0300 propri\u00e9taires de Mustang vont tenter de battre ce record ici m\u00eame au Qu\u00e9bec.<\/em><\/p><\/div>\n<p>Car Mme\u00a0Provencher r\u00eave de r\u00e9aliser ce record depuis 2019. Propri\u00e9taire d\u2019une Mustang Shelby GT500 2008, elle a \u00e9t\u00e9 impressionn\u00e9e par un \u00e9v\u00e9nement similaire r\u00e9alis\u00e9 en Belgique, \u00e0 l\u2019occasion du 55e\u00a0anniversaire de la Mustang.<\/p>\n<p>Le 7\u00a0septembre\u00a02019, 1\u00a0326\u00a0Mustang ont form\u00e9 ce qui \u00e9tait alors la plus longue caravane de voitures du genre, \u00e9tablissant du coup un record du monde. L\u2019\u00e9v\u00e9nement avait lieu au circuit d\u2019essai de Ford Belgique, \u00e0 Lommel. D\u00e8s lors, Mme\u00a0Provencher a caress\u00e9 le secret espoir de battre ce record du monde ici m\u00eame au Qu\u00e9bec. \u00ab\u00a0J\u2019avoue qu\u2019au d\u00e9but, je ne croyais pas vraiment \u00eatre en mesure d\u2019y arriver. Mais, aujourd\u2019hui, \u00e0 deux jours de cet exploit, je me sens f\u00e9brile et heureuse\u00a0\u00bb, dit-elle.<\/p>\n<h3><strong>Des participants venus de partout, m\u00eame de France<\/strong><\/h3>\n<p>\nLe projet a \u00e9t\u00e9 mis en marche il y a environ un an et les premi\u00e8res invitations ont \u00e9t\u00e9 diffus\u00e9es \u00e0 partir de la fin de novembre dans les r\u00e9seaux sociaux et au sein de diff\u00e9rents clubs. Douze d\u2019entre eux ont r\u00e9pondu \u00e0 l\u2019appel; des clubs du Qu\u00e9bec, mais aussi de l\u2019Ontario, du Nouveau-Brunswick, des \u00c9tats-Unis et m\u00eame de la France.<\/p>\n<p>\u00ab Plusieurs Fran\u00e7ais ont fait le voyage pour se joindre \u00e0 nous, dimanche, notamment Xavier Vrigny, le pr\u00e9sident du Mustang Club de France\u00a0\u00bb, nous a dit fi\u00e8rement l\u2019organisatrice. Faute d\u2019avoir pu apporter sa propre Mustang, M.\u00a0Vrigny n\u2019a d\u2019ailleurs pas h\u00e9sit\u00e9 \u00e0 en louer une d\u00e8s son arriv\u00e9e en sol qu\u00e9b\u00e9cois\u00a0! Comme quoi la passion pour cette ic\u00f4ne automobile n\u2019a pas de fronti\u00e8re.<\/p>\n<p><em>Photos : Ford<\/em><\/p>\n<p>Le texte <a rel=\"nofollow\" href=\"https:\/\/annuelauto.ca\/60-ans-de-la-ford-mustang-des-passionnes-vont-etablir-un-nouveau-record-du-monde-au-quebec-cette-fin-de-semaine\/\">60\u00a0ans de la Ford Mustang\u00a0: des passionn\u00e9s vont \u00e9tablir un nouveau record du monde au Qu\u00e9bec, cette fin de semaine<\/a> provient de <a rel=\"nofollow\" href=\"https:\/\/annuelauto.ca\">L&#8217;annuel de l&#8217;automobile &#8211; Actualit\u00e9 automobile<\/a><\/p>\n<p><\/p>\n","protected":false},"excerpt":{"rendered":"<p>Alors que Ford c\u00e9l\u00e9brait les 60\u00a0ans de la Mustang le 17\u00a0avril dernier, Sylvie Provencher, Alain Cayuela et quelques autres passionn\u00e9s du c\u00e9l\u00e8bre pony car s\u2019affairaient \u00e0 pr\u00e9parer un \u00e9v\u00e9nement magistral qui aura lieu dans deux jours. En effet, pour souligner cet anniversaire important, ils veulent \u00e9tablir un nouveau record du monde ici m\u00eame au Qu\u00e9bec. [&hellip;]<\/p>\n","protected":false},"author":8,"featured_media":164025,"comment_status":"close","ping_status":"closed","sticky":false,"template":"","format":"standard","meta":{"_monsterinsights_skip_tracking":false,"_monsterinsights_sitenote_active":false,"_monsterinsights_sitenote_note":"","_monsterinsights_sitenote_category":0,"footnotes":""},"categories":[101],"tags":[],"yoast_head":"<!-- This site is optimized with the Yoast SEO plugin v23.2 - https:\/\/yoast.com\/wordpress\/plugins\/seo\/ -->\n<title>60\u00a0ans de la Ford Mustang\u00a0: des passionn\u00e9s vont \u00e9tablir un nouveau record du monde au Qu\u00e9bec, cette fin de semaine - CanadaMotorJobs.com<\/title>\n<meta name=\"description\" content=\"60\u00a0ans de la Ford Mustang\u00a0: des passionn\u00e9s vont \u00e9tablir un nouveau record du monde au Qu\u00e9bec, cette fin de semaine - Benoit Charette - Annuel automobile - CanadaMotorJobs.com.\" \/>\n<meta name=\"robots\" content=\"index, follow, max-snippet:-1, max-image-preview:large, max-video-preview:-1\" \/>\n<meta property=\"og:locale\" content=\"fr_CA\" \/>\n<meta property=\"og:type\" content=\"article\" \/>\n<meta property=\"og:title\" content=\"60\u00a0ans de la Ford Mustang\u00a0: des passionn\u00e9s vont \u00e9tablir un nouveau record du monde au Qu\u00e9bec, cette fin de semaine - CanadaMotorJobs.com\" \/>\n<meta property=\"og:description\" content=\"60\u00a0ans de la Ford Mustang\u00a0: des passionn\u00e9s vont \u00e9tablir un nouveau record du monde au Qu\u00e9bec, cette fin de semaine - Benoit Charette - Annuel automobile - CanadaMotorJobs.com.\" \/>\n<meta property=\"og:url\" content=\"https:\/\/news.canadamotorjobs.com\/fr\/60-ans-de-la-ford-mustang-des-passionnes-vont-etablir-un-nouveau-record-du-monde-au-quebec-cette-fin-de-semaine\/\" \/>\n<meta property=\"og:site_name\" content=\"CanadaMotorJobs.com\" \/>\n<meta property=\"article:publisher\" content=\"https:\/\/www.facebook.com\/canadamotorjobs\/\" \/>\n<meta property=\"article:published_time\" content=\"2024-05-03T15:26:55+00:00\" \/>\n<meta property=\"article:modified_time\" content=\"2024-05-03T16:01:23+00:00\" \/>\n<meta property=\"og:image\" content=\"https:\/\/news.canadamotorjobs.com\/wp-content\/uploads\/2024\/05\/60e-Ford-Mustang-Quebec_3.jpg\" \/>\n\t<meta property=\"og:image:width\" content=\"1024\" \/>\n\t<meta property=\"og:image:height\" content=\"683\" \/>\n\t<meta property=\"og:image:type\" content=\"image\/jpeg\" \/>\n<meta name=\"author\" content=\"Benoit Charette\" \/>\n<meta name=\"twitter:card\" content=\"summary_large_image\" \/>\n<meta name=\"twitter:creator\" content=\"@canadamotorjobs\" \/>\n<meta name=\"twitter:site\" content=\"@canadamotorjobs\" \/>\n<meta name=\"twitter:label1\" content=\"\u00c9crit par\" \/>\n\t<meta name=\"twitter:data1\" content=\"Benoit Charette\" \/>\n\t<meta name=\"twitter:label2\" content=\"Estimation du temps de lecture\" \/>\n\t<meta name=\"twitter:data2\" content=\"4 minutes\" \/>\n<!-- \/ Yoast SEO plugin. -->","yoast_head_json":{"title":"60\u00a0ans de la Ford Mustang\u00a0: des passionn\u00e9s vont \u00e9tablir un nouveau record du monde au Qu\u00e9bec, cette fin de semaine - CanadaMotorJobs.com","description":"60\u00a0ans de la Ford Mustang\u00a0: des passionn\u00e9s vont \u00e9tablir un nouveau record du monde au Qu\u00e9bec, cette fin de semaine - Benoit Charette - Annuel automobile - CanadaMotorJobs.com.","robots":{"index":"index","follow":"follow","max-snippet":"max-snippet:-1","max-image-preview":"max-image-preview:large","max-video-preview":"max-video-preview:-1"},"og_locale":"fr_CA","og_type":"article","og_title":"60\u00a0ans de la Ford Mustang\u00a0: des passionn\u00e9s vont \u00e9tablir un nouveau record du monde au Qu\u00e9bec, cette fin de semaine - CanadaMotorJobs.com","og_description":"60\u00a0ans de la Ford Mustang\u00a0: des passionn\u00e9s vont \u00e9tablir un nouveau record du monde au Qu\u00e9bec, cette fin de semaine - Benoit Charette - Annuel automobile - CanadaMotorJobs.com.","og_url":"https:\/\/news.canadamotorjobs.com\/fr\/60-ans-de-la-ford-mustang-des-passionnes-vont-etablir-un-nouveau-record-du-monde-au-quebec-cette-fin-de-semaine\/","og_site_name":"CanadaMotorJobs.com","article_publisher":"https:\/\/www.facebook.com\/canadamotorjobs\/","article_published_time":"2024-05-03T15:26:55+00:00","article_modified_time":"2024-05-03T16:01:23+00:00","og_image":[{"width":1024,"height":683,"url":"https:\/\/news.canadamotorjobs.com\/wp-content\/uploads\/2024\/05\/60e-Ford-Mustang-Quebec_3.jpg","type":"image\/jpeg"}],"author":"Benoit Charette","twitter_card":"summary_large_image","twitter_creator":"@canadamotorjobs","twitter_site":"@canadamotorjobs","twitter_misc":{"\u00c9crit par":"Benoit Charette","Estimation du temps de lecture":"4 minutes"},"schema":{"@context":"https:\/\/schema.org","@graph":[{"@type":"Article","@id":"https:\/\/news.canadamotorjobs.com\/fr\/60-ans-de-la-ford-mustang-des-passionnes-vont-etablir-un-nouveau-record-du-monde-au-quebec-cette-fin-de-semaine\/#article","isPartOf":{"@id":"https:\/\/news.canadamotorjobs.com\/fr\/60-ans-de-la-ford-mustang-des-passionnes-vont-etablir-un-nouveau-record-du-monde-au-quebec-cette-fin-de-semaine\/"},"author":{"name":"Benoit Charette","@id":"https:\/\/news.canadamotorjobs.com\/#\/schema\/person\/51793d1f87d44011d7bcc2ed99269a90"},"headline":"60\u00a0ans de la Ford Mustang\u00a0: des passionn\u00e9s vont \u00e9tablir un nouveau record du monde au Qu\u00e9bec, cette fin de semaine","datePublished":"2024-05-03T15:26:55+00:00","dateModified":"2024-05-03T16:01:23+00:00","mainEntityOfPage":{"@id":"https:\/\/news.canadamotorjobs.com\/fr\/60-ans-de-la-ford-mustang-des-passionnes-vont-etablir-un-nouveau-record-du-monde-au-quebec-cette-fin-de-semaine\/"},"wordCount":894,"publisher":{"@id":"https:\/\/news.canadamotorjobs.com\/#organization"},"image":{"@id":"https:\/\/news.canadamotorjobs.com\/fr\/60-ans-de-la-ford-mustang-des-passionnes-vont-etablir-un-nouveau-record-du-monde-au-quebec-cette-fin-de-semaine\/#primaryimage"},"thumbnailUrl":"https:\/\/news.canadamotorjobs.com\/wp-content\/uploads\/2024\/05\/60e-Ford-Mustang-Quebec_3.jpg","articleSection":["Annuel automobile"],"inLanguage":"fr-CA"},{"@type":"WebPage","@id":"https:\/\/news.canadamotorjobs.com\/fr\/60-ans-de-la-ford-mustang-des-passionnes-vont-etablir-un-nouveau-record-du-monde-au-quebec-cette-fin-de-semaine\/","url":"https:\/\/news.canadamotorjobs.com\/fr\/60-ans-de-la-ford-mustang-des-passionnes-vont-etablir-un-nouveau-record-du-monde-au-quebec-cette-fin-de-semaine\/","name":"60\u00a0ans de la Ford Mustang\u00a0: des passionn\u00e9s vont \u00e9tablir un nouveau record du monde au Qu\u00e9bec, cette fin de semaine - CanadaMotorJobs.com","isPartOf":{"@id":"https:\/\/news.canadamotorjobs.com\/#website"},"primaryImageOfPage":{"@id":"https:\/\/news.canadamotorjobs.com\/fr\/60-ans-de-la-ford-mustang-des-passionnes-vont-etablir-un-nouveau-record-du-monde-au-quebec-cette-fin-de-semaine\/#primaryimage"},"image":{"@id":"https:\/\/news.canadamotorjobs.com\/fr\/60-ans-de-la-ford-mustang-des-passionnes-vont-etablir-un-nouveau-record-du-monde-au-quebec-cette-fin-de-semaine\/#primaryimage"},"thumbnailUrl":"https:\/\/news.canadamotorjobs.com\/wp-content\/uploads\/2024\/05\/60e-Ford-Mustang-Quebec_3.jpg","datePublished":"2024-05-03T15:26:55+00:00","dateModified":"2024-05-03T16:01:23+00:00","description":"60\u00a0ans de la Ford Mustang\u00a0: des passionn\u00e9s vont \u00e9tablir un nouveau record du monde au Qu\u00e9bec, cette fin de semaine - Benoit Charette - Annuel automobile - CanadaMotorJobs.com.","breadcrumb":{"@id":"https:\/\/news.canadamotorjobs.com\/fr\/60-ans-de-la-ford-mustang-des-passionnes-vont-etablir-un-nouveau-record-du-monde-au-quebec-cette-fin-de-semaine\/#breadcrumb"},"inLanguage":"fr-CA","potentialAction":[{"@type":"ReadAction","target":["https:\/\/news.canadamotorjobs.com\/fr\/60-ans-de-la-ford-mustang-des-passionnes-vont-etablir-un-nouveau-record-du-monde-au-quebec-cette-fin-de-semaine\/"]}]},{"@type":"ImageObject","inLanguage":"fr-CA","@id":"https:\/\/news.canadamotorjobs.com\/fr\/60-ans-de-la-ford-mustang-des-passionnes-vont-etablir-un-nouveau-record-du-monde-au-quebec-cette-fin-de-semaine\/#primaryimage","url":"https:\/\/news.canadamotorjobs.com\/wp-content\/uploads\/2024\/05\/60e-Ford-Mustang-Quebec_3.jpg","contentUrl":"https:\/\/news.canadamotorjobs.com\/wp-content\/uploads\/2024\/05\/60e-Ford-Mustang-Quebec_3.jpg","width":1024,"height":683},{"@type":"BreadcrumbList","@id":"https:\/\/news.canadamotorjobs.com\/fr\/60-ans-de-la-ford-mustang-des-passionnes-vont-etablir-un-nouveau-record-du-monde-au-quebec-cette-fin-de-semaine\/#breadcrumb","itemListElement":[{"@type":"ListItem","position":1,"name":"Home","item":"https:\/\/news.canadamotorjobs.com\/fr\/blog\/"},{"@type":"ListItem","position":2,"name":"60\u00a0ans de la Ford Mustang\u00a0: des passionn\u00e9s vont \u00e9tablir un nouveau record du monde au Qu\u00e9bec, cette fin de semaine"}]},{"@type":"WebSite","@id":"https:\/\/news.canadamotorjobs.com\/#website","url":"https:\/\/news.canadamotorjobs.com\/","name":"CanadaMotorJobs.com","description":"Automotive Jobs","publisher":{"@id":"https:\/\/news.canadamotorjobs.com\/#organization"},"potentialAction":[{"@type":"SearchAction","target":{"@type":"EntryPoint","urlTemplate":"https:\/\/news.canadamotorjobs.com\/?s={search_term_string}"},"query-input":"required name=search_term_string"}],"inLanguage":"fr-CA"},{"@type":"Organization","@id":"https:\/\/news.canadamotorjobs.com\/#organization","name":"Canada Motor Jobs","url":"https:\/\/news.canadamotorjobs.com\/","logo":{"@type":"ImageObject","inLanguage":"fr-CA","@id":"https:\/\/news.canadamotorjobs.com\/#\/schema\/logo\/image\/","url":"https:\/\/news.canadamotorjobs.com\/wp-content\/uploads\/2022\/10\/logo-canada-motor-jobs-1.png","contentUrl":"https:\/\/news.canadamotorjobs.com\/wp-content\/uploads\/2022\/10\/logo-canada-motor-jobs-1.png","width":800,"height":400,"caption":"Canada Motor Jobs"},"image":{"@id":"https:\/\/news.canadamotorjobs.com\/#\/schema\/logo\/image\/"},"sameAs":["https:\/\/www.facebook.com\/canadamotorjobs\/","https:\/\/x.com\/canadamotorjobs","https:\/\/www.instagram.com\/canadamotorjobs\/","https:\/\/www.linkedin.com\/company\/canadamotorjobs"]},{"@type":"Person","@id":"https:\/\/news.canadamotorjobs.com\/#\/schema\/person\/51793d1f87d44011d7bcc2ed99269a90","name":"Benoit Charette","image":{"@type":"ImageObject","inLanguage":"fr-CA","@id":"https:\/\/news.canadamotorjobs.com\/#\/schema\/person\/image\/","url":"https:\/\/secure.gravatar.com\/avatar\/45f3d2eebcccd909668d7ce7ea7267b6?s=96&d=mm&r=g","contentUrl":"https:\/\/secure.gravatar.com\/avatar\/45f3d2eebcccd909668d7ce7ea7267b6?s=96&d=mm&r=g","caption":"Benoit Charette"},"description":"Benoit Charette \/ Propri\u00e9taire et r\u00e9dacteur en chef Benoit Charette pratique le journalisme automobile depuis bient\u00f4t 30 ans. Il a fait ses classes au c\u00f4t\u00e9 de Daniel H\u00e9raud et au Carnet de route de 1992 \u00e0 2001. Il est fondateur, copropri\u00e9taire et r\u00e9dacteur en chef de L\u2019Annuel de l\u2019automobile, qu\u2019il publie depuis 2001. Il a anim\u00e9 les \u00e9missions RPM et RPM+ sur V et les L\u00e9gendes de la route sur Historia. \u00c0 la radio depuis 1986, il reprend l\u2019antenne cette ann\u00e9e sur les ondes de Cogeco et participe pour la deuxi\u00e8me ann\u00e9e \u00e0 l\u2019\u00e9mission Passion Auto sur RDS en plus de mettre en ligne le site Web officiel de L\u2019Annuel de l\u2019automobile sur annuelauto.ca.","sameAs":["https:\/\/annuelauto.ca\/"],"url":"https:\/\/news.canadamotorjobs.com\/fr\/author\/benoit-charette\/"}]}},"_links":{"self":[{"href":"https:\/\/news.canadamotorjobs.com\/fr\/wp-json\/wp\/v2\/posts\/164023"}],"collection":[{"href":"https:\/\/news.canadamotorjobs.com\/fr\/wp-json\/wp\/v2\/posts"}],"about":[{"href":"https:\/\/news.canadamotorjobs.com\/fr\/wp-json\/wp\/v2\/types\/post"}],"author":[{"embeddable":true,"href":"https:\/\/news.canadamotorjobs.com\/fr\/wp-json\/wp\/v2\/users\/8"}],"replies":[{"embeddable":true,"href":"https:\/\/news.canadamotorjobs.com\/fr\/wp-json\/wp\/v2\/comments?post=164023"}],"version-history":[{"count":3,"href":"https:\/\/news.canadamotorjobs.com\/fr\/wp-json\/wp\/v2\/posts\/164023\/revisions"}],"predecessor-version":[{"id":164046,"href":"https:\/\/news.canadamotorjobs.com\/fr\/wp-json\/wp\/v2\/posts\/164023\/revisions\/164046"}],"wp:featuredmedia":[{"embeddable":true,"href":"https:\/\/news.canadamotorjobs.com\/fr\/wp-json\/wp\/v2\/media\/164025"}],"wp:attachment":[{"href":"https:\/\/news.canadamotorjobs.com\/fr\/wp-json\/wp\/v2\/media?parent=164023"}],"wp:term":[{"taxonomy":"category","embeddable":true,"href":"https:\/\/news.canadamotorjobs.com\/fr\/wp-json\/wp\/v2\/categories?post=164023"},{"taxonomy":"post_tag","embeddable":true,"href":"https:\/\/news.canadamotorjobs.com\/fr\/wp-json\/wp\/v2\/tags?post=164023"}],"curies":[{"name":"wp","href":"https:\/\/api.w.org\/{rel}","templated":true}]}}