{"id":164004,"date":"2024-05-03T08:01:28","date_gmt":"2024-05-03T12:01:28","guid":{"rendered":"https:\/\/news.canadamotorjobs.com\/?p=164004"},"modified":"2024-05-03T08:16:01","modified_gmt":"2024-05-03T12:16:01","slug":"honda-devoile-la-nouvelle-prelude-hybride-avec-seulement-207-ch-et-une-transmission-cvt","status":"publish","type":"post","link":"https:\/\/news.canadamotorjobs.com\/fr\/honda-devoile-la-nouvelle-prelude-hybride-avec-seulement-207-ch-et-une-transmission-cvt\/","title":{"rendered":"Honda d\u00e9voile la nouvelle Pr\u00e9lude hybride avec seulement 207 ch et une transmission CVT"},"content":{"rendered":"<\/p>\n<p>Honda a r\u00e9cemment confirm\u00e9 le retour de la Pr\u00e9lude, avec une version hybride qui devrait produire seulement 207 chevaux et \u00eatre \u00e9quip\u00e9e d&#8217;une transmission \u00e0 variation continue (CVT). Bien que les sp\u00e9cifications exactes n&#8217;aient pas \u00e9t\u00e9 confirm\u00e9es pour tous les march\u00e9s et qu\u2019Honda n\u2019a pas encore confirm\u00e9e la pr\u00e9sence du mod\u00e8le au Canada, la nouvelle Pr\u00e9lude devrait \u00eatre similaire en taille \u00e0 des mod\u00e8les comme la Toyota GR 86 et la Subaru BRZ. Avec les roues motrices avant et un prix estim\u00e9 entre 40 et 45\u00a0000 $, la Pr\u00e9lude promet d&#8217;offrir une exp\u00e9rience de conduite distinctive dans sa cat\u00e9gorie.<\/p>\n<h3><strong>Honda annonce le retour du Pr\u00e9lude<\/strong><\/h3>\n<p>\nLa Pr\u00e9lude sera aliment\u00e9 par le m\u00eame moteur hybride e-HEV \u00e0 quatre cylindres que la Civic et l&#8217;Accord.<\/p>\n<h3><strong>Sp\u00e9cifications attendues<\/strong><\/h3>\n<p>\nLa Pr\u00e9lude devrait \u00eatre similaire en taille \u00e0 la Toyota GR 86 et la Subaru BRZ.<\/p>\n<p><strong>Conception et performance<\/strong><\/p>\n<p>Comme les meilleures voitures de performance de Honda actuellement en production, la Pr\u00e9lude sera \u00e0 roues motrices avant.<\/p>\n<h3><strong>Puissance et transmission<\/strong><\/h3>\n<p>\nMalgr\u00e9 une taille similaire \u00e0 ses concurrentes, la Pr\u00e9lude offrira 207 chevaux avec une transmission CVT \u00e9lectrique.<\/p>\n<h3><strong>Prix et disponibilit\u00e9<\/strong><\/h3>\n<p>\nLe prix de la Pr\u00e9lude est estim\u00e9 entre 4,2 et 4,5 millions de yens, soit environ 37\u00a0000 \u00e0 40\u00a0000 $.<\/p>\n<p>L\u2019arriv\u00e9 de la prochaine Honda Pr\u00e9lude est pr\u00e9vue pour l\u2019ann\u00e9e mod\u00e8le 2026<\/p>\n<p>Avec des renseignements de Carscoops<\/p>\n<p>Le texte <a rel=\"nofollow\" href=\"https:\/\/annuelauto.ca\/honda-devoile-la-nouvelle-prelude-hybride-avec-seulement-207-ch-et-une-transmission-cvt\/\">Honda d\u00e9voile la nouvelle Pr\u00e9lude hybride avec seulement 207 ch et une transmission CVT<\/a> provient de <a rel=\"nofollow\" href=\"https:\/\/annuelauto.ca\">L&#8217;annuel de l&#8217;automobile &#8211; Actualit\u00e9 automobile<\/a><\/p>\n<p><\/p>\n","protected":false},"excerpt":{"rendered":"<p>Honda a r\u00e9cemment confirm\u00e9 le retour de la Pr\u00e9lude, avec une version hybride qui devrait produire seulement 207 chevaux et \u00eatre \u00e9quip\u00e9e d&#8217;une transmission \u00e0 variation continue (CVT). Bien que les sp\u00e9cifications exactes n&#8217;aient pas \u00e9t\u00e9 confirm\u00e9es pour tous les march\u00e9s et qu\u2019Honda n\u2019a pas encore confirm\u00e9e la pr\u00e9sence du mod\u00e8le au Canada, la nouvelle [&hellip;]<\/p>\n","protected":false},"author":8,"featured_media":164006,"comment_status":"close","ping_status":"closed","sticky":false,"template":"","format":"standard","meta":{"_monsterinsights_skip_tracking":false,"_monsterinsights_sitenote_active":false,"_monsterinsights_sitenote_note":"","_monsterinsights_sitenote_category":0,"footnotes":""},"categories":[101],"tags":[],"yoast_head":"<!-- This site is optimized with the Yoast SEO plugin v23.2 - https:\/\/yoast.com\/wordpress\/plugins\/seo\/ -->\n<title>Honda d\u00e9voile la nouvelle Pr\u00e9lude hybride avec seulement 207 ch et une transmission CVT - CanadaMotorJobs.com<\/title>\n<meta name=\"description\" content=\"Honda d\u00e9voile la nouvelle Pr\u00e9lude hybride avec seulement 207 ch et une transmission CVT - Benoit Charette - Annuel automobile - CanadaMotorJobs.com.\" \/>\n<meta name=\"robots\" content=\"index, follow, max-snippet:-1, max-image-preview:large, max-video-preview:-1\" \/>\n<meta property=\"og:locale\" content=\"fr_CA\" \/>\n<meta property=\"og:type\" content=\"article\" \/>\n<meta property=\"og:title\" content=\"Honda d\u00e9voile la nouvelle Pr\u00e9lude hybride avec seulement 207 ch et une transmission CVT - CanadaMotorJobs.com\" \/>\n<meta property=\"og:description\" content=\"Honda d\u00e9voile la nouvelle Pr\u00e9lude hybride avec seulement 207 ch et une transmission CVT - Benoit Charette - Annuel automobile - CanadaMotorJobs.com.\" \/>\n<meta property=\"og:url\" content=\"https:\/\/news.canadamotorjobs.com\/fr\/honda-devoile-la-nouvelle-prelude-hybride-avec-seulement-207-ch-et-une-transmission-cvt\/\" \/>\n<meta property=\"og:site_name\" content=\"CanadaMotorJobs.com\" \/>\n<meta property=\"article:publisher\" content=\"https:\/\/www.facebook.com\/canadamotorjobs\/\" \/>\n<meta property=\"article:published_time\" content=\"2024-05-03T12:01:28+00:00\" \/>\n<meta property=\"article:modified_time\" content=\"2024-05-03T12:16:01+00:00\" \/>\n<meta property=\"og:image\" content=\"https:\/\/news.canadamotorjobs.com\/wp-content\/uploads\/2024\/05\/prelude-01_i.jpg\" \/>\n\t<meta property=\"og:image:width\" content=\"792\" \/>\n\t<meta property=\"og:image:height\" content=\"488\" \/>\n\t<meta property=\"og:image:type\" content=\"image\/jpeg\" \/>\n<meta name=\"author\" content=\"Benoit Charette\" \/>\n<meta name=\"twitter:card\" content=\"summary_large_image\" \/>\n<meta name=\"twitter:creator\" content=\"@canadamotorjobs\" \/>\n<meta name=\"twitter:site\" content=\"@canadamotorjobs\" \/>\n<meta name=\"twitter:label1\" content=\"\u00c9crit par\" \/>\n\t<meta name=\"twitter:data1\" content=\"Benoit Charette\" \/>\n\t<meta name=\"twitter:label2\" content=\"Estimation du temps de lecture\" \/>\n\t<meta name=\"twitter:data2\" content=\"1 minute\" \/>\n<!-- \/ Yoast SEO plugin. -->","yoast_head_json":{"title":"Honda d\u00e9voile la nouvelle Pr\u00e9lude hybride avec seulement 207 ch et une transmission CVT - CanadaMotorJobs.com","description":"Honda d\u00e9voile la nouvelle Pr\u00e9lude hybride avec seulement 207 ch et une transmission CVT - Benoit Charette - Annuel automobile - CanadaMotorJobs.com.","robots":{"index":"index","follow":"follow","max-snippet":"max-snippet:-1","max-image-preview":"max-image-preview:large","max-video-preview":"max-video-preview:-1"},"og_locale":"fr_CA","og_type":"article","og_title":"Honda d\u00e9voile la nouvelle Pr\u00e9lude hybride avec seulement 207 ch et une transmission CVT - CanadaMotorJobs.com","og_description":"Honda d\u00e9voile la nouvelle Pr\u00e9lude hybride avec seulement 207 ch et une transmission CVT - Benoit Charette - Annuel automobile - CanadaMotorJobs.com.","og_url":"https:\/\/news.canadamotorjobs.com\/fr\/honda-devoile-la-nouvelle-prelude-hybride-avec-seulement-207-ch-et-une-transmission-cvt\/","og_site_name":"CanadaMotorJobs.com","article_publisher":"https:\/\/www.facebook.com\/canadamotorjobs\/","article_published_time":"2024-05-03T12:01:28+00:00","article_modified_time":"2024-05-03T12:16:01+00:00","og_image":[{"width":792,"height":488,"url":"https:\/\/news.canadamotorjobs.com\/wp-content\/uploads\/2024\/05\/prelude-01_i.jpg","type":"image\/jpeg"}],"author":"Benoit Charette","twitter_card":"summary_large_image","twitter_creator":"@canadamotorjobs","twitter_site":"@canadamotorjobs","twitter_misc":{"\u00c9crit par":"Benoit Charette","Estimation du temps de lecture":"1 minute"},"schema":{"@context":"https:\/\/schema.org","@graph":[{"@type":"Article","@id":"https:\/\/news.canadamotorjobs.com\/fr\/honda-devoile-la-nouvelle-prelude-hybride-avec-seulement-207-ch-et-une-transmission-cvt\/#article","isPartOf":{"@id":"https:\/\/news.canadamotorjobs.com\/fr\/honda-devoile-la-nouvelle-prelude-hybride-avec-seulement-207-ch-et-une-transmission-cvt\/"},"author":{"name":"Benoit Charette","@id":"https:\/\/news.canadamotorjobs.com\/#\/schema\/person\/51793d1f87d44011d7bcc2ed99269a90"},"headline":"Honda d\u00e9voile la nouvelle Pr\u00e9lude hybride avec seulement 207 ch et une transmission CVT","datePublished":"2024-05-03T12:01:28+00:00","dateModified":"2024-05-03T12:16:01+00:00","mainEntityOfPage":{"@id":"https:\/\/news.canadamotorjobs.com\/fr\/honda-devoile-la-nouvelle-prelude-hybride-avec-seulement-207-ch-et-une-transmission-cvt\/"},"wordCount":277,"publisher":{"@id":"https:\/\/news.canadamotorjobs.com\/#organization"},"image":{"@id":"https:\/\/news.canadamotorjobs.com\/fr\/honda-devoile-la-nouvelle-prelude-hybride-avec-seulement-207-ch-et-une-transmission-cvt\/#primaryimage"},"thumbnailUrl":"https:\/\/news.canadamotorjobs.com\/wp-content\/uploads\/2024\/05\/prelude-01_i.jpg","articleSection":["Annuel automobile"],"inLanguage":"fr-CA"},{"@type":"WebPage","@id":"https:\/\/news.canadamotorjobs.com\/fr\/honda-devoile-la-nouvelle-prelude-hybride-avec-seulement-207-ch-et-une-transmission-cvt\/","url":"https:\/\/news.canadamotorjobs.com\/fr\/honda-devoile-la-nouvelle-prelude-hybride-avec-seulement-207-ch-et-une-transmission-cvt\/","name":"Honda d\u00e9voile la nouvelle Pr\u00e9lude hybride avec seulement 207 ch et une transmission CVT - CanadaMotorJobs.com","isPartOf":{"@id":"https:\/\/news.canadamotorjobs.com\/#website"},"primaryImageOfPage":{"@id":"https:\/\/news.canadamotorjobs.com\/fr\/honda-devoile-la-nouvelle-prelude-hybride-avec-seulement-207-ch-et-une-transmission-cvt\/#primaryimage"},"image":{"@id":"https:\/\/news.canadamotorjobs.com\/fr\/honda-devoile-la-nouvelle-prelude-hybride-avec-seulement-207-ch-et-une-transmission-cvt\/#primaryimage"},"thumbnailUrl":"https:\/\/news.canadamotorjobs.com\/wp-content\/uploads\/2024\/05\/prelude-01_i.jpg","datePublished":"2024-05-03T12:01:28+00:00","dateModified":"2024-05-03T12:16:01+00:00","description":"Honda d\u00e9voile la nouvelle Pr\u00e9lude hybride avec seulement 207 ch et une transmission CVT - Benoit Charette - Annuel automobile - CanadaMotorJobs.com.","breadcrumb":{"@id":"https:\/\/news.canadamotorjobs.com\/fr\/honda-devoile-la-nouvelle-prelude-hybride-avec-seulement-207-ch-et-une-transmission-cvt\/#breadcrumb"},"inLanguage":"fr-CA","potentialAction":[{"@type":"ReadAction","target":["https:\/\/news.canadamotorjobs.com\/fr\/honda-devoile-la-nouvelle-prelude-hybride-avec-seulement-207-ch-et-une-transmission-cvt\/"]}]},{"@type":"ImageObject","inLanguage":"fr-CA","@id":"https:\/\/news.canadamotorjobs.com\/fr\/honda-devoile-la-nouvelle-prelude-hybride-avec-seulement-207-ch-et-une-transmission-cvt\/#primaryimage","url":"https:\/\/news.canadamotorjobs.com\/wp-content\/uploads\/2024\/05\/prelude-01_i.jpg","contentUrl":"https:\/\/news.canadamotorjobs.com\/wp-content\/uploads\/2024\/05\/prelude-01_i.jpg","width":792,"height":488},{"@type":"BreadcrumbList","@id":"https:\/\/news.canadamotorjobs.com\/fr\/honda-devoile-la-nouvelle-prelude-hybride-avec-seulement-207-ch-et-une-transmission-cvt\/#breadcrumb","itemListElement":[{"@type":"ListItem","position":1,"name":"Home","item":"https:\/\/news.canadamotorjobs.com\/fr\/blog\/"},{"@type":"ListItem","position":2,"name":"Honda d\u00e9voile la nouvelle Pr\u00e9lude hybride avec seulement 207 ch et une transmission CVT"}]},{"@type":"WebSite","@id":"https:\/\/news.canadamotorjobs.com\/#website","url":"https:\/\/news.canadamotorjobs.com\/","name":"CanadaMotorJobs.com","description":"Automotive Jobs","publisher":{"@id":"https:\/\/news.canadamotorjobs.com\/#organization"},"potentialAction":[{"@type":"SearchAction","target":{"@type":"EntryPoint","urlTemplate":"https:\/\/news.canadamotorjobs.com\/?s={search_term_string}"},"query-input":"required name=search_term_string"}],"inLanguage":"fr-CA"},{"@type":"Organization","@id":"https:\/\/news.canadamotorjobs.com\/#organization","name":"Canada Motor Jobs","url":"https:\/\/news.canadamotorjobs.com\/","logo":{"@type":"ImageObject","inLanguage":"fr-CA","@id":"https:\/\/news.canadamotorjobs.com\/#\/schema\/logo\/image\/","url":"https:\/\/news.canadamotorjobs.com\/wp-content\/uploads\/2022\/10\/logo-canada-motor-jobs-1.png","contentUrl":"https:\/\/news.canadamotorjobs.com\/wp-content\/uploads\/2022\/10\/logo-canada-motor-jobs-1.png","width":800,"height":400,"caption":"Canada Motor Jobs"},"image":{"@id":"https:\/\/news.canadamotorjobs.com\/#\/schema\/logo\/image\/"},"sameAs":["https:\/\/www.facebook.com\/canadamotorjobs\/","https:\/\/x.com\/canadamotorjobs","https:\/\/www.instagram.com\/canadamotorjobs\/","https:\/\/www.linkedin.com\/company\/canadamotorjobs"]},{"@type":"Person","@id":"https:\/\/news.canadamotorjobs.com\/#\/schema\/person\/51793d1f87d44011d7bcc2ed99269a90","name":"Benoit Charette","image":{"@type":"ImageObject","inLanguage":"fr-CA","@id":"https:\/\/news.canadamotorjobs.com\/#\/schema\/person\/image\/","url":"https:\/\/secure.gravatar.com\/avatar\/45f3d2eebcccd909668d7ce7ea7267b6?s=96&d=mm&r=g","contentUrl":"https:\/\/secure.gravatar.com\/avatar\/45f3d2eebcccd909668d7ce7ea7267b6?s=96&d=mm&r=g","caption":"Benoit Charette"},"description":"Benoit Charette \/ Propri\u00e9taire et r\u00e9dacteur en chef Benoit Charette pratique le journalisme automobile depuis bient\u00f4t 30 ans. Il a fait ses classes au c\u00f4t\u00e9 de Daniel H\u00e9raud et au Carnet de route de 1992 \u00e0 2001. Il est fondateur, copropri\u00e9taire et r\u00e9dacteur en chef de L\u2019Annuel de l\u2019automobile, qu\u2019il publie depuis 2001. Il a anim\u00e9 les \u00e9missions RPM et RPM+ sur V et les L\u00e9gendes de la route sur Historia. \u00c0 la radio depuis 1986, il reprend l\u2019antenne cette ann\u00e9e sur les ondes de Cogeco et participe pour la deuxi\u00e8me ann\u00e9e \u00e0 l\u2019\u00e9mission Passion Auto sur RDS en plus de mettre en ligne le site Web officiel de L\u2019Annuel de l\u2019automobile sur annuelauto.ca.","sameAs":["https:\/\/annuelauto.ca\/"],"url":"https:\/\/news.canadamotorjobs.com\/fr\/author\/benoit-charette\/"}]}},"_links":{"self":[{"href":"https:\/\/news.canadamotorjobs.com\/fr\/wp-json\/wp\/v2\/posts\/164004"}],"collection":[{"href":"https:\/\/news.canadamotorjobs.com\/fr\/wp-json\/wp\/v2\/posts"}],"about":[{"href":"https:\/\/news.canadamotorjobs.com\/fr\/wp-json\/wp\/v2\/types\/post"}],"author":[{"embeddable":true,"href":"https:\/\/news.canadamotorjobs.com\/fr\/wp-json\/wp\/v2\/users\/8"}],"replies":[{"embeddable":true,"href":"https:\/\/news.canadamotorjobs.com\/fr\/wp-json\/wp\/v2\/comments?post=164004"}],"version-history":[{"count":2,"href":"https:\/\/news.canadamotorjobs.com\/fr\/wp-json\/wp\/v2\/posts\/164004\/revisions"}],"predecessor-version":[{"id":164008,"href":"https:\/\/news.canadamotorjobs.com\/fr\/wp-json\/wp\/v2\/posts\/164004\/revisions\/164008"}],"wp:featuredmedia":[{"embeddable":true,"href":"https:\/\/news.canadamotorjobs.com\/fr\/wp-json\/wp\/v2\/media\/164006"}],"wp:attachment":[{"href":"https:\/\/news.canadamotorjobs.com\/fr\/wp-json\/wp\/v2\/media?parent=164004"}],"wp:term":[{"taxonomy":"category","embeddable":true,"href":"https:\/\/news.canadamotorjobs.com\/fr\/wp-json\/wp\/v2\/categories?post=164004"},{"taxonomy":"post_tag","embeddable":true,"href":"https:\/\/news.canadamotorjobs.com\/fr\/wp-json\/wp\/v2\/tags?post=164004"}],"curies":[{"name":"wp","href":"https:\/\/api.w.org\/{rel}","templated":true}]}}