{"id":163985,"date":"2024-05-03T07:30:25","date_gmt":"2024-05-03T11:30:25","guid":{"rendered":"https:\/\/news.canadamotorjobs.com\/?p=163985"},"modified":"2024-05-03T07:43:44","modified_gmt":"2024-05-03T11:43:44","slug":"un-logiciel-qui-reduit-les-temps-de-charge-des-vehicules-electriques-sans-endommager-les-batteries","status":"publish","type":"post","link":"https:\/\/news.canadamotorjobs.com\/fr\/un-logiciel-qui-reduit-les-temps-de-charge-des-vehicules-electriques-sans-endommager-les-batteries\/","title":{"rendered":"Un logiciel qui r\u00e9duit les temps de charge des v\u00e9hicules \u00e9lectriques sans endommager les batteries"},"content":{"rendered":"<\/p>\n<p>Volvo s&#8217;associe \u00e0 une entreprise sp\u00e9cialis\u00e9e dans les batteries pour cr\u00e9er une technologie adaptative qui contr\u00f4le en temps r\u00e9el les conditions de la batterie permettant d&#8217;am\u00e9liorer l&#8217;autonomie.<\/p>\n<h3>Comment \u00e7a marche<\/h3>\n<p>\nIl s\u2019agit de l\u2019utilisation intelligente d&#8217;algorithmes logiciels pour tirer significativement plus d&#8217;autonomie des voitures \u00e9lectriques. Volvo s&#8217;est associ\u00e9 \u00e0 Breathe Battery Technologies et est devenu le premier constructeur automobile \u00e0 utiliser le dispositif Breathe Charge de la soci\u00e9t\u00e9, qui adopte une approche diff\u00e9rente pour alimenter la batterie afin d&#8217;acc\u00e9l\u00e9rer la charge.<\/p>\n<h3>Une am\u00e9lioration du temps de charge de 33 %<\/h3>\n<p>\nVolvo affirme s&#8217;attendre \u00e0 ce que Breathe Charge r\u00e9duise le temps n\u00e9cessaire pour charger rapidement ses nouveaux v\u00e9hicules \u00e9lectriques de 10 % \u00e0 80 % de pr\u00e8s d&#8217;un tiers. Cela d\u00e9pend du type de batterie, pr\u00e9cise Volvo, et les tests ont indiqu\u00e9 des am\u00e9liorations de 15 % \u00e0 30 %. Quoi qu&#8217;il en soit, l&#8217;am\u00e9lioration est significative par rapport aux techniques de charge existantes.<\/p>\n<h3>Travailler en temps r\u00e9el<\/h3>\n<p>\nAlors que la charge traditionnelle est effectu\u00e9e de mani\u00e8re \u00e9tag\u00e9e selon un ensemble de r\u00e8gles, le logiciel de Breathe adopte une approche adaptative pour contr\u00f4ler la batterie en temps r\u00e9el sans poser de menace pour le bien-\u00eatre d&#8217;une batterie individuelle. Les algorithmes qu&#8217;il utilise tiennent compte de la sant\u00e9 de la batterie en temps r\u00e9el pour \u00e9viter le risque de charge de la batterie via le plaquage de lithium des \u00e9lectrodes n\u00e9gatives (anodes) de la batterie.<\/p>\n<h3>Un proc\u00e9d\u00e9 diff\u00e9rent<\/h3>\n<p>\nCe qui devrait se produire pendant la charge, c&#8217;est que les ions lithium s&#8217;ins\u00e8rent dans le mat\u00e9riau de l&#8217;anode, qui est g\u00e9n\u00e9ralement \u00e0 base de graphite dans une batterie lithium-ion. Pendant la d\u00e9charge, ils sont lib\u00e9r\u00e9s par les anodes et absorb\u00e9s par les cathodes (\u00e9lectrodes positives). Le processus alterne lorsque la batterie est charg\u00e9e et d\u00e9charg\u00e9e.<\/p>\n<h3>Une m\u00e9thode adaptative<\/h3>\n<p>\nSi trop de puissance est utilis\u00e9e pendant la charge ou si la temp\u00e9rature est trop basse pour la puissance utilis\u00e9e, les ions lithium peuvent former un plaquage m\u00e9tallique \u00e0 la surface des anodes, r\u00e9duisant la capacit\u00e9 de la batterie et augmentant la r\u00e9sistance \u00e9lectrique interne. Cela affecte les performances d&#8217;un v\u00e9hicule \u00e9lectrique et, peut-\u00eatre pire encore, acc\u00e9l\u00e8re le processus de vieillissement de la batterie. Une cons\u00e9quence encore moins attrayante du plaquage de lithium est la formation de dendrites, qui ressemblent aux racines d&#8217;une plante. Les dendrites peuvent se d\u00e9velopper et finalement p\u00e9n\u00e9trer le s\u00e9parateur entre l&#8217;anode et la cathode, annon\u00e7ant la fin de la batterie.<\/p>\n<h3>Plus s\u00e9curitaire<\/h3>\n<p>\nPouvoir appliquer un logiciel intelligent au processus de charge signifie que les batteries peuvent \u00eatre charg\u00e9es en toute s\u00e9curit\u00e9 aussi rapidement que possible sans que le processus ne devienne un jeu de devinettes. Le logiciel a toujours \u00e9t\u00e9 important dans les batteries lithium-ion haute tension, qui ont toutes des syst\u00e8mes de gestion de batterie int\u00e9gr\u00e9s. Mais \u00e0 mesure que la recherche se poursuit, l&#8217;utilisation de logiciels pourrait devenir au moins aussi importante dans le d\u00e9veloppement des batteries que l&#8217;\u00e9volution de la chimie des batteries.<\/p>\n<p>\u00a0<\/p>\n<p>Avec des renseignements d\u2019autocar<\/p>\n<p>\u00a0<\/p>\n<p>Le texte <a rel=\"nofollow\" href=\"https:\/\/annuelauto.ca\/un-logiciel-qui-reduit-les-temps-de-charge-des-vehicules-electriques-sans-endommager-les-batteries\/\">Un logiciel qui r\u00e9duit les temps de charge des v\u00e9hicules \u00e9lectriques sans endommager les batteries<\/a> provient de <a rel=\"nofollow\" href=\"https:\/\/annuelauto.ca\">L&#8217;annuel de l&#8217;automobile &#8211; Actualit\u00e9 automobile<\/a><\/p>\n<p><\/p>\n","protected":false},"excerpt":{"rendered":"<p>Volvo s&#8217;associe \u00e0 une entreprise sp\u00e9cialis\u00e9e dans les batteries pour cr\u00e9er une technologie adaptative qui contr\u00f4le en temps r\u00e9el les conditions de la batterie permettant d&#8217;am\u00e9liorer l&#8217;autonomie. Comment \u00e7a marche Il s\u2019agit de l\u2019utilisation intelligente d&#8217;algorithmes logiciels pour tirer significativement plus d&#8217;autonomie des voitures \u00e9lectriques. Volvo s&#8217;est associ\u00e9 \u00e0 Breathe Battery Technologies et est devenu [&hellip;]<\/p>\n","protected":false},"author":8,"featured_media":163987,"comment_status":"close","ping_status":"closed","sticky":false,"template":"","format":"standard","meta":{"_monsterinsights_skip_tracking":false,"_monsterinsights_sitenote_active":false,"_monsterinsights_sitenote_note":"","_monsterinsights_sitenote_category":0,"footnotes":""},"categories":[101],"tags":[],"yoast_head":"<!-- This site is optimized with the Yoast SEO plugin v23.2 - https:\/\/yoast.com\/wordpress\/plugins\/seo\/ -->\n<title>Un logiciel qui r\u00e9duit les temps de charge des v\u00e9hicules \u00e9lectriques sans endommager les batteries - CanadaMotorJobs.com<\/title>\n<meta name=\"description\" content=\"Un logiciel qui r\u00e9duit les temps de charge des v\u00e9hicules \u00e9lectriques sans endommager les batteries - Benoit Charette - Annuel automobile - CanadaMotorJobs.com.\" \/>\n<meta name=\"robots\" content=\"index, follow, max-snippet:-1, max-image-preview:large, max-video-preview:-1\" \/>\n<meta property=\"og:locale\" content=\"fr_CA\" \/>\n<meta property=\"og:type\" content=\"article\" \/>\n<meta property=\"og:title\" content=\"Un logiciel qui r\u00e9duit les temps de charge des v\u00e9hicules \u00e9lectriques sans endommager les batteries - CanadaMotorJobs.com\" \/>\n<meta property=\"og:description\" content=\"Un logiciel qui r\u00e9duit les temps de charge des v\u00e9hicules \u00e9lectriques sans endommager les batteries - Benoit Charette - Annuel automobile - CanadaMotorJobs.com.\" \/>\n<meta property=\"og:url\" content=\"https:\/\/news.canadamotorjobs.com\/fr\/un-logiciel-qui-reduit-les-temps-de-charge-des-vehicules-electriques-sans-endommager-les-batteries\/\" \/>\n<meta property=\"og:site_name\" content=\"CanadaMotorJobs.com\" \/>\n<meta property=\"article:publisher\" content=\"https:\/\/www.facebook.com\/canadamotorjobs\/\" \/>\n<meta property=\"article:published_time\" content=\"2024-05-03T11:30:25+00:00\" \/>\n<meta property=\"article:modified_time\" content=\"2024-05-03T11:43:44+00:00\" \/>\n<meta property=\"og:image\" content=\"https:\/\/news.canadamotorjobs.com\/wp-content\/uploads\/2024\/05\/Volvo-Breathe-1400-1000x500-1.jpg\" \/>\n\t<meta property=\"og:image:width\" content=\"1000\" \/>\n\t<meta property=\"og:image:height\" content=\"500\" \/>\n\t<meta property=\"og:image:type\" content=\"image\/jpeg\" \/>\n<meta name=\"author\" content=\"Benoit Charette\" \/>\n<meta name=\"twitter:card\" content=\"summary_large_image\" \/>\n<meta name=\"twitter:creator\" content=\"@canadamotorjobs\" \/>\n<meta name=\"twitter:site\" content=\"@canadamotorjobs\" \/>\n<meta name=\"twitter:label1\" content=\"\u00c9crit par\" \/>\n\t<meta name=\"twitter:data1\" content=\"Benoit Charette\" \/>\n\t<meta name=\"twitter:label2\" content=\"Estimation du temps de lecture\" \/>\n\t<meta name=\"twitter:data2\" content=\"3 minutes\" \/>\n<!-- \/ Yoast SEO plugin. -->","yoast_head_json":{"title":"Un logiciel qui r\u00e9duit les temps de charge des v\u00e9hicules \u00e9lectriques sans endommager les batteries - CanadaMotorJobs.com","description":"Un logiciel qui r\u00e9duit les temps de charge des v\u00e9hicules \u00e9lectriques sans endommager les batteries - Benoit Charette - Annuel automobile - CanadaMotorJobs.com.","robots":{"index":"index","follow":"follow","max-snippet":"max-snippet:-1","max-image-preview":"max-image-preview:large","max-video-preview":"max-video-preview:-1"},"og_locale":"fr_CA","og_type":"article","og_title":"Un logiciel qui r\u00e9duit les temps de charge des v\u00e9hicules \u00e9lectriques sans endommager les batteries - CanadaMotorJobs.com","og_description":"Un logiciel qui r\u00e9duit les temps de charge des v\u00e9hicules \u00e9lectriques sans endommager les batteries - Benoit Charette - Annuel automobile - CanadaMotorJobs.com.","og_url":"https:\/\/news.canadamotorjobs.com\/fr\/un-logiciel-qui-reduit-les-temps-de-charge-des-vehicules-electriques-sans-endommager-les-batteries\/","og_site_name":"CanadaMotorJobs.com","article_publisher":"https:\/\/www.facebook.com\/canadamotorjobs\/","article_published_time":"2024-05-03T11:30:25+00:00","article_modified_time":"2024-05-03T11:43:44+00:00","og_image":[{"width":1000,"height":500,"url":"https:\/\/news.canadamotorjobs.com\/wp-content\/uploads\/2024\/05\/Volvo-Breathe-1400-1000x500-1.jpg","type":"image\/jpeg"}],"author":"Benoit Charette","twitter_card":"summary_large_image","twitter_creator":"@canadamotorjobs","twitter_site":"@canadamotorjobs","twitter_misc":{"\u00c9crit par":"Benoit Charette","Estimation du temps de lecture":"3 minutes"},"schema":{"@context":"https:\/\/schema.org","@graph":[{"@type":"Article","@id":"https:\/\/news.canadamotorjobs.com\/fr\/un-logiciel-qui-reduit-les-temps-de-charge-des-vehicules-electriques-sans-endommager-les-batteries\/#article","isPartOf":{"@id":"https:\/\/news.canadamotorjobs.com\/fr\/un-logiciel-qui-reduit-les-temps-de-charge-des-vehicules-electriques-sans-endommager-les-batteries\/"},"author":{"name":"Benoit Charette","@id":"https:\/\/news.canadamotorjobs.com\/#\/schema\/person\/51793d1f87d44011d7bcc2ed99269a90"},"headline":"Un logiciel qui r\u00e9duit les temps de charge des v\u00e9hicules \u00e9lectriques sans endommager les batteries","datePublished":"2024-05-03T11:30:25+00:00","dateModified":"2024-05-03T11:43:44+00:00","mainEntityOfPage":{"@id":"https:\/\/news.canadamotorjobs.com\/fr\/un-logiciel-qui-reduit-les-temps-de-charge-des-vehicules-electriques-sans-endommager-les-batteries\/"},"wordCount":608,"publisher":{"@id":"https:\/\/news.canadamotorjobs.com\/#organization"},"image":{"@id":"https:\/\/news.canadamotorjobs.com\/fr\/un-logiciel-qui-reduit-les-temps-de-charge-des-vehicules-electriques-sans-endommager-les-batteries\/#primaryimage"},"thumbnailUrl":"https:\/\/news.canadamotorjobs.com\/wp-content\/uploads\/2024\/05\/Volvo-Breathe-1400-1000x500-1.jpg","articleSection":["Annuel automobile"],"inLanguage":"fr-CA"},{"@type":"WebPage","@id":"https:\/\/news.canadamotorjobs.com\/fr\/un-logiciel-qui-reduit-les-temps-de-charge-des-vehicules-electriques-sans-endommager-les-batteries\/","url":"https:\/\/news.canadamotorjobs.com\/fr\/un-logiciel-qui-reduit-les-temps-de-charge-des-vehicules-electriques-sans-endommager-les-batteries\/","name":"Un logiciel qui r\u00e9duit les temps de charge des v\u00e9hicules \u00e9lectriques sans endommager les batteries - CanadaMotorJobs.com","isPartOf":{"@id":"https:\/\/news.canadamotorjobs.com\/#website"},"primaryImageOfPage":{"@id":"https:\/\/news.canadamotorjobs.com\/fr\/un-logiciel-qui-reduit-les-temps-de-charge-des-vehicules-electriques-sans-endommager-les-batteries\/#primaryimage"},"image":{"@id":"https:\/\/news.canadamotorjobs.com\/fr\/un-logiciel-qui-reduit-les-temps-de-charge-des-vehicules-electriques-sans-endommager-les-batteries\/#primaryimage"},"thumbnailUrl":"https:\/\/news.canadamotorjobs.com\/wp-content\/uploads\/2024\/05\/Volvo-Breathe-1400-1000x500-1.jpg","datePublished":"2024-05-03T11:30:25+00:00","dateModified":"2024-05-03T11:43:44+00:00","description":"Un logiciel qui r\u00e9duit les temps de charge des v\u00e9hicules \u00e9lectriques sans endommager les batteries - Benoit Charette - Annuel automobile - CanadaMotorJobs.com.","breadcrumb":{"@id":"https:\/\/news.canadamotorjobs.com\/fr\/un-logiciel-qui-reduit-les-temps-de-charge-des-vehicules-electriques-sans-endommager-les-batteries\/#breadcrumb"},"inLanguage":"fr-CA","potentialAction":[{"@type":"ReadAction","target":["https:\/\/news.canadamotorjobs.com\/fr\/un-logiciel-qui-reduit-les-temps-de-charge-des-vehicules-electriques-sans-endommager-les-batteries\/"]}]},{"@type":"ImageObject","inLanguage":"fr-CA","@id":"https:\/\/news.canadamotorjobs.com\/fr\/un-logiciel-qui-reduit-les-temps-de-charge-des-vehicules-electriques-sans-endommager-les-batteries\/#primaryimage","url":"https:\/\/news.canadamotorjobs.com\/wp-content\/uploads\/2024\/05\/Volvo-Breathe-1400-1000x500-1.jpg","contentUrl":"https:\/\/news.canadamotorjobs.com\/wp-content\/uploads\/2024\/05\/Volvo-Breathe-1400-1000x500-1.jpg","width":1000,"height":500},{"@type":"BreadcrumbList","@id":"https:\/\/news.canadamotorjobs.com\/fr\/un-logiciel-qui-reduit-les-temps-de-charge-des-vehicules-electriques-sans-endommager-les-batteries\/#breadcrumb","itemListElement":[{"@type":"ListItem","position":1,"name":"Home","item":"https:\/\/news.canadamotorjobs.com\/fr\/blog\/"},{"@type":"ListItem","position":2,"name":"Un logiciel qui r\u00e9duit les temps de charge des v\u00e9hicules \u00e9lectriques sans endommager les batteries"}]},{"@type":"WebSite","@id":"https:\/\/news.canadamotorjobs.com\/#website","url":"https:\/\/news.canadamotorjobs.com\/","name":"CanadaMotorJobs.com","description":"Automotive Jobs","publisher":{"@id":"https:\/\/news.canadamotorjobs.com\/#organization"},"potentialAction":[{"@type":"SearchAction","target":{"@type":"EntryPoint","urlTemplate":"https:\/\/news.canadamotorjobs.com\/?s={search_term_string}"},"query-input":"required name=search_term_string"}],"inLanguage":"fr-CA"},{"@type":"Organization","@id":"https:\/\/news.canadamotorjobs.com\/#organization","name":"Canada Motor Jobs","url":"https:\/\/news.canadamotorjobs.com\/","logo":{"@type":"ImageObject","inLanguage":"fr-CA","@id":"https:\/\/news.canadamotorjobs.com\/#\/schema\/logo\/image\/","url":"https:\/\/news.canadamotorjobs.com\/wp-content\/uploads\/2022\/10\/logo-canada-motor-jobs-1.png","contentUrl":"https:\/\/news.canadamotorjobs.com\/wp-content\/uploads\/2022\/10\/logo-canada-motor-jobs-1.png","width":800,"height":400,"caption":"Canada Motor Jobs"},"image":{"@id":"https:\/\/news.canadamotorjobs.com\/#\/schema\/logo\/image\/"},"sameAs":["https:\/\/www.facebook.com\/canadamotorjobs\/","https:\/\/x.com\/canadamotorjobs","https:\/\/www.instagram.com\/canadamotorjobs\/","https:\/\/www.linkedin.com\/company\/canadamotorjobs"]},{"@type":"Person","@id":"https:\/\/news.canadamotorjobs.com\/#\/schema\/person\/51793d1f87d44011d7bcc2ed99269a90","name":"Benoit Charette","image":{"@type":"ImageObject","inLanguage":"fr-CA","@id":"https:\/\/news.canadamotorjobs.com\/#\/schema\/person\/image\/","url":"https:\/\/secure.gravatar.com\/avatar\/45f3d2eebcccd909668d7ce7ea7267b6?s=96&d=mm&r=g","contentUrl":"https:\/\/secure.gravatar.com\/avatar\/45f3d2eebcccd909668d7ce7ea7267b6?s=96&d=mm&r=g","caption":"Benoit Charette"},"description":"Benoit Charette \/ Propri\u00e9taire et r\u00e9dacteur en chef Benoit Charette pratique le journalisme automobile depuis bient\u00f4t 30 ans. Il a fait ses classes au c\u00f4t\u00e9 de Daniel H\u00e9raud et au Carnet de route de 1992 \u00e0 2001. Il est fondateur, copropri\u00e9taire et r\u00e9dacteur en chef de L\u2019Annuel de l\u2019automobile, qu\u2019il publie depuis 2001. Il a anim\u00e9 les \u00e9missions RPM et RPM+ sur V et les L\u00e9gendes de la route sur Historia. \u00c0 la radio depuis 1986, il reprend l\u2019antenne cette ann\u00e9e sur les ondes de Cogeco et participe pour la deuxi\u00e8me ann\u00e9e \u00e0 l\u2019\u00e9mission Passion Auto sur RDS en plus de mettre en ligne le site Web officiel de L\u2019Annuel de l\u2019automobile sur annuelauto.ca.","sameAs":["https:\/\/annuelauto.ca\/"],"url":"https:\/\/news.canadamotorjobs.com\/fr\/author\/benoit-charette\/"}]}},"_links":{"self":[{"href":"https:\/\/news.canadamotorjobs.com\/fr\/wp-json\/wp\/v2\/posts\/163985"}],"collection":[{"href":"https:\/\/news.canadamotorjobs.com\/fr\/wp-json\/wp\/v2\/posts"}],"about":[{"href":"https:\/\/news.canadamotorjobs.com\/fr\/wp-json\/wp\/v2\/types\/post"}],"author":[{"embeddable":true,"href":"https:\/\/news.canadamotorjobs.com\/fr\/wp-json\/wp\/v2\/users\/8"}],"replies":[{"embeddable":true,"href":"https:\/\/news.canadamotorjobs.com\/fr\/wp-json\/wp\/v2\/comments?post=163985"}],"version-history":[{"count":2,"href":"https:\/\/news.canadamotorjobs.com\/fr\/wp-json\/wp\/v2\/posts\/163985\/revisions"}],"predecessor-version":[{"id":163989,"href":"https:\/\/news.canadamotorjobs.com\/fr\/wp-json\/wp\/v2\/posts\/163985\/revisions\/163989"}],"wp:featuredmedia":[{"embeddable":true,"href":"https:\/\/news.canadamotorjobs.com\/fr\/wp-json\/wp\/v2\/media\/163987"}],"wp:attachment":[{"href":"https:\/\/news.canadamotorjobs.com\/fr\/wp-json\/wp\/v2\/media?parent=163985"}],"wp:term":[{"taxonomy":"category","embeddable":true,"href":"https:\/\/news.canadamotorjobs.com\/fr\/wp-json\/wp\/v2\/categories?post=163985"},{"taxonomy":"post_tag","embeddable":true,"href":"https:\/\/news.canadamotorjobs.com\/fr\/wp-json\/wp\/v2\/tags?post=163985"}],"curies":[{"name":"wp","href":"https:\/\/api.w.org\/{rel}","templated":true}]}}