{"id":163935,"date":"2024-05-02T07:16:21","date_gmt":"2024-05-02T11:16:21","guid":{"rendered":"https:\/\/news.canadamotorjobs.com\/?p=163935"},"modified":"2024-05-02T07:32:31","modified_gmt":"2024-05-02T11:32:31","slug":"cadillac-fait-marche-arriere-sur-son-engagement-envers-les-vehicules-electriques-exclusivement-en-2030","status":"publish","type":"post","link":"https:\/\/news.canadamotorjobs.com\/fr\/cadillac-fait-marche-arriere-sur-son-engagement-envers-les-vehicules-electriques-exclusivement-en-2030\/","title":{"rendered":"Cadillac fait marche arri\u00e8re sur son engagement envers les v\u00e9hicules \u00e9lectriques exclusivement en 2030"},"content":{"rendered":"<\/p>\n<h3><strong>Cadillac remet en question son engagement<\/strong><\/h3>\n<p>\nCadillac, la c\u00e9l\u00e8bre marque automobile, modifie ses plans concernant les v\u00e9hicules \u00e9lectriques exclusivement d&#8217;ici 2030. La soci\u00e9t\u00e9 affirme maintenant que les moteurs \u00e0 combustion interne restent indispensables. Elle envisage m\u00eame de proposer des hybrides rechargeables \u00e0 l&#8217;avenir.<\/p>\n<h3><strong>Coexistence de technologies<\/strong><\/h3>\n<p>\nBien que Cadillac n&#8217;ait pas pr\u00e9cis\u00e9 combien de temps les moteurs \u00e0 combustion seront disponibles aux c\u00f4t\u00e9s des v\u00e9hicules \u00e9lectriques, elle assure que ces deux technologies coexisteront pendant plusieurs ann\u00e9es. Cette d\u00e9cision est motiv\u00e9e par la demande persistante des clients pour les moteurs \u00e0 combustion.<\/p>\n<h3><strong>\u00c9coute des consommateurs<\/strong><\/h3>\n<p>\nInterrog\u00e9 sur ces changements, le vice-pr\u00e9sident mondial de Cadillac, John Roth, a soulign\u00e9 l&#8217;importance d&#8217;\u00e9couter les consommateurs. Il insiste sur le fait que la strat\u00e9gie de la soci\u00e9t\u00e9 reste ax\u00e9e sur une gamme enti\u00e8rement \u00e9lectrique d&#8217;ici la fin de la d\u00e9cennie, tout en tenant compte des besoins des clients.<\/p>\n<h3><strong>Flexibilit\u00e9 face \u00e0 la transition<\/strong><\/h3>\n<p>\nCadillac r\u00e9vise ainsi son plan initial, reconnaissant la n\u00e9cessit\u00e9 d&#8217;une transition plus progressive vers les v\u00e9hicules \u00e9lectriques. Les analystes estiment que cette approche prudente refl\u00e8te la r\u00e9alit\u00e9 du march\u00e9 et la diversit\u00e9 des pr\u00e9f\u00e9rences des consommateurs.<\/p>\n<h3><strong>Conclusion<\/strong><\/h3>\n<p>\nBien que Cadillac maintienne son engagement envers les v\u00e9hicules \u00e9lectriques, elle reconna\u00eet l&#8217;importance de s&#8217;adapter aux besoins du march\u00e9. Cette flexibilit\u00e9 pourrait lui permettre de naviguer avec succ\u00e8s dans la transition vers une mobilit\u00e9 plus durable.<\/p>\n<p>Avec des renseignements de carscoops<\/p>\n<p>Le texte <a rel=\"nofollow\" href=\"https:\/\/annuelauto.ca\/cadillac-fait-marche-arriere-sur-son-engagement-envers-les-vehicules-electriques-exclusivement-en-2030\/\">Cadillac fait marche arri\u00e8re sur son engagement envers les v\u00e9hicules \u00e9lectriques exclusivement en 2030<\/a> provient de <a rel=\"nofollow\" href=\"https:\/\/annuelauto.ca\">L&#8217;annuel de l&#8217;automobile &#8211; Actualit\u00e9 automobile<\/a><\/p>\n<p><\/p>\n","protected":false},"excerpt":{"rendered":"<p>Cadillac remet en question son engagement Cadillac, la c\u00e9l\u00e8bre marque automobile, modifie ses plans concernant les v\u00e9hicules \u00e9lectriques exclusivement d&#8217;ici 2030. La soci\u00e9t\u00e9 affirme maintenant que les moteurs \u00e0 combustion interne restent indispensables. Elle envisage m\u00eame de proposer des hybrides rechargeables \u00e0 l&#8217;avenir. Coexistence de technologies Bien que Cadillac n&#8217;ait pas pr\u00e9cis\u00e9 combien de temps [&hellip;]<\/p>\n","protected":false},"author":8,"featured_media":163937,"comment_status":"close","ping_status":"closed","sticky":false,"template":"","format":"standard","meta":{"_monsterinsights_skip_tracking":false,"_monsterinsights_sitenote_active":false,"_monsterinsights_sitenote_note":"","_monsterinsights_sitenote_category":0,"footnotes":""},"categories":[101],"tags":[],"yoast_head":"<!-- This site is optimized with the Yoast SEO plugin v23.2 - https:\/\/yoast.com\/wordpress\/plugins\/seo\/ -->\n<title>Cadillac fait marche arri\u00e8re sur son engagement envers les v\u00e9hicules \u00e9lectriques exclusivement en 2030 - CanadaMotorJobs.com<\/title>\n<meta name=\"description\" content=\"Cadillac fait marche arri\u00e8re sur son engagement envers les v\u00e9hicules \u00e9lectriques exclusivement en 2030 - Benoit Charette - Annuel automobile - CanadaMotorJobs.com.\" \/>\n<meta name=\"robots\" content=\"index, follow, max-snippet:-1, max-image-preview:large, max-video-preview:-1\" \/>\n<meta property=\"og:locale\" content=\"fr_CA\" \/>\n<meta property=\"og:type\" content=\"article\" \/>\n<meta property=\"og:title\" content=\"Cadillac fait marche arri\u00e8re sur son engagement envers les v\u00e9hicules \u00e9lectriques exclusivement en 2030 - CanadaMotorJobs.com\" \/>\n<meta property=\"og:description\" content=\"Cadillac fait marche arri\u00e8re sur son engagement envers les v\u00e9hicules \u00e9lectriques exclusivement en 2030 - Benoit Charette - Annuel automobile - CanadaMotorJobs.com.\" \/>\n<meta property=\"og:url\" content=\"https:\/\/news.canadamotorjobs.com\/fr\/cadillac-fait-marche-arriere-sur-son-engagement-envers-les-vehicules-electriques-exclusivement-en-2030\/\" \/>\n<meta property=\"og:site_name\" content=\"CanadaMotorJobs.com\" \/>\n<meta property=\"article:publisher\" content=\"https:\/\/www.facebook.com\/canadamotorjobs\/\" \/>\n<meta property=\"article:published_time\" content=\"2024-05-02T11:16:21+00:00\" \/>\n<meta property=\"article:modified_time\" content=\"2024-05-02T11:32:31+00:00\" \/>\n<meta property=\"og:image\" content=\"https:\/\/news.canadamotorjobs.com\/wp-content\/uploads\/2024\/05\/2022-cadillac-ct4-v-blackwing-and-ct5-v-blackwing-unwrapped.jpg\" \/>\n\t<meta property=\"og:image:width\" content=\"1920\" \/>\n\t<meta property=\"og:image:height\" content=\"1080\" \/>\n\t<meta property=\"og:image:type\" content=\"image\/jpeg\" \/>\n<meta name=\"author\" content=\"Benoit Charette\" \/>\n<meta name=\"twitter:card\" content=\"summary_large_image\" \/>\n<meta name=\"twitter:creator\" content=\"@canadamotorjobs\" \/>\n<meta name=\"twitter:site\" content=\"@canadamotorjobs\" \/>\n<meta name=\"twitter:label1\" content=\"\u00c9crit par\" \/>\n\t<meta name=\"twitter:data1\" content=\"Benoit Charette\" \/>\n\t<meta name=\"twitter:label2\" content=\"Estimation du temps de lecture\" \/>\n\t<meta name=\"twitter:data2\" content=\"1 minute\" \/>\n<!-- \/ Yoast SEO plugin. -->","yoast_head_json":{"title":"Cadillac fait marche arri\u00e8re sur son engagement envers les v\u00e9hicules \u00e9lectriques exclusivement en 2030 - CanadaMotorJobs.com","description":"Cadillac fait marche arri\u00e8re sur son engagement envers les v\u00e9hicules \u00e9lectriques exclusivement en 2030 - Benoit Charette - Annuel automobile - CanadaMotorJobs.com.","robots":{"index":"index","follow":"follow","max-snippet":"max-snippet:-1","max-image-preview":"max-image-preview:large","max-video-preview":"max-video-preview:-1"},"og_locale":"fr_CA","og_type":"article","og_title":"Cadillac fait marche arri\u00e8re sur son engagement envers les v\u00e9hicules \u00e9lectriques exclusivement en 2030 - CanadaMotorJobs.com","og_description":"Cadillac fait marche arri\u00e8re sur son engagement envers les v\u00e9hicules \u00e9lectriques exclusivement en 2030 - Benoit Charette - Annuel automobile - CanadaMotorJobs.com.","og_url":"https:\/\/news.canadamotorjobs.com\/fr\/cadillac-fait-marche-arriere-sur-son-engagement-envers-les-vehicules-electriques-exclusivement-en-2030\/","og_site_name":"CanadaMotorJobs.com","article_publisher":"https:\/\/www.facebook.com\/canadamotorjobs\/","article_published_time":"2024-05-02T11:16:21+00:00","article_modified_time":"2024-05-02T11:32:31+00:00","og_image":[{"width":1920,"height":1080,"url":"https:\/\/news.canadamotorjobs.com\/wp-content\/uploads\/2024\/05\/2022-cadillac-ct4-v-blackwing-and-ct5-v-blackwing-unwrapped.jpg","type":"image\/jpeg"}],"author":"Benoit Charette","twitter_card":"summary_large_image","twitter_creator":"@canadamotorjobs","twitter_site":"@canadamotorjobs","twitter_misc":{"\u00c9crit par":"Benoit Charette","Estimation du temps de lecture":"1 minute"},"schema":{"@context":"https:\/\/schema.org","@graph":[{"@type":"Article","@id":"https:\/\/news.canadamotorjobs.com\/fr\/cadillac-fait-marche-arriere-sur-son-engagement-envers-les-vehicules-electriques-exclusivement-en-2030\/#article","isPartOf":{"@id":"https:\/\/news.canadamotorjobs.com\/fr\/cadillac-fait-marche-arriere-sur-son-engagement-envers-les-vehicules-electriques-exclusivement-en-2030\/"},"author":{"name":"Benoit Charette","@id":"https:\/\/news.canadamotorjobs.com\/#\/schema\/person\/51793d1f87d44011d7bcc2ed99269a90"},"headline":"Cadillac fait marche arri\u00e8re sur son engagement envers les v\u00e9hicules \u00e9lectriques exclusivement en 2030","datePublished":"2024-05-02T11:16:21+00:00","dateModified":"2024-05-02T11:32:31+00:00","mainEntityOfPage":{"@id":"https:\/\/news.canadamotorjobs.com\/fr\/cadillac-fait-marche-arriere-sur-son-engagement-envers-les-vehicules-electriques-exclusivement-en-2030\/"},"wordCount":298,"publisher":{"@id":"https:\/\/news.canadamotorjobs.com\/#organization"},"image":{"@id":"https:\/\/news.canadamotorjobs.com\/fr\/cadillac-fait-marche-arriere-sur-son-engagement-envers-les-vehicules-electriques-exclusivement-en-2030\/#primaryimage"},"thumbnailUrl":"https:\/\/news.canadamotorjobs.com\/wp-content\/uploads\/2024\/05\/2022-cadillac-ct4-v-blackwing-and-ct5-v-blackwing-unwrapped.jpg","articleSection":["Annuel automobile"],"inLanguage":"fr-CA"},{"@type":"WebPage","@id":"https:\/\/news.canadamotorjobs.com\/fr\/cadillac-fait-marche-arriere-sur-son-engagement-envers-les-vehicules-electriques-exclusivement-en-2030\/","url":"https:\/\/news.canadamotorjobs.com\/fr\/cadillac-fait-marche-arriere-sur-son-engagement-envers-les-vehicules-electriques-exclusivement-en-2030\/","name":"Cadillac fait marche arri\u00e8re sur son engagement envers les v\u00e9hicules \u00e9lectriques exclusivement en 2030 - CanadaMotorJobs.com","isPartOf":{"@id":"https:\/\/news.canadamotorjobs.com\/#website"},"primaryImageOfPage":{"@id":"https:\/\/news.canadamotorjobs.com\/fr\/cadillac-fait-marche-arriere-sur-son-engagement-envers-les-vehicules-electriques-exclusivement-en-2030\/#primaryimage"},"image":{"@id":"https:\/\/news.canadamotorjobs.com\/fr\/cadillac-fait-marche-arriere-sur-son-engagement-envers-les-vehicules-electriques-exclusivement-en-2030\/#primaryimage"},"thumbnailUrl":"https:\/\/news.canadamotorjobs.com\/wp-content\/uploads\/2024\/05\/2022-cadillac-ct4-v-blackwing-and-ct5-v-blackwing-unwrapped.jpg","datePublished":"2024-05-02T11:16:21+00:00","dateModified":"2024-05-02T11:32:31+00:00","description":"Cadillac fait marche arri\u00e8re sur son engagement envers les v\u00e9hicules \u00e9lectriques exclusivement en 2030 - Benoit Charette - Annuel automobile - CanadaMotorJobs.com.","breadcrumb":{"@id":"https:\/\/news.canadamotorjobs.com\/fr\/cadillac-fait-marche-arriere-sur-son-engagement-envers-les-vehicules-electriques-exclusivement-en-2030\/#breadcrumb"},"inLanguage":"fr-CA","potentialAction":[{"@type":"ReadAction","target":["https:\/\/news.canadamotorjobs.com\/fr\/cadillac-fait-marche-arriere-sur-son-engagement-envers-les-vehicules-electriques-exclusivement-en-2030\/"]}]},{"@type":"ImageObject","inLanguage":"fr-CA","@id":"https:\/\/news.canadamotorjobs.com\/fr\/cadillac-fait-marche-arriere-sur-son-engagement-envers-les-vehicules-electriques-exclusivement-en-2030\/#primaryimage","url":"https:\/\/news.canadamotorjobs.com\/wp-content\/uploads\/2024\/05\/2022-cadillac-ct4-v-blackwing-and-ct5-v-blackwing-unwrapped.jpg","contentUrl":"https:\/\/news.canadamotorjobs.com\/wp-content\/uploads\/2024\/05\/2022-cadillac-ct4-v-blackwing-and-ct5-v-blackwing-unwrapped.jpg","width":1920,"height":1080},{"@type":"BreadcrumbList","@id":"https:\/\/news.canadamotorjobs.com\/fr\/cadillac-fait-marche-arriere-sur-son-engagement-envers-les-vehicules-electriques-exclusivement-en-2030\/#breadcrumb","itemListElement":[{"@type":"ListItem","position":1,"name":"Home","item":"https:\/\/news.canadamotorjobs.com\/fr\/blog\/"},{"@type":"ListItem","position":2,"name":"Cadillac fait marche arri\u00e8re sur son engagement envers les v\u00e9hicules \u00e9lectriques exclusivement en 2030"}]},{"@type":"WebSite","@id":"https:\/\/news.canadamotorjobs.com\/#website","url":"https:\/\/news.canadamotorjobs.com\/","name":"CanadaMotorJobs.com","description":"Automotive Jobs","publisher":{"@id":"https:\/\/news.canadamotorjobs.com\/#organization"},"potentialAction":[{"@type":"SearchAction","target":{"@type":"EntryPoint","urlTemplate":"https:\/\/news.canadamotorjobs.com\/?s={search_term_string}"},"query-input":"required name=search_term_string"}],"inLanguage":"fr-CA"},{"@type":"Organization","@id":"https:\/\/news.canadamotorjobs.com\/#organization","name":"Canada Motor Jobs","url":"https:\/\/news.canadamotorjobs.com\/","logo":{"@type":"ImageObject","inLanguage":"fr-CA","@id":"https:\/\/news.canadamotorjobs.com\/#\/schema\/logo\/image\/","url":"https:\/\/news.canadamotorjobs.com\/wp-content\/uploads\/2022\/10\/logo-canada-motor-jobs-1.png","contentUrl":"https:\/\/news.canadamotorjobs.com\/wp-content\/uploads\/2022\/10\/logo-canada-motor-jobs-1.png","width":800,"height":400,"caption":"Canada Motor Jobs"},"image":{"@id":"https:\/\/news.canadamotorjobs.com\/#\/schema\/logo\/image\/"},"sameAs":["https:\/\/www.facebook.com\/canadamotorjobs\/","https:\/\/x.com\/canadamotorjobs","https:\/\/www.instagram.com\/canadamotorjobs\/","https:\/\/www.linkedin.com\/company\/canadamotorjobs"]},{"@type":"Person","@id":"https:\/\/news.canadamotorjobs.com\/#\/schema\/person\/51793d1f87d44011d7bcc2ed99269a90","name":"Benoit Charette","image":{"@type":"ImageObject","inLanguage":"fr-CA","@id":"https:\/\/news.canadamotorjobs.com\/#\/schema\/person\/image\/","url":"https:\/\/secure.gravatar.com\/avatar\/45f3d2eebcccd909668d7ce7ea7267b6?s=96&d=mm&r=g","contentUrl":"https:\/\/secure.gravatar.com\/avatar\/45f3d2eebcccd909668d7ce7ea7267b6?s=96&d=mm&r=g","caption":"Benoit Charette"},"description":"Benoit Charette \/ Propri\u00e9taire et r\u00e9dacteur en chef Benoit Charette pratique le journalisme automobile depuis bient\u00f4t 30 ans. Il a fait ses classes au c\u00f4t\u00e9 de Daniel H\u00e9raud et au Carnet de route de 1992 \u00e0 2001. Il est fondateur, copropri\u00e9taire et r\u00e9dacteur en chef de L\u2019Annuel de l\u2019automobile, qu\u2019il publie depuis 2001. Il a anim\u00e9 les \u00e9missions RPM et RPM+ sur V et les L\u00e9gendes de la route sur Historia. \u00c0 la radio depuis 1986, il reprend l\u2019antenne cette ann\u00e9e sur les ondes de Cogeco et participe pour la deuxi\u00e8me ann\u00e9e \u00e0 l\u2019\u00e9mission Passion Auto sur RDS en plus de mettre en ligne le site Web officiel de L\u2019Annuel de l\u2019automobile sur annuelauto.ca.","sameAs":["https:\/\/annuelauto.ca\/"],"url":"https:\/\/news.canadamotorjobs.com\/fr\/author\/benoit-charette\/"}]}},"_links":{"self":[{"href":"https:\/\/news.canadamotorjobs.com\/fr\/wp-json\/wp\/v2\/posts\/163935"}],"collection":[{"href":"https:\/\/news.canadamotorjobs.com\/fr\/wp-json\/wp\/v2\/posts"}],"about":[{"href":"https:\/\/news.canadamotorjobs.com\/fr\/wp-json\/wp\/v2\/types\/post"}],"author":[{"embeddable":true,"href":"https:\/\/news.canadamotorjobs.com\/fr\/wp-json\/wp\/v2\/users\/8"}],"replies":[{"embeddable":true,"href":"https:\/\/news.canadamotorjobs.com\/fr\/wp-json\/wp\/v2\/comments?post=163935"}],"version-history":[{"count":2,"href":"https:\/\/news.canadamotorjobs.com\/fr\/wp-json\/wp\/v2\/posts\/163935\/revisions"}],"predecessor-version":[{"id":163939,"href":"https:\/\/news.canadamotorjobs.com\/fr\/wp-json\/wp\/v2\/posts\/163935\/revisions\/163939"}],"wp:featuredmedia":[{"embeddable":true,"href":"https:\/\/news.canadamotorjobs.com\/fr\/wp-json\/wp\/v2\/media\/163937"}],"wp:attachment":[{"href":"https:\/\/news.canadamotorjobs.com\/fr\/wp-json\/wp\/v2\/media?parent=163935"}],"wp:term":[{"taxonomy":"category","embeddable":true,"href":"https:\/\/news.canadamotorjobs.com\/fr\/wp-json\/wp\/v2\/categories?post=163935"},{"taxonomy":"post_tag","embeddable":true,"href":"https:\/\/news.canadamotorjobs.com\/fr\/wp-json\/wp\/v2\/tags?post=163935"}],"curies":[{"name":"wp","href":"https:\/\/api.w.org\/{rel}","templated":true}]}}