{"id":163912,"date":"2024-05-01T07:21:28","date_gmt":"2024-05-01T11:21:28","guid":{"rendered":"https:\/\/news.canadamotorjobs.com\/?p=163912"},"modified":"2024-05-01T07:29:55","modified_gmt":"2024-05-01T11:29:55","slug":"devoilement-officiel-du-cadillac-optiq-en-chine","status":"publish","type":"post","link":"https:\/\/news.canadamotorjobs.com\/fr\/devoilement-officiel-du-cadillac-optiq-en-chine\/","title":{"rendered":"D\u00e9voilement officiel du Cadillac Optiq en Chine"},"content":{"rendered":"<\/p>\n<p>Le Cadillac Optiq est enfin l\u00e0 ! General Motors l&#8217;a annonc\u00e9 pendant des mois, en montrant beaucoup de choses, mais pas tout \u00e0 fait tout. Cependant, ce que nous savons depuis un certain temps a \u00e9t\u00e9 confirm\u00e9.<\/p>\n<h3>Orange<\/h3>\n<p>\nGeneral Motors a finalement d\u00e9voil\u00e9 le mod\u00e8le r\u00e9sultant d&#8217;une coentreprise avec le chinois SAIC, le lan\u00e7ant officiellement en Chine. Reposant sur l&#8217;architecture Ultium de GM et partageant la plupart de ses composants avec le Chevrolet Blazer EV, le nouveau Optiq sera disponible en deux variantes, Standard et Longue Autonomie, leurs noms indiquant jusqu&#8217;o\u00f9 elles iront avec une seule charge.<\/p>\n<h3>Diff\u00e9rente puissance<\/h3>\n<p>\nLa version de base, Standard, \u00e9quivaut au niveau d&#8217;\u00e9quipement Luxury, tandis que la Longue Autonomie arbore un look typique de la finition Sport haut de gamme.<\/p>\n<p>Le mod\u00e8le d\u2019entr\u00e9e de gamme sera \u00e9quip\u00e9e d&#8217;un moteur \u00e9lectrique mont\u00e9 sur l&#8217;essieu avant, capable de produire 241 chevaux et 243 livres-pied de couple pour une acc\u00e9l\u00e9ration de 0 \u00e0 \u00e0 100 km\/h en 7 secondes environ. Une batterie lithium-ion d&#8217;une capacit\u00e9 de 68,4 kWh semmagasine suffisamment d&#8217;\u00e9nergie pour un trajet pouvant aller jusqu&#8217;\u00e0 536 kilom\u00e8tres avec une seule charge, selon la g\u00e9n\u00e9reuse norme chinoise CLTC.<\/p>\n<h3>Et le mod\u00e8le sport<\/h3>\n<p>\nPendant ce temps, la version Longue Autonomie est propuls\u00e9e par deux moteurs \u00e9lectriques en configuration 4RM. Les deux fournissent une puissance combin\u00e9e de 283 chevaux et 343 livres-pied de couple pour une acc\u00e9l\u00e9ration de 0 \u00e0 100 km\/h en six secondes. La version haut de gamme peut parcourir jusqu&#8217;\u00e0 600 kilom\u00e8tres avant d&#8217;avoir besoin d&#8217;\u00eatre rebranch\u00e9e. La Longue Autonomie est \u00e9quip\u00e9e de la plus grande batterie, d&#8217;une capacit\u00e9 de 79,7 kWh.<\/p>\n<h3>\u00c0 l\u2019int\u00e9rieur<\/h3>\n<p>\n\u00c0 bord, on trouve un impressionnant \u00e9cran courb\u00e9 de 33 pouces, identique \u00e0 celui du Lyriq, en compagnie d&#8217;un volant chauffant, de si\u00e8ges chauffants et ventil\u00e9s en cuir, ainsi que d&#8217;un syst\u00e8me d&#8217;\u00e9clairage d&#8217;ambiance \u00e0 126 couleurs. Un chargeur sans fil et un r\u00e9troviseur num\u00e9rique sont \u00e9galement disponibles. Le mod\u00e8le qui arrive en Chine sera plus tard cette ann\u00e9e disponible chez nous.<\/p>\n<h3>Le prix<\/h3>\n<p>\nCeux qui souhaitent ramener chez eux la Cadillac Optiq 2025 en Chine devront d\u00e9bourser 239 700 yuans pour la version Standard, soit l&#8217;\u00e9quivalent de 45 585 $. Pendant ce temps, l&#8217;Optiq Longue Autonomie commence \u00e0 269 700 yuans, soit 52 000 $. Les prix seront sans doute plus \u00e9lev\u00e9s chez nous.<\/p>\n<p>\u00a0<\/p>\n<p>Avec des renseignements de autoevolution<\/p>\n<p>\u00a0<\/p>\n<p>Le texte <a rel=\"nofollow\" href=\"https:\/\/annuelauto.ca\/devoilement-officiel-du-cadillac-optiq-en-chine\/\">D\u00e9voilement officiel du Cadillac Optiq en Chine<\/a> provient de <a rel=\"nofollow\" href=\"https:\/\/annuelauto.ca\">L&#8217;annuel de l&#8217;automobile &#8211; Actualit\u00e9 automobile<\/a><\/p>\n<p><\/p>\n","protected":false},"excerpt":{"rendered":"<p>Le Cadillac Optiq est enfin l\u00e0 ! General Motors l&#8217;a annonc\u00e9 pendant des mois, en montrant beaucoup de choses, mais pas tout \u00e0 fait tout. Cependant, ce que nous savons depuis un certain temps a \u00e9t\u00e9 confirm\u00e9. Orange General Motors a finalement d\u00e9voil\u00e9 le mod\u00e8le r\u00e9sultant d&#8217;une coentreprise avec le chinois SAIC, le lan\u00e7ant officiellement [&hellip;]<\/p>\n","protected":false},"author":8,"featured_media":163914,"comment_status":"close","ping_status":"closed","sticky":false,"template":"","format":"standard","meta":{"_monsterinsights_skip_tracking":false,"_monsterinsights_sitenote_active":false,"_monsterinsights_sitenote_note":"","_monsterinsights_sitenote_category":0,"footnotes":""},"categories":[101],"tags":[],"yoast_head":"<!-- This site is optimized with the Yoast SEO plugin v23.2 - https:\/\/yoast.com\/wordpress\/plugins\/seo\/ -->\n<title>D\u00e9voilement officiel du Cadillac Optiq en Chine - CanadaMotorJobs.com<\/title>\n<meta name=\"description\" content=\"D\u00e9voilement officiel du Cadillac Optiq en Chine - Benoit Charette - Annuel automobile - CanadaMotorJobs.com.\" \/>\n<meta name=\"robots\" content=\"index, follow, max-snippet:-1, max-image-preview:large, max-video-preview:-1\" \/>\n<meta property=\"og:locale\" content=\"fr_CA\" \/>\n<meta property=\"og:type\" content=\"article\" \/>\n<meta property=\"og:title\" content=\"D\u00e9voilement officiel du Cadillac Optiq en Chine - CanadaMotorJobs.com\" \/>\n<meta property=\"og:description\" content=\"D\u00e9voilement officiel du Cadillac Optiq en Chine - Benoit Charette - Annuel automobile - CanadaMotorJobs.com.\" \/>\n<meta property=\"og:url\" content=\"https:\/\/news.canadamotorjobs.com\/fr\/devoilement-officiel-du-cadillac-optiq-en-chine\/\" \/>\n<meta property=\"og:site_name\" content=\"CanadaMotorJobs.com\" \/>\n<meta property=\"article:publisher\" content=\"https:\/\/www.facebook.com\/canadamotorjobs\/\" \/>\n<meta property=\"article:published_time\" content=\"2024-05-01T11:21:28+00:00\" \/>\n<meta property=\"article:modified_time\" content=\"2024-05-01T11:29:55+00:00\" \/>\n<meta property=\"og:image\" content=\"https:\/\/news.canadamotorjobs.com\/wp-content\/uploads\/2024\/05\/p12-b3-1-front1705679461944.jpg\" \/>\n\t<meta property=\"og:image:width\" content=\"1280\" \/>\n\t<meta property=\"og:image:height\" content=\"800\" \/>\n\t<meta property=\"og:image:type\" content=\"image\/jpeg\" \/>\n<meta name=\"author\" content=\"Benoit Charette\" \/>\n<meta name=\"twitter:card\" content=\"summary_large_image\" \/>\n<meta name=\"twitter:creator\" content=\"@canadamotorjobs\" \/>\n<meta name=\"twitter:site\" content=\"@canadamotorjobs\" \/>\n<meta name=\"twitter:label1\" content=\"\u00c9crit par\" \/>\n\t<meta name=\"twitter:data1\" content=\"Benoit Charette\" \/>\n\t<meta name=\"twitter:label2\" content=\"Estimation du temps de lecture\" \/>\n\t<meta name=\"twitter:data2\" content=\"2 minutes\" \/>\n<!-- \/ Yoast SEO plugin. -->","yoast_head_json":{"title":"D\u00e9voilement officiel du Cadillac Optiq en Chine - CanadaMotorJobs.com","description":"D\u00e9voilement officiel du Cadillac Optiq en Chine - Benoit Charette - Annuel automobile - CanadaMotorJobs.com.","robots":{"index":"index","follow":"follow","max-snippet":"max-snippet:-1","max-image-preview":"max-image-preview:large","max-video-preview":"max-video-preview:-1"},"og_locale":"fr_CA","og_type":"article","og_title":"D\u00e9voilement officiel du Cadillac Optiq en Chine - CanadaMotorJobs.com","og_description":"D\u00e9voilement officiel du Cadillac Optiq en Chine - Benoit Charette - Annuel automobile - CanadaMotorJobs.com.","og_url":"https:\/\/news.canadamotorjobs.com\/fr\/devoilement-officiel-du-cadillac-optiq-en-chine\/","og_site_name":"CanadaMotorJobs.com","article_publisher":"https:\/\/www.facebook.com\/canadamotorjobs\/","article_published_time":"2024-05-01T11:21:28+00:00","article_modified_time":"2024-05-01T11:29:55+00:00","og_image":[{"width":1280,"height":800,"url":"https:\/\/news.canadamotorjobs.com\/wp-content\/uploads\/2024\/05\/p12-b3-1-front1705679461944.jpg","type":"image\/jpeg"}],"author":"Benoit Charette","twitter_card":"summary_large_image","twitter_creator":"@canadamotorjobs","twitter_site":"@canadamotorjobs","twitter_misc":{"\u00c9crit par":"Benoit Charette","Estimation du temps de lecture":"2 minutes"},"schema":{"@context":"https:\/\/schema.org","@graph":[{"@type":"Article","@id":"https:\/\/news.canadamotorjobs.com\/fr\/devoilement-officiel-du-cadillac-optiq-en-chine\/#article","isPartOf":{"@id":"https:\/\/news.canadamotorjobs.com\/fr\/devoilement-officiel-du-cadillac-optiq-en-chine\/"},"author":{"name":"Benoit Charette","@id":"https:\/\/news.canadamotorjobs.com\/#\/schema\/person\/51793d1f87d44011d7bcc2ed99269a90"},"headline":"D\u00e9voilement officiel du Cadillac Optiq en Chine","datePublished":"2024-05-01T11:21:28+00:00","dateModified":"2024-05-01T11:29:55+00:00","mainEntityOfPage":{"@id":"https:\/\/news.canadamotorjobs.com\/fr\/devoilement-officiel-du-cadillac-optiq-en-chine\/"},"wordCount":433,"publisher":{"@id":"https:\/\/news.canadamotorjobs.com\/#organization"},"image":{"@id":"https:\/\/news.canadamotorjobs.com\/fr\/devoilement-officiel-du-cadillac-optiq-en-chine\/#primaryimage"},"thumbnailUrl":"https:\/\/news.canadamotorjobs.com\/wp-content\/uploads\/2024\/05\/p12-b3-1-front1705679461944.jpg","articleSection":["Annuel automobile"],"inLanguage":"fr-CA"},{"@type":"WebPage","@id":"https:\/\/news.canadamotorjobs.com\/fr\/devoilement-officiel-du-cadillac-optiq-en-chine\/","url":"https:\/\/news.canadamotorjobs.com\/fr\/devoilement-officiel-du-cadillac-optiq-en-chine\/","name":"D\u00e9voilement officiel du Cadillac Optiq en Chine - CanadaMotorJobs.com","isPartOf":{"@id":"https:\/\/news.canadamotorjobs.com\/#website"},"primaryImageOfPage":{"@id":"https:\/\/news.canadamotorjobs.com\/fr\/devoilement-officiel-du-cadillac-optiq-en-chine\/#primaryimage"},"image":{"@id":"https:\/\/news.canadamotorjobs.com\/fr\/devoilement-officiel-du-cadillac-optiq-en-chine\/#primaryimage"},"thumbnailUrl":"https:\/\/news.canadamotorjobs.com\/wp-content\/uploads\/2024\/05\/p12-b3-1-front1705679461944.jpg","datePublished":"2024-05-01T11:21:28+00:00","dateModified":"2024-05-01T11:29:55+00:00","description":"D\u00e9voilement officiel du Cadillac Optiq en Chine - Benoit Charette - Annuel automobile - CanadaMotorJobs.com.","breadcrumb":{"@id":"https:\/\/news.canadamotorjobs.com\/fr\/devoilement-officiel-du-cadillac-optiq-en-chine\/#breadcrumb"},"inLanguage":"fr-CA","potentialAction":[{"@type":"ReadAction","target":["https:\/\/news.canadamotorjobs.com\/fr\/devoilement-officiel-du-cadillac-optiq-en-chine\/"]}]},{"@type":"ImageObject","inLanguage":"fr-CA","@id":"https:\/\/news.canadamotorjobs.com\/fr\/devoilement-officiel-du-cadillac-optiq-en-chine\/#primaryimage","url":"https:\/\/news.canadamotorjobs.com\/wp-content\/uploads\/2024\/05\/p12-b3-1-front1705679461944.jpg","contentUrl":"https:\/\/news.canadamotorjobs.com\/wp-content\/uploads\/2024\/05\/p12-b3-1-front1705679461944.jpg","width":1280,"height":800},{"@type":"BreadcrumbList","@id":"https:\/\/news.canadamotorjobs.com\/fr\/devoilement-officiel-du-cadillac-optiq-en-chine\/#breadcrumb","itemListElement":[{"@type":"ListItem","position":1,"name":"Home","item":"https:\/\/news.canadamotorjobs.com\/fr\/blog\/"},{"@type":"ListItem","position":2,"name":"D\u00e9voilement officiel du Cadillac Optiq en Chine"}]},{"@type":"WebSite","@id":"https:\/\/news.canadamotorjobs.com\/#website","url":"https:\/\/news.canadamotorjobs.com\/","name":"CanadaMotorJobs.com","description":"Automotive Jobs","publisher":{"@id":"https:\/\/news.canadamotorjobs.com\/#organization"},"potentialAction":[{"@type":"SearchAction","target":{"@type":"EntryPoint","urlTemplate":"https:\/\/news.canadamotorjobs.com\/?s={search_term_string}"},"query-input":"required name=search_term_string"}],"inLanguage":"fr-CA"},{"@type":"Organization","@id":"https:\/\/news.canadamotorjobs.com\/#organization","name":"Canada Motor Jobs","url":"https:\/\/news.canadamotorjobs.com\/","logo":{"@type":"ImageObject","inLanguage":"fr-CA","@id":"https:\/\/news.canadamotorjobs.com\/#\/schema\/logo\/image\/","url":"https:\/\/news.canadamotorjobs.com\/wp-content\/uploads\/2022\/10\/logo-canada-motor-jobs-1.png","contentUrl":"https:\/\/news.canadamotorjobs.com\/wp-content\/uploads\/2022\/10\/logo-canada-motor-jobs-1.png","width":800,"height":400,"caption":"Canada Motor Jobs"},"image":{"@id":"https:\/\/news.canadamotorjobs.com\/#\/schema\/logo\/image\/"},"sameAs":["https:\/\/www.facebook.com\/canadamotorjobs\/","https:\/\/x.com\/canadamotorjobs","https:\/\/www.instagram.com\/canadamotorjobs\/","https:\/\/www.linkedin.com\/company\/canadamotorjobs"]},{"@type":"Person","@id":"https:\/\/news.canadamotorjobs.com\/#\/schema\/person\/51793d1f87d44011d7bcc2ed99269a90","name":"Benoit Charette","image":{"@type":"ImageObject","inLanguage":"fr-CA","@id":"https:\/\/news.canadamotorjobs.com\/#\/schema\/person\/image\/","url":"https:\/\/secure.gravatar.com\/avatar\/45f3d2eebcccd909668d7ce7ea7267b6?s=96&d=mm&r=g","contentUrl":"https:\/\/secure.gravatar.com\/avatar\/45f3d2eebcccd909668d7ce7ea7267b6?s=96&d=mm&r=g","caption":"Benoit Charette"},"description":"Benoit Charette \/ Propri\u00e9taire et r\u00e9dacteur en chef Benoit Charette pratique le journalisme automobile depuis bient\u00f4t 30 ans. Il a fait ses classes au c\u00f4t\u00e9 de Daniel H\u00e9raud et au Carnet de route de 1992 \u00e0 2001. Il est fondateur, copropri\u00e9taire et r\u00e9dacteur en chef de L\u2019Annuel de l\u2019automobile, qu\u2019il publie depuis 2001. Il a anim\u00e9 les \u00e9missions RPM et RPM+ sur V et les L\u00e9gendes de la route sur Historia. \u00c0 la radio depuis 1986, il reprend l\u2019antenne cette ann\u00e9e sur les ondes de Cogeco et participe pour la deuxi\u00e8me ann\u00e9e \u00e0 l\u2019\u00e9mission Passion Auto sur RDS en plus de mettre en ligne le site Web officiel de L\u2019Annuel de l\u2019automobile sur annuelauto.ca.","sameAs":["https:\/\/annuelauto.ca\/"],"url":"https:\/\/news.canadamotorjobs.com\/fr\/author\/benoit-charette\/"}]}},"_links":{"self":[{"href":"https:\/\/news.canadamotorjobs.com\/fr\/wp-json\/wp\/v2\/posts\/163912"}],"collection":[{"href":"https:\/\/news.canadamotorjobs.com\/fr\/wp-json\/wp\/v2\/posts"}],"about":[{"href":"https:\/\/news.canadamotorjobs.com\/fr\/wp-json\/wp\/v2\/types\/post"}],"author":[{"embeddable":true,"href":"https:\/\/news.canadamotorjobs.com\/fr\/wp-json\/wp\/v2\/users\/8"}],"replies":[{"embeddable":true,"href":"https:\/\/news.canadamotorjobs.com\/fr\/wp-json\/wp\/v2\/comments?post=163912"}],"version-history":[{"count":2,"href":"https:\/\/news.canadamotorjobs.com\/fr\/wp-json\/wp\/v2\/posts\/163912\/revisions"}],"predecessor-version":[{"id":163916,"href":"https:\/\/news.canadamotorjobs.com\/fr\/wp-json\/wp\/v2\/posts\/163912\/revisions\/163916"}],"wp:featuredmedia":[{"embeddable":true,"href":"https:\/\/news.canadamotorjobs.com\/fr\/wp-json\/wp\/v2\/media\/163914"}],"wp:attachment":[{"href":"https:\/\/news.canadamotorjobs.com\/fr\/wp-json\/wp\/v2\/media?parent=163912"}],"wp:term":[{"taxonomy":"category","embeddable":true,"href":"https:\/\/news.canadamotorjobs.com\/fr\/wp-json\/wp\/v2\/categories?post=163912"},{"taxonomy":"post_tag","embeddable":true,"href":"https:\/\/news.canadamotorjobs.com\/fr\/wp-json\/wp\/v2\/tags?post=163912"}],"curies":[{"name":"wp","href":"https:\/\/api.w.org\/{rel}","templated":true}]}}